{"id":7723,"date":"2017-12-13T05:50:01","date_gmt":"2017-12-13T04:50:01","guid":{"rendered":"http:\/\/www.article-marketing.eu\/comunicatistampa\/?p=7723"},"modified":"2020-08-10T01:48:00","modified_gmt":"2020-08-09T23:48:00","slug":"placido-domingo-jr-diventa-docente-dellaccademia-delle-arti-antonio-savastano","status":"publish","type":"post","link":"https:\/\/www.article-marketing.eu\/comunicatistampa\/placido-domingo-jr-diventa-docente-dellaccademia-delle-arti-antonio-savastano\/","title":{"rendered":"Placido Domingo Jr diventa docente dell&#8217;Accademia delle Arti &#8220;Antonio Savastano&#8221;"},"content":{"rendered":"<p>Domenica 17 dicembre alle ore 18.30 si terr\u00e0 a Viterbo presso il Teatro dell\u2019Unione una serata di gala per la presentazione al pubblico e alla stampa della Accademia delle Arti \u201cAntonio Savastano\u201d, progetto promosso da Associazione XXI Secolo di Viterbo, l\u2019Associazione A.r.t. Musica di Roma e l\u2019Associazione Domingo &amp; Savastano Music Academy che si inserisce nell\u2019attivit\u00e0 della Scuola Musicale Comunale di Viterbo.<\/p>\n<p>&nbsp;<\/p>\n<p>L\u2019Accademia, dedicata alla memoria del grande tenore Antonio Savastano, si configura come una accademia di alto perfezionamento nei settori Lirica, Sinfonico-orchestrale, Arte Scenica, Danza e sar\u00e0 un grande strumento di valorizzazione e diffusione sul territorio della cultura musicale e, in generale, di tutte le arti, oltre a favorire l\u2019avvicinamento alla vita professionale dei suoi allievi e promuovere scambi e collaborazioni a livello internazionale.<\/p>\n<p>&nbsp;<\/p>\n<p>Alla serata prenderanno parte tutti i promotori delle varie associazioni, i quali illustreranno le attivit\u00e0 di propria pertinenza.<\/p>\n<p>Il settore della Lirica sar\u00e0 curato dall\u2019Associazione Domingo e Savastano Music Academy, diretta dal maestro Romualdo Savastano, stimato insegnante nel panorama italiano ed internazionale, fratello del tenore Antonio Savastano, che si occuper\u00e0 della tecnica vocale. L\u2019Accademia si avvarr\u00e0 inoltre della collaborazione di Placido Domingo Jr, figlio del celebre tenore, che curer\u00e0 il corso di interpretazione musicale ed arte scenica. Al loro fianco, la Dott.ssa Hamica Speroni sosterr\u00e0 gli allievi dell\u2019Accademia, grazie al progetto \u201cMedicina dell\u2019Arte\u201d volto alla prevenzione e al trattamento delle patologie correlate alle professioni artistiche, supportandoli nel corso della loro carriera.<\/p>\n<p>&nbsp;<\/p>\n<p>Il settore Sinfonico-Orchestrale dell\u2019Accademia sar\u00e0 curato dall\u2019Associazione XXI Secolo, rappresentata dal Presidente Avv. Giuliano Nisi e dal maestro Fabrizio Bastianini, direttore d\u2019orchestra, compositore e violinista, la quale negli ultimi anni ha stretto svariate collaborazioni con Festival e curato l\u2019allestimento di opere di compositori emergenti. Ha altres\u00ec promosso la nascita del Premio Internazionale di Canto Lirico per giovani cantanti intitolato al baritono viterbese Fausto Ricci.<\/p>\n<p>&nbsp;<\/p>\n<p>La serata, che sar\u00e0 presentata dalla soprano Maria Carfora, vedr\u00e0 la partecipazione e l\u2019esibizione di allievi ed ospiti illustri, che si esibiranno nel corso della manifestazione e renderanno omaggio al tenore Antonio Savastano: tra cui Anna Goryachova, Ana Lucrecia Garc\u00eda, Giada e Alfonso Paganini, I solisti dell\u2019EtruriAEnsemble con il giovane Antonio Savastano al pianoforte.<\/p>\n<p>&nbsp;<\/p>\n<p>&nbsp;<\/p>\n<p>Info e prenotazioni: Ufficio Turistico di Viterbo tel. 0761.226427 &#8211; <a href=\"mailto:info@visit.viterbo.it\">info@visit.viterbo.it<\/a><\/p>\n","protected":false},"excerpt":{"rendered":"<p>Domenica 17 dicembre alle ore 18.30 si terr\u00e0 a Viterbo presso il Teatro dell\u2019Unione una serata di gala per la presentazione al pubblico e alla stampa della Accademia delle Arti \u201cAntonio Savastano\u201d, progetto promosso da Associazione XXI Secolo di Viterbo, l\u2019Associazione A.r.t. Musica di Roma e l\u2019Associazione Domingo &amp; Savastano Music Academy che si inserisce nell\u2019attivit\u00e0 della Scuola Musicale Comunale di Viterbo. &nbsp; L\u2019Accademia, dedicata alla memoria del grande tenore<\/p>\n<p><a class=\"continue-reading\" href=\"https:\/\/www.article-marketing.eu\/comunicatistampa\/placido-domingo-jr-diventa-docente-dellaccademia-delle-arti-antonio-savastano\/\">Continue reading&#8230;<\/a><\/p>\n","protected":false},"author":48,"featured_media":0,"comment_status":"open","ping_status":"open","sticky":false,"template":"","format":"standard","meta":{"_monsterinsights_skip_tracking":false,"_monsterinsights_sitenote_active":false,"_monsterinsights_sitenote_note":"","_monsterinsights_sitenote_category":0,"footnotes":""},"categories":[407,411,414],"tags":[3333,3334,1578,3332,1667],"class_list":["post-7723","post","type-post","status-publish","format-standard","hentry","category-arte-e-cultura","category-musica","category-teatro","tag-accademia-delle-arti","tag-antonio-savastano","tag-placido-domingo-jr","tag-teatro-dellunione","tag-viterbo"],"yoast_head":"<!-- This site is optimized with the Yoast SEO plugin v27.3 - https:\/\/yoast.com\/product\/yoast-seo-wordpress\/ -->\n<title>Placido Domingo Jr diventa docente dell&#039;Accademia delle Arti &quot;Antonio Savastano&quot; - Article Marketing<\/title>\n<meta name=\"robots\" content=\"index, follow, max-snippet:-1, max-image-preview:large, max-video-preview:-1\" \/>\n<link rel=\"canonical\" href=\"https:\/\/www.article-marketing.eu\/comunicatistampa\/placido-domingo-jr-diventa-docente-dellaccademia-delle-arti-antonio-savastano\/\" \/>\n<meta property=\"og:locale\" content=\"it_IT\" \/>\n<meta property=\"og:type\" content=\"article\" \/>\n<meta property=\"og:title\" content=\"Placido Domingo Jr diventa docente dell&#039;Accademia delle Arti &quot;Antonio Savastano&quot; - Article Marketing\" \/>\n<meta property=\"og:description\" content=\"Domenica 17 dicembre alle ore 18.30 si terr\u00e0 a Viterbo presso il Teatro dell\u2019Unione una serata di gala per la presentazione al pubblico e alla stampa della Accademia delle Arti \u201cAntonio Savastano\u201d, progetto promosso da Associazione XXI Secolo di Viterbo, l\u2019Associazione A.r.t. Musica di Roma e l\u2019Associazione Domingo &amp; Savastano Music Academy che si inserisce nell\u2019attivit\u00e0 della Scuola Musicale Comunale di Viterbo. &nbsp; L\u2019Accademia, dedicata alla memoria del grande tenoreContinue reading...\" \/>\n<meta property=\"og:url\" content=\"https:\/\/www.article-marketing.eu\/comunicatistampa\/placido-domingo-jr-diventa-docente-dellaccademia-delle-arti-antonio-savastano\/\" \/>\n<meta property=\"og:site_name\" content=\"Article Marketing\" \/>\n<meta property=\"article:published_time\" content=\"2017-12-13T04:50:01+00:00\" \/>\n<meta property=\"article:modified_time\" content=\"2020-08-09T23:48:00+00:00\" \/>\n<meta name=\"author\" content=\"Uff Stampa\" \/>\n<meta name=\"twitter:card\" content=\"summary_large_image\" \/>\n<meta name=\"twitter:label1\" content=\"Scritto da\" \/>\n\t<meta name=\"twitter:data1\" content=\"Uff Stampa\" \/>\n\t<meta name=\"twitter:label2\" content=\"Tempo di lettura stimato\" \/>\n\t<meta name=\"twitter:data2\" content=\"2 minuti\" \/>\n<script type=\"application\/ld+json\" class=\"yoast-schema-graph\">{\"@context\":\"https:\\\/\\\/schema.org\",\"@graph\":[{\"@type\":\"Article\",\"@id\":\"https:\\\/\\\/www.article-marketing.eu\\\/comunicatistampa\\\/placido-domingo-jr-diventa-docente-dellaccademia-delle-arti-antonio-savastano\\\/#article\",\"isPartOf\":{\"@id\":\"https:\\\/\\\/www.article-marketing.eu\\\/comunicatistampa\\\/placido-domingo-jr-diventa-docente-dellaccademia-delle-arti-antonio-savastano\\\/\"},\"author\":{\"name\":\"Uff Stampa\",\"@id\":\"https:\\\/\\\/www.article-marketing.eu\\\/comunicatistampa\\\/#\\\/schema\\\/person\\\/22d81e7c04e93611ddcda888b65438d8\"},\"headline\":\"Placido Domingo Jr diventa docente dell&#8217;Accademia delle Arti &#8220;Antonio Savastano&#8221;\",\"datePublished\":\"2017-12-13T04:50:01+00:00\",\"dateModified\":\"2020-08-09T23:48:00+00:00\",\"mainEntityOfPage\":{\"@id\":\"https:\\\/\\\/www.article-marketing.eu\\\/comunicatistampa\\\/placido-domingo-jr-diventa-docente-dellaccademia-delle-arti-antonio-savastano\\\/\"},\"wordCount\":401,\"commentCount\":0,\"keywords\":[\"Accademia delle Arti\",\"Antonio Savastano\",\"Placido Domingo Jr\",\"Teatro dell'Unione\",\"Viterbo\"],\"articleSection\":[\"Arte e cultura\",\"Musica\",\"Teatro\"],\"inLanguage\":\"it-IT\",\"potentialAction\":[{\"@type\":\"CommentAction\",\"name\":\"Comment\",\"target\":[\"https:\\\/\\\/www.article-marketing.eu\\\/comunicatistampa\\\/placido-domingo-jr-diventa-docente-dellaccademia-delle-arti-antonio-savastano\\\/#respond\"]}]},{\"@type\":\"WebPage\",\"@id\":\"https:\\\/\\\/www.article-marketing.eu\\\/comunicatistampa\\\/placido-domingo-jr-diventa-docente-dellaccademia-delle-arti-antonio-savastano\\\/\",\"url\":\"https:\\\/\\\/www.article-marketing.eu\\\/comunicatistampa\\\/placido-domingo-jr-diventa-docente-dellaccademia-delle-arti-antonio-savastano\\\/\",\"name\":\"Placido Domingo Jr diventa docente dell'Accademia delle Arti \\\"Antonio Savastano\\\" - Article Marketing\",\"isPartOf\":{\"@id\":\"https:\\\/\\\/www.article-marketing.eu\\\/comunicatistampa\\\/#website\"},\"datePublished\":\"2017-12-13T04:50:01+00:00\",\"dateModified\":\"2020-08-09T23:48:00+00:00\",\"author\":{\"@id\":\"https:\\\/\\\/www.article-marketing.eu\\\/comunicatistampa\\\/#\\\/schema\\\/person\\\/22d81e7c04e93611ddcda888b65438d8\"},\"breadcrumb\":{\"@id\":\"https:\\\/\\\/www.article-marketing.eu\\\/comunicatistampa\\\/placido-domingo-jr-diventa-docente-dellaccademia-delle-arti-antonio-savastano\\\/#breadcrumb\"},\"inLanguage\":\"it-IT\",\"potentialAction\":[{\"@type\":\"ReadAction\",\"target\":[\"https:\\\/\\\/www.article-marketing.eu\\\/comunicatistampa\\\/placido-domingo-jr-diventa-docente-dellaccademia-delle-arti-antonio-savastano\\\/\"]}]},{\"@type\":\"BreadcrumbList\",\"@id\":\"https:\\\/\\\/www.article-marketing.eu\\\/comunicatistampa\\\/placido-domingo-jr-diventa-docente-dellaccademia-delle-arti-antonio-savastano\\\/#breadcrumb\",\"itemListElement\":[{\"@type\":\"ListItem\",\"position\":1,\"name\":\"Home\",\"item\":\"https:\\\/\\\/www.article-marketing.eu\\\/comunicatistampa\\\/\"},{\"@type\":\"ListItem\",\"position\":2,\"name\":\"Placido Domingo Jr diventa docente dell&#8217;Accademia delle Arti &#8220;Antonio Savastano&#8221;\"}]},{\"@type\":\"WebSite\",\"@id\":\"https:\\\/\\\/www.article-marketing.eu\\\/comunicatistampa\\\/#website\",\"url\":\"https:\\\/\\\/www.article-marketing.eu\\\/comunicatistampa\\\/\",\"name\":\"Article Marketing\",\"description\":\"article marketing &amp; press release\",\"potentialAction\":[{\"@type\":\"SearchAction\",\"target\":{\"@type\":\"EntryPoint\",\"urlTemplate\":\"https:\\\/\\\/www.article-marketing.eu\\\/comunicatistampa\\\/?s={search_term_string}\"},\"query-input\":{\"@type\":\"PropertyValueSpecification\",\"valueRequired\":true,\"valueName\":\"search_term_string\"}}],\"inLanguage\":\"it-IT\"},{\"@type\":\"Person\",\"@id\":\"https:\\\/\\\/www.article-marketing.eu\\\/comunicatistampa\\\/#\\\/schema\\\/person\\\/22d81e7c04e93611ddcda888b65438d8\",\"name\":\"Uff Stampa\",\"image\":{\"@type\":\"ImageObject\",\"inLanguage\":\"it-IT\",\"@id\":\"https:\\\/\\\/secure.gravatar.com\\\/avatar\\\/e3e9c5b947f539233b3f740c64e48242313649ff2a529b2191b5577aab6b4c57?s=96&d=mm&r=g\",\"url\":\"https:\\\/\\\/secure.gravatar.com\\\/avatar\\\/e3e9c5b947f539233b3f740c64e48242313649ff2a529b2191b5577aab6b4c57?s=96&d=mm&r=g\",\"contentUrl\":\"https:\\\/\\\/secure.gravatar.com\\\/avatar\\\/e3e9c5b947f539233b3f740c64e48242313649ff2a529b2191b5577aab6b4c57?s=96&d=mm&r=g\",\"caption\":\"Uff Stampa\"},\"url\":\"https:\\\/\\\/www.article-marketing.eu\\\/comunicatistampa\\\/author\\\/uff-stampa\\\/\"}]}<\/script>\n<!-- \/ Yoast SEO plugin. -->","yoast_head_json":{"title":"Placido Domingo Jr diventa docente dell'Accademia delle Arti \"Antonio Savastano\" - Article Marketing","robots":{"index":"index","follow":"follow","max-snippet":"max-snippet:-1","max-image-preview":"max-image-preview:large","max-video-preview":"max-video-preview:-1"},"canonical":"https:\/\/www.article-marketing.eu\/comunicatistampa\/placido-domingo-jr-diventa-docente-dellaccademia-delle-arti-antonio-savastano\/","og_locale":"it_IT","og_type":"article","og_title":"Placido Domingo Jr diventa docente dell'Accademia delle Arti \"Antonio Savastano\" - Article Marketing","og_description":"Domenica 17 dicembre alle ore 18.30 si terr\u00e0 a Viterbo presso il Teatro dell\u2019Unione una serata di gala per la presentazione al pubblico e alla stampa della Accademia delle Arti \u201cAntonio Savastano\u201d, progetto promosso da Associazione XXI Secolo di Viterbo, l\u2019Associazione A.r.t. Musica di Roma e l\u2019Associazione Domingo &amp; Savastano Music Academy che si inserisce nell\u2019attivit\u00e0 della Scuola Musicale Comunale di Viterbo. &nbsp; L\u2019Accademia, dedicata alla memoria del grande tenoreContinue reading...","og_url":"https:\/\/www.article-marketing.eu\/comunicatistampa\/placido-domingo-jr-diventa-docente-dellaccademia-delle-arti-antonio-savastano\/","og_site_name":"Article Marketing","article_published_time":"2017-12-13T04:50:01+00:00","article_modified_time":"2020-08-09T23:48:00+00:00","author":"Uff Stampa","twitter_card":"summary_large_image","twitter_misc":{"Scritto da":"Uff Stampa","Tempo di lettura stimato":"2 minuti"},"schema":{"@context":"https:\/\/schema.org","@graph":[{"@type":"Article","@id":"https:\/\/www.article-marketing.eu\/comunicatistampa\/placido-domingo-jr-diventa-docente-dellaccademia-delle-arti-antonio-savastano\/#article","isPartOf":{"@id":"https:\/\/www.article-marketing.eu\/comunicatistampa\/placido-domingo-jr-diventa-docente-dellaccademia-delle-arti-antonio-savastano\/"},"author":{"name":"Uff Stampa","@id":"https:\/\/www.article-marketing.eu\/comunicatistampa\/#\/schema\/person\/22d81e7c04e93611ddcda888b65438d8"},"headline":"Placido Domingo Jr diventa docente dell&#8217;Accademia delle Arti &#8220;Antonio Savastano&#8221;","datePublished":"2017-12-13T04:50:01+00:00","dateModified":"2020-08-09T23:48:00+00:00","mainEntityOfPage":{"@id":"https:\/\/www.article-marketing.eu\/comunicatistampa\/placido-domingo-jr-diventa-docente-dellaccademia-delle-arti-antonio-savastano\/"},"wordCount":401,"commentCount":0,"keywords":["Accademia delle Arti","Antonio Savastano","Placido Domingo Jr","Teatro dell'Unione","Viterbo"],"articleSection":["Arte e cultura","Musica","Teatro"],"inLanguage":"it-IT","potentialAction":[{"@type":"CommentAction","name":"Comment","target":["https:\/\/www.article-marketing.eu\/comunicatistampa\/placido-domingo-jr-diventa-docente-dellaccademia-delle-arti-antonio-savastano\/#respond"]}]},{"@type":"WebPage","@id":"https:\/\/www.article-marketing.eu\/comunicatistampa\/placido-domingo-jr-diventa-docente-dellaccademia-delle-arti-antonio-savastano\/","url":"https:\/\/www.article-marketing.eu\/comunicatistampa\/placido-domingo-jr-diventa-docente-dellaccademia-delle-arti-antonio-savastano\/","name":"Placido Domingo Jr diventa docente dell'Accademia delle Arti \"Antonio Savastano\" - Article Marketing","isPartOf":{"@id":"https:\/\/www.article-marketing.eu\/comunicatistampa\/#website"},"datePublished":"2017-12-13T04:50:01+00:00","dateModified":"2020-08-09T23:48:00+00:00","author":{"@id":"https:\/\/www.article-marketing.eu\/comunicatistampa\/#\/schema\/person\/22d81e7c04e93611ddcda888b65438d8"},"breadcrumb":{"@id":"https:\/\/www.article-marketing.eu\/comunicatistampa\/placido-domingo-jr-diventa-docente-dellaccademia-delle-arti-antonio-savastano\/#breadcrumb"},"inLanguage":"it-IT","potentialAction":[{"@type":"ReadAction","target":["https:\/\/www.article-marketing.eu\/comunicatistampa\/placido-domingo-jr-diventa-docente-dellaccademia-delle-arti-antonio-savastano\/"]}]},{"@type":"BreadcrumbList","@id":"https:\/\/www.article-marketing.eu\/comunicatistampa\/placido-domingo-jr-diventa-docente-dellaccademia-delle-arti-antonio-savastano\/#breadcrumb","itemListElement":[{"@type":"ListItem","position":1,"name":"Home","item":"https:\/\/www.article-marketing.eu\/comunicatistampa\/"},{"@type":"ListItem","position":2,"name":"Placido Domingo Jr diventa docente dell&#8217;Accademia delle Arti &#8220;Antonio Savastano&#8221;"}]},{"@type":"WebSite","@id":"https:\/\/www.article-marketing.eu\/comunicatistampa\/#website","url":"https:\/\/www.article-marketing.eu\/comunicatistampa\/","name":"Article Marketing","description":"article marketing &amp; press release","potentialAction":[{"@type":"SearchAction","target":{"@type":"EntryPoint","urlTemplate":"https:\/\/www.article-marketing.eu\/comunicatistampa\/?s={search_term_string}"},"query-input":{"@type":"PropertyValueSpecification","valueRequired":true,"valueName":"search_term_string"}}],"inLanguage":"it-IT"},{"@type":"Person","@id":"https:\/\/www.article-marketing.eu\/comunicatistampa\/#\/schema\/person\/22d81e7c04e93611ddcda888b65438d8","name":"Uff Stampa","image":{"@type":"ImageObject","inLanguage":"it-IT","@id":"https:\/\/secure.gravatar.com\/avatar\/e3e9c5b947f539233b3f740c64e48242313649ff2a529b2191b5577aab6b4c57?s=96&d=mm&r=g","url":"https:\/\/secure.gravatar.com\/avatar\/e3e9c5b947f539233b3f740c64e48242313649ff2a529b2191b5577aab6b4c57?s=96&d=mm&r=g","contentUrl":"https:\/\/secure.gravatar.com\/avatar\/e3e9c5b947f539233b3f740c64e48242313649ff2a529b2191b5577aab6b4c57?s=96&d=mm&r=g","caption":"Uff Stampa"},"url":"https:\/\/www.article-marketing.eu\/comunicatistampa\/author\/uff-stampa\/"}]}},"_links":{"self":[{"href":"https:\/\/www.article-marketing.eu\/comunicatistampa\/wp-json\/wp\/v2\/posts\/7723","targetHints":{"allow":["GET"]}}],"collection":[{"href":"https:\/\/www.article-marketing.eu\/comunicatistampa\/wp-json\/wp\/v2\/posts"}],"about":[{"href":"https:\/\/www.article-marketing.eu\/comunicatistampa\/wp-json\/wp\/v2\/types\/post"}],"author":[{"embeddable":true,"href":"https:\/\/www.article-marketing.eu\/comunicatistampa\/wp-json\/wp\/v2\/users\/48"}],"replies":[{"embeddable":true,"href":"https:\/\/www.article-marketing.eu\/comunicatistampa\/wp-json\/wp\/v2\/comments?post=7723"}],"version-history":[{"count":2,"href":"https:\/\/www.article-marketing.eu\/comunicatistampa\/wp-json\/wp\/v2\/posts\/7723\/revisions"}],"predecessor-version":[{"id":7738,"href":"https:\/\/www.article-marketing.eu\/comunicatistampa\/wp-json\/wp\/v2\/posts\/7723\/revisions\/7738"}],"wp:attachment":[{"href":"https:\/\/www.article-marketing.eu\/comunicatistampa\/wp-json\/wp\/v2\/media?parent=7723"}],"wp:term":[{"taxonomy":"category","embeddable":true,"href":"https:\/\/www.article-marketing.eu\/comunicatistampa\/wp-json\/wp\/v2\/categories?post=7723"},{"taxonomy":"post_tag","embeddable":true,"href":"https:\/\/www.article-marketing.eu\/comunicatistampa\/wp-json\/wp\/v2\/tags?post=7723"}],"curies":[{"name":"wp","href":"https:\/\/api.w.org\/{rel}","templated":true}]}}