{"id":7785,"date":"2017-12-15T03:32:35","date_gmt":"2017-12-15T02:32:35","guid":{"rendered":"http:\/\/www.article-marketing.eu\/comunicatistampa\/?p=7785"},"modified":"2017-12-15T03:32:35","modified_gmt":"2017-12-15T02:32:35","slug":"roma-luoghi-del-cuore-santeustachio-caffe","status":"publish","type":"post","link":"https:\/\/www.article-marketing.eu\/comunicatistampa\/roma-luoghi-del-cuore-santeustachio-caffe\/","title":{"rendered":"Roma e i luoghi del cuore: il Sant\u2019Eustachio Caff\u00e8"},"content":{"rendered":"<p>A due passi dal <strong>Pantheon<\/strong>, nel cuore pulsante della Citt\u00e0 Eterna, sorge lo storico Sant\u2019Eustachio Caff\u00e8, un luogo curioso a met\u00e0 strada fra una bottega, un bar e un Bistrot di altri tempi.<\/p>\n<p>Tutto ha origine da un&#8217;antica torrefazione a legna nata nel 1938 chiamata \u201cCaff\u00e8 e Latte\u201d e sita proprio in Piazza <strong>Sant\u2019Eustachio<\/strong>, ad un passo da piazza Navona. Per l&#8217;epoca e per i costumi di allora, il locale, realizzato in muratura e con forme stondate, risultava molto avanguardistico! L\u2019utilizzo del colore bianco e la totale assenza di suppellettili in legno, lo rendevano estremamente moderno.<\/p>\n<p>All\u2019interno tutto parla di caff\u00e8: l\u2019aria pregna, neanche a dirlo, di un\u2019aroma dolce e persistente; i <strong>macinini <em>old style<\/em><\/strong> posti in alto lungo tutto il perimetro del bancone; e ancora, sacchi colmi di chicchi fragranti, confezioni di caff\u00e8 in polvere da scegliere e comprare, liquori a tema in eleganti bottiglie, caramelle, cioccolata aromatizzata, caffettiere di ogni forgia, colore e materiale.<\/p>\n<p>E poi lui, il re: l\u2019Espresso!<strong> Un caff\u00e8 al bancone del Sant\u2019Eustachio \u00e8 una tappa obbligata per chiunque si appresti a visitare Roma!<\/strong> Preparato con sapienza e maestr\u00eca, per essere goduto al meglio delle sue potenzialit\u00e0, va gustato con l\u2019aggiunta della tipica <em>cremina<\/em> a portata di cucchiaino per tutti gli avventori, frutto di una ricetta segretissima e centenaria.<\/p>\n<p>Per gli sperimentatori, tante le delizie a disposizione: l\u2019<strong>Irish Coffee<\/strong>, un boccale di caff\u00e8 corretto con whisky su cui galleggia un irresistibile strato di panna leggermente montata. La <strong>Tazzina Romeo e Giulietta<\/strong>, un meraviglioso duetto di <em>cremina<\/em> e cioccolato. La <strong>Monachella<\/strong>, una fumante tazzina di caff\u00e8 in vetro ricoperta da riccioli di panna ben ferma. Il <strong>Moretto<\/strong>, un piacere fatto di caff\u00e8, schiuma di latte e cacao in polvere.<\/p>\n<p>Dal 1938, il Sant\u2019 Eustachio Caff\u00e8 conserva la tradizione del buon caff\u00e8 e ne cura la qualit\u00e0. L\u2019utilizzo dei pi\u00f9 pregiati caff\u00e8 arabica nella miscela, la freschezza e la qualit\u00e0 del prodotto, il turbin\u00eco di aromi e sapori impareggiabili, rendono questo luogo magico e la sua offerta lontani dall\u2019omologazione della grande distribuzione. Non troverai di certo il caff\u00e8 Illy come nei comuni bar o il caff\u00e8 in <a href=\"https:\/\/www.okcialde.it\">cialde e capsule<\/a>.<\/p>\n<p>Il Sant\u2019Eustachio Caff\u00e8 acquista caff\u00e8 equo e solidale direttamente da piccole cooperative della Repubblica Domenicana, dell\u2019Etiopia, del Guatemala, delle Galapagos, dell\u2019Isola di Santa Elena e del Brasile.<\/p>\n<p>Le mappe delle citt\u00e0, ahim\u00e8, sono prive dei luoghi pi\u00f9 belli. Ed il Sant\u2019Eustachio Caff\u00e8 \u00e8 decisamente uno di questi! Che lo si raggiunga per sentito dire o perdendosi, con aria trasognante, fra i vicoli e i sanpietrini di Roma, in ogni caso sar\u00e0 un\u2019esperienza da non dimenticare!<\/p>\n","protected":false},"excerpt":{"rendered":"<p>A due passi dal Pantheon, nel cuore pulsante della Citt\u00e0 Eterna, sorge lo storico Sant\u2019Eustachio Caff\u00e8, un luogo curioso a met\u00e0 strada fra una bottega, un bar e un Bistrot di altri tempi. Tutto ha origine da un&#8217;antica torrefazione a legna nata nel 1938 chiamata \u201cCaff\u00e8 e Latte\u201d e sita proprio in Piazza Sant\u2019Eustachio, ad un passo da piazza Navona. Per l&#8217;epoca e per i costumi di allora, il locale,<\/p>\n<p><a class=\"continue-reading\" href=\"https:\/\/www.article-marketing.eu\/comunicatistampa\/roma-luoghi-del-cuore-santeustachio-caffe\/\">Continue reading&#8230;<\/a><\/p>\n","protected":false},"author":436,"featured_media":0,"comment_status":"open","ping_status":"open","sticky":false,"template":"","format":"standard","meta":{"_monsterinsights_skip_tracking":false,"_monsterinsights_sitenote_active":false,"_monsterinsights_sitenote_note":"","_monsterinsights_sitenote_category":0,"footnotes":""},"categories":[346],"tags":[3341],"class_list":["post-7785","post","type-post","status-publish","format-standard","hentry","category-viaggi-e-turismo","tag-santeustachio"],"yoast_head":"<!-- This site is optimized with the Yoast SEO plugin v27.3 - https:\/\/yoast.com\/product\/yoast-seo-wordpress\/ -->\n<title>Roma e i luoghi del cuore: il Sant\u2019Eustachio Caff\u00e8 - Article Marketing<\/title>\n<meta name=\"robots\" content=\"index, follow, max-snippet:-1, max-image-preview:large, max-video-preview:-1\" \/>\n<link rel=\"canonical\" href=\"https:\/\/www.article-marketing.eu\/comunicatistampa\/roma-luoghi-del-cuore-santeustachio-caffe\/\" \/>\n<meta property=\"og:locale\" content=\"it_IT\" \/>\n<meta property=\"og:type\" content=\"article\" \/>\n<meta property=\"og:title\" content=\"Roma e i luoghi del cuore: il Sant\u2019Eustachio Caff\u00e8 - Article Marketing\" \/>\n<meta property=\"og:description\" content=\"A due passi dal Pantheon, nel cuore pulsante della Citt\u00e0 Eterna, sorge lo storico Sant\u2019Eustachio Caff\u00e8, un luogo curioso a met\u00e0 strada fra una bottega, un bar e un Bistrot di altri tempi. Tutto ha origine da un&#8217;antica torrefazione a legna nata nel 1938 chiamata \u201cCaff\u00e8 e Latte\u201d e sita proprio in Piazza Sant\u2019Eustachio, ad un passo da piazza Navona. Per l&#8217;epoca e per i costumi di allora, il locale,Continue reading...\" \/>\n<meta property=\"og:url\" content=\"https:\/\/www.article-marketing.eu\/comunicatistampa\/roma-luoghi-del-cuore-santeustachio-caffe\/\" \/>\n<meta property=\"og:site_name\" content=\"Article Marketing\" \/>\n<meta property=\"article:published_time\" content=\"2017-12-15T02:32:35+00:00\" \/>\n<meta name=\"author\" content=\"seoseverini\" \/>\n<meta name=\"twitter:card\" content=\"summary_large_image\" \/>\n<meta name=\"twitter:label1\" content=\"Scritto da\" \/>\n\t<meta name=\"twitter:data1\" content=\"seoseverini\" \/>\n\t<meta name=\"twitter:label2\" content=\"Tempo di lettura stimato\" \/>\n\t<meta name=\"twitter:data2\" content=\"2 minuti\" \/>\n<script type=\"application\/ld+json\" class=\"yoast-schema-graph\">{\"@context\":\"https:\\\/\\\/schema.org\",\"@graph\":[{\"@type\":\"Article\",\"@id\":\"https:\\\/\\\/www.article-marketing.eu\\\/comunicatistampa\\\/roma-luoghi-del-cuore-santeustachio-caffe\\\/#article\",\"isPartOf\":{\"@id\":\"https:\\\/\\\/www.article-marketing.eu\\\/comunicatistampa\\\/roma-luoghi-del-cuore-santeustachio-caffe\\\/\"},\"author\":{\"name\":\"seoseverini\",\"@id\":\"https:\\\/\\\/www.article-marketing.eu\\\/comunicatistampa\\\/#\\\/schema\\\/person\\\/4123b09ba5b5e42091f2389476421254\"},\"headline\":\"Roma e i luoghi del cuore: il Sant\u2019Eustachio Caff\u00e8\",\"datePublished\":\"2017-12-15T02:32:35+00:00\",\"mainEntityOfPage\":{\"@id\":\"https:\\\/\\\/www.article-marketing.eu\\\/comunicatistampa\\\/roma-luoghi-del-cuore-santeustachio-caffe\\\/\"},\"wordCount\":453,\"commentCount\":0,\"keywords\":[\"sant'eustachio\"],\"articleSection\":[\"Viaggi e turismo\"],\"inLanguage\":\"it-IT\",\"potentialAction\":[{\"@type\":\"CommentAction\",\"name\":\"Comment\",\"target\":[\"https:\\\/\\\/www.article-marketing.eu\\\/comunicatistampa\\\/roma-luoghi-del-cuore-santeustachio-caffe\\\/#respond\"]}]},{\"@type\":\"WebPage\",\"@id\":\"https:\\\/\\\/www.article-marketing.eu\\\/comunicatistampa\\\/roma-luoghi-del-cuore-santeustachio-caffe\\\/\",\"url\":\"https:\\\/\\\/www.article-marketing.eu\\\/comunicatistampa\\\/roma-luoghi-del-cuore-santeustachio-caffe\\\/\",\"name\":\"Roma e i luoghi del cuore: il Sant\u2019Eustachio Caff\u00e8 - Article Marketing\",\"isPartOf\":{\"@id\":\"https:\\\/\\\/www.article-marketing.eu\\\/comunicatistampa\\\/#website\"},\"datePublished\":\"2017-12-15T02:32:35+00:00\",\"author\":{\"@id\":\"https:\\\/\\\/www.article-marketing.eu\\\/comunicatistampa\\\/#\\\/schema\\\/person\\\/4123b09ba5b5e42091f2389476421254\"},\"breadcrumb\":{\"@id\":\"https:\\\/\\\/www.article-marketing.eu\\\/comunicatistampa\\\/roma-luoghi-del-cuore-santeustachio-caffe\\\/#breadcrumb\"},\"inLanguage\":\"it-IT\",\"potentialAction\":[{\"@type\":\"ReadAction\",\"target\":[\"https:\\\/\\\/www.article-marketing.eu\\\/comunicatistampa\\\/roma-luoghi-del-cuore-santeustachio-caffe\\\/\"]}]},{\"@type\":\"BreadcrumbList\",\"@id\":\"https:\\\/\\\/www.article-marketing.eu\\\/comunicatistampa\\\/roma-luoghi-del-cuore-santeustachio-caffe\\\/#breadcrumb\",\"itemListElement\":[{\"@type\":\"ListItem\",\"position\":1,\"name\":\"Home\",\"item\":\"https:\\\/\\\/www.article-marketing.eu\\\/comunicatistampa\\\/\"},{\"@type\":\"ListItem\",\"position\":2,\"name\":\"Roma e i luoghi del cuore: il Sant\u2019Eustachio Caff\u00e8\"}]},{\"@type\":\"WebSite\",\"@id\":\"https:\\\/\\\/www.article-marketing.eu\\\/comunicatistampa\\\/#website\",\"url\":\"https:\\\/\\\/www.article-marketing.eu\\\/comunicatistampa\\\/\",\"name\":\"Article Marketing\",\"description\":\"article marketing &amp; press release\",\"potentialAction\":[{\"@type\":\"SearchAction\",\"target\":{\"@type\":\"EntryPoint\",\"urlTemplate\":\"https:\\\/\\\/www.article-marketing.eu\\\/comunicatistampa\\\/?s={search_term_string}\"},\"query-input\":{\"@type\":\"PropertyValueSpecification\",\"valueRequired\":true,\"valueName\":\"search_term_string\"}}],\"inLanguage\":\"it-IT\"},{\"@type\":\"Person\",\"@id\":\"https:\\\/\\\/www.article-marketing.eu\\\/comunicatistampa\\\/#\\\/schema\\\/person\\\/4123b09ba5b5e42091f2389476421254\",\"name\":\"seoseverini\",\"image\":{\"@type\":\"ImageObject\",\"inLanguage\":\"it-IT\",\"@id\":\"https:\\\/\\\/secure.gravatar.com\\\/avatar\\\/199a2e63e9614dc83afe5b2605213f3e70299de8d4fca9c3608bbc9c02de997b?s=96&d=mm&r=g\",\"url\":\"https:\\\/\\\/secure.gravatar.com\\\/avatar\\\/199a2e63e9614dc83afe5b2605213f3e70299de8d4fca9c3608bbc9c02de997b?s=96&d=mm&r=g\",\"contentUrl\":\"https:\\\/\\\/secure.gravatar.com\\\/avatar\\\/199a2e63e9614dc83afe5b2605213f3e70299de8d4fca9c3608bbc9c02de997b?s=96&d=mm&r=g\",\"caption\":\"seoseverini\"},\"sameAs\":[\"http:\\\/\\\/www.seoperseo.eu\"],\"url\":\"https:\\\/\\\/www.article-marketing.eu\\\/comunicatistampa\\\/author\\\/seoseverini\\\/\"}]}<\/script>\n<!-- \/ Yoast SEO plugin. -->","yoast_head_json":{"title":"Roma e i luoghi del cuore: il Sant\u2019Eustachio Caff\u00e8 - Article Marketing","robots":{"index":"index","follow":"follow","max-snippet":"max-snippet:-1","max-image-preview":"max-image-preview:large","max-video-preview":"max-video-preview:-1"},"canonical":"https:\/\/www.article-marketing.eu\/comunicatistampa\/roma-luoghi-del-cuore-santeustachio-caffe\/","og_locale":"it_IT","og_type":"article","og_title":"Roma e i luoghi del cuore: il Sant\u2019Eustachio Caff\u00e8 - Article Marketing","og_description":"A due passi dal Pantheon, nel cuore pulsante della Citt\u00e0 Eterna, sorge lo storico Sant\u2019Eustachio Caff\u00e8, un luogo curioso a met\u00e0 strada fra una bottega, un bar e un Bistrot di altri tempi. Tutto ha origine da un&#8217;antica torrefazione a legna nata nel 1938 chiamata \u201cCaff\u00e8 e Latte\u201d e sita proprio in Piazza Sant\u2019Eustachio, ad un passo da piazza Navona. Per l&#8217;epoca e per i costumi di allora, il locale,Continue reading...","og_url":"https:\/\/www.article-marketing.eu\/comunicatistampa\/roma-luoghi-del-cuore-santeustachio-caffe\/","og_site_name":"Article Marketing","article_published_time":"2017-12-15T02:32:35+00:00","author":"seoseverini","twitter_card":"summary_large_image","twitter_misc":{"Scritto da":"seoseverini","Tempo di lettura stimato":"2 minuti"},"schema":{"@context":"https:\/\/schema.org","@graph":[{"@type":"Article","@id":"https:\/\/www.article-marketing.eu\/comunicatistampa\/roma-luoghi-del-cuore-santeustachio-caffe\/#article","isPartOf":{"@id":"https:\/\/www.article-marketing.eu\/comunicatistampa\/roma-luoghi-del-cuore-santeustachio-caffe\/"},"author":{"name":"seoseverini","@id":"https:\/\/www.article-marketing.eu\/comunicatistampa\/#\/schema\/person\/4123b09ba5b5e42091f2389476421254"},"headline":"Roma e i luoghi del cuore: il Sant\u2019Eustachio Caff\u00e8","datePublished":"2017-12-15T02:32:35+00:00","mainEntityOfPage":{"@id":"https:\/\/www.article-marketing.eu\/comunicatistampa\/roma-luoghi-del-cuore-santeustachio-caffe\/"},"wordCount":453,"commentCount":0,"keywords":["sant'eustachio"],"articleSection":["Viaggi e turismo"],"inLanguage":"it-IT","potentialAction":[{"@type":"CommentAction","name":"Comment","target":["https:\/\/www.article-marketing.eu\/comunicatistampa\/roma-luoghi-del-cuore-santeustachio-caffe\/#respond"]}]},{"@type":"WebPage","@id":"https:\/\/www.article-marketing.eu\/comunicatistampa\/roma-luoghi-del-cuore-santeustachio-caffe\/","url":"https:\/\/www.article-marketing.eu\/comunicatistampa\/roma-luoghi-del-cuore-santeustachio-caffe\/","name":"Roma e i luoghi del cuore: il Sant\u2019Eustachio Caff\u00e8 - Article Marketing","isPartOf":{"@id":"https:\/\/www.article-marketing.eu\/comunicatistampa\/#website"},"datePublished":"2017-12-15T02:32:35+00:00","author":{"@id":"https:\/\/www.article-marketing.eu\/comunicatistampa\/#\/schema\/person\/4123b09ba5b5e42091f2389476421254"},"breadcrumb":{"@id":"https:\/\/www.article-marketing.eu\/comunicatistampa\/roma-luoghi-del-cuore-santeustachio-caffe\/#breadcrumb"},"inLanguage":"it-IT","potentialAction":[{"@type":"ReadAction","target":["https:\/\/www.article-marketing.eu\/comunicatistampa\/roma-luoghi-del-cuore-santeustachio-caffe\/"]}]},{"@type":"BreadcrumbList","@id":"https:\/\/www.article-marketing.eu\/comunicatistampa\/roma-luoghi-del-cuore-santeustachio-caffe\/#breadcrumb","itemListElement":[{"@type":"ListItem","position":1,"name":"Home","item":"https:\/\/www.article-marketing.eu\/comunicatistampa\/"},{"@type":"ListItem","position":2,"name":"Roma e i luoghi del cuore: il Sant\u2019Eustachio Caff\u00e8"}]},{"@type":"WebSite","@id":"https:\/\/www.article-marketing.eu\/comunicatistampa\/#website","url":"https:\/\/www.article-marketing.eu\/comunicatistampa\/","name":"Article Marketing","description":"article marketing &amp; press release","potentialAction":[{"@type":"SearchAction","target":{"@type":"EntryPoint","urlTemplate":"https:\/\/www.article-marketing.eu\/comunicatistampa\/?s={search_term_string}"},"query-input":{"@type":"PropertyValueSpecification","valueRequired":true,"valueName":"search_term_string"}}],"inLanguage":"it-IT"},{"@type":"Person","@id":"https:\/\/www.article-marketing.eu\/comunicatistampa\/#\/schema\/person\/4123b09ba5b5e42091f2389476421254","name":"seoseverini","image":{"@type":"ImageObject","inLanguage":"it-IT","@id":"https:\/\/secure.gravatar.com\/avatar\/199a2e63e9614dc83afe5b2605213f3e70299de8d4fca9c3608bbc9c02de997b?s=96&d=mm&r=g","url":"https:\/\/secure.gravatar.com\/avatar\/199a2e63e9614dc83afe5b2605213f3e70299de8d4fca9c3608bbc9c02de997b?s=96&d=mm&r=g","contentUrl":"https:\/\/secure.gravatar.com\/avatar\/199a2e63e9614dc83afe5b2605213f3e70299de8d4fca9c3608bbc9c02de997b?s=96&d=mm&r=g","caption":"seoseverini"},"sameAs":["http:\/\/www.seoperseo.eu"],"url":"https:\/\/www.article-marketing.eu\/comunicatistampa\/author\/seoseverini\/"}]}},"_links":{"self":[{"href":"https:\/\/www.article-marketing.eu\/comunicatistampa\/wp-json\/wp\/v2\/posts\/7785","targetHints":{"allow":["GET"]}}],"collection":[{"href":"https:\/\/www.article-marketing.eu\/comunicatistampa\/wp-json\/wp\/v2\/posts"}],"about":[{"href":"https:\/\/www.article-marketing.eu\/comunicatistampa\/wp-json\/wp\/v2\/types\/post"}],"author":[{"embeddable":true,"href":"https:\/\/www.article-marketing.eu\/comunicatistampa\/wp-json\/wp\/v2\/users\/436"}],"replies":[{"embeddable":true,"href":"https:\/\/www.article-marketing.eu\/comunicatistampa\/wp-json\/wp\/v2\/comments?post=7785"}],"version-history":[{"count":2,"href":"https:\/\/www.article-marketing.eu\/comunicatistampa\/wp-json\/wp\/v2\/posts\/7785\/revisions"}],"predecessor-version":[{"id":7815,"href":"https:\/\/www.article-marketing.eu\/comunicatistampa\/wp-json\/wp\/v2\/posts\/7785\/revisions\/7815"}],"wp:attachment":[{"href":"https:\/\/www.article-marketing.eu\/comunicatistampa\/wp-json\/wp\/v2\/media?parent=7785"}],"wp:term":[{"taxonomy":"category","embeddable":true,"href":"https:\/\/www.article-marketing.eu\/comunicatistampa\/wp-json\/wp\/v2\/categories?post=7785"},{"taxonomy":"post_tag","embeddable":true,"href":"https:\/\/www.article-marketing.eu\/comunicatistampa\/wp-json\/wp\/v2\/tags?post=7785"}],"curies":[{"name":"wp","href":"https:\/\/api.w.org\/{rel}","templated":true}]}}