{"id":7884,"date":"2017-12-19T18:57:19","date_gmt":"2017-12-19T17:57:19","guid":{"rendered":"http:\/\/www.article-marketing.eu\/comunicatistampa\/?p=7884"},"modified":"2017-12-19T18:57:19","modified_gmt":"2017-12-19T17:57:19","slug":"valigie-intelligenti-modo-giusto","status":"publish","type":"post","link":"https:\/\/www.article-marketing.eu\/comunicatistampa\/valigie-intelligenti-modo-giusto\/","title":{"rendered":"Le valigie intelligenti sono il futuro \u2013 se fatte nel modo giusto!"},"content":{"rendered":"<p>Lo scorso 6 dicembe, American Airlines, Alaska Airlines e Delta hanno annunciato che <strong>le valigie con una batteria in litio integrata non verranno pi\u00f9 imbarcate sui loro voli per motivi di sicurezza<\/strong>. Nello specifico, poich\u00e8 le batterie al litio sono altamente infiammabili, esiste il rischio che prendano fuoco. Questo \u00e8 particolarmente pericoloso quando le batterie si trovano nella stiva dei velivoli, quindi senza possibilit\u00e0 di intervento da parte dell&#8217;equipaggio in caso di problemi. La via sulla quale American, Alaska e Delta si sono avviate potrebbe portare in futuro ad un divieto indiscriminato dell\u2019imbarco in stiva\u00a0 di qualsiasi apparecchio alimentato da\u00a0 batterie al litio (dalle power bank agli strumenti di tracking per i bagagli), che potrebbero essere accettati a bordo solo se inseriti nel bagaglio a mano.<\/p>\n<p>La notizia \u00e8 stata una doccia fredda per i commercianti di valigie, soprattutto quelli che hanno fondato i propri obiettivi e strategie di business sulla produzione e sulla commercializzazione di bagagli che integrano dispositivi elettronici. Quelli che oggi vengono definiti <em><strong>Smart Luggage<\/strong><\/em>\u00a0sono una delle nuove frontiere dell\u2019Internet delle Cose e questo divieto (adottato, per adesso, solo da compagnie americane) \u00e8 percepito nel mercato come\u00a0un freno ad una innovazione che fa ormai parte del nostro quotidiano di viaggiatori.<\/p>\n<p>I dispositivi <em>smart<\/em>, tra cui i sistemi di tracking per valigie, sono la risposta a un bisogno sempre pi\u00f9 sentito tra i viaggiatori: quello di essere sempre connessi e di poter monitorare i propri effetti personali in tempo reale. Dato che <strong>i consumatori si sono ormai abituati a tracciare i propri bagagli con app dedicate<\/strong>, non accetteranno le nuove regole tanto facilmente.<\/p>\n<p>Al contrario, le nuove norme potrebbero portare ad un pericolo maggiore. Si teme infatti che i consumatori possano rivolgersi a mercati non controllati, finendo per <strong>acquistare dispositivi non conformi alle regole, a pi\u00f9 alto rischio di esplosione<\/strong>.<\/p>\n<p>La strada che porta un progetto dal disegno alla realizzazione \u00e8 lunga e complessa. Costruttori e progettisti devono tener conto delle normative in vigore; queste\u00a0 richiedono la creazione di <strong>dispositivi che rispettino le norme stabilite dal FAA<\/strong> (per gli Stati Uniti) <strong>e dall\u2019EASA<\/strong> (per l\u2019Europa), sia in merito al trasporto di\u00a0 batterie che di dispositivi che emettono onde radio come i tracker. \u00c8 quindi necessario ottenere le certificazioni richieste da suddette organizzazioni, ma poich\u00e8 le norme per le batterie e i tracker includono numerose specifiche come il contenuto di litio, la potenza delle singole celle, la potenza delle emissioni radio e le strategie\u00a0 utilizzate per rilevare lo stato di volo, sviluppare un device che soddisfi le norme in modo\u00a0 esaustivo\u00a0 \u00e8 tutt\u2019altro che una passeggiata.<\/p>\n<p><strong>I marchi pi\u00f9 famosi e ad alta visibilit\u00e0 lavorano sicuramente nella direzione di produrre dispositivi che rispettino tali regole<\/strong>. Pertanto, vietare l\u2019utilizzo di valigie smart certificate non contribuir\u00e0 molto all&#8217;aumento della sicurezza a bordo; al contrario, potrebbe splancare le porte al commercio di prodotti illegali o non conformi, a basso prezzo e facilmente reperibili.<\/p>\n<p>Garantire la sicurezza dei voli non \u00e8 quindi solo un compito delle compagnie aeree e del legislatore; come in tutti gli aspetti del vivere quotidiano, i cittadini, in questo caso nella veste di consumatori e viaggiatori, sono chiamati a fare la propria parte.<\/p>\n<p>Chi acquista un valigia smart deve assicurarsi direttamente in negozio che si tratti di un prodotto sicuro, controllando che risponda alle norme di sicurezza in volo. \u00c8 necessario quindi che richieda informazioni al negoziante o al rivenditore e, se dovesse essere necessario, direttamente al produttore di valigie e dispositivi elettronici cos\u00ec da fugare ogni dubbio.<\/p>\n<p>\u00c8 fondamentale che i viaggiatori e i consumatori in generale siano al corrente dei rischi che si corrono acquistando device non certificati: \u00e8 la loro sicurezza ad essere a rischio!<br \/>\nVietare le batterie al litio non sortir\u00e0 alcun effetto se i viaggiatori continueranno ad ignorare i comportamenti che sono indispensabili a\u00a0 garantire a s\u00e9 stessi e ai loro cari un volo sicuro.<\/p>\n<p>Stefano Marchi<br \/>\nCEO di Stetel<\/p>\n<p><strong>Stetel<\/strong>: Stetel \u00e8 un\u2019azienda italiana di informatica che sviluppa software e hardware da pi\u00f9 di 25 anni. Ultimamente, Stetel ha lanciato sul mercato un sistema di tracking per valigie che rispetti pienamente gli standard imposti dalla FAA e dall\u2019EASA. Il dispositivo si spegne automaticamente al decollo e si riattiva soltanto dopo l\u2019atterraggio.<br \/>\nPer ulteriori informazioni, visitate il sito: <a href=\"http:\/\/www.urbantracker.com\">www.urbantracker.com<\/a> .<\/p>\n<p><strong>Stefano Marchi<\/strong>: Stefano Marchi ha pi\u00f9 di 30 anni di esperienza nell\u2019introduzione di tecnologie innovative nei mercati consumer e business. \u00c8 il fondatore e CEO di Stetel (1991) e Stetel Things (2017), una compagnia che fa parte del Gruppo Stetel. Stetel progetta, sviluppa e realizza hardware, software e applicaizoni mobili per i settori delle telecomunicazioni, viaggi e ambienti, garantendo sempre i massimi standard di innovazione e user experience.<\/p>\n","protected":false},"excerpt":{"rendered":"<p>Lo scorso 6 dicembe, American Airlines, Alaska Airlines e Delta hanno annunciato che le valigie con una batteria in litio integrata non verranno pi\u00f9 imbarcate sui loro voli per motivi di sicurezza. Nello specifico, poich\u00e8 le batterie al litio sono altamente infiammabili, esiste il rischio che prendano fuoco. Questo \u00e8 particolarmente pericoloso quando le batterie si trovano nella stiva dei velivoli, quindi senza possibilit\u00e0 di intervento da parte dell&#8217;equipaggio in<\/p>\n<p><a class=\"continue-reading\" href=\"https:\/\/www.article-marketing.eu\/comunicatistampa\/valigie-intelligenti-modo-giusto\/\">Continue reading&#8230;<\/a><\/p>\n","protected":false},"author":703,"featured_media":0,"comment_status":"open","ping_status":"open","sticky":false,"template":"","format":"standard","meta":{"_monsterinsights_skip_tracking":false,"_monsterinsights_sitenote_active":false,"_monsterinsights_sitenote_note":"","_monsterinsights_sitenote_category":0,"footnotes":""},"categories":[78],"tags":[],"class_list":["post-7884","post","type-post","status-publish","format-standard","hentry","category-comunicati-stampa"],"yoast_head":"<!-- This site is optimized with the Yoast SEO plugin v27.3 - https:\/\/yoast.com\/product\/yoast-seo-wordpress\/ -->\n<title>Le valigie intelligenti sono il futuro \u2013 se fatte nel modo giusto! - Article Marketing<\/title>\n<meta name=\"robots\" content=\"index, follow, max-snippet:-1, max-image-preview:large, max-video-preview:-1\" \/>\n<link rel=\"canonical\" href=\"https:\/\/www.article-marketing.eu\/comunicatistampa\/valigie-intelligenti-modo-giusto\/\" \/>\n<meta property=\"og:locale\" content=\"it_IT\" \/>\n<meta property=\"og:type\" content=\"article\" \/>\n<meta property=\"og:title\" content=\"Le valigie intelligenti sono il futuro \u2013 se fatte nel modo giusto! - Article Marketing\" \/>\n<meta property=\"og:description\" content=\"Lo scorso 6 dicembe, American Airlines, Alaska Airlines e Delta hanno annunciato che le valigie con una batteria in litio integrata non verranno pi\u00f9 imbarcate sui loro voli per motivi di sicurezza. Nello specifico, poich\u00e8 le batterie al litio sono altamente infiammabili, esiste il rischio che prendano fuoco. Questo \u00e8 particolarmente pericoloso quando le batterie si trovano nella stiva dei velivoli, quindi senza possibilit\u00e0 di intervento da parte dell&#8217;equipaggio inContinue reading...\" \/>\n<meta property=\"og:url\" content=\"https:\/\/www.article-marketing.eu\/comunicatistampa\/valigie-intelligenti-modo-giusto\/\" \/>\n<meta property=\"og:site_name\" content=\"Article Marketing\" \/>\n<meta property=\"article:published_time\" content=\"2017-12-19T17:57:19+00:00\" \/>\n<meta name=\"author\" content=\"Eleonora Baglini\" \/>\n<meta name=\"twitter:card\" content=\"summary_large_image\" \/>\n<meta name=\"twitter:label1\" content=\"Scritto da\" \/>\n\t<meta name=\"twitter:data1\" content=\"Eleonora Baglini\" \/>\n\t<meta name=\"twitter:label2\" content=\"Tempo di lettura stimato\" \/>\n\t<meta name=\"twitter:data2\" content=\"4 minuti\" \/>\n<script type=\"application\/ld+json\" class=\"yoast-schema-graph\">{\"@context\":\"https:\\\/\\\/schema.org\",\"@graph\":[{\"@type\":\"Article\",\"@id\":\"https:\\\/\\\/www.article-marketing.eu\\\/comunicatistampa\\\/valigie-intelligenti-modo-giusto\\\/#article\",\"isPartOf\":{\"@id\":\"https:\\\/\\\/www.article-marketing.eu\\\/comunicatistampa\\\/valigie-intelligenti-modo-giusto\\\/\"},\"author\":{\"name\":\"Eleonora Baglini\",\"@id\":\"https:\\\/\\\/www.article-marketing.eu\\\/comunicatistampa\\\/#\\\/schema\\\/person\\\/a7b7c26bf61299c0efbdb35c3d0e4f08\"},\"headline\":\"Le valigie intelligenti sono il futuro \u2013 se fatte nel modo giusto!\",\"datePublished\":\"2017-12-19T17:57:19+00:00\",\"mainEntityOfPage\":{\"@id\":\"https:\\\/\\\/www.article-marketing.eu\\\/comunicatistampa\\\/valigie-intelligenti-modo-giusto\\\/\"},\"wordCount\":781,\"commentCount\":0,\"articleSection\":[\"Comunicati stampa\"],\"inLanguage\":\"it-IT\",\"potentialAction\":[{\"@type\":\"CommentAction\",\"name\":\"Comment\",\"target\":[\"https:\\\/\\\/www.article-marketing.eu\\\/comunicatistampa\\\/valigie-intelligenti-modo-giusto\\\/#respond\"]}]},{\"@type\":\"WebPage\",\"@id\":\"https:\\\/\\\/www.article-marketing.eu\\\/comunicatistampa\\\/valigie-intelligenti-modo-giusto\\\/\",\"url\":\"https:\\\/\\\/www.article-marketing.eu\\\/comunicatistampa\\\/valigie-intelligenti-modo-giusto\\\/\",\"name\":\"Le valigie intelligenti sono il futuro \u2013 se fatte nel modo giusto! - Article Marketing\",\"isPartOf\":{\"@id\":\"https:\\\/\\\/www.article-marketing.eu\\\/comunicatistampa\\\/#website\"},\"datePublished\":\"2017-12-19T17:57:19+00:00\",\"author\":{\"@id\":\"https:\\\/\\\/www.article-marketing.eu\\\/comunicatistampa\\\/#\\\/schema\\\/person\\\/a7b7c26bf61299c0efbdb35c3d0e4f08\"},\"breadcrumb\":{\"@id\":\"https:\\\/\\\/www.article-marketing.eu\\\/comunicatistampa\\\/valigie-intelligenti-modo-giusto\\\/#breadcrumb\"},\"inLanguage\":\"it-IT\",\"potentialAction\":[{\"@type\":\"ReadAction\",\"target\":[\"https:\\\/\\\/www.article-marketing.eu\\\/comunicatistampa\\\/valigie-intelligenti-modo-giusto\\\/\"]}]},{\"@type\":\"BreadcrumbList\",\"@id\":\"https:\\\/\\\/www.article-marketing.eu\\\/comunicatistampa\\\/valigie-intelligenti-modo-giusto\\\/#breadcrumb\",\"itemListElement\":[{\"@type\":\"ListItem\",\"position\":1,\"name\":\"Home\",\"item\":\"https:\\\/\\\/www.article-marketing.eu\\\/comunicatistampa\\\/\"},{\"@type\":\"ListItem\",\"position\":2,\"name\":\"Le valigie intelligenti sono il futuro \u2013 se fatte nel modo giusto!\"}]},{\"@type\":\"WebSite\",\"@id\":\"https:\\\/\\\/www.article-marketing.eu\\\/comunicatistampa\\\/#website\",\"url\":\"https:\\\/\\\/www.article-marketing.eu\\\/comunicatistampa\\\/\",\"name\":\"Article Marketing\",\"description\":\"article marketing &amp; press release\",\"potentialAction\":[{\"@type\":\"SearchAction\",\"target\":{\"@type\":\"EntryPoint\",\"urlTemplate\":\"https:\\\/\\\/www.article-marketing.eu\\\/comunicatistampa\\\/?s={search_term_string}\"},\"query-input\":{\"@type\":\"PropertyValueSpecification\",\"valueRequired\":true,\"valueName\":\"search_term_string\"}}],\"inLanguage\":\"it-IT\"},{\"@type\":\"Person\",\"@id\":\"https:\\\/\\\/www.article-marketing.eu\\\/comunicatistampa\\\/#\\\/schema\\\/person\\\/a7b7c26bf61299c0efbdb35c3d0e4f08\",\"name\":\"Eleonora Baglini\",\"image\":{\"@type\":\"ImageObject\",\"inLanguage\":\"it-IT\",\"@id\":\"https:\\\/\\\/secure.gravatar.com\\\/avatar\\\/9255dc6631275f44f2b1b28ccf9c6e827ab88e2aaccc0fa2e14155364bbbf6f5?s=96&d=mm&r=g\",\"url\":\"https:\\\/\\\/secure.gravatar.com\\\/avatar\\\/9255dc6631275f44f2b1b28ccf9c6e827ab88e2aaccc0fa2e14155364bbbf6f5?s=96&d=mm&r=g\",\"contentUrl\":\"https:\\\/\\\/secure.gravatar.com\\\/avatar\\\/9255dc6631275f44f2b1b28ccf9c6e827ab88e2aaccc0fa2e14155364bbbf6f5?s=96&d=mm&r=g\",\"caption\":\"Eleonora Baglini\"},\"url\":\"https:\\\/\\\/www.article-marketing.eu\\\/comunicatistampa\\\/author\\\/eleonora-baglini\\\/\"}]}<\/script>\n<!-- \/ Yoast SEO plugin. -->","yoast_head_json":{"title":"Le valigie intelligenti sono il futuro \u2013 se fatte nel modo giusto! - Article Marketing","robots":{"index":"index","follow":"follow","max-snippet":"max-snippet:-1","max-image-preview":"max-image-preview:large","max-video-preview":"max-video-preview:-1"},"canonical":"https:\/\/www.article-marketing.eu\/comunicatistampa\/valigie-intelligenti-modo-giusto\/","og_locale":"it_IT","og_type":"article","og_title":"Le valigie intelligenti sono il futuro \u2013 se fatte nel modo giusto! - Article Marketing","og_description":"Lo scorso 6 dicembe, American Airlines, Alaska Airlines e Delta hanno annunciato che le valigie con una batteria in litio integrata non verranno pi\u00f9 imbarcate sui loro voli per motivi di sicurezza. Nello specifico, poich\u00e8 le batterie al litio sono altamente infiammabili, esiste il rischio che prendano fuoco. Questo \u00e8 particolarmente pericoloso quando le batterie si trovano nella stiva dei velivoli, quindi senza possibilit\u00e0 di intervento da parte dell&#8217;equipaggio inContinue reading...","og_url":"https:\/\/www.article-marketing.eu\/comunicatistampa\/valigie-intelligenti-modo-giusto\/","og_site_name":"Article Marketing","article_published_time":"2017-12-19T17:57:19+00:00","author":"Eleonora Baglini","twitter_card":"summary_large_image","twitter_misc":{"Scritto da":"Eleonora Baglini","Tempo di lettura stimato":"4 minuti"},"schema":{"@context":"https:\/\/schema.org","@graph":[{"@type":"Article","@id":"https:\/\/www.article-marketing.eu\/comunicatistampa\/valigie-intelligenti-modo-giusto\/#article","isPartOf":{"@id":"https:\/\/www.article-marketing.eu\/comunicatistampa\/valigie-intelligenti-modo-giusto\/"},"author":{"name":"Eleonora Baglini","@id":"https:\/\/www.article-marketing.eu\/comunicatistampa\/#\/schema\/person\/a7b7c26bf61299c0efbdb35c3d0e4f08"},"headline":"Le valigie intelligenti sono il futuro \u2013 se fatte nel modo giusto!","datePublished":"2017-12-19T17:57:19+00:00","mainEntityOfPage":{"@id":"https:\/\/www.article-marketing.eu\/comunicatistampa\/valigie-intelligenti-modo-giusto\/"},"wordCount":781,"commentCount":0,"articleSection":["Comunicati stampa"],"inLanguage":"it-IT","potentialAction":[{"@type":"CommentAction","name":"Comment","target":["https:\/\/www.article-marketing.eu\/comunicatistampa\/valigie-intelligenti-modo-giusto\/#respond"]}]},{"@type":"WebPage","@id":"https:\/\/www.article-marketing.eu\/comunicatistampa\/valigie-intelligenti-modo-giusto\/","url":"https:\/\/www.article-marketing.eu\/comunicatistampa\/valigie-intelligenti-modo-giusto\/","name":"Le valigie intelligenti sono il futuro \u2013 se fatte nel modo giusto! - Article Marketing","isPartOf":{"@id":"https:\/\/www.article-marketing.eu\/comunicatistampa\/#website"},"datePublished":"2017-12-19T17:57:19+00:00","author":{"@id":"https:\/\/www.article-marketing.eu\/comunicatistampa\/#\/schema\/person\/a7b7c26bf61299c0efbdb35c3d0e4f08"},"breadcrumb":{"@id":"https:\/\/www.article-marketing.eu\/comunicatistampa\/valigie-intelligenti-modo-giusto\/#breadcrumb"},"inLanguage":"it-IT","potentialAction":[{"@type":"ReadAction","target":["https:\/\/www.article-marketing.eu\/comunicatistampa\/valigie-intelligenti-modo-giusto\/"]}]},{"@type":"BreadcrumbList","@id":"https:\/\/www.article-marketing.eu\/comunicatistampa\/valigie-intelligenti-modo-giusto\/#breadcrumb","itemListElement":[{"@type":"ListItem","position":1,"name":"Home","item":"https:\/\/www.article-marketing.eu\/comunicatistampa\/"},{"@type":"ListItem","position":2,"name":"Le valigie intelligenti sono il futuro \u2013 se fatte nel modo giusto!"}]},{"@type":"WebSite","@id":"https:\/\/www.article-marketing.eu\/comunicatistampa\/#website","url":"https:\/\/www.article-marketing.eu\/comunicatistampa\/","name":"Article Marketing","description":"article marketing &amp; press release","potentialAction":[{"@type":"SearchAction","target":{"@type":"EntryPoint","urlTemplate":"https:\/\/www.article-marketing.eu\/comunicatistampa\/?s={search_term_string}"},"query-input":{"@type":"PropertyValueSpecification","valueRequired":true,"valueName":"search_term_string"}}],"inLanguage":"it-IT"},{"@type":"Person","@id":"https:\/\/www.article-marketing.eu\/comunicatistampa\/#\/schema\/person\/a7b7c26bf61299c0efbdb35c3d0e4f08","name":"Eleonora Baglini","image":{"@type":"ImageObject","inLanguage":"it-IT","@id":"https:\/\/secure.gravatar.com\/avatar\/9255dc6631275f44f2b1b28ccf9c6e827ab88e2aaccc0fa2e14155364bbbf6f5?s=96&d=mm&r=g","url":"https:\/\/secure.gravatar.com\/avatar\/9255dc6631275f44f2b1b28ccf9c6e827ab88e2aaccc0fa2e14155364bbbf6f5?s=96&d=mm&r=g","contentUrl":"https:\/\/secure.gravatar.com\/avatar\/9255dc6631275f44f2b1b28ccf9c6e827ab88e2aaccc0fa2e14155364bbbf6f5?s=96&d=mm&r=g","caption":"Eleonora Baglini"},"url":"https:\/\/www.article-marketing.eu\/comunicatistampa\/author\/eleonora-baglini\/"}]}},"_links":{"self":[{"href":"https:\/\/www.article-marketing.eu\/comunicatistampa\/wp-json\/wp\/v2\/posts\/7884","targetHints":{"allow":["GET"]}}],"collection":[{"href":"https:\/\/www.article-marketing.eu\/comunicatistampa\/wp-json\/wp\/v2\/posts"}],"about":[{"href":"https:\/\/www.article-marketing.eu\/comunicatistampa\/wp-json\/wp\/v2\/types\/post"}],"author":[{"embeddable":true,"href":"https:\/\/www.article-marketing.eu\/comunicatistampa\/wp-json\/wp\/v2\/users\/703"}],"replies":[{"embeddable":true,"href":"https:\/\/www.article-marketing.eu\/comunicatistampa\/wp-json\/wp\/v2\/comments?post=7884"}],"version-history":[{"count":1,"href":"https:\/\/www.article-marketing.eu\/comunicatistampa\/wp-json\/wp\/v2\/posts\/7884\/revisions"}],"predecessor-version":[{"id":7909,"href":"https:\/\/www.article-marketing.eu\/comunicatistampa\/wp-json\/wp\/v2\/posts\/7884\/revisions\/7909"}],"wp:attachment":[{"href":"https:\/\/www.article-marketing.eu\/comunicatistampa\/wp-json\/wp\/v2\/media?parent=7884"}],"wp:term":[{"taxonomy":"category","embeddable":true,"href":"https:\/\/www.article-marketing.eu\/comunicatistampa\/wp-json\/wp\/v2\/categories?post=7884"},{"taxonomy":"post_tag","embeddable":true,"href":"https:\/\/www.article-marketing.eu\/comunicatistampa\/wp-json\/wp\/v2\/tags?post=7884"}],"curies":[{"name":"wp","href":"https:\/\/api.w.org\/{rel}","templated":true}]}}