{"id":7897,"date":"2017-12-19T18:53:48","date_gmt":"2017-12-19T17:53:48","guid":{"rendered":"http:\/\/www.article-marketing.eu\/comunicatistampa\/?p=7897"},"modified":"2017-12-19T18:53:48","modified_gmt":"2017-12-19T17:53:48","slug":"design-inda-swissbau-2018-%e2%80%a8una-sala-bagno-allinsegna-del-total-look","status":"publish","type":"post","link":"https:\/\/www.article-marketing.eu\/comunicatistampa\/design-inda-swissbau-2018-%e2%80%a8una-sala-bagno-allinsegna-del-total-look\/","title":{"rendered":"Il design di Inda a Swissbau 2018: \u2028una sala da bagno all\u2019insegna del total look"},"content":{"rendered":"<p><em>Basilea, Dicembre 2017 <\/em>&#8211; Si terr\u00e0 <strong>dal 16 al 20 gennaio a Messe Basel<\/strong>, l\u2019<strong>edizione 2018 di Swissbau<\/strong>, uno dei pi\u00f9 importanti eventi fieristici d\u2019Europa che costituisce ogni due anni un punto d&#8217;incontro centrale per l&#8217;industria delle costruzioni svizzere. Proprio in quest\u2019occasione, <strong>Inda sar\u00e0 protagonista con i nuovi prodotti dedicati ad un ambiente bagno di tendenza<\/strong>, sempre pi\u00f9 completo nelle proposte e negli stili.<\/p>\n<p>Uno spazio versatile, dedicato al benessere, tecnologico e completamente personalizzabile: questa \u00e8 la <strong>sala da bagno del futuro<\/strong>, che Inda veste con raffinatezza estetica e una continua ricerca di materiali innovativi. Portavoce di un <em>living style <\/em>fortemente espressivo, i <strong>mobili Inda <\/strong>catturano lo sguardo grazie al concept coordinato con gli altri elementi dell\u2019ambiente bagno, sinonimo di una contemporaneit\u00e0 interpretata ad arte. <strong>Novit\u00e0 2018 \u00e8 Sistema 45, che comprende Logico e Acuto<\/strong>, nati dall\u2019evoluzione di Progetto e Perfetto, soluzioni d\u2019arredo dinamiche ispirate al mondo cucina e che quest\u2019anno presentano un taglio a 45\u00b0 dell\u2019anta. La vocazione di <strong>Inda <\/strong>per l\u2019innovazione costante si mostra anche in <strong>Leonardo <\/strong>&#8211; anteprima assoluta a Swissbau &#8211; gamma di piani con lavabo integrato dello spessore di 12 cm, che presentano la tecnologia HPL e si decorano di 10 finiture dall\u2019effetto materico. <strong>Oltre ad una rivisitazione della palette cromatica <\/strong>di 36 colori, <strong>sono disponibili 20 laminati <\/strong>per l\u2019intera collezione mobili che si veste ancora di pi\u00f9 di fascino unico e coinvolgente. Eleganza formale, design esclusivo e materiali di alta qualit\u00e0: anche <strong>Qamar di Inda <\/strong>sar\u00e0 presente in tutta la propria bellezza armoniosa, in due differenti versioni, con lavabo integrato e con lavabo in appoggio. Ampia \u00e8 la possibilit\u00e0 di personalizzazione: infatti, la cornice in vetro retro-verniciato o in specchio argento, bronzo o fum\u00e9, pu\u00f2 essere abbinata a finiture effetto tessuto, laminato o laccato. <strong>Il total look non si ferma solo ai mobili, Inda lancia nel 2018 Quattro+<\/strong>: specchio contenitore ad incasso, perfetto per la beauty routine quotidiana.<\/p>\n<p><strong>Inda esprime tutta la propria bellezza creativa anche negli accessori<\/strong>, concepiti come insieme di complementi d\u2019arredo, con <strong>New Logic<\/strong>, rivisitazione ed ampliamento della serie di successo Logic, dalle linee attuali e con placca ridotta, disponibile in cromato e nero opaco. <strong>Nuove finiture anche per Lea e One <\/strong>che si vestono di bianco opaco, nero opaco, oro, oro rosato lucido, oro rosato opaco, black chrome lucido, black chrome opaco e nickel spazzolato. Altra esclusiva novit\u00e0 \u00e8 <strong>Forum Quadra<\/strong>, caratterizzata da essenzialit\u00e0 formale e da un\u2019originale placca quadrata. Ampio ventaglio di finiture anche per <strong>My Love<\/strong>, eclettica collezione di portascopini che si colora di tinte classiche fino ad arrivare a pattern geometrici, militari, metallici ed opachi.<\/p>\n<p>Inda non si ferma qui e per completare la propria sala da bagno propone tre differenti <strong>pareti doccia<\/strong>. Pensata esclusivamente per il mercato tedesco, svizzero e belga, <strong>Klar <\/strong>con i suoi profili in alluminio, i pannelli di vetro 8 mm, \u00e8 un punto di riferimento per chi desidera il connubio perfetto tra funzionalit\u00e0 ed estetica. Di grande impatto \u00e8 la finitura a specchio delle pareti fisse che la rendono un inconfondibile elemento d\u2019arredo. Per soddisfare le richieste di una clientela esigente ed accentuare l\u2019originalit\u00e0 delle soluzioni, Inda propone <strong>Azure<\/strong>, cabina doccia con elementi &#8211; come cerniere e maniglie &#8211; <strong>in perfetto abbinamento con il mobile Qamar<\/strong>. Dimensioni generose e pulizia delle linee vestono <strong>Air<\/strong>, parete doccia di Inda in cui il linguaggio della leggerezza lascia spazio all\u2019ambiente nel quale si inserisce.<\/p>\n<p><strong>Inda sar\u00e0 in scena presso Hall 2.2 &#8211; Stand A12 <\/strong>con le nuove proposte creative per arredare con gusto tutti gli stili dell\u2019abitare.<\/p>\n<p>&nbsp;<\/p>\n<p>Inda<br \/>\nVia dell\u2019Industria, 41<br \/>\nI-24040 Pagazzano (BG)<br \/>\nT. +39 0363 38061<br \/>\ninfo@inda.net<br \/>\nwww.inda.net<\/p>\n<p>Press office Terzomillennium<br \/>\nBarbara Bruno<br \/>\nbarbara@terzomillennium.net<br \/>\nT. +39 045 6050601<br \/>\nwww.terzomillennium.net<\/p>\n","protected":false},"excerpt":{"rendered":"<p>Basilea, Dicembre 2017 &#8211; Si terr\u00e0 dal 16 al 20 gennaio a Messe Basel, l\u2019edizione 2018 di Swissbau, uno dei pi\u00f9 importanti eventi fieristici d\u2019Europa che costituisce ogni due anni un punto d&#8217;incontro centrale per l&#8217;industria delle costruzioni svizzere. Proprio in quest\u2019occasione, Inda sar\u00e0 protagonista con i nuovi prodotti dedicati ad un ambiente bagno di tendenza, sempre pi\u00f9 completo nelle proposte e negli stili. Uno spazio versatile, dedicato al benessere,<\/p>\n<p><a class=\"continue-reading\" href=\"https:\/\/www.article-marketing.eu\/comunicatistampa\/design-inda-swissbau-2018-%e2%80%a8una-sala-bagno-allinsegna-del-total-look\/\">Continue reading&#8230;<\/a><\/p>\n","protected":false},"author":344,"featured_media":0,"comment_status":"open","ping_status":"open","sticky":false,"template":"","format":"standard","meta":{"_monsterinsights_skip_tracking":false,"_monsterinsights_sitenote_active":false,"_monsterinsights_sitenote_note":"","_monsterinsights_sitenote_category":0,"footnotes":""},"categories":[392],"tags":[2896,3386,1120,3384,3385],"class_list":["post-7897","post","type-post","status-publish","format-standard","hentry","category-eventi","tag-bagno","tag-basilea","tag-fiera","tag-inda","tag-swissbau"],"yoast_head":"<!-- This site is optimized with the Yoast SEO plugin v27.3 - https:\/\/yoast.com\/product\/yoast-seo-wordpress\/ -->\n<title>Il design di Inda a Swissbau 2018: \u2028una sala da bagno all\u2019insegna del total look - Article Marketing<\/title>\n<meta name=\"robots\" content=\"index, follow, max-snippet:-1, max-image-preview:large, max-video-preview:-1\" \/>\n<link rel=\"canonical\" href=\"https:\/\/www.article-marketing.eu\/comunicatistampa\/design-inda-swissbau-2018-\u2028una-sala-bagno-allinsegna-del-total-look\/\" \/>\n<meta property=\"og:locale\" content=\"it_IT\" \/>\n<meta property=\"og:type\" content=\"article\" \/>\n<meta property=\"og:title\" content=\"Il design di Inda a Swissbau 2018: \u2028una sala da bagno all\u2019insegna del total look - Article Marketing\" \/>\n<meta property=\"og:description\" content=\"Basilea, Dicembre 2017 &#8211; Si terr\u00e0 dal 16 al 20 gennaio a Messe Basel, l\u2019edizione 2018 di Swissbau, uno dei pi\u00f9 importanti eventi fieristici d\u2019Europa che costituisce ogni due anni un punto d&#8217;incontro centrale per l&#8217;industria delle costruzioni svizzere. Proprio in quest\u2019occasione, Inda sar\u00e0 protagonista con i nuovi prodotti dedicati ad un ambiente bagno di tendenza, sempre pi\u00f9 completo nelle proposte e negli stili. Uno spazio versatile, dedicato al benessere,Continue reading...\" \/>\n<meta property=\"og:url\" content=\"https:\/\/www.article-marketing.eu\/comunicatistampa\/design-inda-swissbau-2018-\u2028una-sala-bagno-allinsegna-del-total-look\/\" \/>\n<meta property=\"og:site_name\" content=\"Article Marketing\" \/>\n<meta property=\"article:published_time\" content=\"2017-12-19T17:53:48+00:00\" \/>\n<meta name=\"author\" content=\"terzomillennium\" \/>\n<meta name=\"twitter:card\" content=\"summary_large_image\" \/>\n<meta name=\"twitter:label1\" content=\"Scritto da\" \/>\n\t<meta name=\"twitter:data1\" content=\"terzomillennium\" \/>\n\t<meta name=\"twitter:label2\" content=\"Tempo di lettura stimato\" \/>\n\t<meta name=\"twitter:data2\" content=\"3 minuti\" \/>\n<script type=\"application\/ld+json\" class=\"yoast-schema-graph\">{\"@context\":\"https:\\\/\\\/schema.org\",\"@graph\":[{\"@type\":\"Article\",\"@id\":\"https:\\\/\\\/www.article-marketing.eu\\\/comunicatistampa\\\/design-inda-swissbau-2018-%e2%80%a8una-sala-bagno-allinsegna-del-total-look\\\/#article\",\"isPartOf\":{\"@id\":\"https:\\\/\\\/www.article-marketing.eu\\\/comunicatistampa\\\/design-inda-swissbau-2018-%e2%80%a8una-sala-bagno-allinsegna-del-total-look\\\/\"},\"author\":{\"name\":\"terzomillennium\",\"@id\":\"https:\\\/\\\/www.article-marketing.eu\\\/comunicatistampa\\\/#\\\/schema\\\/person\\\/dbe4c5d399df926e2213f28673797307\"},\"headline\":\"Il design di Inda a Swissbau 2018: \\u2028una sala da bagno all\u2019insegna del total look\",\"datePublished\":\"2017-12-19T17:53:48+00:00\",\"mainEntityOfPage\":{\"@id\":\"https:\\\/\\\/www.article-marketing.eu\\\/comunicatistampa\\\/design-inda-swissbau-2018-%e2%80%a8una-sala-bagno-allinsegna-del-total-look\\\/\"},\"wordCount\":621,\"commentCount\":0,\"keywords\":[\"bagno\",\"Basilea\",\"fiera\",\"Inda\",\"Swissbau\"],\"articleSection\":[\"Eventi\"],\"inLanguage\":\"it-IT\",\"potentialAction\":[{\"@type\":\"CommentAction\",\"name\":\"Comment\",\"target\":[\"https:\\\/\\\/www.article-marketing.eu\\\/comunicatistampa\\\/design-inda-swissbau-2018-%e2%80%a8una-sala-bagno-allinsegna-del-total-look\\\/#respond\"]}]},{\"@type\":\"WebPage\",\"@id\":\"https:\\\/\\\/www.article-marketing.eu\\\/comunicatistampa\\\/design-inda-swissbau-2018-%e2%80%a8una-sala-bagno-allinsegna-del-total-look\\\/\",\"url\":\"https:\\\/\\\/www.article-marketing.eu\\\/comunicatistampa\\\/design-inda-swissbau-2018-%e2%80%a8una-sala-bagno-allinsegna-del-total-look\\\/\",\"name\":\"Il design di Inda a Swissbau 2018: \\u2028una sala da bagno all\u2019insegna del total look - Article Marketing\",\"isPartOf\":{\"@id\":\"https:\\\/\\\/www.article-marketing.eu\\\/comunicatistampa\\\/#website\"},\"datePublished\":\"2017-12-19T17:53:48+00:00\",\"author\":{\"@id\":\"https:\\\/\\\/www.article-marketing.eu\\\/comunicatistampa\\\/#\\\/schema\\\/person\\\/dbe4c5d399df926e2213f28673797307\"},\"breadcrumb\":{\"@id\":\"https:\\\/\\\/www.article-marketing.eu\\\/comunicatistampa\\\/design-inda-swissbau-2018-%e2%80%a8una-sala-bagno-allinsegna-del-total-look\\\/#breadcrumb\"},\"inLanguage\":\"it-IT\",\"potentialAction\":[{\"@type\":\"ReadAction\",\"target\":[\"https:\\\/\\\/www.article-marketing.eu\\\/comunicatistampa\\\/design-inda-swissbau-2018-%e2%80%a8una-sala-bagno-allinsegna-del-total-look\\\/\"]}]},{\"@type\":\"BreadcrumbList\",\"@id\":\"https:\\\/\\\/www.article-marketing.eu\\\/comunicatistampa\\\/design-inda-swissbau-2018-%e2%80%a8una-sala-bagno-allinsegna-del-total-look\\\/#breadcrumb\",\"itemListElement\":[{\"@type\":\"ListItem\",\"position\":1,\"name\":\"Home\",\"item\":\"https:\\\/\\\/www.article-marketing.eu\\\/comunicatistampa\\\/\"},{\"@type\":\"ListItem\",\"position\":2,\"name\":\"Il design di Inda a Swissbau 2018: \\u2028una sala da bagno all\u2019insegna del total look\"}]},{\"@type\":\"WebSite\",\"@id\":\"https:\\\/\\\/www.article-marketing.eu\\\/comunicatistampa\\\/#website\",\"url\":\"https:\\\/\\\/www.article-marketing.eu\\\/comunicatistampa\\\/\",\"name\":\"Article Marketing\",\"description\":\"article marketing &amp; press release\",\"potentialAction\":[{\"@type\":\"SearchAction\",\"target\":{\"@type\":\"EntryPoint\",\"urlTemplate\":\"https:\\\/\\\/www.article-marketing.eu\\\/comunicatistampa\\\/?s={search_term_string}\"},\"query-input\":{\"@type\":\"PropertyValueSpecification\",\"valueRequired\":true,\"valueName\":\"search_term_string\"}}],\"inLanguage\":\"it-IT\"},{\"@type\":\"Person\",\"@id\":\"https:\\\/\\\/www.article-marketing.eu\\\/comunicatistampa\\\/#\\\/schema\\\/person\\\/dbe4c5d399df926e2213f28673797307\",\"name\":\"terzomillennium\",\"image\":{\"@type\":\"ImageObject\",\"inLanguage\":\"it-IT\",\"@id\":\"https:\\\/\\\/secure.gravatar.com\\\/avatar\\\/05fbb0856efe8321f9a676f0e98cc114b824c8fb0f82a087cc91ec92770cbec7?s=96&d=mm&r=g\",\"url\":\"https:\\\/\\\/secure.gravatar.com\\\/avatar\\\/05fbb0856efe8321f9a676f0e98cc114b824c8fb0f82a087cc91ec92770cbec7?s=96&d=mm&r=g\",\"contentUrl\":\"https:\\\/\\\/secure.gravatar.com\\\/avatar\\\/05fbb0856efe8321f9a676f0e98cc114b824c8fb0f82a087cc91ec92770cbec7?s=96&d=mm&r=g\",\"caption\":\"terzomillennium\"},\"url\":\"https:\\\/\\\/www.article-marketing.eu\\\/comunicatistampa\\\/author\\\/terzomillennium\\\/\"}]}<\/script>\n<!-- \/ Yoast SEO plugin. -->","yoast_head_json":{"title":"Il design di Inda a Swissbau 2018: \u2028una sala da bagno all\u2019insegna del total look - Article Marketing","robots":{"index":"index","follow":"follow","max-snippet":"max-snippet:-1","max-image-preview":"max-image-preview:large","max-video-preview":"max-video-preview:-1"},"canonical":"https:\/\/www.article-marketing.eu\/comunicatistampa\/design-inda-swissbau-2018-\u2028una-sala-bagno-allinsegna-del-total-look\/","og_locale":"it_IT","og_type":"article","og_title":"Il design di Inda a Swissbau 2018: \u2028una sala da bagno all\u2019insegna del total look - Article Marketing","og_description":"Basilea, Dicembre 2017 &#8211; Si terr\u00e0 dal 16 al 20 gennaio a Messe Basel, l\u2019edizione 2018 di Swissbau, uno dei pi\u00f9 importanti eventi fieristici d\u2019Europa che costituisce ogni due anni un punto d&#8217;incontro centrale per l&#8217;industria delle costruzioni svizzere. Proprio in quest\u2019occasione, Inda sar\u00e0 protagonista con i nuovi prodotti dedicati ad un ambiente bagno di tendenza, sempre pi\u00f9 completo nelle proposte e negli stili. Uno spazio versatile, dedicato al benessere,Continue reading...","og_url":"https:\/\/www.article-marketing.eu\/comunicatistampa\/design-inda-swissbau-2018-\u2028una-sala-bagno-allinsegna-del-total-look\/","og_site_name":"Article Marketing","article_published_time":"2017-12-19T17:53:48+00:00","author":"terzomillennium","twitter_card":"summary_large_image","twitter_misc":{"Scritto da":"terzomillennium","Tempo di lettura stimato":"3 minuti"},"schema":{"@context":"https:\/\/schema.org","@graph":[{"@type":"Article","@id":"https:\/\/www.article-marketing.eu\/comunicatistampa\/design-inda-swissbau-2018-%e2%80%a8una-sala-bagno-allinsegna-del-total-look\/#article","isPartOf":{"@id":"https:\/\/www.article-marketing.eu\/comunicatistampa\/design-inda-swissbau-2018-%e2%80%a8una-sala-bagno-allinsegna-del-total-look\/"},"author":{"name":"terzomillennium","@id":"https:\/\/www.article-marketing.eu\/comunicatistampa\/#\/schema\/person\/dbe4c5d399df926e2213f28673797307"},"headline":"Il design di Inda a Swissbau 2018: \u2028una sala da bagno all\u2019insegna del total look","datePublished":"2017-12-19T17:53:48+00:00","mainEntityOfPage":{"@id":"https:\/\/www.article-marketing.eu\/comunicatistampa\/design-inda-swissbau-2018-%e2%80%a8una-sala-bagno-allinsegna-del-total-look\/"},"wordCount":621,"commentCount":0,"keywords":["bagno","Basilea","fiera","Inda","Swissbau"],"articleSection":["Eventi"],"inLanguage":"it-IT","potentialAction":[{"@type":"CommentAction","name":"Comment","target":["https:\/\/www.article-marketing.eu\/comunicatistampa\/design-inda-swissbau-2018-%e2%80%a8una-sala-bagno-allinsegna-del-total-look\/#respond"]}]},{"@type":"WebPage","@id":"https:\/\/www.article-marketing.eu\/comunicatistampa\/design-inda-swissbau-2018-%e2%80%a8una-sala-bagno-allinsegna-del-total-look\/","url":"https:\/\/www.article-marketing.eu\/comunicatistampa\/design-inda-swissbau-2018-%e2%80%a8una-sala-bagno-allinsegna-del-total-look\/","name":"Il design di Inda a Swissbau 2018: \u2028una sala da bagno all\u2019insegna del total look - Article Marketing","isPartOf":{"@id":"https:\/\/www.article-marketing.eu\/comunicatistampa\/#website"},"datePublished":"2017-12-19T17:53:48+00:00","author":{"@id":"https:\/\/www.article-marketing.eu\/comunicatistampa\/#\/schema\/person\/dbe4c5d399df926e2213f28673797307"},"breadcrumb":{"@id":"https:\/\/www.article-marketing.eu\/comunicatistampa\/design-inda-swissbau-2018-%e2%80%a8una-sala-bagno-allinsegna-del-total-look\/#breadcrumb"},"inLanguage":"it-IT","potentialAction":[{"@type":"ReadAction","target":["https:\/\/www.article-marketing.eu\/comunicatistampa\/design-inda-swissbau-2018-%e2%80%a8una-sala-bagno-allinsegna-del-total-look\/"]}]},{"@type":"BreadcrumbList","@id":"https:\/\/www.article-marketing.eu\/comunicatistampa\/design-inda-swissbau-2018-%e2%80%a8una-sala-bagno-allinsegna-del-total-look\/#breadcrumb","itemListElement":[{"@type":"ListItem","position":1,"name":"Home","item":"https:\/\/www.article-marketing.eu\/comunicatistampa\/"},{"@type":"ListItem","position":2,"name":"Il design di Inda a Swissbau 2018: \u2028una sala da bagno all\u2019insegna del total look"}]},{"@type":"WebSite","@id":"https:\/\/www.article-marketing.eu\/comunicatistampa\/#website","url":"https:\/\/www.article-marketing.eu\/comunicatistampa\/","name":"Article Marketing","description":"article marketing &amp; press release","potentialAction":[{"@type":"SearchAction","target":{"@type":"EntryPoint","urlTemplate":"https:\/\/www.article-marketing.eu\/comunicatistampa\/?s={search_term_string}"},"query-input":{"@type":"PropertyValueSpecification","valueRequired":true,"valueName":"search_term_string"}}],"inLanguage":"it-IT"},{"@type":"Person","@id":"https:\/\/www.article-marketing.eu\/comunicatistampa\/#\/schema\/person\/dbe4c5d399df926e2213f28673797307","name":"terzomillennium","image":{"@type":"ImageObject","inLanguage":"it-IT","@id":"https:\/\/secure.gravatar.com\/avatar\/05fbb0856efe8321f9a676f0e98cc114b824c8fb0f82a087cc91ec92770cbec7?s=96&d=mm&r=g","url":"https:\/\/secure.gravatar.com\/avatar\/05fbb0856efe8321f9a676f0e98cc114b824c8fb0f82a087cc91ec92770cbec7?s=96&d=mm&r=g","contentUrl":"https:\/\/secure.gravatar.com\/avatar\/05fbb0856efe8321f9a676f0e98cc114b824c8fb0f82a087cc91ec92770cbec7?s=96&d=mm&r=g","caption":"terzomillennium"},"url":"https:\/\/www.article-marketing.eu\/comunicatistampa\/author\/terzomillennium\/"}]}},"_links":{"self":[{"href":"https:\/\/www.article-marketing.eu\/comunicatistampa\/wp-json\/wp\/v2\/posts\/7897","targetHints":{"allow":["GET"]}}],"collection":[{"href":"https:\/\/www.article-marketing.eu\/comunicatistampa\/wp-json\/wp\/v2\/posts"}],"about":[{"href":"https:\/\/www.article-marketing.eu\/comunicatistampa\/wp-json\/wp\/v2\/types\/post"}],"author":[{"embeddable":true,"href":"https:\/\/www.article-marketing.eu\/comunicatistampa\/wp-json\/wp\/v2\/users\/344"}],"replies":[{"embeddable":true,"href":"https:\/\/www.article-marketing.eu\/comunicatistampa\/wp-json\/wp\/v2\/comments?post=7897"}],"version-history":[{"count":2,"href":"https:\/\/www.article-marketing.eu\/comunicatistampa\/wp-json\/wp\/v2\/posts\/7897\/revisions"}],"predecessor-version":[{"id":7902,"href":"https:\/\/www.article-marketing.eu\/comunicatistampa\/wp-json\/wp\/v2\/posts\/7897\/revisions\/7902"}],"wp:attachment":[{"href":"https:\/\/www.article-marketing.eu\/comunicatistampa\/wp-json\/wp\/v2\/media?parent=7897"}],"wp:term":[{"taxonomy":"category","embeddable":true,"href":"https:\/\/www.article-marketing.eu\/comunicatistampa\/wp-json\/wp\/v2\/categories?post=7897"},{"taxonomy":"post_tag","embeddable":true,"href":"https:\/\/www.article-marketing.eu\/comunicatistampa\/wp-json\/wp\/v2\/tags?post=7897"}],"curies":[{"name":"wp","href":"https:\/\/api.w.org\/{rel}","templated":true}]}}