{"id":7983,"date":"2017-12-26T14:49:44","date_gmt":"2017-12-26T13:49:44","guid":{"rendered":"http:\/\/www.article-marketing.eu\/comunicatistampa\/?p=7983"},"modified":"2017-12-26T14:49:44","modified_gmt":"2017-12-26T13:49:44","slug":"arredare-un-negozio-parrucchiere-centro-estetico","status":"publish","type":"post","link":"https:\/\/www.article-marketing.eu\/comunicatistampa\/arredare-un-negozio-parrucchiere-centro-estetico\/","title":{"rendered":"Come arredare un negozio da parrucchiere o centro estetico"},"content":{"rendered":"<p>Credi che la tua attivit\u00e0 da parrucchiere o centro estetico abbia bisogno di un restyling o un cambiamento e non sai come fare. Hai delle ottime idee riguardo gli arredi e lo stile da adottare ma non conosci alcun azienda che venda gli articoli che hai in mente? Niente paura! Posso spiegarti io, passaggio dopo passaggio, come fare per <strong>arredare il tuo negozio di parrucchiere<\/strong>. Posso assicurarti che grazie alle mie indicazioni avrai un nuovo negozio, bello e molto accogliente.<\/p>\n<p>Oggigiorno esistono tanti negozi di arredamento e di design da cui andare che permettono di <strong>rivestire il tuo negozio<\/strong> di qualsiasi genere anche a chi &#8211; un po&#8217; come te &#8211; non \u00e8 esperto di architettura o design. Tutto questo a prezzo di costo, in quanto l&#8217;azienda che ti suggerir\u00f2 salta il passaggio con l&#8217;intermediario e ti far\u00e0 spendere il giusto passando direttamente alla fabbrica.<\/p>\n<p>Se sei realmente intenzionato a capire come bisogna procedere e a chi affidarsi per poter arredare il tuo negozio di parrucchiere ti suggerisco di leggere questo articolo.\u00a0Allora, pronto? Si? Benissimo! Mettiamo dunque al bando le ciance e procediamo.<\/p>\n<p>La prima cosa che ti suggerisco se vivi a Roma o dintorni \u00e8 di visitare l&#8217;esposizione di questa azienda a Via XX Settembre, il secondo \u00e8 di visitare il sito internet del gruppo <a href=\"https:\/\/www.arredamentomorini.it\/\">www.arredamentomorini.it <\/a>\u00a0e capire gli oggetti di design e le forniture per arredare il tuo negozio di parrucchieri o centro estetico.<\/p>\n<p><strong>Arredamento Morini<\/strong> \u00e8 un&#8217;azienda, leader da trent&#8217;anni nel settore delle forniture nell&#8217;arredo, che ti suggerisce e ti offre oggetti di design per l&#8217;arredamento di parrucchieri e saloni di bellezza.<\/p>\n<p>Avete l&#8217;opportunit\u00e0 di prendere un&#8217;attivit\u00e0 gi\u00e0 avviata ma ferma nello stile a venti anni fa, come arredamento, oppure sei il proprietario e hai voglia di riveder rinascere il tuo negozio? L&#8217;azienda Morini sfrutta la sua esperienza in ottica di forniture di arredo per dare il meglio dei prodotti in circolazione venduti a prezzi di fabbrica, senza passaggi con intermediari che aggravano i prezzi.<\/p>\n<p>Il catalogo online presente nel sito sono esposti i prodotti in vendita, dove ogni fotografia \u00e8 accompagnata da una scheda tecnica, cos\u00ec da poter vedere le dimensioni effettive e le possibilit\u00e0 di rivestimento con l\u2019annesso prezzo.<\/p>\n<p>I prodotti rappresentano una proposta eccellente unendo il comfort e l&#8217;eleganza allo stile unico e ricercato. Tra poltrone professionali delle migliori marche, lavatesta dinamici e unici, divani per far accomodare i vostri clienti in attesa, c&#8217;\u00e8 veramente l&#8217;imbarazzo della scelta.<\/p>\n<p>C&#8217;\u00e8 davvero di tutto per rendere il tuo salone confortevole e ricco di oggetti di design capaci di accogliere i tuoi clienti e fargli vivere un&#8217;esperienza unica e di design. Lettini per massaggi, i poggiapiedi, gli sgabelli professionali, le postazioni di lavoro e tanto altro ti aspetta per arredare il tuo negozio di parrucchieri.<\/p>\n<p>&nbsp;<\/p>\n","protected":false},"excerpt":{"rendered":"<p>Credi che la tua attivit\u00e0 da parrucchiere o centro estetico abbia bisogno di un restyling o un cambiamento e non sai come fare. Hai delle ottime idee riguardo gli arredi e lo stile da adottare ma non conosci alcun azienda che venda gli articoli che hai in mente? Niente paura! Posso spiegarti io, passaggio dopo passaggio, come fare per arredare il tuo negozio di parrucchiere. Posso assicurarti che grazie alle<\/p>\n<p><a class=\"continue-reading\" href=\"https:\/\/www.article-marketing.eu\/comunicatistampa\/arredare-un-negozio-parrucchiere-centro-estetico\/\">Continue reading&#8230;<\/a><\/p>\n","protected":false},"author":17,"featured_media":0,"comment_status":"open","ping_status":"open","sticky":false,"template":"","format":"standard","meta":{"_monsterinsights_skip_tracking":false,"_monsterinsights_sitenote_active":false,"_monsterinsights_sitenote_note":"","_monsterinsights_sitenote_category":0,"footnotes":""},"categories":[387,388],"tags":[],"class_list":["post-7983","post","type-post","status-publish","format-standard","hentry","category-attivita-commerciali","category-aziende"],"yoast_head":"<!-- This site is optimized with the Yoast SEO plugin v27.3 - https:\/\/yoast.com\/product\/yoast-seo-wordpress\/ -->\n<title>Come arredare un negozio da parrucchiere o centro estetico - Article Marketing<\/title>\n<meta name=\"robots\" content=\"index, follow, max-snippet:-1, max-image-preview:large, max-video-preview:-1\" \/>\n<link rel=\"canonical\" href=\"https:\/\/www.article-marketing.eu\/comunicatistampa\/arredare-un-negozio-parrucchiere-centro-estetico\/\" \/>\n<meta property=\"og:locale\" content=\"it_IT\" \/>\n<meta property=\"og:type\" content=\"article\" \/>\n<meta property=\"og:title\" content=\"Come arredare un negozio da parrucchiere o centro estetico - Article Marketing\" \/>\n<meta property=\"og:description\" content=\"Credi che la tua attivit\u00e0 da parrucchiere o centro estetico abbia bisogno di un restyling o un cambiamento e non sai come fare. Hai delle ottime idee riguardo gli arredi e lo stile da adottare ma non conosci alcun azienda che venda gli articoli che hai in mente? Niente paura! Posso spiegarti io, passaggio dopo passaggio, come fare per arredare il tuo negozio di parrucchiere. Posso assicurarti che grazie alleContinue reading...\" \/>\n<meta property=\"og:url\" content=\"https:\/\/www.article-marketing.eu\/comunicatistampa\/arredare-un-negozio-parrucchiere-centro-estetico\/\" \/>\n<meta property=\"og:site_name\" content=\"Article Marketing\" \/>\n<meta property=\"article:published_time\" content=\"2017-12-26T13:49:44+00:00\" \/>\n<meta name=\"author\" content=\"xonex\" \/>\n<meta name=\"twitter:card\" content=\"summary_large_image\" \/>\n<meta name=\"twitter:label1\" content=\"Scritto da\" \/>\n\t<meta name=\"twitter:data1\" content=\"xonex\" \/>\n\t<meta name=\"twitter:label2\" content=\"Tempo di lettura stimato\" \/>\n\t<meta name=\"twitter:data2\" content=\"2 minuti\" \/>\n<script type=\"application\/ld+json\" class=\"yoast-schema-graph\">{\"@context\":\"https:\\\/\\\/schema.org\",\"@graph\":[{\"@type\":\"Article\",\"@id\":\"https:\\\/\\\/www.article-marketing.eu\\\/comunicatistampa\\\/arredare-un-negozio-parrucchiere-centro-estetico\\\/#article\",\"isPartOf\":{\"@id\":\"https:\\\/\\\/www.article-marketing.eu\\\/comunicatistampa\\\/arredare-un-negozio-parrucchiere-centro-estetico\\\/\"},\"author\":{\"name\":\"xonex\",\"@id\":\"https:\\\/\\\/www.article-marketing.eu\\\/comunicatistampa\\\/#\\\/schema\\\/person\\\/777be235e74de2fc633a126d858498ce\"},\"headline\":\"Come arredare un negozio da parrucchiere o centro estetico\",\"datePublished\":\"2017-12-26T13:49:44+00:00\",\"mainEntityOfPage\":{\"@id\":\"https:\\\/\\\/www.article-marketing.eu\\\/comunicatistampa\\\/arredare-un-negozio-parrucchiere-centro-estetico\\\/\"},\"wordCount\":467,\"commentCount\":0,\"articleSection\":[\"Attivit\u00e0 commerciali\",\"Aziende\"],\"inLanguage\":\"it-IT\",\"potentialAction\":[{\"@type\":\"CommentAction\",\"name\":\"Comment\",\"target\":[\"https:\\\/\\\/www.article-marketing.eu\\\/comunicatistampa\\\/arredare-un-negozio-parrucchiere-centro-estetico\\\/#respond\"]}]},{\"@type\":\"WebPage\",\"@id\":\"https:\\\/\\\/www.article-marketing.eu\\\/comunicatistampa\\\/arredare-un-negozio-parrucchiere-centro-estetico\\\/\",\"url\":\"https:\\\/\\\/www.article-marketing.eu\\\/comunicatistampa\\\/arredare-un-negozio-parrucchiere-centro-estetico\\\/\",\"name\":\"Come arredare un negozio da parrucchiere o centro estetico - Article Marketing\",\"isPartOf\":{\"@id\":\"https:\\\/\\\/www.article-marketing.eu\\\/comunicatistampa\\\/#website\"},\"datePublished\":\"2017-12-26T13:49:44+00:00\",\"author\":{\"@id\":\"https:\\\/\\\/www.article-marketing.eu\\\/comunicatistampa\\\/#\\\/schema\\\/person\\\/777be235e74de2fc633a126d858498ce\"},\"breadcrumb\":{\"@id\":\"https:\\\/\\\/www.article-marketing.eu\\\/comunicatistampa\\\/arredare-un-negozio-parrucchiere-centro-estetico\\\/#breadcrumb\"},\"inLanguage\":\"it-IT\",\"potentialAction\":[{\"@type\":\"ReadAction\",\"target\":[\"https:\\\/\\\/www.article-marketing.eu\\\/comunicatistampa\\\/arredare-un-negozio-parrucchiere-centro-estetico\\\/\"]}]},{\"@type\":\"BreadcrumbList\",\"@id\":\"https:\\\/\\\/www.article-marketing.eu\\\/comunicatistampa\\\/arredare-un-negozio-parrucchiere-centro-estetico\\\/#breadcrumb\",\"itemListElement\":[{\"@type\":\"ListItem\",\"position\":1,\"name\":\"Home\",\"item\":\"https:\\\/\\\/www.article-marketing.eu\\\/comunicatistampa\\\/\"},{\"@type\":\"ListItem\",\"position\":2,\"name\":\"Come arredare un negozio da parrucchiere o centro estetico\"}]},{\"@type\":\"WebSite\",\"@id\":\"https:\\\/\\\/www.article-marketing.eu\\\/comunicatistampa\\\/#website\",\"url\":\"https:\\\/\\\/www.article-marketing.eu\\\/comunicatistampa\\\/\",\"name\":\"Article Marketing\",\"description\":\"article marketing &amp; press release\",\"potentialAction\":[{\"@type\":\"SearchAction\",\"target\":{\"@type\":\"EntryPoint\",\"urlTemplate\":\"https:\\\/\\\/www.article-marketing.eu\\\/comunicatistampa\\\/?s={search_term_string}\"},\"query-input\":{\"@type\":\"PropertyValueSpecification\",\"valueRequired\":true,\"valueName\":\"search_term_string\"}}],\"inLanguage\":\"it-IT\"},{\"@type\":\"Person\",\"@id\":\"https:\\\/\\\/www.article-marketing.eu\\\/comunicatistampa\\\/#\\\/schema\\\/person\\\/777be235e74de2fc633a126d858498ce\",\"name\":\"xonex\",\"image\":{\"@type\":\"ImageObject\",\"inLanguage\":\"it-IT\",\"@id\":\"https:\\\/\\\/secure.gravatar.com\\\/avatar\\\/82168acef85e03a9cc583e93f9ffa741a008bc3b16cb87c92df9936c8fc300d9?s=96&d=mm&r=g\",\"url\":\"https:\\\/\\\/secure.gravatar.com\\\/avatar\\\/82168acef85e03a9cc583e93f9ffa741a008bc3b16cb87c92df9936c8fc300d9?s=96&d=mm&r=g\",\"contentUrl\":\"https:\\\/\\\/secure.gravatar.com\\\/avatar\\\/82168acef85e03a9cc583e93f9ffa741a008bc3b16cb87c92df9936c8fc300d9?s=96&d=mm&r=g\",\"caption\":\"xonex\"},\"url\":\"https:\\\/\\\/www.article-marketing.eu\\\/comunicatistampa\\\/author\\\/xonex\\\/\"}]}<\/script>\n<!-- \/ Yoast SEO plugin. -->","yoast_head_json":{"title":"Come arredare un negozio da parrucchiere o centro estetico - Article Marketing","robots":{"index":"index","follow":"follow","max-snippet":"max-snippet:-1","max-image-preview":"max-image-preview:large","max-video-preview":"max-video-preview:-1"},"canonical":"https:\/\/www.article-marketing.eu\/comunicatistampa\/arredare-un-negozio-parrucchiere-centro-estetico\/","og_locale":"it_IT","og_type":"article","og_title":"Come arredare un negozio da parrucchiere o centro estetico - Article Marketing","og_description":"Credi che la tua attivit\u00e0 da parrucchiere o centro estetico abbia bisogno di un restyling o un cambiamento e non sai come fare. Hai delle ottime idee riguardo gli arredi e lo stile da adottare ma non conosci alcun azienda che venda gli articoli che hai in mente? Niente paura! Posso spiegarti io, passaggio dopo passaggio, come fare per arredare il tuo negozio di parrucchiere. Posso assicurarti che grazie alleContinue reading...","og_url":"https:\/\/www.article-marketing.eu\/comunicatistampa\/arredare-un-negozio-parrucchiere-centro-estetico\/","og_site_name":"Article Marketing","article_published_time":"2017-12-26T13:49:44+00:00","author":"xonex","twitter_card":"summary_large_image","twitter_misc":{"Scritto da":"xonex","Tempo di lettura stimato":"2 minuti"},"schema":{"@context":"https:\/\/schema.org","@graph":[{"@type":"Article","@id":"https:\/\/www.article-marketing.eu\/comunicatistampa\/arredare-un-negozio-parrucchiere-centro-estetico\/#article","isPartOf":{"@id":"https:\/\/www.article-marketing.eu\/comunicatistampa\/arredare-un-negozio-parrucchiere-centro-estetico\/"},"author":{"name":"xonex","@id":"https:\/\/www.article-marketing.eu\/comunicatistampa\/#\/schema\/person\/777be235e74de2fc633a126d858498ce"},"headline":"Come arredare un negozio da parrucchiere o centro estetico","datePublished":"2017-12-26T13:49:44+00:00","mainEntityOfPage":{"@id":"https:\/\/www.article-marketing.eu\/comunicatistampa\/arredare-un-negozio-parrucchiere-centro-estetico\/"},"wordCount":467,"commentCount":0,"articleSection":["Attivit\u00e0 commerciali","Aziende"],"inLanguage":"it-IT","potentialAction":[{"@type":"CommentAction","name":"Comment","target":["https:\/\/www.article-marketing.eu\/comunicatistampa\/arredare-un-negozio-parrucchiere-centro-estetico\/#respond"]}]},{"@type":"WebPage","@id":"https:\/\/www.article-marketing.eu\/comunicatistampa\/arredare-un-negozio-parrucchiere-centro-estetico\/","url":"https:\/\/www.article-marketing.eu\/comunicatistampa\/arredare-un-negozio-parrucchiere-centro-estetico\/","name":"Come arredare un negozio da parrucchiere o centro estetico - Article Marketing","isPartOf":{"@id":"https:\/\/www.article-marketing.eu\/comunicatistampa\/#website"},"datePublished":"2017-12-26T13:49:44+00:00","author":{"@id":"https:\/\/www.article-marketing.eu\/comunicatistampa\/#\/schema\/person\/777be235e74de2fc633a126d858498ce"},"breadcrumb":{"@id":"https:\/\/www.article-marketing.eu\/comunicatistampa\/arredare-un-negozio-parrucchiere-centro-estetico\/#breadcrumb"},"inLanguage":"it-IT","potentialAction":[{"@type":"ReadAction","target":["https:\/\/www.article-marketing.eu\/comunicatistampa\/arredare-un-negozio-parrucchiere-centro-estetico\/"]}]},{"@type":"BreadcrumbList","@id":"https:\/\/www.article-marketing.eu\/comunicatistampa\/arredare-un-negozio-parrucchiere-centro-estetico\/#breadcrumb","itemListElement":[{"@type":"ListItem","position":1,"name":"Home","item":"https:\/\/www.article-marketing.eu\/comunicatistampa\/"},{"@type":"ListItem","position":2,"name":"Come arredare un negozio da parrucchiere o centro estetico"}]},{"@type":"WebSite","@id":"https:\/\/www.article-marketing.eu\/comunicatistampa\/#website","url":"https:\/\/www.article-marketing.eu\/comunicatistampa\/","name":"Article Marketing","description":"article marketing &amp; press release","potentialAction":[{"@type":"SearchAction","target":{"@type":"EntryPoint","urlTemplate":"https:\/\/www.article-marketing.eu\/comunicatistampa\/?s={search_term_string}"},"query-input":{"@type":"PropertyValueSpecification","valueRequired":true,"valueName":"search_term_string"}}],"inLanguage":"it-IT"},{"@type":"Person","@id":"https:\/\/www.article-marketing.eu\/comunicatistampa\/#\/schema\/person\/777be235e74de2fc633a126d858498ce","name":"xonex","image":{"@type":"ImageObject","inLanguage":"it-IT","@id":"https:\/\/secure.gravatar.com\/avatar\/82168acef85e03a9cc583e93f9ffa741a008bc3b16cb87c92df9936c8fc300d9?s=96&d=mm&r=g","url":"https:\/\/secure.gravatar.com\/avatar\/82168acef85e03a9cc583e93f9ffa741a008bc3b16cb87c92df9936c8fc300d9?s=96&d=mm&r=g","contentUrl":"https:\/\/secure.gravatar.com\/avatar\/82168acef85e03a9cc583e93f9ffa741a008bc3b16cb87c92df9936c8fc300d9?s=96&d=mm&r=g","caption":"xonex"},"url":"https:\/\/www.article-marketing.eu\/comunicatistampa\/author\/xonex\/"}]}},"_links":{"self":[{"href":"https:\/\/www.article-marketing.eu\/comunicatistampa\/wp-json\/wp\/v2\/posts\/7983","targetHints":{"allow":["GET"]}}],"collection":[{"href":"https:\/\/www.article-marketing.eu\/comunicatistampa\/wp-json\/wp\/v2\/posts"}],"about":[{"href":"https:\/\/www.article-marketing.eu\/comunicatistampa\/wp-json\/wp\/v2\/types\/post"}],"author":[{"embeddable":true,"href":"https:\/\/www.article-marketing.eu\/comunicatistampa\/wp-json\/wp\/v2\/users\/17"}],"replies":[{"embeddable":true,"href":"https:\/\/www.article-marketing.eu\/comunicatistampa\/wp-json\/wp\/v2\/comments?post=7983"}],"version-history":[{"count":2,"href":"https:\/\/www.article-marketing.eu\/comunicatistampa\/wp-json\/wp\/v2\/posts\/7983\/revisions"}],"predecessor-version":[{"id":8023,"href":"https:\/\/www.article-marketing.eu\/comunicatistampa\/wp-json\/wp\/v2\/posts\/7983\/revisions\/8023"}],"wp:attachment":[{"href":"https:\/\/www.article-marketing.eu\/comunicatistampa\/wp-json\/wp\/v2\/media?parent=7983"}],"wp:term":[{"taxonomy":"category","embeddable":true,"href":"https:\/\/www.article-marketing.eu\/comunicatistampa\/wp-json\/wp\/v2\/categories?post=7983"},{"taxonomy":"post_tag","embeddable":true,"href":"https:\/\/www.article-marketing.eu\/comunicatistampa\/wp-json\/wp\/v2\/tags?post=7983"}],"curies":[{"name":"wp","href":"https:\/\/api.w.org\/{rel}","templated":true}]}}