{"id":7996,"date":"2017-12-26T14:52:29","date_gmt":"2017-12-26T13:52:29","guid":{"rendered":"http:\/\/www.article-marketing.eu\/comunicatistampa\/?p=7996"},"modified":"2017-12-26T14:52:29","modified_gmt":"2017-12-26T13:52:29","slug":"allergie-ed-intolleranze-alimentari-del-cane-la-cura-le-crocchette-prolife-sensitive","status":"publish","type":"post","link":"https:\/\/www.article-marketing.eu\/comunicatistampa\/allergie-ed-intolleranze-alimentari-del-cane-la-cura-le-crocchette-prolife-sensitive\/","title":{"rendered":"Allergie ed intolleranze alimentari del cane, la cura con le crocchette Prolife Sensitive"},"content":{"rendered":"<p>Su Pet Shop Store alimentianimalionline.it \u00e8 in vendita la linea di <strong>crocchette Prolife Sensitive<\/strong>, assolutamente adatta a soddisfare i bisogni alimentari pi\u00f9 disparati di ogni tipo di razza canina.<\/p>\n<p>Queste <strong>crocchette sono in vendita in svariati gusti<\/strong> e questo consente di rendere il regime alimentare dei nostri cuccioli il pi\u00f9 equilibrato possibile e, perch\u00e9 no, di viziarli anche un po\u2019.<\/p>\n<p>Non \u00e8 detto infatti che, siccome sia insorta un\u2019intolleranza alimentare ad un componente specifico, piuttosto che un\u2019allergia, il nostro piccolo o grande amico a quattro zampe debba smettere di godersi il momento per lui pi\u00f9 bello e soddisfacente della giornata.<\/p>\n<h2>Quando si manifesta l&#8217;intolleranza alimentare<\/h2>\n<p>Purtroppo le <strong>intolleranze alimentari possono nascere in un momento qualsiasi della vita di un cane<\/strong>, ecco perch\u00e9 \u00e8 importante selezionare l\u2019alimento pi\u00f9 adatto, non solo in base alla razza, che pure ha la sua rilevanza, ma anche in base all\u2019et\u00e0 dell\u2019animale.<\/p>\n<p>La gamma di <strong>crocchette Sensitive Prolife<\/strong> offre la linea <strong>Lamb &amp; Rice<\/strong>, agnello e riso, studiata per i cuccioli pi\u00f9 sensibili a livello gastrico, poich\u00e9 \u00e8 altamente digeribile.<\/p>\n<p>Per questo \u00e8 fortemente consigliato per i pi\u00f9 giovani o di piccola taglia.<\/p>\n<p>La linea <strong>Prolife Sensitive Pork &amp; Rice<\/strong>, invece \u00e8 a base di maiale e riso ed \u00e8 probabilmente l\u2019alimento pi\u00f9 completo della gamma formulato per le esigenze nutrizionali dei cani adulti, di taglia differente anche grande, ma che risentono di difficolt\u00e0 di digestione, oppure di tipo articolare o cutanee.<\/p>\n<h3>Varie tipologie di proteine<\/h3>\n<p>Di positivo c\u2019\u00e8 che, <strong>sperimentando diversi alimenti monoproteici<\/strong> (esistono anche una linea di crocchette a base di pollo ed infine a base di pesce) si riuscir\u00e0 ad individuare quello con la migliore tollerabilit\u00e0 e a poco a poco si potr\u00e0 anche procedere selettivamente con l\u2019aggiunta di nuovi.<\/p>\n<h2>Dove acquistarle<\/h2>\n<p>Maggiori dettagli, che guidano alla scelta dell\u2019alimento pi\u00f9 adatto, sono disponibili sulle singole schede delle linee <strong>Sensitive Prolife su Pet Shop Store alimentianimalionline.it<\/strong> che offre anche la possibilit\u00e0 di capire come fronteggiare a problemi come l\u2019attenuazione di cattivi odori di feci e urine e la riduzione dei fenomeni di flatulenza.<\/p>\n","protected":false},"excerpt":{"rendered":"<p>Su Pet Shop Store alimentianimalionline.it \u00e8 in vendita la linea di crocchette Prolife Sensitive, assolutamente adatta a soddisfare i bisogni alimentari pi\u00f9 disparati di ogni tipo di razza canina. Queste crocchette sono in vendita in svariati gusti e questo consente di rendere il regime alimentare dei nostri cuccioli il pi\u00f9 equilibrato possibile e, perch\u00e9 no, di viziarli anche un po\u2019. Non \u00e8 detto infatti che, siccome sia insorta un\u2019intolleranza alimentare<\/p>\n<p><a class=\"continue-reading\" href=\"https:\/\/www.article-marketing.eu\/comunicatistampa\/allergie-ed-intolleranze-alimentari-del-cane-la-cura-le-crocchette-prolife-sensitive\/\">Continue reading&#8230;<\/a><\/p>\n","protected":false},"author":59,"featured_media":0,"comment_status":"open","ping_status":"open","sticky":false,"template":"","format":"standard","meta":{"_monsterinsights_skip_tracking":false,"_monsterinsights_sitenote_active":false,"_monsterinsights_sitenote_note":"","_monsterinsights_sitenote_category":0,"footnotes":""},"categories":[393,390],"tags":[3411],"class_list":["post-7996","post","type-post","status-publish","format-standard","hentry","category-prodotti","category-professionisti","tag-sensibilita-alimentari-cane"],"yoast_head":"<!-- This site is optimized with the Yoast SEO plugin v27.3 - https:\/\/yoast.com\/product\/yoast-seo-wordpress\/ -->\n<title>Allergie ed intolleranze alimentari del cane, la cura con le crocchette Prolife Sensitive - Article Marketing<\/title>\n<meta name=\"robots\" content=\"index, follow, max-snippet:-1, max-image-preview:large, max-video-preview:-1\" \/>\n<link rel=\"canonical\" href=\"https:\/\/www.article-marketing.eu\/comunicatistampa\/allergie-ed-intolleranze-alimentari-del-cane-la-cura-le-crocchette-prolife-sensitive\/\" \/>\n<meta property=\"og:locale\" content=\"it_IT\" \/>\n<meta property=\"og:type\" content=\"article\" \/>\n<meta property=\"og:title\" content=\"Allergie ed intolleranze alimentari del cane, la cura con le crocchette Prolife Sensitive\" \/>\n<meta property=\"og:description\" content=\"Purtroppo le intolleranze alimentari possono nascere in un momento qualsiasi della vita di un cane, ecco perch\u00e9 \u00e8 importante selezionare l\u2019alimento pi\u00f9 adatto, non solo in base alla razza, che pure ha la sua rilevanza, ma anche in base all\u2019et\u00e0 dell\u2019animale.\" \/>\n<meta property=\"og:url\" content=\"https:\/\/www.article-marketing.eu\/comunicatistampa\/allergie-ed-intolleranze-alimentari-del-cane-la-cura-le-crocchette-prolife-sensitive\/\" \/>\n<meta property=\"og:site_name\" content=\"Article Marketing\" \/>\n<meta property=\"article:published_time\" content=\"2017-12-26T13:52:29+00:00\" \/>\n<meta name=\"author\" content=\"VeterinarioAleandri\" \/>\n<meta name=\"twitter:card\" content=\"summary_large_image\" \/>\n<meta name=\"twitter:title\" content=\"Allergie ed intolleranze alimentari del cane, la cura con le crocchette Prolife Sensitive\" \/>\n<meta name=\"twitter:description\" content=\"Purtroppo le intolleranze alimentari possono nascere in un momento qualsiasi della vita di un cane, ecco perch\u00e9 \u00e8 importante selezionare l\u2019alimento pi\u00f9 adatto, non solo in base alla razza, che pure ha la sua rilevanza, ma anche in base all\u2019et\u00e0 dell\u2019animale.\" \/>\n<meta name=\"twitter:label1\" content=\"Scritto da\" \/>\n\t<meta name=\"twitter:data1\" content=\"VeterinarioAleandri\" \/>\n\t<meta name=\"twitter:label2\" content=\"Tempo di lettura stimato\" \/>\n\t<meta name=\"twitter:data2\" content=\"2 minuti\" \/>\n<script type=\"application\/ld+json\" class=\"yoast-schema-graph\">{\"@context\":\"https:\\\/\\\/schema.org\",\"@graph\":[{\"@type\":\"Article\",\"@id\":\"https:\\\/\\\/www.article-marketing.eu\\\/comunicatistampa\\\/allergie-ed-intolleranze-alimentari-del-cane-la-cura-le-crocchette-prolife-sensitive\\\/#article\",\"isPartOf\":{\"@id\":\"https:\\\/\\\/www.article-marketing.eu\\\/comunicatistampa\\\/allergie-ed-intolleranze-alimentari-del-cane-la-cura-le-crocchette-prolife-sensitive\\\/\"},\"author\":{\"name\":\"VeterinarioAleandri\",\"@id\":\"https:\\\/\\\/www.article-marketing.eu\\\/comunicatistampa\\\/#\\\/schema\\\/person\\\/96a3c1e2d0ffd372538f0f11bca50604\"},\"headline\":\"Allergie ed intolleranze alimentari del cane, la cura con le crocchette Prolife Sensitive\",\"datePublished\":\"2017-12-26T13:52:29+00:00\",\"mainEntityOfPage\":{\"@id\":\"https:\\\/\\\/www.article-marketing.eu\\\/comunicatistampa\\\/allergie-ed-intolleranze-alimentari-del-cane-la-cura-le-crocchette-prolife-sensitive\\\/\"},\"wordCount\":356,\"commentCount\":0,\"keywords\":[\"sensibilit\u00e0 alimentari cane\"],\"articleSection\":[\"Prodotti\",\"Professionisti\"],\"inLanguage\":\"it-IT\",\"potentialAction\":[{\"@type\":\"CommentAction\",\"name\":\"Comment\",\"target\":[\"https:\\\/\\\/www.article-marketing.eu\\\/comunicatistampa\\\/allergie-ed-intolleranze-alimentari-del-cane-la-cura-le-crocchette-prolife-sensitive\\\/#respond\"]}]},{\"@type\":\"WebPage\",\"@id\":\"https:\\\/\\\/www.article-marketing.eu\\\/comunicatistampa\\\/allergie-ed-intolleranze-alimentari-del-cane-la-cura-le-crocchette-prolife-sensitive\\\/\",\"url\":\"https:\\\/\\\/www.article-marketing.eu\\\/comunicatistampa\\\/allergie-ed-intolleranze-alimentari-del-cane-la-cura-le-crocchette-prolife-sensitive\\\/\",\"name\":\"Allergie ed intolleranze alimentari del cane, la cura con le crocchette Prolife Sensitive - Article Marketing\",\"isPartOf\":{\"@id\":\"https:\\\/\\\/www.article-marketing.eu\\\/comunicatistampa\\\/#website\"},\"datePublished\":\"2017-12-26T13:52:29+00:00\",\"author\":{\"@id\":\"https:\\\/\\\/www.article-marketing.eu\\\/comunicatistampa\\\/#\\\/schema\\\/person\\\/96a3c1e2d0ffd372538f0f11bca50604\"},\"breadcrumb\":{\"@id\":\"https:\\\/\\\/www.article-marketing.eu\\\/comunicatistampa\\\/allergie-ed-intolleranze-alimentari-del-cane-la-cura-le-crocchette-prolife-sensitive\\\/#breadcrumb\"},\"inLanguage\":\"it-IT\",\"potentialAction\":[{\"@type\":\"ReadAction\",\"target\":[\"https:\\\/\\\/www.article-marketing.eu\\\/comunicatistampa\\\/allergie-ed-intolleranze-alimentari-del-cane-la-cura-le-crocchette-prolife-sensitive\\\/\"]}]},{\"@type\":\"BreadcrumbList\",\"@id\":\"https:\\\/\\\/www.article-marketing.eu\\\/comunicatistampa\\\/allergie-ed-intolleranze-alimentari-del-cane-la-cura-le-crocchette-prolife-sensitive\\\/#breadcrumb\",\"itemListElement\":[{\"@type\":\"ListItem\",\"position\":1,\"name\":\"Home\",\"item\":\"https:\\\/\\\/www.article-marketing.eu\\\/comunicatistampa\\\/\"},{\"@type\":\"ListItem\",\"position\":2,\"name\":\"Allergie ed intolleranze alimentari del cane, la cura con le crocchette Prolife Sensitive\"}]},{\"@type\":\"WebSite\",\"@id\":\"https:\\\/\\\/www.article-marketing.eu\\\/comunicatistampa\\\/#website\",\"url\":\"https:\\\/\\\/www.article-marketing.eu\\\/comunicatistampa\\\/\",\"name\":\"Article Marketing\",\"description\":\"article marketing &amp; press release\",\"potentialAction\":[{\"@type\":\"SearchAction\",\"target\":{\"@type\":\"EntryPoint\",\"urlTemplate\":\"https:\\\/\\\/www.article-marketing.eu\\\/comunicatistampa\\\/?s={search_term_string}\"},\"query-input\":{\"@type\":\"PropertyValueSpecification\",\"valueRequired\":true,\"valueName\":\"search_term_string\"}}],\"inLanguage\":\"it-IT\"},{\"@type\":\"Person\",\"@id\":\"https:\\\/\\\/www.article-marketing.eu\\\/comunicatistampa\\\/#\\\/schema\\\/person\\\/96a3c1e2d0ffd372538f0f11bca50604\",\"name\":\"VeterinarioAleandri\",\"image\":{\"@type\":\"ImageObject\",\"inLanguage\":\"it-IT\",\"@id\":\"https:\\\/\\\/secure.gravatar.com\\\/avatar\\\/c98f6fd97226af0272b2c0829ff5dfb3207531f0fb317213b177afc1a4f5a00e?s=96&d=mm&r=g\",\"url\":\"https:\\\/\\\/secure.gravatar.com\\\/avatar\\\/c98f6fd97226af0272b2c0829ff5dfb3207531f0fb317213b177afc1a4f5a00e?s=96&d=mm&r=g\",\"contentUrl\":\"https:\\\/\\\/secure.gravatar.com\\\/avatar\\\/c98f6fd97226af0272b2c0829ff5dfb3207531f0fb317213b177afc1a4f5a00e?s=96&d=mm&r=g\",\"caption\":\"VeterinarioAleandri\"},\"url\":\"https:\\\/\\\/www.article-marketing.eu\\\/comunicatistampa\\\/author\\\/veterinarioaleandri\\\/\"}]}<\/script>\n<!-- \/ Yoast SEO plugin. -->","yoast_head_json":{"title":"Allergie ed intolleranze alimentari del cane, la cura con le crocchette Prolife Sensitive - Article Marketing","robots":{"index":"index","follow":"follow","max-snippet":"max-snippet:-1","max-image-preview":"max-image-preview:large","max-video-preview":"max-video-preview:-1"},"canonical":"https:\/\/www.article-marketing.eu\/comunicatistampa\/allergie-ed-intolleranze-alimentari-del-cane-la-cura-le-crocchette-prolife-sensitive\/","og_locale":"it_IT","og_type":"article","og_title":"Allergie ed intolleranze alimentari del cane, la cura con le crocchette Prolife Sensitive","og_description":"Purtroppo le intolleranze alimentari possono nascere in un momento qualsiasi della vita di un cane, ecco perch\u00e9 \u00e8 importante selezionare l\u2019alimento pi\u00f9 adatto, non solo in base alla razza, che pure ha la sua rilevanza, ma anche in base all\u2019et\u00e0 dell\u2019animale.","og_url":"https:\/\/www.article-marketing.eu\/comunicatistampa\/allergie-ed-intolleranze-alimentari-del-cane-la-cura-le-crocchette-prolife-sensitive\/","og_site_name":"Article Marketing","article_published_time":"2017-12-26T13:52:29+00:00","author":"VeterinarioAleandri","twitter_card":"summary_large_image","twitter_title":"Allergie ed intolleranze alimentari del cane, la cura con le crocchette Prolife Sensitive","twitter_description":"Purtroppo le intolleranze alimentari possono nascere in un momento qualsiasi della vita di un cane, ecco perch\u00e9 \u00e8 importante selezionare l\u2019alimento pi\u00f9 adatto, non solo in base alla razza, che pure ha la sua rilevanza, ma anche in base all\u2019et\u00e0 dell\u2019animale.","twitter_misc":{"Scritto da":"VeterinarioAleandri","Tempo di lettura stimato":"2 minuti"},"schema":{"@context":"https:\/\/schema.org","@graph":[{"@type":"Article","@id":"https:\/\/www.article-marketing.eu\/comunicatistampa\/allergie-ed-intolleranze-alimentari-del-cane-la-cura-le-crocchette-prolife-sensitive\/#article","isPartOf":{"@id":"https:\/\/www.article-marketing.eu\/comunicatistampa\/allergie-ed-intolleranze-alimentari-del-cane-la-cura-le-crocchette-prolife-sensitive\/"},"author":{"name":"VeterinarioAleandri","@id":"https:\/\/www.article-marketing.eu\/comunicatistampa\/#\/schema\/person\/96a3c1e2d0ffd372538f0f11bca50604"},"headline":"Allergie ed intolleranze alimentari del cane, la cura con le crocchette Prolife Sensitive","datePublished":"2017-12-26T13:52:29+00:00","mainEntityOfPage":{"@id":"https:\/\/www.article-marketing.eu\/comunicatistampa\/allergie-ed-intolleranze-alimentari-del-cane-la-cura-le-crocchette-prolife-sensitive\/"},"wordCount":356,"commentCount":0,"keywords":["sensibilit\u00e0 alimentari cane"],"articleSection":["Prodotti","Professionisti"],"inLanguage":"it-IT","potentialAction":[{"@type":"CommentAction","name":"Comment","target":["https:\/\/www.article-marketing.eu\/comunicatistampa\/allergie-ed-intolleranze-alimentari-del-cane-la-cura-le-crocchette-prolife-sensitive\/#respond"]}]},{"@type":"WebPage","@id":"https:\/\/www.article-marketing.eu\/comunicatistampa\/allergie-ed-intolleranze-alimentari-del-cane-la-cura-le-crocchette-prolife-sensitive\/","url":"https:\/\/www.article-marketing.eu\/comunicatistampa\/allergie-ed-intolleranze-alimentari-del-cane-la-cura-le-crocchette-prolife-sensitive\/","name":"Allergie ed intolleranze alimentari del cane, la cura con le crocchette Prolife Sensitive - Article Marketing","isPartOf":{"@id":"https:\/\/www.article-marketing.eu\/comunicatistampa\/#website"},"datePublished":"2017-12-26T13:52:29+00:00","author":{"@id":"https:\/\/www.article-marketing.eu\/comunicatistampa\/#\/schema\/person\/96a3c1e2d0ffd372538f0f11bca50604"},"breadcrumb":{"@id":"https:\/\/www.article-marketing.eu\/comunicatistampa\/allergie-ed-intolleranze-alimentari-del-cane-la-cura-le-crocchette-prolife-sensitive\/#breadcrumb"},"inLanguage":"it-IT","potentialAction":[{"@type":"ReadAction","target":["https:\/\/www.article-marketing.eu\/comunicatistampa\/allergie-ed-intolleranze-alimentari-del-cane-la-cura-le-crocchette-prolife-sensitive\/"]}]},{"@type":"BreadcrumbList","@id":"https:\/\/www.article-marketing.eu\/comunicatistampa\/allergie-ed-intolleranze-alimentari-del-cane-la-cura-le-crocchette-prolife-sensitive\/#breadcrumb","itemListElement":[{"@type":"ListItem","position":1,"name":"Home","item":"https:\/\/www.article-marketing.eu\/comunicatistampa\/"},{"@type":"ListItem","position":2,"name":"Allergie ed intolleranze alimentari del cane, la cura con le crocchette Prolife Sensitive"}]},{"@type":"WebSite","@id":"https:\/\/www.article-marketing.eu\/comunicatistampa\/#website","url":"https:\/\/www.article-marketing.eu\/comunicatistampa\/","name":"Article Marketing","description":"article marketing &amp; press release","potentialAction":[{"@type":"SearchAction","target":{"@type":"EntryPoint","urlTemplate":"https:\/\/www.article-marketing.eu\/comunicatistampa\/?s={search_term_string}"},"query-input":{"@type":"PropertyValueSpecification","valueRequired":true,"valueName":"search_term_string"}}],"inLanguage":"it-IT"},{"@type":"Person","@id":"https:\/\/www.article-marketing.eu\/comunicatistampa\/#\/schema\/person\/96a3c1e2d0ffd372538f0f11bca50604","name":"VeterinarioAleandri","image":{"@type":"ImageObject","inLanguage":"it-IT","@id":"https:\/\/secure.gravatar.com\/avatar\/c98f6fd97226af0272b2c0829ff5dfb3207531f0fb317213b177afc1a4f5a00e?s=96&d=mm&r=g","url":"https:\/\/secure.gravatar.com\/avatar\/c98f6fd97226af0272b2c0829ff5dfb3207531f0fb317213b177afc1a4f5a00e?s=96&d=mm&r=g","contentUrl":"https:\/\/secure.gravatar.com\/avatar\/c98f6fd97226af0272b2c0829ff5dfb3207531f0fb317213b177afc1a4f5a00e?s=96&d=mm&r=g","caption":"VeterinarioAleandri"},"url":"https:\/\/www.article-marketing.eu\/comunicatistampa\/author\/veterinarioaleandri\/"}]}},"_links":{"self":[{"href":"https:\/\/www.article-marketing.eu\/comunicatistampa\/wp-json\/wp\/v2\/posts\/7996","targetHints":{"allow":["GET"]}}],"collection":[{"href":"https:\/\/www.article-marketing.eu\/comunicatistampa\/wp-json\/wp\/v2\/posts"}],"about":[{"href":"https:\/\/www.article-marketing.eu\/comunicatistampa\/wp-json\/wp\/v2\/types\/post"}],"author":[{"embeddable":true,"href":"https:\/\/www.article-marketing.eu\/comunicatistampa\/wp-json\/wp\/v2\/users\/59"}],"replies":[{"embeddable":true,"href":"https:\/\/www.article-marketing.eu\/comunicatistampa\/wp-json\/wp\/v2\/comments?post=7996"}],"version-history":[{"count":2,"href":"https:\/\/www.article-marketing.eu\/comunicatistampa\/wp-json\/wp\/v2\/posts\/7996\/revisions"}],"predecessor-version":[{"id":8034,"href":"https:\/\/www.article-marketing.eu\/comunicatistampa\/wp-json\/wp\/v2\/posts\/7996\/revisions\/8034"}],"wp:attachment":[{"href":"https:\/\/www.article-marketing.eu\/comunicatistampa\/wp-json\/wp\/v2\/media?parent=7996"}],"wp:term":[{"taxonomy":"category","embeddable":true,"href":"https:\/\/www.article-marketing.eu\/comunicatistampa\/wp-json\/wp\/v2\/categories?post=7996"},{"taxonomy":"post_tag","embeddable":true,"href":"https:\/\/www.article-marketing.eu\/comunicatistampa\/wp-json\/wp\/v2\/tags?post=7996"}],"curies":[{"name":"wp","href":"https:\/\/api.w.org\/{rel}","templated":true}]}}