{"id":8186,"date":"2018-01-10T01:15:15","date_gmt":"2018-01-10T00:15:15","guid":{"rendered":"http:\/\/www.article-marketing.eu\/comunicatistampa\/?p=8186"},"modified":"2018-01-10T01:15:15","modified_gmt":"2018-01-10T00:15:15","slug":"intervista-lucio-doria-scrittore-poeta-cura-silvia-morelli-media-relation-roma","status":"publish","type":"post","link":"https:\/\/www.article-marketing.eu\/comunicatistampa\/intervista-lucio-doria-scrittore-poeta-cura-silvia-morelli-media-relation-roma\/","title":{"rendered":"Intervista a Lucio Doria scrittore e poeta, a cura di Silvia Morelli &#8211; Media relation Roma"},"content":{"rendered":"<div style=\"width: 413px\" class=\"wp-caption alignleft\"><img loading=\"lazy\" decoding=\"async\" class=\"\" src=\"https:\/\/image-store.slidesharecdn.com\/31c15367-b01b-4213-8f25-d904d22e2bd1-original.png\" width=\"403\" height=\"280\" \/><p class=\"wp-caption-text\">Lucio Doria &#8211; scrittore<\/p><\/div>\n<p><strong>Lucio Doria, scrittore e poeta, dal 2016 porti avanti una tua iniziativa, dal titolo: \u201cUn libro per Amatrice\u201d parlaci un po\u2019 di te.<\/strong><\/p>\n<p>Sono nato a <strong>Porto San Giorgio<\/strong>, nelle Marche, <strong>classe &#8217;62<\/strong>; definita dalla storica trasmissione televisiva degli anni 50 \u201ccampanile sera\u201d: <strong><em>La piccola perla dell\u2019Adriatico<\/em><\/strong> &#8211; citt\u00e0 che amo molto; oggi la amo ancor di pi\u00f9\u00a0perch\u00e9, non vivendoci da diversi anni, penso con la nostalgia letteraria di quel luogo natio che pullulava di ragazzini in calzoncini corti, ginocchia sbucciate e tutta la spensieratezza di quegli anni della ridente giovent\u00f9. Oggi vivo a <strong>Pedaso<\/strong> a soli pochi chilometri. Sono un pigro di natura, ma sempre stimolato e mosso da buoni propositi che puntualmente svaniscono nello stesso momento in cui mi stacco dalla sedia e dal mio computer. Eh s\u00ec, sono una vittima della tecnologia. Lo ammetto. Un po\u2019 perch\u00e9 sono un eterno ed insaziabile curioso; mi piace perdermi nel mare di notizie che ci sono messe a disposizione da internet e purtroppo la sete di conoscenza mi distrae sovente dal mio lavoro e un po\u2019 perch\u00e9 appunto la tecnologia \u00e8 lo strumento con cui scrivo, faccio ricerche e mi relaziono con altri scrittori. Diplomato all\u2019istituto d\u2019Arte ho poi proseguito gli studi conseguendo un diploma di laurea breve in psicologia\/ergonomia. Anche se ho da sempre avuto la passione per la Letteratura, ho iniziato tardi a scrivere; nel 2011 ho iniziato per caso come ghost writer, poi come editor ed infine come autore, debuttando con una prima raccolta di poesie con illustrazioni composite, aforismi e racconti brevi dal titolo: <strong>Frammenti<\/strong>, uscito il 24 agosto del 2016, componimenti, molti dei quali premiati in concorsi internazionali. Sono presidente di \u201c<strong>SCRIVA \u2013 Arti Letterarie<\/strong>\u201d, un\u2019associazione Culturale Letteraria no profit con sede in Pedaso -FM-<\/p>\n<p>La mia passione non Letteraria per eccellenza \u00e8 la <strong>Moto GP<\/strong>, sono un tifoso accanito di <strong>Valentino Rossi<\/strong>, passione che ho per tutto il mondo delle due ruote a motore, sin dalla pi\u00f9 tenera infanzia. Odio chi si prende troppo sul serio; odio i saccenti, gli ipocriti, i falsi perbenisti, i predicatori da salotto. Ho un\u2019idea politica ben precisa, ma me la tengo per me.<\/p>\n<p><strong>Cosa vuol dire, oggi, essere uno scrittore e\/o un poeta?<\/strong><\/p>\n<p>Per tutti, oggi, quello che conta \u00e8 la notoriet\u00e0, i salotti \u201cbuoni\u201d delle trasmissioni d\u2019attualit\u00e0 varie, il volersi mettere in mostra a qualunque costo, il voler pubblicare con un editore importante, poi poco importa se non ci sono i contenuti o se gli stessi sono stati dettati dalle linee guida editoriali; perch\u00e9 bisogna vendere, fare cassetto. Seguire i dettami dell\u2019Establishment accademico \u00e8 imperativo, altrimenti se lo si fa per amore, con la propria testa, cuore e anima, per il semplice gusto di farlo, di voler raccontare la vita, si viene spesso classificati come dei sovversivi e questo non fa altro che far del male allo scrittore che \u00e8 costretto, molte volte, a scendere a compromessi; la Letteratura non pu\u00f2 e non deve scendere a compromessi, n\u00e9 editoriali n\u00e9 accademici. Come io stesso dico in un mio aforisma, contenuto nel libro \u201c<strong>Frammenti<\/strong>\u201d e distribuito da <strong>Mondadori<\/strong>:<\/p>\n<p><em>\u201cScrivere \u00e8 Arte, e farlo secondo i dettami dell\u2019Establishment accademico, \u00e8 come voler correre i cento metri con un\u2019armatura medievale e gli infradito\u201d<\/em><\/p>\n<p>Fortunatamente oggi ci sono servizi di <strong>self-publishing<\/strong> molto seri, di cui io stesso sono un forte sostenitore e fruitore e alla fine ti danno gli stessi servizi di un medio editore onesto, con qualcosina in pi\u00f9. Uno dei pi\u00f9 grandi vantaggi \u00e8 che si resta proprietari dei diritti sull\u2019opera e si diventa imprenditori di s\u00e9 stessi. Il fatto di essere editati, non ci permette di cullarci sugli allori, bisogna sgomitare tra scrittori incapaci ma con grandi editori alle spalle e piccoli editori cannibali il cui solo interesse \u00e8 quello di spellare vivo il mal capitato; e su quest\u2019ultimi potrei scriverci un trattato.<\/p>\n<p><strong>Essere poeta<\/strong> oggi \u00e8 un grande rischio, la nostra lingua \u00e8 cambiata, come \u00e8 cambiato il modo di parlare, si sta subendo un\u2019involuzione. Troppi termini anglofoni che la stanno insozzando. \u00c8 anche vero che i nostri sentimenti sono cambiati; non si ama pi\u00f9 come una volta, non c\u2019\u00e8 pi\u00f9 il rispetto di una volta, ed anche se oggi c\u2019\u00e8 un gran bisogno di poesia, da tempo l\u2019hanno assassinata. Come diceva <strong>Aldo Fabrizi<\/strong> nella poesia: <strong>La notte di Natale<\/strong>:<\/p>\n<p><em>\u2026e la stella cometa che illumin\u00f2 la notte der miracolo, per annunci\u00e0 er messia, p\u00e8 ricordalla non ce sta poeta, hanno ammazzato la poesia<\/em>.<\/p>\n<p>Purtroppo ci sono anche troppi <strong><em>poeti avventurieri<\/em><\/strong>; incoscienti che si improvvisano scrittori, anche se, come dico sempre:<\/p>\n<p><em>\u201cLa vita stessa \u00e8 poesia e in Italia siamo eredi di questa tradizione. Purtroppo stiamo facendo perdere la dignit\u00e0 alle parole\u201d.<\/em><\/p>\n<p><strong>Con il tuo libro \u201cFrammenti\u201d stai facendo una raccolta fondi per beneficenza, infatti donerai l\u2019intero ricavato dalle vendite del tuo libro, ai terremotati di Amatrice. Cosa ne pensi riguardo proprio alla beneficenza?<\/strong><\/p>\n<p>Il mio libro di poesie, aforismi e racconti brevi, \u00e8 uscito in libreria il <strong>24 agosto del 2016<\/strong> lo stesso giorno del terremoto che devast\u00f2 Amatrice e non solo. Quell\u2019evento mi ha scosso moltissimo: al punto tale di sentirmi quasi in dovere di fare qualcosa, fosse stata anche una piccola cosa. Decisi quindi che era giusto donare il ricavato a favore dei terremotati. Ho cos\u00ec pensato di programmare un\u2019iniziativa che ormai va avanti da pi\u00f9 di un anno, dal titolo \u201c<strong>Un libro per Amatrice<\/strong>\u201d. Questa iniziativa mi ha portato anche alcuni riconoscimenti, come ad esempio una targa dal <strong>comune di Petritoli<\/strong> (FM) per la letteratura e l\u2019impegno sociale, per mano del <strong>sindaco Luca Pezzani<\/strong>, e un\u2019altra targa dal <strong>comune di Porto San Giorgio<\/strong> per mano del <strong>sindaco Nicola Loira<\/strong>. Se ci fossero i campionati del mondo, in Italia saremmo i vincitori incontrastati per la solidariet\u00e0, il problema \u00e8 che, purtroppo, non sempre si trovano persone oneste, come in ogni settore. Ci\u00f2 comunque non frena noi italiani dal continuare a devolvere. Oggi forse vogliamo essere certi che gli aiuti che doniamo, vadano effettivamente alle persone bisognose, ed \u00e8 per questo che ci vorrebbe un garante, proprio come si fa con le lotterie, quelle serie, con un\u2019autorizzazione ministeriale ed un notaio che vigili sullo svolgimento e regolarit\u00e0 dell\u2019evento. Cos\u00ec si dovrebbero svolgere anche gli aiuti umanitari, specialmente quando in ballo ci sono dei soldi. E proprio per quell&#8217;onest\u00e0 intellettuale che mi contraddistingue, a dispetto delle malelingue, ho voluto ufficializzare l\u2019iniziativa, coinvolgendo l\u2019amministrazione comunale di Porto San Giorgio con l\u2019attuale sindaco, il dott. <strong>Nicola Loira<\/strong>, che \u00e8 stato ben lieto di accogliere e che, al momento opportuno far\u00e0 da tramite con l\u2019amministrazione comunale di Amatrice, nella figura del sindaco <strong>Sergio Pirozzi<\/strong>, affinch\u00e9 riceva tutti i ricavati.<\/p>\n<p><a href=\"http:\/\/bit.ly\/un_ibro_per_amatrice\">http:\/\/bit.ly\/un_ibro_per_amatrice<\/a><\/p>\n<p>Ci tengo a precisare che l\u2019iniziativa non ha scadenza. Tutti posso contribuire, acquistando il libro, presso i <strong>Mondadori store<\/strong> ordinandolo <strong>FRAMMENTI<\/strong>, <strong>ISBN-9788892627512 <\/strong>oppure direttamente sul sito: <a href=\"http:\/\/www.mondadoristore.it\/Frammenti-Lucio-Doria\/eai978889262751\/\">http:\/\/www.mondadoristore.it\/Frammenti-Lucio-Doria\/eai978889262751\/<\/a><\/p>\n<p><strong>Parlaci dei tuoi progetti per il futuro?<\/strong><\/p>\n<p>I progetti sono tanti, ma il pi\u00f9 prossimo \u00e8 il mio primo romanzo che sto ultimando; un dramma dal titolo, svelato in anteprima: \u201c<strong>A un passo da ieri<\/strong>\u201d; parla di due fratelli; <em>Vittorio e Andrea, che per cause familiari verranno separati e il pi\u00f9 piccolo; Andrea, finir\u00e0 nel collegio diocesano, dove il padre lavorava come autista di un vescovo, fino a prima di morire. A causa di un fraintendimento, il piccolo Andrea fuggir\u00e0 dal collegio, da quel momento se ne perderanno le tracce. 40anni dopo, Vittorio scoprir\u00e0 qualcosa di incredibile\u2026 <\/em>ma se volete conoscere la storia fino in fondo, vi invito a seguirmi sul mio sito: <a href=\"http:\/\/www.luciodoria.com\">www.luciodoria.com<\/a> e sui vari social https:\/\/www.facebook.com\/luciodoriascrittore\/ senza dimenticare di \u00a0tener d\u2019occhio le librerie. <strong>L\u2019uscita del romanzo <\/strong>\u00e8 prevista per la fine di maggio, inizi di <strong>giugno 2018<\/strong>.<\/p>\n<p><strong>Bene, non ci resta allora che augurarti un buon lavoro, ci risentiremo sicuramente per quella data. Ti facciamo un grande in bocca al lupo per il tuo futuro, con l\u2019augurio per un prosieguo delle tue iniziative di beneficenza. Un saluto da tutto lo staff di Media Relation \u2013 Roma<\/strong><\/p>\n<p>\u00c8 stato un piacere, a presto e un saluto a tutti i lettori. Mi concedo da voi con un\u2019esortazione:<\/p>\n<p><em>\u201cSosteniamo la Cultura e la Letteratura, sono uniche isole felici, che ci salveranno dallo tsunami dell\u2019ignoranza\u201d<\/em><\/p>\n<p>&nbsp;<\/p>\n<p>Silvia Morelli &#8211; Media Relation, Roma<\/p>\n","protected":false},"excerpt":{"rendered":"<p>Lucio Doria, scrittore e poeta, dal 2016 porti avanti una tua iniziativa, dal titolo: \u201cUn libro per Amatrice\u201d parlaci un po\u2019 di te. Sono nato a Porto San Giorgio, nelle Marche, classe &#8217;62; definita dalla storica trasmissione televisiva degli anni 50 \u201ccampanile sera\u201d: La piccola perla dell\u2019Adriatico &#8211; citt\u00e0 che amo molto; oggi la amo ancor di pi\u00f9\u00a0perch\u00e9, non vivendoci da diversi anni, penso con la nostalgia letteraria di quel<\/p>\n<p><a class=\"continue-reading\" href=\"https:\/\/www.article-marketing.eu\/comunicatistampa\/intervista-lucio-doria-scrittore-poeta-cura-silvia-morelli-media-relation-roma\/\">Continue reading&#8230;<\/a><\/p>\n","protected":false},"author":963,"featured_media":0,"comment_status":"open","ping_status":"open","sticky":false,"template":"","format":"standard","meta":{"_monsterinsights_skip_tracking":false,"_monsterinsights_sitenote_active":false,"_monsterinsights_sitenote_note":"","_monsterinsights_sitenote_category":0,"footnotes":""},"categories":[407,410],"tags":[3489,3492,3488,518,3490,3491,3493],"class_list":["post-8186","post","type-post","status-publish","format-standard","hentry","category-arte-e-cultura","category-libri","tag-amatrice","tag-editori","tag-lucio-doria-scrittore","tag-poesia","tag-poeti","tag-scrittori","tag-un-libro-per-amatrice"],"yoast_head":"<!-- This site is optimized with the Yoast SEO plugin v27.3 - https:\/\/yoast.com\/product\/yoast-seo-wordpress\/ -->\n<title>Intervista a Lucio Doria scrittore e poeta, a cura di Silvia Morelli - Media relation Roma - Article Marketing<\/title>\n<meta name=\"robots\" content=\"index, follow, max-snippet:-1, max-image-preview:large, max-video-preview:-1\" \/>\n<link rel=\"canonical\" href=\"https:\/\/www.article-marketing.eu\/comunicatistampa\/intervista-lucio-doria-scrittore-poeta-cura-silvia-morelli-media-relation-roma\/\" \/>\n<meta property=\"og:locale\" content=\"it_IT\" \/>\n<meta property=\"og:type\" content=\"article\" \/>\n<meta property=\"og:title\" content=\"Intervista a Lucio Doria scrittore e poeta, a cura di Silvia Morelli - Media relation Roma - Article Marketing\" \/>\n<meta property=\"og:description\" content=\"Lucio Doria, scrittore e poeta, dal 2016 porti avanti una tua iniziativa, dal titolo: \u201cUn libro per Amatrice\u201d parlaci un po\u2019 di te. Sono nato a Porto San Giorgio, nelle Marche, classe &#8217;62; definita dalla storica trasmissione televisiva degli anni 50 \u201ccampanile sera\u201d: La piccola perla dell\u2019Adriatico &#8211; citt\u00e0 che amo molto; oggi la amo ancor di pi\u00f9\u00a0perch\u00e9, non vivendoci da diversi anni, penso con la nostalgia letteraria di quelContinue reading...\" \/>\n<meta property=\"og:url\" content=\"https:\/\/www.article-marketing.eu\/comunicatistampa\/intervista-lucio-doria-scrittore-poeta-cura-silvia-morelli-media-relation-roma\/\" \/>\n<meta property=\"og:site_name\" content=\"Article Marketing\" \/>\n<meta property=\"article:published_time\" content=\"2018-01-10T00:15:15+00:00\" \/>\n<meta property=\"og:image\" content=\"https:\/\/image-store.slidesharecdn.com\/31c15367-b01b-4213-8f25-d904d22e2bd1-original.png\" \/>\n<meta name=\"author\" content=\"Mediarelation\" \/>\n<meta name=\"twitter:card\" content=\"summary_large_image\" \/>\n<meta name=\"twitter:label1\" content=\"Scritto da\" \/>\n\t<meta name=\"twitter:data1\" content=\"Mediarelation\" \/>\n\t<meta name=\"twitter:label2\" content=\"Tempo di lettura stimato\" \/>\n\t<meta name=\"twitter:data2\" content=\"7 minuti\" \/>\n<script type=\"application\/ld+json\" class=\"yoast-schema-graph\">{\"@context\":\"https:\\\/\\\/schema.org\",\"@graph\":[{\"@type\":\"Article\",\"@id\":\"https:\\\/\\\/www.article-marketing.eu\\\/comunicatistampa\\\/intervista-lucio-doria-scrittore-poeta-cura-silvia-morelli-media-relation-roma\\\/#article\",\"isPartOf\":{\"@id\":\"https:\\\/\\\/www.article-marketing.eu\\\/comunicatistampa\\\/intervista-lucio-doria-scrittore-poeta-cura-silvia-morelli-media-relation-roma\\\/\"},\"author\":{\"name\":\"Mediarelation\",\"@id\":\"https:\\\/\\\/www.article-marketing.eu\\\/comunicatistampa\\\/#\\\/schema\\\/person\\\/c317de26b806ed348c9439cfcf53cc3c\"},\"headline\":\"Intervista a Lucio Doria scrittore e poeta, a cura di Silvia Morelli &#8211; Media relation Roma\",\"datePublished\":\"2018-01-10T00:15:15+00:00\",\"mainEntityOfPage\":{\"@id\":\"https:\\\/\\\/www.article-marketing.eu\\\/comunicatistampa\\\/intervista-lucio-doria-scrittore-poeta-cura-silvia-morelli-media-relation-roma\\\/\"},\"wordCount\":1404,\"commentCount\":0,\"image\":{\"@id\":\"https:\\\/\\\/www.article-marketing.eu\\\/comunicatistampa\\\/intervista-lucio-doria-scrittore-poeta-cura-silvia-morelli-media-relation-roma\\\/#primaryimage\"},\"thumbnailUrl\":\"https:\\\/\\\/image-store.slidesharecdn.com\\\/31c15367-b01b-4213-8f25-d904d22e2bd1-original.png\",\"keywords\":[\"Amatrice\",\"editori\",\"Lucio Doria scrittore\",\"Poesia\",\"poeti\",\"scrittori\",\"Un libro per Amatrice\"],\"articleSection\":[\"Arte e cultura\",\"Libri\"],\"inLanguage\":\"it-IT\",\"potentialAction\":[{\"@type\":\"CommentAction\",\"name\":\"Comment\",\"target\":[\"https:\\\/\\\/www.article-marketing.eu\\\/comunicatistampa\\\/intervista-lucio-doria-scrittore-poeta-cura-silvia-morelli-media-relation-roma\\\/#respond\"]}]},{\"@type\":\"WebPage\",\"@id\":\"https:\\\/\\\/www.article-marketing.eu\\\/comunicatistampa\\\/intervista-lucio-doria-scrittore-poeta-cura-silvia-morelli-media-relation-roma\\\/\",\"url\":\"https:\\\/\\\/www.article-marketing.eu\\\/comunicatistampa\\\/intervista-lucio-doria-scrittore-poeta-cura-silvia-morelli-media-relation-roma\\\/\",\"name\":\"Intervista a Lucio Doria scrittore e poeta, a cura di Silvia Morelli - Media relation Roma - Article Marketing\",\"isPartOf\":{\"@id\":\"https:\\\/\\\/www.article-marketing.eu\\\/comunicatistampa\\\/#website\"},\"primaryImageOfPage\":{\"@id\":\"https:\\\/\\\/www.article-marketing.eu\\\/comunicatistampa\\\/intervista-lucio-doria-scrittore-poeta-cura-silvia-morelli-media-relation-roma\\\/#primaryimage\"},\"image\":{\"@id\":\"https:\\\/\\\/www.article-marketing.eu\\\/comunicatistampa\\\/intervista-lucio-doria-scrittore-poeta-cura-silvia-morelli-media-relation-roma\\\/#primaryimage\"},\"thumbnailUrl\":\"https:\\\/\\\/image-store.slidesharecdn.com\\\/31c15367-b01b-4213-8f25-d904d22e2bd1-original.png\",\"datePublished\":\"2018-01-10T00:15:15+00:00\",\"author\":{\"@id\":\"https:\\\/\\\/www.article-marketing.eu\\\/comunicatistampa\\\/#\\\/schema\\\/person\\\/c317de26b806ed348c9439cfcf53cc3c\"},\"breadcrumb\":{\"@id\":\"https:\\\/\\\/www.article-marketing.eu\\\/comunicatistampa\\\/intervista-lucio-doria-scrittore-poeta-cura-silvia-morelli-media-relation-roma\\\/#breadcrumb\"},\"inLanguage\":\"it-IT\",\"potentialAction\":[{\"@type\":\"ReadAction\",\"target\":[\"https:\\\/\\\/www.article-marketing.eu\\\/comunicatistampa\\\/intervista-lucio-doria-scrittore-poeta-cura-silvia-morelli-media-relation-roma\\\/\"]}]},{\"@type\":\"ImageObject\",\"inLanguage\":\"it-IT\",\"@id\":\"https:\\\/\\\/www.article-marketing.eu\\\/comunicatistampa\\\/intervista-lucio-doria-scrittore-poeta-cura-silvia-morelli-media-relation-roma\\\/#primaryimage\",\"url\":\"https:\\\/\\\/image-store.slidesharecdn.com\\\/31c15367-b01b-4213-8f25-d904d22e2bd1-original.png\",\"contentUrl\":\"https:\\\/\\\/image-store.slidesharecdn.com\\\/31c15367-b01b-4213-8f25-d904d22e2bd1-original.png\"},{\"@type\":\"BreadcrumbList\",\"@id\":\"https:\\\/\\\/www.article-marketing.eu\\\/comunicatistampa\\\/intervista-lucio-doria-scrittore-poeta-cura-silvia-morelli-media-relation-roma\\\/#breadcrumb\",\"itemListElement\":[{\"@type\":\"ListItem\",\"position\":1,\"name\":\"Home\",\"item\":\"https:\\\/\\\/www.article-marketing.eu\\\/comunicatistampa\\\/\"},{\"@type\":\"ListItem\",\"position\":2,\"name\":\"Intervista a Lucio Doria scrittore e poeta, a cura di Silvia Morelli &#8211; Media relation Roma\"}]},{\"@type\":\"WebSite\",\"@id\":\"https:\\\/\\\/www.article-marketing.eu\\\/comunicatistampa\\\/#website\",\"url\":\"https:\\\/\\\/www.article-marketing.eu\\\/comunicatistampa\\\/\",\"name\":\"Article Marketing\",\"description\":\"article marketing &amp; press release\",\"potentialAction\":[{\"@type\":\"SearchAction\",\"target\":{\"@type\":\"EntryPoint\",\"urlTemplate\":\"https:\\\/\\\/www.article-marketing.eu\\\/comunicatistampa\\\/?s={search_term_string}\"},\"query-input\":{\"@type\":\"PropertyValueSpecification\",\"valueRequired\":true,\"valueName\":\"search_term_string\"}}],\"inLanguage\":\"it-IT\"},{\"@type\":\"Person\",\"@id\":\"https:\\\/\\\/www.article-marketing.eu\\\/comunicatistampa\\\/#\\\/schema\\\/person\\\/c317de26b806ed348c9439cfcf53cc3c\",\"name\":\"Mediarelation\",\"image\":{\"@type\":\"ImageObject\",\"inLanguage\":\"it-IT\",\"@id\":\"https:\\\/\\\/secure.gravatar.com\\\/avatar\\\/e138bf67307eec539d169b4af201d1ce4bdd513d0bf59fd261428e35db91fd86?s=96&d=mm&r=g\",\"url\":\"https:\\\/\\\/secure.gravatar.com\\\/avatar\\\/e138bf67307eec539d169b4af201d1ce4bdd513d0bf59fd261428e35db91fd86?s=96&d=mm&r=g\",\"contentUrl\":\"https:\\\/\\\/secure.gravatar.com\\\/avatar\\\/e138bf67307eec539d169b4af201d1ce4bdd513d0bf59fd261428e35db91fd86?s=96&d=mm&r=g\",\"caption\":\"Mediarelation\"},\"url\":\"https:\\\/\\\/www.article-marketing.eu\\\/comunicatistampa\\\/author\\\/mediarelation\\\/\"}]}<\/script>\n<!-- \/ Yoast SEO plugin. -->","yoast_head_json":{"title":"Intervista a Lucio Doria scrittore e poeta, a cura di Silvia Morelli - Media relation Roma - Article Marketing","robots":{"index":"index","follow":"follow","max-snippet":"max-snippet:-1","max-image-preview":"max-image-preview:large","max-video-preview":"max-video-preview:-1"},"canonical":"https:\/\/www.article-marketing.eu\/comunicatistampa\/intervista-lucio-doria-scrittore-poeta-cura-silvia-morelli-media-relation-roma\/","og_locale":"it_IT","og_type":"article","og_title":"Intervista a Lucio Doria scrittore e poeta, a cura di Silvia Morelli - Media relation Roma - Article Marketing","og_description":"Lucio Doria, scrittore e poeta, dal 2016 porti avanti una tua iniziativa, dal titolo: \u201cUn libro per Amatrice\u201d parlaci un po\u2019 di te. Sono nato a Porto San Giorgio, nelle Marche, classe &#8217;62; definita dalla storica trasmissione televisiva degli anni 50 \u201ccampanile sera\u201d: La piccola perla dell\u2019Adriatico &#8211; citt\u00e0 che amo molto; oggi la amo ancor di pi\u00f9\u00a0perch\u00e9, non vivendoci da diversi anni, penso con la nostalgia letteraria di quelContinue reading...","og_url":"https:\/\/www.article-marketing.eu\/comunicatistampa\/intervista-lucio-doria-scrittore-poeta-cura-silvia-morelli-media-relation-roma\/","og_site_name":"Article Marketing","article_published_time":"2018-01-10T00:15:15+00:00","og_image":[{"url":"https:\/\/image-store.slidesharecdn.com\/31c15367-b01b-4213-8f25-d904d22e2bd1-original.png","type":"","width":"","height":""}],"author":"Mediarelation","twitter_card":"summary_large_image","twitter_misc":{"Scritto da":"Mediarelation","Tempo di lettura stimato":"7 minuti"},"schema":{"@context":"https:\/\/schema.org","@graph":[{"@type":"Article","@id":"https:\/\/www.article-marketing.eu\/comunicatistampa\/intervista-lucio-doria-scrittore-poeta-cura-silvia-morelli-media-relation-roma\/#article","isPartOf":{"@id":"https:\/\/www.article-marketing.eu\/comunicatistampa\/intervista-lucio-doria-scrittore-poeta-cura-silvia-morelli-media-relation-roma\/"},"author":{"name":"Mediarelation","@id":"https:\/\/www.article-marketing.eu\/comunicatistampa\/#\/schema\/person\/c317de26b806ed348c9439cfcf53cc3c"},"headline":"Intervista a Lucio Doria scrittore e poeta, a cura di Silvia Morelli &#8211; Media relation Roma","datePublished":"2018-01-10T00:15:15+00:00","mainEntityOfPage":{"@id":"https:\/\/www.article-marketing.eu\/comunicatistampa\/intervista-lucio-doria-scrittore-poeta-cura-silvia-morelli-media-relation-roma\/"},"wordCount":1404,"commentCount":0,"image":{"@id":"https:\/\/www.article-marketing.eu\/comunicatistampa\/intervista-lucio-doria-scrittore-poeta-cura-silvia-morelli-media-relation-roma\/#primaryimage"},"thumbnailUrl":"https:\/\/image-store.slidesharecdn.com\/31c15367-b01b-4213-8f25-d904d22e2bd1-original.png","keywords":["Amatrice","editori","Lucio Doria scrittore","Poesia","poeti","scrittori","Un libro per Amatrice"],"articleSection":["Arte e cultura","Libri"],"inLanguage":"it-IT","potentialAction":[{"@type":"CommentAction","name":"Comment","target":["https:\/\/www.article-marketing.eu\/comunicatistampa\/intervista-lucio-doria-scrittore-poeta-cura-silvia-morelli-media-relation-roma\/#respond"]}]},{"@type":"WebPage","@id":"https:\/\/www.article-marketing.eu\/comunicatistampa\/intervista-lucio-doria-scrittore-poeta-cura-silvia-morelli-media-relation-roma\/","url":"https:\/\/www.article-marketing.eu\/comunicatistampa\/intervista-lucio-doria-scrittore-poeta-cura-silvia-morelli-media-relation-roma\/","name":"Intervista a Lucio Doria scrittore e poeta, a cura di Silvia Morelli - Media relation Roma - Article Marketing","isPartOf":{"@id":"https:\/\/www.article-marketing.eu\/comunicatistampa\/#website"},"primaryImageOfPage":{"@id":"https:\/\/www.article-marketing.eu\/comunicatistampa\/intervista-lucio-doria-scrittore-poeta-cura-silvia-morelli-media-relation-roma\/#primaryimage"},"image":{"@id":"https:\/\/www.article-marketing.eu\/comunicatistampa\/intervista-lucio-doria-scrittore-poeta-cura-silvia-morelli-media-relation-roma\/#primaryimage"},"thumbnailUrl":"https:\/\/image-store.slidesharecdn.com\/31c15367-b01b-4213-8f25-d904d22e2bd1-original.png","datePublished":"2018-01-10T00:15:15+00:00","author":{"@id":"https:\/\/www.article-marketing.eu\/comunicatistampa\/#\/schema\/person\/c317de26b806ed348c9439cfcf53cc3c"},"breadcrumb":{"@id":"https:\/\/www.article-marketing.eu\/comunicatistampa\/intervista-lucio-doria-scrittore-poeta-cura-silvia-morelli-media-relation-roma\/#breadcrumb"},"inLanguage":"it-IT","potentialAction":[{"@type":"ReadAction","target":["https:\/\/www.article-marketing.eu\/comunicatistampa\/intervista-lucio-doria-scrittore-poeta-cura-silvia-morelli-media-relation-roma\/"]}]},{"@type":"ImageObject","inLanguage":"it-IT","@id":"https:\/\/www.article-marketing.eu\/comunicatistampa\/intervista-lucio-doria-scrittore-poeta-cura-silvia-morelli-media-relation-roma\/#primaryimage","url":"https:\/\/image-store.slidesharecdn.com\/31c15367-b01b-4213-8f25-d904d22e2bd1-original.png","contentUrl":"https:\/\/image-store.slidesharecdn.com\/31c15367-b01b-4213-8f25-d904d22e2bd1-original.png"},{"@type":"BreadcrumbList","@id":"https:\/\/www.article-marketing.eu\/comunicatistampa\/intervista-lucio-doria-scrittore-poeta-cura-silvia-morelli-media-relation-roma\/#breadcrumb","itemListElement":[{"@type":"ListItem","position":1,"name":"Home","item":"https:\/\/www.article-marketing.eu\/comunicatistampa\/"},{"@type":"ListItem","position":2,"name":"Intervista a Lucio Doria scrittore e poeta, a cura di Silvia Morelli &#8211; Media relation Roma"}]},{"@type":"WebSite","@id":"https:\/\/www.article-marketing.eu\/comunicatistampa\/#website","url":"https:\/\/www.article-marketing.eu\/comunicatistampa\/","name":"Article Marketing","description":"article marketing &amp; press release","potentialAction":[{"@type":"SearchAction","target":{"@type":"EntryPoint","urlTemplate":"https:\/\/www.article-marketing.eu\/comunicatistampa\/?s={search_term_string}"},"query-input":{"@type":"PropertyValueSpecification","valueRequired":true,"valueName":"search_term_string"}}],"inLanguage":"it-IT"},{"@type":"Person","@id":"https:\/\/www.article-marketing.eu\/comunicatistampa\/#\/schema\/person\/c317de26b806ed348c9439cfcf53cc3c","name":"Mediarelation","image":{"@type":"ImageObject","inLanguage":"it-IT","@id":"https:\/\/secure.gravatar.com\/avatar\/e138bf67307eec539d169b4af201d1ce4bdd513d0bf59fd261428e35db91fd86?s=96&d=mm&r=g","url":"https:\/\/secure.gravatar.com\/avatar\/e138bf67307eec539d169b4af201d1ce4bdd513d0bf59fd261428e35db91fd86?s=96&d=mm&r=g","contentUrl":"https:\/\/secure.gravatar.com\/avatar\/e138bf67307eec539d169b4af201d1ce4bdd513d0bf59fd261428e35db91fd86?s=96&d=mm&r=g","caption":"Mediarelation"},"url":"https:\/\/www.article-marketing.eu\/comunicatistampa\/author\/mediarelation\/"}]}},"_links":{"self":[{"href":"https:\/\/www.article-marketing.eu\/comunicatistampa\/wp-json\/wp\/v2\/posts\/8186","targetHints":{"allow":["GET"]}}],"collection":[{"href":"https:\/\/www.article-marketing.eu\/comunicatistampa\/wp-json\/wp\/v2\/posts"}],"about":[{"href":"https:\/\/www.article-marketing.eu\/comunicatistampa\/wp-json\/wp\/v2\/types\/post"}],"author":[{"embeddable":true,"href":"https:\/\/www.article-marketing.eu\/comunicatistampa\/wp-json\/wp\/v2\/users\/963"}],"replies":[{"embeddable":true,"href":"https:\/\/www.article-marketing.eu\/comunicatistampa\/wp-json\/wp\/v2\/comments?post=8186"}],"version-history":[{"count":5,"href":"https:\/\/www.article-marketing.eu\/comunicatistampa\/wp-json\/wp\/v2\/posts\/8186\/revisions"}],"predecessor-version":[{"id":8258,"href":"https:\/\/www.article-marketing.eu\/comunicatistampa\/wp-json\/wp\/v2\/posts\/8186\/revisions\/8258"}],"wp:attachment":[{"href":"https:\/\/www.article-marketing.eu\/comunicatistampa\/wp-json\/wp\/v2\/media?parent=8186"}],"wp:term":[{"taxonomy":"category","embeddable":true,"href":"https:\/\/www.article-marketing.eu\/comunicatistampa\/wp-json\/wp\/v2\/categories?post=8186"},{"taxonomy":"post_tag","embeddable":true,"href":"https:\/\/www.article-marketing.eu\/comunicatistampa\/wp-json\/wp\/v2\/tags?post=8186"}],"curies":[{"name":"wp","href":"https:\/\/api.w.org\/{rel}","templated":true}]}}