{"id":8230,"date":"2018-01-10T01:23:47","date_gmt":"2018-01-10T00:23:47","guid":{"rendered":"http:\/\/www.article-marketing.eu\/comunicatistampa\/?p=8230"},"modified":"2020-08-10T01:47:49","modified_gmt":"2020-08-09T23:47:49","slug":"la-musica-tema-principale-del-film-paolo-consorti","status":"publish","type":"post","link":"https:\/\/www.article-marketing.eu\/comunicatistampa\/la-musica-tema-principale-del-film-paolo-consorti\/","title":{"rendered":"La musica \u00e8 il tema principale del nuovo film di Paolo Consorti"},"content":{"rendered":"<p>Primo Ciak il 9 gennaio per il nuovo film di Paolo Consorti dal titolo <strong>\u201cHavana Kyrie<\/strong>\u201d che vede come protagonista <strong>Franco Nero<\/strong>. Nel cast anche il celebre attore cubano <strong>Jorge Perugorria<\/strong>. La pellicola, prodotta dalla <strong>Vedado Films<\/strong> e da <strong>Opera Totale<\/strong> vedr\u00e0 le riprese italiane dal 9 al 12 gennaio a Pesaro per poi spostarsi a febbraio a Cuba.<\/p>\n<p>Vittorio, un burbero direttore d\u2019orchestra sul viale del tramonto, riceve un\u2019offerta di lavoro all\u2019Havana: dirigere il Kyrie Eleison, un\u2019opera di Rossini, con il coro dei bambini della Colmenida. Decide di accettare la proposta per due motivi: i soldi e perch\u00e9 da troppo tempo la musica gli manca. Ma il progetto lo metter\u00e0 a dura prova. Vittorio odia i bambini e crede che l\u2019opera rossiniana, una vera e propria preghiera in musica, mal si adatti al cuore allegro di quei giovani coristi cubani troppo distratti e indisciplinati, a suo dire.\u00a0 Tante saranno le difficolt\u00e0 che trover\u00e0 nel suo percorso, forse anche perch\u00e9 \u00e8 il suo di cuore ad essersi chiuso agli altri. E la sua aridit\u00e0 dovr\u00e0 fare in conti con i mille colori di Cuba e le sue tante contraddizioni.\u00a0 Una vecchia amica, Hanna, cantante lirica, sapr\u00e0 dargli nuovi punti di vista. Eppure quella citt\u00e0 che Vittorio ama e odia insieme non gli far\u00e0 sconti. A cominciare da Isabela, una vecchia fiamma di vent\u2019anni prima, dalla quale Vittorio scopre di aver avuto un figlio.\u00a0 Quando alla sua porta si presenta Viktor tutto \u00e8 destinato a cambiare per Vittorio.\u00a0 E i cocci della sua vita potrebbero avere un nuovo significato adesso. Ma come trovare un\u2019armonia?\u00a0\u00a0 Forse, proprio in quella preghiera, il Kyrie Eleison, si nasconde la risposta.<\/p>\n<p>\u201cLa musica sar\u00e0 uno degli ingredienti fondamentali del film, un <em>fil rouge<\/em> che far\u00e0 emergere dal contrasto tra la perfezione rossiniana e la scioltezza dei ritmi cubani la complessit\u00e0 dell\u2019animo di Vittorio, colmo di conflitti irrisolti\u2026\u201d, spiega il regista <strong>Paolo Consorti<\/strong>, considerato tra gli artisti pi\u00f9 significativi della sua generazione per aver delineato un linguaggio in cui la pittura pura si fonde al digitale e all\u2019elettronica attraverso la realizzazione di dipinti, films, video e performances.<\/p>\n<p>&nbsp;<\/p>\n<p><strong>Consorti<\/strong>, con questo film \u00e8 al suo terzo lungometraggio. Ricordiamo, infatti, i suoi due precedenti lavori \u201cIl Sole dei cattivi\u201d con Nino Frassica e Luca Lionello, premiato come Miglior Film nel Film Festival dei Popoli e Religioni di Terni, e \u201cFigli di Maam\u201d &#8211; girato a Roma \u00a0in quella fabbrica occupata sulla Prenestina diventata un caso per essere stata trasformata in un insolito museo, il MAAM &#8211;\u00a0 che ha ottenuto lo Special Screening al Sofia International Film Festival e che ha avuto un cast di grande qualit\u00e0 formato da Luca Lionello, Franco Nero e Alessandro Haber. Quello di Consorti nel cinema \u00e8 stato un esordio sull\u2019onda della sperimentazione: nei sui films ha esplorato i bordi della finzione mescolandoli alla verit\u00e0 del reale. Da artista ha creato realt\u00e0 sospese, nelle quali ha calato personaggi surreali e travolgenti, spesso drammatici, protagonisti su cui \u00e8 centrata la narrazione. \u201cI miei personaggi sono tormentati, agiscono con una fisicit\u00e0 prorompente che \u00e8 un tutt\u2019uno con il loro spirito\u2026la mia aspirazione \u00e8 scoprire le fessure nella loro anima, tra dolore, consolazione e speranza. Lavorare con <strong>Franco Nero <\/strong>nella veste di protagonista di questo nuovo film \u00e8 per me una grande opportunit\u00e0 e una sfida, vorrei riuscire a tirare fuori l\u2019uomo dietro l\u2019icona, insomma vorrei un Franco Nero non solo grande attore ma anche un po\u2019 se stesso\u2026..deformazione d\u2019artista!\u201d. \u00a0Parlando di Arte invece, tra gli altri lavori, Paolo Consorti ha esposto a Palazzo Reale a Milano ed ha partecipato alla 54\u00b0 Biennale Internazionale d\u2019Arte di Venezia. Paragonato dal filosofo Hans Georg Gadamer a Bosch per il \u201ccontrasto tra equilibrio pittorico e drammaticit\u00e0 dell\u2019uomo moderno e post-moderno\u201d, Consorti \u00e8 uno dei pochi artisti italiani poliedrici in grado di sperimentare strade diverse riuscendo ad unire il cinema con l\u2019arte, riscuotendo sempre un grande successo di critica.<\/p>\n<p>&nbsp;<\/p>\n<p><strong>HAVANA KYRIE<\/strong><\/p>\n<p><strong>Da\u00a0 un\u2019idea di\u00a0\u00a0 Paolo Consorti e Franco Nero <\/strong><\/p>\n<p><strong>Durata: 100 minuti<\/strong><\/p>\n<p>&nbsp;<\/p>\n<p>BIOGRAFIA SINTETICA PAOLO CONSORTI<\/p>\n<p>Nato a San Benedetto del Tronto nel 1964 Paolo Consorti \u00e8 considerato tra gli artisti pi\u00f9 significativi della sua generazione per aver delineato un linguaggio in cui la pittura pura si fonde al digitale e all\u2019elettronica attraverso la realizzazione di dipinti, films, video e performances.<\/p>\n<p>Diplomato all\u2019Accademia di Belle Arti di Macerata, dopo alcune collaborazioni cinematografiche che lo vedono al fianco del premio oscar <a href=\"http:\/\/it.wikipedia.org\/wiki\/Sergej_F%C3%ABdorovi%C4%8D_Bondar%C4%8Duk\">Sergej F\u00ebdorovi\u010d Bondar\u010duk<\/a>, esordisce nel \u201991 con una mostra personale al <a href=\"http:\/\/it.wikipedia.org\/wiki\/Palazzo_Ducale_di_Urbino\">Palazzo Ducale di Urbino<\/a>. Nel 1992 il filosofo <a href=\"http:\/\/it.wikipedia.org\/wiki\/Hans-Georg_Gadamer\">Hans-Georg Gadamer<\/a> paragona Consorti per il \u201ccontrasto tra equilibrio pittorico e drammaticit\u00e0 dell\u2019uomo moderno e post-moderno\u201d al tormentato Bosch e nel 1994 il critico d\u2019arte Pierre Restany evidenzia nella sua opera\u201c l\u2019emergenza di uno stile post-moderno del sublime\u201d. Nel 2008 \u00e8 tra i Top 100 di Flash Art sulla giovane arte italiana. Nel 2011 \u00e8 invitato alla 54\u00aa Biennale Internazionale d\u2019Arte di Venezia. Espone inoltre al Macro e al Palazzo delle Esposizioni di Roma, al Palazzo delle Papesse di Siena, al Museo Madre di Napoli, al Teatro Margherita di Bari e al Palazzo Reale di Milano, oltre ad aver tenute mostre personali e collettive in spazi pubblici e gallerie private in Europa, America, Asia ed Australia. Nel 2012 Rai 3 produce il docufilm \u201cRebellio Patroni\u201d e gira il suo primo film lungometraggio \u201cIl sole dei cattivi\u201d con Nino Frassica e Luca Lionello, premiato come Miglior film nel Film Festival dei Popoli e Religioni a Terni. Nel 2013 firma gi\u00e0 il secondo lungometraggio \u201cFigli di Maam\u201d, che otterr\u00e0 lo <em>Special Screening<\/em> al Sofia International Film Festival e vedr\u00e0, oltre a Luca Lionello ancora protagonista, la partecipazione di Franco Nero e Alessandro Haber.<\/p>\n","protected":false},"excerpt":{"rendered":"<p>Primo Ciak il 9 gennaio per il nuovo film di Paolo Consorti dal titolo \u201cHavana Kyrie\u201d che vede come protagonista Franco Nero. Nel cast anche il celebre attore cubano Jorge Perugorria. La pellicola, prodotta dalla Vedado Films e da Opera Totale vedr\u00e0 le riprese italiane dal 9 al 12 gennaio a Pesaro per poi spostarsi a febbraio a Cuba. Vittorio, un burbero direttore d\u2019orchestra sul viale del tramonto, riceve un\u2019offerta<\/p>\n<p><a class=\"continue-reading\" href=\"https:\/\/www.article-marketing.eu\/comunicatistampa\/la-musica-tema-principale-del-film-paolo-consorti\/\">Continue reading&#8230;<\/a><\/p>\n","protected":false},"author":48,"featured_media":0,"comment_status":"open","ping_status":"open","sticky":false,"template":"","format":"standard","meta":{"_monsterinsights_skip_tracking":false,"_monsterinsights_sitenote_active":false,"_monsterinsights_sitenote_note":"","_monsterinsights_sitenote_category":0,"footnotes":""},"categories":[407,408],"tags":[567,3508,3507,517,3506,3509],"class_list":["post-8230","post","type-post","status-publish","format-standard","hentry","category-arte-e-cultura","category-cinema","tag-cinema","tag-cuba","tag-franco-nero","tag-musica","tag-paolo-consorti","tag-pesaro"],"yoast_head":"<!-- This site is optimized with the Yoast SEO plugin v27.3 - https:\/\/yoast.com\/product\/yoast-seo-wordpress\/ -->\n<title>La musica \u00e8 il tema principale del nuovo film di Paolo Consorti - Article Marketing<\/title>\n<meta name=\"robots\" content=\"index, follow, max-snippet:-1, max-image-preview:large, max-video-preview:-1\" \/>\n<link rel=\"canonical\" href=\"https:\/\/www.article-marketing.eu\/comunicatistampa\/la-musica-tema-principale-del-film-paolo-consorti\/\" \/>\n<meta property=\"og:locale\" content=\"it_IT\" \/>\n<meta property=\"og:type\" content=\"article\" \/>\n<meta property=\"og:title\" content=\"La musica \u00e8 il tema principale del nuovo film di Paolo Consorti - Article Marketing\" \/>\n<meta property=\"og:description\" content=\"Primo Ciak il 9 gennaio per il nuovo film di Paolo Consorti dal titolo \u201cHavana Kyrie\u201d che vede come protagonista Franco Nero. Nel cast anche il celebre attore cubano Jorge Perugorria. La pellicola, prodotta dalla Vedado Films e da Opera Totale vedr\u00e0 le riprese italiane dal 9 al 12 gennaio a Pesaro per poi spostarsi a febbraio a Cuba. Vittorio, un burbero direttore d\u2019orchestra sul viale del tramonto, riceve un\u2019offertaContinue reading...\" \/>\n<meta property=\"og:url\" content=\"https:\/\/www.article-marketing.eu\/comunicatistampa\/la-musica-tema-principale-del-film-paolo-consorti\/\" \/>\n<meta property=\"og:site_name\" content=\"Article Marketing\" \/>\n<meta property=\"article:published_time\" content=\"2018-01-10T00:23:47+00:00\" \/>\n<meta property=\"article:modified_time\" content=\"2020-08-09T23:47:49+00:00\" \/>\n<meta name=\"author\" content=\"Uff Stampa\" \/>\n<meta name=\"twitter:card\" content=\"summary_large_image\" \/>\n<meta name=\"twitter:label1\" content=\"Scritto da\" \/>\n\t<meta name=\"twitter:data1\" content=\"Uff Stampa\" \/>\n\t<meta name=\"twitter:label2\" content=\"Tempo di lettura stimato\" \/>\n\t<meta name=\"twitter:data2\" content=\"5 minuti\" \/>\n<script type=\"application\/ld+json\" class=\"yoast-schema-graph\">{\"@context\":\"https:\\\/\\\/schema.org\",\"@graph\":[{\"@type\":\"Article\",\"@id\":\"https:\\\/\\\/www.article-marketing.eu\\\/comunicatistampa\\\/la-musica-tema-principale-del-film-paolo-consorti\\\/#article\",\"isPartOf\":{\"@id\":\"https:\\\/\\\/www.article-marketing.eu\\\/comunicatistampa\\\/la-musica-tema-principale-del-film-paolo-consorti\\\/\"},\"author\":{\"name\":\"Uff Stampa\",\"@id\":\"https:\\\/\\\/www.article-marketing.eu\\\/comunicatistampa\\\/#\\\/schema\\\/person\\\/22d81e7c04e93611ddcda888b65438d8\"},\"headline\":\"La musica \u00e8 il tema principale del nuovo film di Paolo Consorti\",\"datePublished\":\"2018-01-10T00:23:47+00:00\",\"dateModified\":\"2020-08-09T23:47:49+00:00\",\"mainEntityOfPage\":{\"@id\":\"https:\\\/\\\/www.article-marketing.eu\\\/comunicatistampa\\\/la-musica-tema-principale-del-film-paolo-consorti\\\/\"},\"wordCount\":952,\"commentCount\":0,\"keywords\":[\"Cinema\",\"Cuba\",\"Franco Nero\",\"Musica\",\"Paolo Consorti\",\"Pesaro\"],\"articleSection\":[\"Arte e cultura\",\"Cinema\"],\"inLanguage\":\"it-IT\",\"potentialAction\":[{\"@type\":\"CommentAction\",\"name\":\"Comment\",\"target\":[\"https:\\\/\\\/www.article-marketing.eu\\\/comunicatistampa\\\/la-musica-tema-principale-del-film-paolo-consorti\\\/#respond\"]}]},{\"@type\":\"WebPage\",\"@id\":\"https:\\\/\\\/www.article-marketing.eu\\\/comunicatistampa\\\/la-musica-tema-principale-del-film-paolo-consorti\\\/\",\"url\":\"https:\\\/\\\/www.article-marketing.eu\\\/comunicatistampa\\\/la-musica-tema-principale-del-film-paolo-consorti\\\/\",\"name\":\"La musica \u00e8 il tema principale del nuovo film di Paolo Consorti - Article Marketing\",\"isPartOf\":{\"@id\":\"https:\\\/\\\/www.article-marketing.eu\\\/comunicatistampa\\\/#website\"},\"datePublished\":\"2018-01-10T00:23:47+00:00\",\"dateModified\":\"2020-08-09T23:47:49+00:00\",\"author\":{\"@id\":\"https:\\\/\\\/www.article-marketing.eu\\\/comunicatistampa\\\/#\\\/schema\\\/person\\\/22d81e7c04e93611ddcda888b65438d8\"},\"breadcrumb\":{\"@id\":\"https:\\\/\\\/www.article-marketing.eu\\\/comunicatistampa\\\/la-musica-tema-principale-del-film-paolo-consorti\\\/#breadcrumb\"},\"inLanguage\":\"it-IT\",\"potentialAction\":[{\"@type\":\"ReadAction\",\"target\":[\"https:\\\/\\\/www.article-marketing.eu\\\/comunicatistampa\\\/la-musica-tema-principale-del-film-paolo-consorti\\\/\"]}]},{\"@type\":\"BreadcrumbList\",\"@id\":\"https:\\\/\\\/www.article-marketing.eu\\\/comunicatistampa\\\/la-musica-tema-principale-del-film-paolo-consorti\\\/#breadcrumb\",\"itemListElement\":[{\"@type\":\"ListItem\",\"position\":1,\"name\":\"Home\",\"item\":\"https:\\\/\\\/www.article-marketing.eu\\\/comunicatistampa\\\/\"},{\"@type\":\"ListItem\",\"position\":2,\"name\":\"La musica \u00e8 il tema principale del nuovo film di Paolo Consorti\"}]},{\"@type\":\"WebSite\",\"@id\":\"https:\\\/\\\/www.article-marketing.eu\\\/comunicatistampa\\\/#website\",\"url\":\"https:\\\/\\\/www.article-marketing.eu\\\/comunicatistampa\\\/\",\"name\":\"Article Marketing\",\"description\":\"article marketing &amp; press release\",\"potentialAction\":[{\"@type\":\"SearchAction\",\"target\":{\"@type\":\"EntryPoint\",\"urlTemplate\":\"https:\\\/\\\/www.article-marketing.eu\\\/comunicatistampa\\\/?s={search_term_string}\"},\"query-input\":{\"@type\":\"PropertyValueSpecification\",\"valueRequired\":true,\"valueName\":\"search_term_string\"}}],\"inLanguage\":\"it-IT\"},{\"@type\":\"Person\",\"@id\":\"https:\\\/\\\/www.article-marketing.eu\\\/comunicatistampa\\\/#\\\/schema\\\/person\\\/22d81e7c04e93611ddcda888b65438d8\",\"name\":\"Uff Stampa\",\"image\":{\"@type\":\"ImageObject\",\"inLanguage\":\"it-IT\",\"@id\":\"https:\\\/\\\/secure.gravatar.com\\\/avatar\\\/e3e9c5b947f539233b3f740c64e48242313649ff2a529b2191b5577aab6b4c57?s=96&d=mm&r=g\",\"url\":\"https:\\\/\\\/secure.gravatar.com\\\/avatar\\\/e3e9c5b947f539233b3f740c64e48242313649ff2a529b2191b5577aab6b4c57?s=96&d=mm&r=g\",\"contentUrl\":\"https:\\\/\\\/secure.gravatar.com\\\/avatar\\\/e3e9c5b947f539233b3f740c64e48242313649ff2a529b2191b5577aab6b4c57?s=96&d=mm&r=g\",\"caption\":\"Uff Stampa\"},\"url\":\"https:\\\/\\\/www.article-marketing.eu\\\/comunicatistampa\\\/author\\\/uff-stampa\\\/\"}]}<\/script>\n<!-- \/ Yoast SEO plugin. -->","yoast_head_json":{"title":"La musica \u00e8 il tema principale del nuovo film di Paolo Consorti - Article Marketing","robots":{"index":"index","follow":"follow","max-snippet":"max-snippet:-1","max-image-preview":"max-image-preview:large","max-video-preview":"max-video-preview:-1"},"canonical":"https:\/\/www.article-marketing.eu\/comunicatistampa\/la-musica-tema-principale-del-film-paolo-consorti\/","og_locale":"it_IT","og_type":"article","og_title":"La musica \u00e8 il tema principale del nuovo film di Paolo Consorti - Article Marketing","og_description":"Primo Ciak il 9 gennaio per il nuovo film di Paolo Consorti dal titolo \u201cHavana Kyrie\u201d che vede come protagonista Franco Nero. Nel cast anche il celebre attore cubano Jorge Perugorria. La pellicola, prodotta dalla Vedado Films e da Opera Totale vedr\u00e0 le riprese italiane dal 9 al 12 gennaio a Pesaro per poi spostarsi a febbraio a Cuba. Vittorio, un burbero direttore d\u2019orchestra sul viale del tramonto, riceve un\u2019offertaContinue reading...","og_url":"https:\/\/www.article-marketing.eu\/comunicatistampa\/la-musica-tema-principale-del-film-paolo-consorti\/","og_site_name":"Article Marketing","article_published_time":"2018-01-10T00:23:47+00:00","article_modified_time":"2020-08-09T23:47:49+00:00","author":"Uff Stampa","twitter_card":"summary_large_image","twitter_misc":{"Scritto da":"Uff Stampa","Tempo di lettura stimato":"5 minuti"},"schema":{"@context":"https:\/\/schema.org","@graph":[{"@type":"Article","@id":"https:\/\/www.article-marketing.eu\/comunicatistampa\/la-musica-tema-principale-del-film-paolo-consorti\/#article","isPartOf":{"@id":"https:\/\/www.article-marketing.eu\/comunicatistampa\/la-musica-tema-principale-del-film-paolo-consorti\/"},"author":{"name":"Uff Stampa","@id":"https:\/\/www.article-marketing.eu\/comunicatistampa\/#\/schema\/person\/22d81e7c04e93611ddcda888b65438d8"},"headline":"La musica \u00e8 il tema principale del nuovo film di Paolo Consorti","datePublished":"2018-01-10T00:23:47+00:00","dateModified":"2020-08-09T23:47:49+00:00","mainEntityOfPage":{"@id":"https:\/\/www.article-marketing.eu\/comunicatistampa\/la-musica-tema-principale-del-film-paolo-consorti\/"},"wordCount":952,"commentCount":0,"keywords":["Cinema","Cuba","Franco Nero","Musica","Paolo Consorti","Pesaro"],"articleSection":["Arte e cultura","Cinema"],"inLanguage":"it-IT","potentialAction":[{"@type":"CommentAction","name":"Comment","target":["https:\/\/www.article-marketing.eu\/comunicatistampa\/la-musica-tema-principale-del-film-paolo-consorti\/#respond"]}]},{"@type":"WebPage","@id":"https:\/\/www.article-marketing.eu\/comunicatistampa\/la-musica-tema-principale-del-film-paolo-consorti\/","url":"https:\/\/www.article-marketing.eu\/comunicatistampa\/la-musica-tema-principale-del-film-paolo-consorti\/","name":"La musica \u00e8 il tema principale del nuovo film di Paolo Consorti - Article Marketing","isPartOf":{"@id":"https:\/\/www.article-marketing.eu\/comunicatistampa\/#website"},"datePublished":"2018-01-10T00:23:47+00:00","dateModified":"2020-08-09T23:47:49+00:00","author":{"@id":"https:\/\/www.article-marketing.eu\/comunicatistampa\/#\/schema\/person\/22d81e7c04e93611ddcda888b65438d8"},"breadcrumb":{"@id":"https:\/\/www.article-marketing.eu\/comunicatistampa\/la-musica-tema-principale-del-film-paolo-consorti\/#breadcrumb"},"inLanguage":"it-IT","potentialAction":[{"@type":"ReadAction","target":["https:\/\/www.article-marketing.eu\/comunicatistampa\/la-musica-tema-principale-del-film-paolo-consorti\/"]}]},{"@type":"BreadcrumbList","@id":"https:\/\/www.article-marketing.eu\/comunicatistampa\/la-musica-tema-principale-del-film-paolo-consorti\/#breadcrumb","itemListElement":[{"@type":"ListItem","position":1,"name":"Home","item":"https:\/\/www.article-marketing.eu\/comunicatistampa\/"},{"@type":"ListItem","position":2,"name":"La musica \u00e8 il tema principale del nuovo film di Paolo Consorti"}]},{"@type":"WebSite","@id":"https:\/\/www.article-marketing.eu\/comunicatistampa\/#website","url":"https:\/\/www.article-marketing.eu\/comunicatistampa\/","name":"Article Marketing","description":"article marketing &amp; press release","potentialAction":[{"@type":"SearchAction","target":{"@type":"EntryPoint","urlTemplate":"https:\/\/www.article-marketing.eu\/comunicatistampa\/?s={search_term_string}"},"query-input":{"@type":"PropertyValueSpecification","valueRequired":true,"valueName":"search_term_string"}}],"inLanguage":"it-IT"},{"@type":"Person","@id":"https:\/\/www.article-marketing.eu\/comunicatistampa\/#\/schema\/person\/22d81e7c04e93611ddcda888b65438d8","name":"Uff Stampa","image":{"@type":"ImageObject","inLanguage":"it-IT","@id":"https:\/\/secure.gravatar.com\/avatar\/e3e9c5b947f539233b3f740c64e48242313649ff2a529b2191b5577aab6b4c57?s=96&d=mm&r=g","url":"https:\/\/secure.gravatar.com\/avatar\/e3e9c5b947f539233b3f740c64e48242313649ff2a529b2191b5577aab6b4c57?s=96&d=mm&r=g","contentUrl":"https:\/\/secure.gravatar.com\/avatar\/e3e9c5b947f539233b3f740c64e48242313649ff2a529b2191b5577aab6b4c57?s=96&d=mm&r=g","caption":"Uff Stampa"},"url":"https:\/\/www.article-marketing.eu\/comunicatistampa\/author\/uff-stampa\/"}]}},"_links":{"self":[{"href":"https:\/\/www.article-marketing.eu\/comunicatistampa\/wp-json\/wp\/v2\/posts\/8230","targetHints":{"allow":["GET"]}}],"collection":[{"href":"https:\/\/www.article-marketing.eu\/comunicatistampa\/wp-json\/wp\/v2\/posts"}],"about":[{"href":"https:\/\/www.article-marketing.eu\/comunicatistampa\/wp-json\/wp\/v2\/types\/post"}],"author":[{"embeddable":true,"href":"https:\/\/www.article-marketing.eu\/comunicatistampa\/wp-json\/wp\/v2\/users\/48"}],"replies":[{"embeddable":true,"href":"https:\/\/www.article-marketing.eu\/comunicatistampa\/wp-json\/wp\/v2\/comments?post=8230"}],"version-history":[{"count":2,"href":"https:\/\/www.article-marketing.eu\/comunicatistampa\/wp-json\/wp\/v2\/posts\/8230\/revisions"}],"predecessor-version":[{"id":8265,"href":"https:\/\/www.article-marketing.eu\/comunicatistampa\/wp-json\/wp\/v2\/posts\/8230\/revisions\/8265"}],"wp:attachment":[{"href":"https:\/\/www.article-marketing.eu\/comunicatistampa\/wp-json\/wp\/v2\/media?parent=8230"}],"wp:term":[{"taxonomy":"category","embeddable":true,"href":"https:\/\/www.article-marketing.eu\/comunicatistampa\/wp-json\/wp\/v2\/categories?post=8230"},{"taxonomy":"post_tag","embeddable":true,"href":"https:\/\/www.article-marketing.eu\/comunicatistampa\/wp-json\/wp\/v2\/tags?post=8230"}],"curies":[{"name":"wp","href":"https:\/\/api.w.org\/{rel}","templated":true}]}}