{"id":8244,"date":"2018-01-10T02:03:52","date_gmt":"2018-01-10T01:03:52","guid":{"rendered":"http:\/\/www.article-marketing.eu\/comunicatistampa\/?p=8244"},"modified":"2018-01-10T02:03:52","modified_gmt":"2018-01-10T01:03:52","slug":"un-giardino-la-biodiversita","status":"publish","type":"post","link":"https:\/\/www.article-marketing.eu\/comunicatistampa\/un-giardino-la-biodiversita\/","title":{"rendered":"Un giardino per la biodiversit\u00e0"},"content":{"rendered":"<p>Ricoh Italia promuove uno sviluppo sostenibile nei confronti dell\u2019ambiente, impegnandosi nella tutela del territorio e della biodiversit\u00e0 locale. Nel 2012 Ricoh ha inaugurato un giardino naturalistico presso la scuola dell\u2019infanzia e primaria di via Fiume nel Comune di Vimodrone e ogni anno sviluppa attivit\u00e0 per aumentare la consapevolezza dell\u2019importanza della tutela dell\u2019ambiente nelle nuove generazioni.<br \/>\nLa responsabilit\u00e0 sociale \u00e8 parte integrante dei valori del brand Ricoh, che adotta un approccio etico in ogni attivit\u00e0 aziendale, focalizzandosi sull\u2019ambiente, sul rispetto delle persone e sull\u2019armonia con la societ\u00e0 in cui opera. Ricoh si impegna per minimizzare il proprio impatto sull\u2019ambiente da oltre 70 anni, fin da quando il fondatore di Ricoh ha riconosciuto l\u2019importanza della CSR, diventata subito un valore fondamentale per l\u2019azienda. Il commitment di Ricoh verso l&#8217;ambiente va oltre i semplici requisiti normativi integrando obiettivi &#8220;green&#8221; con strategie di business per raggiungere traguardi ambientali e di profittabilit\u00e0. In linea con le strategie globali, Ricoh Italia promuove uno sviluppo sostenibile nei confronti dell\u2019ambiente, impegnandosi nella tutela del territorio e della biodiversit\u00e0 locale.<\/p>\n<p>Il progetto<br \/>\nPer aumentare la consapevolezza sull\u2019argomento nelle nuove generazioni, Ricoh Italia ha inaugurato nel 2012 un giardino naturalistico presso la scuola dell\u2019infanzia e primaria di via Fiume nel Comune di Vimodrone. In questo angolo di verde, realizzato in collaborazione con gli esperti in biodiversit\u00e0 di Ecos Studio Associato, sono state piantumate essenze vegetali tipiche della zona e installate cassette nido e mangiatoie. Questo progetto punta a sviluppare la consapevolezza dell\u2019importanza della tutela dell\u2019ambiente: i bambini della scuola d\u2019infanzia vengono coinvolti in una serie di attivit\u00e0 interattive che li portano a entrare in contatto con le piante e gli animali del nostro territorio.<\/p>\n<p>\u201cE da grande cosa sar\u00f2?\u201d<br \/>\nIn particolare nel 2016 \u2013 per il secondo anno consecutivo \u2013 i bambini della scuola sono stati coinvolti nel progetto \u201cE da grande cosa sar\u00f2?\u201d che ha previsto l\u2019allevamento di bruchi per permettere loro di osservare il ciclo vitale di una farfalla.<\/p>\n<p>Diverse sono le attivit\u00e0 svolte in relazione a questo progetto:<br \/>\n\u2022 lezioni interattive e letture di fiabe (per la scuola d\u2019infanzia)<br \/>\n\u2022 osservazione diretta dei bruchi<br \/>\n\u2022 giochi per trasmettere in modo ludico conoscenze sull&#8217;ambiente<br \/>\nCon l\u2019obiettivo di sviluppare nei bambini il senso di responsabilit\u00e0 verso l\u2019ecosistema che ci circonda, il progetto stimola in loro l\u2019osservazione costante della natura e degli habitat naturali. Per i bambini prendersi cura dei bruchi significa imparare a considerare le esigenze di un altro essere vivente, rispettare pazientemente i suoi ritmi di crescita ed eventualmente affrontare e superare la frustrazione di un insuccesso.<\/p>\n<p>Lo scopo<br \/>\nRicoh Italia vuole dare un contributo positivo per prevenire l\u2019impoverimento ambientale derivante dalla distruzione degli ecosistemi. Il \u201cGiardino Incantato\u201d coniuga un\u2019azione diretta sul territorio e sulle risorse locali a una componente di sensibilizzazione e di formazione che \u00e8 indispensabile per ottenere risultati duraturi nel tempo. Dare ai bambini la possibilit\u00e0 di entrare in contatto con le piante e gli animali del nostro territorio significa far nascere il rispetto verso l\u2019ambiente che ci circonda, a beneficio di tutta la comunit\u00e0.<\/p>\n<p>Dopo alcuni mesi dall\u2019avvio del progetto sono stati registrati importanti risultati. I bambini e le insegnanti hanno partecipato con entusiasmo al progetto, dal quale hanno colto alcuni messaggi importanti.<\/p>\n<p>Il primo messaggio riguarda la creazione dell\u2019habitat. Non \u00e8 possibile obbligare animali di diverse specie a popolare \u2013 o ripopolare &#8211; una determinata area, ma \u00e8 d\u2019altro canto possibile agire in modo che queste specie trovino in quella zona le condizioni ideali per stabilirvisi e riprodursi. A tale scopo, nel \u201cGiardino Incantato\u201d sono state introdotte e seminate piante ed erbe selezionate e coerenti con il territorio, in grado di attrarre la fauna dell\u2019ecosistema del luogo.<\/p>\n<p>Un secondo punto riguarda l\u2019estetica del giardino. Per sostenere la proliferazione delle specie vegetali che favoriscono l\u2019introduzione della fauna locale \u00e8 necessario rinunciare, almeno in parte, alla classica estetica del giardino curato: infatti, mentre l\u2019uso di insetticidi ed altri prodotti chimici non permette agli animali di trovare cibo nell\u2019area, la pratica di estirpare le antiestetiche \u201cerbacce\u201d rischia di danneggiare le specie che di quelle erbe si nutrono. Ricoh Italia ha cos\u00ec optato per un tipo di giardino solo in apparenza meno curato, ma ricco di specie ed in grado di favorire la biodiversit\u00e0.<\/p>\n<p>Infine, bisogna sottolineare l\u2019aspetto didattico. Erbe e fiori appassiti possono essere uno spunto di riflessione importante per spiegare ai bambini il ciclo della natura: i fiori avvizziti hanno offerto cibo e riparo ad insetti ed uccelli, mentre il frutto appassito permette adesso ai semi di cadere in terra, e di dare cos\u00ec nuovo avvio al ciclo della vita. Il progetto prevede inoltre che alcune piante presenti nel \u201cGiardino Incantato\u201d siano raccolte e seccate per enfatizzare la percezione dei profumi e spiegare l\u2019impatto che questi profumi hanno sulle diverse specie animali.<\/p>\n<p>A corollario di tutti i messaggi positivi che il progetto ha voluto veicolare rimangono di primaria importanza per i bambini i concetti di rispetto della natura in tutte le sue accezioni e di condivisione delle esperienze con i compagni di classe e con le proprie famiglie; i contenuti ambientali si vanno cos\u00ec a legare in senso pi\u00f9 ampio ai primi rudimenti di responsabilit\u00e0 sociale e di etica che saranno alla base del loro diventare adulti.<\/p>\n","protected":false},"excerpt":{"rendered":"<p>Ricoh Italia promuove uno sviluppo sostenibile nei confronti dell\u2019ambiente, impegnandosi nella tutela del territorio e della biodiversit\u00e0 locale. Nel 2012 Ricoh ha inaugurato un giardino naturalistico presso la scuola dell\u2019infanzia e primaria di via Fiume nel Comune di Vimodrone e ogni anno sviluppa attivit\u00e0 per aumentare la consapevolezza dell\u2019importanza della tutela dell\u2019ambiente nelle nuove generazioni. La responsabilit\u00e0 sociale \u00e8 parte integrante dei valori del brand Ricoh, che adotta un approccio<\/p>\n<p><a class=\"continue-reading\" href=\"https:\/\/www.article-marketing.eu\/comunicatistampa\/un-giardino-la-biodiversita\/\">Continue reading&#8230;<\/a><\/p>\n","protected":false},"author":15,"featured_media":0,"comment_status":"open","ping_status":"open","sticky":false,"template":"","format":"standard","meta":{"_monsterinsights_skip_tracking":false,"_monsterinsights_sitenote_active":false,"_monsterinsights_sitenote_note":"","_monsterinsights_sitenote_category":0,"footnotes":""},"categories":[78],"tags":[],"class_list":["post-8244","post","type-post","status-publish","format-standard","hentry","category-comunicati-stampa"],"yoast_head":"<!-- This site is optimized with the Yoast SEO plugin v27.3 - https:\/\/yoast.com\/product\/yoast-seo-wordpress\/ -->\n<title>Un giardino per la biodiversit\u00e0 - Article Marketing<\/title>\n<meta name=\"robots\" content=\"index, follow, max-snippet:-1, max-image-preview:large, max-video-preview:-1\" \/>\n<link rel=\"canonical\" href=\"https:\/\/www.article-marketing.eu\/comunicatistampa\/un-giardino-la-biodiversita\/\" \/>\n<meta property=\"og:locale\" content=\"it_IT\" \/>\n<meta property=\"og:type\" content=\"article\" \/>\n<meta property=\"og:title\" content=\"Un giardino per la biodiversit\u00e0 - Article Marketing\" \/>\n<meta property=\"og:description\" content=\"Ricoh Italia promuove uno sviluppo sostenibile nei confronti dell\u2019ambiente, impegnandosi nella tutela del territorio e della biodiversit\u00e0 locale. Nel 2012 Ricoh ha inaugurato un giardino naturalistico presso la scuola dell\u2019infanzia e primaria di via Fiume nel Comune di Vimodrone e ogni anno sviluppa attivit\u00e0 per aumentare la consapevolezza dell\u2019importanza della tutela dell\u2019ambiente nelle nuove generazioni. La responsabilit\u00e0 sociale \u00e8 parte integrante dei valori del brand Ricoh, che adotta un approccioContinue reading...\" \/>\n<meta property=\"og:url\" content=\"https:\/\/www.article-marketing.eu\/comunicatistampa\/un-giardino-la-biodiversita\/\" \/>\n<meta property=\"og:site_name\" content=\"Article Marketing\" \/>\n<meta property=\"article:published_time\" content=\"2018-01-10T01:03:52+00:00\" \/>\n<meta name=\"author\" content=\"MartaOldani\" \/>\n<meta name=\"twitter:card\" content=\"summary_large_image\" \/>\n<meta name=\"twitter:label1\" content=\"Scritto da\" \/>\n\t<meta name=\"twitter:data1\" content=\"MartaOldani\" \/>\n\t<meta name=\"twitter:label2\" content=\"Tempo di lettura stimato\" \/>\n\t<meta name=\"twitter:data2\" content=\"4 minuti\" \/>\n<script type=\"application\/ld+json\" class=\"yoast-schema-graph\">{\"@context\":\"https:\\\/\\\/schema.org\",\"@graph\":[{\"@type\":\"Article\",\"@id\":\"https:\\\/\\\/www.article-marketing.eu\\\/comunicatistampa\\\/un-giardino-la-biodiversita\\\/#article\",\"isPartOf\":{\"@id\":\"https:\\\/\\\/www.article-marketing.eu\\\/comunicatistampa\\\/un-giardino-la-biodiversita\\\/\"},\"author\":{\"name\":\"MartaOldani\",\"@id\":\"https:\\\/\\\/www.article-marketing.eu\\\/comunicatistampa\\\/#\\\/schema\\\/person\\\/11429a0958085546a14f2ef8706ed1ad\"},\"headline\":\"Un giardino per la biodiversit\u00e0\",\"datePublished\":\"2018-01-10T01:03:52+00:00\",\"mainEntityOfPage\":{\"@id\":\"https:\\\/\\\/www.article-marketing.eu\\\/comunicatistampa\\\/un-giardino-la-biodiversita\\\/\"},\"wordCount\":885,\"commentCount\":0,\"articleSection\":[\"Comunicati stampa\"],\"inLanguage\":\"it-IT\",\"potentialAction\":[{\"@type\":\"CommentAction\",\"name\":\"Comment\",\"target\":[\"https:\\\/\\\/www.article-marketing.eu\\\/comunicatistampa\\\/un-giardino-la-biodiversita\\\/#respond\"]}]},{\"@type\":\"WebPage\",\"@id\":\"https:\\\/\\\/www.article-marketing.eu\\\/comunicatistampa\\\/un-giardino-la-biodiversita\\\/\",\"url\":\"https:\\\/\\\/www.article-marketing.eu\\\/comunicatistampa\\\/un-giardino-la-biodiversita\\\/\",\"name\":\"Un giardino per la biodiversit\u00e0 - Article Marketing\",\"isPartOf\":{\"@id\":\"https:\\\/\\\/www.article-marketing.eu\\\/comunicatistampa\\\/#website\"},\"datePublished\":\"2018-01-10T01:03:52+00:00\",\"author\":{\"@id\":\"https:\\\/\\\/www.article-marketing.eu\\\/comunicatistampa\\\/#\\\/schema\\\/person\\\/11429a0958085546a14f2ef8706ed1ad\"},\"breadcrumb\":{\"@id\":\"https:\\\/\\\/www.article-marketing.eu\\\/comunicatistampa\\\/un-giardino-la-biodiversita\\\/#breadcrumb\"},\"inLanguage\":\"it-IT\",\"potentialAction\":[{\"@type\":\"ReadAction\",\"target\":[\"https:\\\/\\\/www.article-marketing.eu\\\/comunicatistampa\\\/un-giardino-la-biodiversita\\\/\"]}]},{\"@type\":\"BreadcrumbList\",\"@id\":\"https:\\\/\\\/www.article-marketing.eu\\\/comunicatistampa\\\/un-giardino-la-biodiversita\\\/#breadcrumb\",\"itemListElement\":[{\"@type\":\"ListItem\",\"position\":1,\"name\":\"Home\",\"item\":\"https:\\\/\\\/www.article-marketing.eu\\\/comunicatistampa\\\/\"},{\"@type\":\"ListItem\",\"position\":2,\"name\":\"Un giardino per la biodiversit\u00e0\"}]},{\"@type\":\"WebSite\",\"@id\":\"https:\\\/\\\/www.article-marketing.eu\\\/comunicatistampa\\\/#website\",\"url\":\"https:\\\/\\\/www.article-marketing.eu\\\/comunicatistampa\\\/\",\"name\":\"Article Marketing\",\"description\":\"article marketing &amp; press release\",\"potentialAction\":[{\"@type\":\"SearchAction\",\"target\":{\"@type\":\"EntryPoint\",\"urlTemplate\":\"https:\\\/\\\/www.article-marketing.eu\\\/comunicatistampa\\\/?s={search_term_string}\"},\"query-input\":{\"@type\":\"PropertyValueSpecification\",\"valueRequired\":true,\"valueName\":\"search_term_string\"}}],\"inLanguage\":\"it-IT\"},{\"@type\":\"Person\",\"@id\":\"https:\\\/\\\/www.article-marketing.eu\\\/comunicatistampa\\\/#\\\/schema\\\/person\\\/11429a0958085546a14f2ef8706ed1ad\",\"name\":\"MartaOldani\",\"image\":{\"@type\":\"ImageObject\",\"inLanguage\":\"it-IT\",\"@id\":\"https:\\\/\\\/secure.gravatar.com\\\/avatar\\\/61f67e4d0e5fe2ae475d07df4f372fb6eb25341737f3c7e794f70d4c169f28dd?s=96&d=mm&r=g\",\"url\":\"https:\\\/\\\/secure.gravatar.com\\\/avatar\\\/61f67e4d0e5fe2ae475d07df4f372fb6eb25341737f3c7e794f70d4c169f28dd?s=96&d=mm&r=g\",\"contentUrl\":\"https:\\\/\\\/secure.gravatar.com\\\/avatar\\\/61f67e4d0e5fe2ae475d07df4f372fb6eb25341737f3c7e794f70d4c169f28dd?s=96&d=mm&r=g\",\"caption\":\"MartaOldani\"},\"url\":\"https:\\\/\\\/www.article-marketing.eu\\\/comunicatistampa\\\/author\\\/martaoldani\\\/\"}]}<\/script>\n<!-- \/ Yoast SEO plugin. -->","yoast_head_json":{"title":"Un giardino per la biodiversit\u00e0 - Article Marketing","robots":{"index":"index","follow":"follow","max-snippet":"max-snippet:-1","max-image-preview":"max-image-preview:large","max-video-preview":"max-video-preview:-1"},"canonical":"https:\/\/www.article-marketing.eu\/comunicatistampa\/un-giardino-la-biodiversita\/","og_locale":"it_IT","og_type":"article","og_title":"Un giardino per la biodiversit\u00e0 - Article Marketing","og_description":"Ricoh Italia promuove uno sviluppo sostenibile nei confronti dell\u2019ambiente, impegnandosi nella tutela del territorio e della biodiversit\u00e0 locale. Nel 2012 Ricoh ha inaugurato un giardino naturalistico presso la scuola dell\u2019infanzia e primaria di via Fiume nel Comune di Vimodrone e ogni anno sviluppa attivit\u00e0 per aumentare la consapevolezza dell\u2019importanza della tutela dell\u2019ambiente nelle nuove generazioni. La responsabilit\u00e0 sociale \u00e8 parte integrante dei valori del brand Ricoh, che adotta un approccioContinue reading...","og_url":"https:\/\/www.article-marketing.eu\/comunicatistampa\/un-giardino-la-biodiversita\/","og_site_name":"Article Marketing","article_published_time":"2018-01-10T01:03:52+00:00","author":"MartaOldani","twitter_card":"summary_large_image","twitter_misc":{"Scritto da":"MartaOldani","Tempo di lettura stimato":"4 minuti"},"schema":{"@context":"https:\/\/schema.org","@graph":[{"@type":"Article","@id":"https:\/\/www.article-marketing.eu\/comunicatistampa\/un-giardino-la-biodiversita\/#article","isPartOf":{"@id":"https:\/\/www.article-marketing.eu\/comunicatistampa\/un-giardino-la-biodiversita\/"},"author":{"name":"MartaOldani","@id":"https:\/\/www.article-marketing.eu\/comunicatistampa\/#\/schema\/person\/11429a0958085546a14f2ef8706ed1ad"},"headline":"Un giardino per la biodiversit\u00e0","datePublished":"2018-01-10T01:03:52+00:00","mainEntityOfPage":{"@id":"https:\/\/www.article-marketing.eu\/comunicatistampa\/un-giardino-la-biodiversita\/"},"wordCount":885,"commentCount":0,"articleSection":["Comunicati stampa"],"inLanguage":"it-IT","potentialAction":[{"@type":"CommentAction","name":"Comment","target":["https:\/\/www.article-marketing.eu\/comunicatistampa\/un-giardino-la-biodiversita\/#respond"]}]},{"@type":"WebPage","@id":"https:\/\/www.article-marketing.eu\/comunicatistampa\/un-giardino-la-biodiversita\/","url":"https:\/\/www.article-marketing.eu\/comunicatistampa\/un-giardino-la-biodiversita\/","name":"Un giardino per la biodiversit\u00e0 - Article Marketing","isPartOf":{"@id":"https:\/\/www.article-marketing.eu\/comunicatistampa\/#website"},"datePublished":"2018-01-10T01:03:52+00:00","author":{"@id":"https:\/\/www.article-marketing.eu\/comunicatistampa\/#\/schema\/person\/11429a0958085546a14f2ef8706ed1ad"},"breadcrumb":{"@id":"https:\/\/www.article-marketing.eu\/comunicatistampa\/un-giardino-la-biodiversita\/#breadcrumb"},"inLanguage":"it-IT","potentialAction":[{"@type":"ReadAction","target":["https:\/\/www.article-marketing.eu\/comunicatistampa\/un-giardino-la-biodiversita\/"]}]},{"@type":"BreadcrumbList","@id":"https:\/\/www.article-marketing.eu\/comunicatistampa\/un-giardino-la-biodiversita\/#breadcrumb","itemListElement":[{"@type":"ListItem","position":1,"name":"Home","item":"https:\/\/www.article-marketing.eu\/comunicatistampa\/"},{"@type":"ListItem","position":2,"name":"Un giardino per la biodiversit\u00e0"}]},{"@type":"WebSite","@id":"https:\/\/www.article-marketing.eu\/comunicatistampa\/#website","url":"https:\/\/www.article-marketing.eu\/comunicatistampa\/","name":"Article Marketing","description":"article marketing &amp; press release","potentialAction":[{"@type":"SearchAction","target":{"@type":"EntryPoint","urlTemplate":"https:\/\/www.article-marketing.eu\/comunicatistampa\/?s={search_term_string}"},"query-input":{"@type":"PropertyValueSpecification","valueRequired":true,"valueName":"search_term_string"}}],"inLanguage":"it-IT"},{"@type":"Person","@id":"https:\/\/www.article-marketing.eu\/comunicatistampa\/#\/schema\/person\/11429a0958085546a14f2ef8706ed1ad","name":"MartaOldani","image":{"@type":"ImageObject","inLanguage":"it-IT","@id":"https:\/\/secure.gravatar.com\/avatar\/61f67e4d0e5fe2ae475d07df4f372fb6eb25341737f3c7e794f70d4c169f28dd?s=96&d=mm&r=g","url":"https:\/\/secure.gravatar.com\/avatar\/61f67e4d0e5fe2ae475d07df4f372fb6eb25341737f3c7e794f70d4c169f28dd?s=96&d=mm&r=g","contentUrl":"https:\/\/secure.gravatar.com\/avatar\/61f67e4d0e5fe2ae475d07df4f372fb6eb25341737f3c7e794f70d4c169f28dd?s=96&d=mm&r=g","caption":"MartaOldani"},"url":"https:\/\/www.article-marketing.eu\/comunicatistampa\/author\/martaoldani\/"}]}},"_links":{"self":[{"href":"https:\/\/www.article-marketing.eu\/comunicatistampa\/wp-json\/wp\/v2\/posts\/8244","targetHints":{"allow":["GET"]}}],"collection":[{"href":"https:\/\/www.article-marketing.eu\/comunicatistampa\/wp-json\/wp\/v2\/posts"}],"about":[{"href":"https:\/\/www.article-marketing.eu\/comunicatistampa\/wp-json\/wp\/v2\/types\/post"}],"author":[{"embeddable":true,"href":"https:\/\/www.article-marketing.eu\/comunicatistampa\/wp-json\/wp\/v2\/users\/15"}],"replies":[{"embeddable":true,"href":"https:\/\/www.article-marketing.eu\/comunicatistampa\/wp-json\/wp\/v2\/comments?post=8244"}],"version-history":[{"count":3,"href":"https:\/\/www.article-marketing.eu\/comunicatistampa\/wp-json\/wp\/v2\/posts\/8244\/revisions"}],"predecessor-version":[{"id":8268,"href":"https:\/\/www.article-marketing.eu\/comunicatistampa\/wp-json\/wp\/v2\/posts\/8244\/revisions\/8268"}],"wp:attachment":[{"href":"https:\/\/www.article-marketing.eu\/comunicatistampa\/wp-json\/wp\/v2\/media?parent=8244"}],"wp:term":[{"taxonomy":"category","embeddable":true,"href":"https:\/\/www.article-marketing.eu\/comunicatistampa\/wp-json\/wp\/v2\/categories?post=8244"},{"taxonomy":"post_tag","embeddable":true,"href":"https:\/\/www.article-marketing.eu\/comunicatistampa\/wp-json\/wp\/v2\/tags?post=8244"}],"curies":[{"name":"wp","href":"https:\/\/api.w.org\/{rel}","templated":true}]}}