{"id":8338,"date":"2018-01-12T21:58:09","date_gmt":"2018-01-12T20:58:09","guid":{"rendered":"http:\/\/www.article-marketing.eu\/comunicatistampa\/?p=8338"},"modified":"2020-03-26T13:55:37","modified_gmt":"2020-03-26T12:55:37","slug":"firenze-mostra-personale-del-fotografo-francesco-bertola","status":"publish","type":"post","link":"https:\/\/www.article-marketing.eu\/comunicatistampa\/firenze-mostra-personale-del-fotografo-francesco-bertola\/","title":{"rendered":"Firenze: mostra personale del fotografo Francesco Bertola"},"content":{"rendered":"<p><strong>Lo Spazio Etra Studio Tommasi presenta \u201c3\u201d<\/strong><br \/>\n<strong>mostra personale del fotografo Francesco Bertola<\/strong><br \/>\n(Gennaio, 10-24 2018)<\/p>\n<p>Si potranno ammirare una <strong>trentina di opere fotografiche<\/strong> all\u2019interno della magica cornice del palazzo in via Della Pergola a Firenze.<\/p>\n<p>Il 3 simboleggia il numero della perfezione, della creazione e della totalit\u00e0 cosmica, ma per l\u2019artista \u00e8 la terza presenza che si inserisce per la prima volta nel rapporto tra fotografo e personaggio, una presenza determinante per Bertola dato che stiamo parlando di Jeannine, la sua musa ispiratrice, la sua compagna e la sua linfa vitale.<\/p>\n<p><strong>Una mostra che rappresenta il meglio della sua vasta produzione fotografica per proporre ai visitatori un viaggio simbolico nel suo universo dominato da nudi femminili e corpi maschili<\/strong> definiti \u201cpersonaggi\u201d dallo stesso artista che viene attratto dalla loro mente, dai loro occhi e in secondo luogo dalla loro fisicit\u00e0 che deve essere compatibile con la sua fotografia : una corporeit\u00e0 non perfetta, una bellezza dove il difetto, l\u2019elemento \u201cerrore\u201d diventa la forza della rappresentazione artistica. Francesco Bertola con la sua fotografia racconta l\u2019umanit\u00e0; nel suo immaginario l\u2019universo \u00e8 una ricerca di emozioni dove vengono annullate tutte le maschere che l\u2019uomo, nella sua quotidianit\u00e0, indossa per arrivare all\u2019io pi\u00f9 profondo dell\u2019essere umano dove coesistono forze, debolezze, timidezze\u2026<\/p>\n<p><strong>Francesco Bertola<\/strong><br \/>\nFrancesco Bertola inizia ad avvicinarsi al mondo della fotografia durante gli anni del liceo artistico frequentando lo studio di Franco Capra, in un primo momento come curioso e giovane allievo, poi come assistente lavorando per il grande fotografo. Con Capra, artista che lavor\u00f2 per diversi anni nel cinema, Bertola impara a \u201cvedere la luce\u201d non nella classica forma accademica bens\u00ec ad utilizzarla in maniera pi\u00f9 materica. Legato al mondo della scultura e tridimensionalit\u00e0 della materia, si iscriversi al corso di Scenografia all\u2019Accademia di Belle Arti di Brera a Milano per seguire le lezioni di Iole De Sanna. Durante il periodo all\u2019Accademia lavora assiduamente come assistente fotografo capendo che la sua vita doveva prendere questo indirizzo. Sviluppa una conoscenza fotografica tecnica nei pi\u00f9 importanti set di moda nazionali ed internazionali iniziando una carriera di fotografo scattando immagini per le pi\u00f9 prestigiose testate di moda italiane ed internazionali come L\u2019UOMO DI VOGUE, MARIECLAIRE, GQ, PLAY BOY etc.. Nel suo percorso professionale si ritrova a ritrarre personaggi del mondo dello spettacolo riconosciuti a livello internazionale come Tilda Swinton, Ralph Fiennes, Juliette Binoche, Roberto Bolle, Rupert Everett, Oliviero Toscani, Gabriele Salvatores, Ernesto Dargenio, Paz Vega, Giovanni Gastel, Francesco Montanari, Giovanni Caccamo, Liam Cunningham, Thomas McCarthy, Alessandro Preziosi, Anna Mouglalis \u2026<\/p>\n<p><strong>Informazioni: \u201c3\u201d<\/strong><br \/>\nmostra personale di Francesco Bertola A cura di Francesca Sacchi Tommasi<br \/>\nIn mostra dal 10 Gennaio 2018 al 24 Gennaio 2018<br \/>\nInaugurazione Mercoled\u00ec 10 Gennaio 2018 ore 18.30 \u2013 21.30<\/p>\n<p><strong>ETRA STUDIO TOMMASI<\/strong><br \/>\nVia Della Pergola 57 \u2013 50121 \u2013 Firenze Mart-Ven 15.00\u2013 19.00<br \/>\nMattina e sabato su appuntamento www.etrastudiotommasi.it<\/p>\n","protected":false},"excerpt":{"rendered":"<p>Lo Spazio Etra Studio Tommasi presenta \u201c3\u201d mostra personale del fotografo Francesco Bertola (Gennaio, 10-24 2018) Si potranno ammirare una trentina di opere fotografiche all\u2019interno della magica cornice del palazzo in via Della Pergola a Firenze. Il 3 simboleggia il numero della perfezione, della creazione e della totalit\u00e0 cosmica, ma per l\u2019artista \u00e8 la terza presenza che si inserisce per la prima volta nel rapporto tra fotografo e personaggio, una<\/p>\n<p><a class=\"continue-reading\" href=\"https:\/\/www.article-marketing.eu\/comunicatistampa\/firenze-mostra-personale-del-fotografo-francesco-bertola\/\">Continue reading&#8230;<\/a><\/p>\n","protected":false},"author":722,"featured_media":0,"comment_status":"open","ping_status":"open","sticky":false,"template":"","format":"standard","meta":{"_monsterinsights_skip_tracking":false,"_monsterinsights_sitenote_active":false,"_monsterinsights_sitenote_note":"","_monsterinsights_sitenote_category":0,"footnotes":""},"categories":[407],"tags":[505,3535,3171,3536],"class_list":["post-8338","post","type-post","status-publish","format-standard","hentry","category-arte-e-cultura","tag-firenze","tag-francesco-bertola","tag-mostra-fotografica","tag-spazio-etra-tommasi"],"yoast_head":"<!-- This site is optimized with the Yoast SEO plugin v27.3 - https:\/\/yoast.com\/product\/yoast-seo-wordpress\/ -->\n<title>Firenze: mostra personale del fotografo Francesco Bertola - Article Marketing<\/title>\n<meta name=\"robots\" content=\"index, follow, max-snippet:-1, max-image-preview:large, max-video-preview:-1\" \/>\n<link rel=\"canonical\" href=\"https:\/\/www.article-marketing.eu\/comunicatistampa\/firenze-mostra-personale-del-fotografo-francesco-bertola\/\" \/>\n<meta property=\"og:locale\" content=\"it_IT\" \/>\n<meta property=\"og:type\" content=\"article\" \/>\n<meta property=\"og:title\" content=\"Firenze: mostra personale del fotografo Francesco Bertola - Article Marketing\" \/>\n<meta property=\"og:description\" content=\"Lo Spazio Etra Studio Tommasi presenta \u201c3\u201d mostra personale del fotografo Francesco Bertola (Gennaio, 10-24 2018) Si potranno ammirare una trentina di opere fotografiche all\u2019interno della magica cornice del palazzo in via Della Pergola a Firenze. Il 3 simboleggia il numero della perfezione, della creazione e della totalit\u00e0 cosmica, ma per l\u2019artista \u00e8 la terza presenza che si inserisce per la prima volta nel rapporto tra fotografo e personaggio, unaContinue reading...\" \/>\n<meta property=\"og:url\" content=\"https:\/\/www.article-marketing.eu\/comunicatistampa\/firenze-mostra-personale-del-fotografo-francesco-bertola\/\" \/>\n<meta property=\"og:site_name\" content=\"Article Marketing\" \/>\n<meta property=\"article:published_time\" content=\"2018-01-12T20:58:09+00:00\" \/>\n<meta property=\"article:modified_time\" content=\"2020-03-26T12:55:37+00:00\" \/>\n<meta name=\"author\" content=\"Giordana Sapienza\" \/>\n<meta name=\"twitter:card\" content=\"summary_large_image\" \/>\n<meta name=\"twitter:label1\" content=\"Scritto da\" \/>\n\t<meta name=\"twitter:data1\" content=\"Giordana Sapienza\" \/>\n\t<meta name=\"twitter:label2\" content=\"Tempo di lettura stimato\" \/>\n\t<meta name=\"twitter:data2\" content=\"2 minuti\" \/>\n<script type=\"application\/ld+json\" class=\"yoast-schema-graph\">{\"@context\":\"https:\\\/\\\/schema.org\",\"@graph\":[{\"@type\":\"Article\",\"@id\":\"https:\\\/\\\/www.article-marketing.eu\\\/comunicatistampa\\\/firenze-mostra-personale-del-fotografo-francesco-bertola\\\/#article\",\"isPartOf\":{\"@id\":\"https:\\\/\\\/www.article-marketing.eu\\\/comunicatistampa\\\/firenze-mostra-personale-del-fotografo-francesco-bertola\\\/\"},\"author\":{\"name\":\"Giordana Sapienza\",\"@id\":\"https:\\\/\\\/www.article-marketing.eu\\\/comunicatistampa\\\/#\\\/schema\\\/person\\\/18be8627e543f6cac2547e3fb068fee6\"},\"headline\":\"Firenze: mostra personale del fotografo Francesco Bertola\",\"datePublished\":\"2018-01-12T20:58:09+00:00\",\"dateModified\":\"2020-03-26T12:55:37+00:00\",\"mainEntityOfPage\":{\"@id\":\"https:\\\/\\\/www.article-marketing.eu\\\/comunicatistampa\\\/firenze-mostra-personale-del-fotografo-francesco-bertola\\\/\"},\"wordCount\":465,\"commentCount\":0,\"keywords\":[\"firenze\",\"Francesco Bertola\",\"mostra fotografica\",\"Spazio Etra Tommasi\"],\"articleSection\":[\"Arte e cultura\"],\"inLanguage\":\"it-IT\",\"potentialAction\":[{\"@type\":\"CommentAction\",\"name\":\"Comment\",\"target\":[\"https:\\\/\\\/www.article-marketing.eu\\\/comunicatistampa\\\/firenze-mostra-personale-del-fotografo-francesco-bertola\\\/#respond\"]}]},{\"@type\":\"WebPage\",\"@id\":\"https:\\\/\\\/www.article-marketing.eu\\\/comunicatistampa\\\/firenze-mostra-personale-del-fotografo-francesco-bertola\\\/\",\"url\":\"https:\\\/\\\/www.article-marketing.eu\\\/comunicatistampa\\\/firenze-mostra-personale-del-fotografo-francesco-bertola\\\/\",\"name\":\"Firenze: mostra personale del fotografo Francesco Bertola - Article Marketing\",\"isPartOf\":{\"@id\":\"https:\\\/\\\/www.article-marketing.eu\\\/comunicatistampa\\\/#website\"},\"datePublished\":\"2018-01-12T20:58:09+00:00\",\"dateModified\":\"2020-03-26T12:55:37+00:00\",\"author\":{\"@id\":\"https:\\\/\\\/www.article-marketing.eu\\\/comunicatistampa\\\/#\\\/schema\\\/person\\\/18be8627e543f6cac2547e3fb068fee6\"},\"breadcrumb\":{\"@id\":\"https:\\\/\\\/www.article-marketing.eu\\\/comunicatistampa\\\/firenze-mostra-personale-del-fotografo-francesco-bertola\\\/#breadcrumb\"},\"inLanguage\":\"it-IT\",\"potentialAction\":[{\"@type\":\"ReadAction\",\"target\":[\"https:\\\/\\\/www.article-marketing.eu\\\/comunicatistampa\\\/firenze-mostra-personale-del-fotografo-francesco-bertola\\\/\"]}]},{\"@type\":\"BreadcrumbList\",\"@id\":\"https:\\\/\\\/www.article-marketing.eu\\\/comunicatistampa\\\/firenze-mostra-personale-del-fotografo-francesco-bertola\\\/#breadcrumb\",\"itemListElement\":[{\"@type\":\"ListItem\",\"position\":1,\"name\":\"Home\",\"item\":\"https:\\\/\\\/www.article-marketing.eu\\\/comunicatistampa\\\/\"},{\"@type\":\"ListItem\",\"position\":2,\"name\":\"Firenze: mostra personale del fotografo Francesco Bertola\"}]},{\"@type\":\"WebSite\",\"@id\":\"https:\\\/\\\/www.article-marketing.eu\\\/comunicatistampa\\\/#website\",\"url\":\"https:\\\/\\\/www.article-marketing.eu\\\/comunicatistampa\\\/\",\"name\":\"Article Marketing\",\"description\":\"article marketing &amp; press release\",\"potentialAction\":[{\"@type\":\"SearchAction\",\"target\":{\"@type\":\"EntryPoint\",\"urlTemplate\":\"https:\\\/\\\/www.article-marketing.eu\\\/comunicatistampa\\\/?s={search_term_string}\"},\"query-input\":{\"@type\":\"PropertyValueSpecification\",\"valueRequired\":true,\"valueName\":\"search_term_string\"}}],\"inLanguage\":\"it-IT\"},{\"@type\":\"Person\",\"@id\":\"https:\\\/\\\/www.article-marketing.eu\\\/comunicatistampa\\\/#\\\/schema\\\/person\\\/18be8627e543f6cac2547e3fb068fee6\",\"name\":\"Giordana Sapienza\",\"image\":{\"@type\":\"ImageObject\",\"inLanguage\":\"it-IT\",\"@id\":\"https:\\\/\\\/secure.gravatar.com\\\/avatar\\\/52ba9e6e2103d1ab61f40501a7ea1b8a92f1bacad544489c798db65418481df0?s=96&d=mm&r=g\",\"url\":\"https:\\\/\\\/secure.gravatar.com\\\/avatar\\\/52ba9e6e2103d1ab61f40501a7ea1b8a92f1bacad544489c798db65418481df0?s=96&d=mm&r=g\",\"contentUrl\":\"https:\\\/\\\/secure.gravatar.com\\\/avatar\\\/52ba9e6e2103d1ab61f40501a7ea1b8a92f1bacad544489c798db65418481df0?s=96&d=mm&r=g\",\"caption\":\"Giordana Sapienza\"},\"url\":\"https:\\\/\\\/www.article-marketing.eu\\\/comunicatistampa\\\/author\\\/giordana-sapienza\\\/\"}]}<\/script>\n<!-- \/ Yoast SEO plugin. -->","yoast_head_json":{"title":"Firenze: mostra personale del fotografo Francesco Bertola - Article Marketing","robots":{"index":"index","follow":"follow","max-snippet":"max-snippet:-1","max-image-preview":"max-image-preview:large","max-video-preview":"max-video-preview:-1"},"canonical":"https:\/\/www.article-marketing.eu\/comunicatistampa\/firenze-mostra-personale-del-fotografo-francesco-bertola\/","og_locale":"it_IT","og_type":"article","og_title":"Firenze: mostra personale del fotografo Francesco Bertola - Article Marketing","og_description":"Lo Spazio Etra Studio Tommasi presenta \u201c3\u201d mostra personale del fotografo Francesco Bertola (Gennaio, 10-24 2018) Si potranno ammirare una trentina di opere fotografiche all\u2019interno della magica cornice del palazzo in via Della Pergola a Firenze. Il 3 simboleggia il numero della perfezione, della creazione e della totalit\u00e0 cosmica, ma per l\u2019artista \u00e8 la terza presenza che si inserisce per la prima volta nel rapporto tra fotografo e personaggio, unaContinue reading...","og_url":"https:\/\/www.article-marketing.eu\/comunicatistampa\/firenze-mostra-personale-del-fotografo-francesco-bertola\/","og_site_name":"Article Marketing","article_published_time":"2018-01-12T20:58:09+00:00","article_modified_time":"2020-03-26T12:55:37+00:00","author":"Giordana Sapienza","twitter_card":"summary_large_image","twitter_misc":{"Scritto da":"Giordana Sapienza","Tempo di lettura stimato":"2 minuti"},"schema":{"@context":"https:\/\/schema.org","@graph":[{"@type":"Article","@id":"https:\/\/www.article-marketing.eu\/comunicatistampa\/firenze-mostra-personale-del-fotografo-francesco-bertola\/#article","isPartOf":{"@id":"https:\/\/www.article-marketing.eu\/comunicatistampa\/firenze-mostra-personale-del-fotografo-francesco-bertola\/"},"author":{"name":"Giordana Sapienza","@id":"https:\/\/www.article-marketing.eu\/comunicatistampa\/#\/schema\/person\/18be8627e543f6cac2547e3fb068fee6"},"headline":"Firenze: mostra personale del fotografo Francesco Bertola","datePublished":"2018-01-12T20:58:09+00:00","dateModified":"2020-03-26T12:55:37+00:00","mainEntityOfPage":{"@id":"https:\/\/www.article-marketing.eu\/comunicatistampa\/firenze-mostra-personale-del-fotografo-francesco-bertola\/"},"wordCount":465,"commentCount":0,"keywords":["firenze","Francesco Bertola","mostra fotografica","Spazio Etra Tommasi"],"articleSection":["Arte e cultura"],"inLanguage":"it-IT","potentialAction":[{"@type":"CommentAction","name":"Comment","target":["https:\/\/www.article-marketing.eu\/comunicatistampa\/firenze-mostra-personale-del-fotografo-francesco-bertola\/#respond"]}]},{"@type":"WebPage","@id":"https:\/\/www.article-marketing.eu\/comunicatistampa\/firenze-mostra-personale-del-fotografo-francesco-bertola\/","url":"https:\/\/www.article-marketing.eu\/comunicatistampa\/firenze-mostra-personale-del-fotografo-francesco-bertola\/","name":"Firenze: mostra personale del fotografo Francesco Bertola - Article Marketing","isPartOf":{"@id":"https:\/\/www.article-marketing.eu\/comunicatistampa\/#website"},"datePublished":"2018-01-12T20:58:09+00:00","dateModified":"2020-03-26T12:55:37+00:00","author":{"@id":"https:\/\/www.article-marketing.eu\/comunicatistampa\/#\/schema\/person\/18be8627e543f6cac2547e3fb068fee6"},"breadcrumb":{"@id":"https:\/\/www.article-marketing.eu\/comunicatistampa\/firenze-mostra-personale-del-fotografo-francesco-bertola\/#breadcrumb"},"inLanguage":"it-IT","potentialAction":[{"@type":"ReadAction","target":["https:\/\/www.article-marketing.eu\/comunicatistampa\/firenze-mostra-personale-del-fotografo-francesco-bertola\/"]}]},{"@type":"BreadcrumbList","@id":"https:\/\/www.article-marketing.eu\/comunicatistampa\/firenze-mostra-personale-del-fotografo-francesco-bertola\/#breadcrumb","itemListElement":[{"@type":"ListItem","position":1,"name":"Home","item":"https:\/\/www.article-marketing.eu\/comunicatistampa\/"},{"@type":"ListItem","position":2,"name":"Firenze: mostra personale del fotografo Francesco Bertola"}]},{"@type":"WebSite","@id":"https:\/\/www.article-marketing.eu\/comunicatistampa\/#website","url":"https:\/\/www.article-marketing.eu\/comunicatistampa\/","name":"Article Marketing","description":"article marketing &amp; press release","potentialAction":[{"@type":"SearchAction","target":{"@type":"EntryPoint","urlTemplate":"https:\/\/www.article-marketing.eu\/comunicatistampa\/?s={search_term_string}"},"query-input":{"@type":"PropertyValueSpecification","valueRequired":true,"valueName":"search_term_string"}}],"inLanguage":"it-IT"},{"@type":"Person","@id":"https:\/\/www.article-marketing.eu\/comunicatistampa\/#\/schema\/person\/18be8627e543f6cac2547e3fb068fee6","name":"Giordana Sapienza","image":{"@type":"ImageObject","inLanguage":"it-IT","@id":"https:\/\/secure.gravatar.com\/avatar\/52ba9e6e2103d1ab61f40501a7ea1b8a92f1bacad544489c798db65418481df0?s=96&d=mm&r=g","url":"https:\/\/secure.gravatar.com\/avatar\/52ba9e6e2103d1ab61f40501a7ea1b8a92f1bacad544489c798db65418481df0?s=96&d=mm&r=g","contentUrl":"https:\/\/secure.gravatar.com\/avatar\/52ba9e6e2103d1ab61f40501a7ea1b8a92f1bacad544489c798db65418481df0?s=96&d=mm&r=g","caption":"Giordana Sapienza"},"url":"https:\/\/www.article-marketing.eu\/comunicatistampa\/author\/giordana-sapienza\/"}]}},"_links":{"self":[{"href":"https:\/\/www.article-marketing.eu\/comunicatistampa\/wp-json\/wp\/v2\/posts\/8338","targetHints":{"allow":["GET"]}}],"collection":[{"href":"https:\/\/www.article-marketing.eu\/comunicatistampa\/wp-json\/wp\/v2\/posts"}],"about":[{"href":"https:\/\/www.article-marketing.eu\/comunicatistampa\/wp-json\/wp\/v2\/types\/post"}],"author":[{"embeddable":true,"href":"https:\/\/www.article-marketing.eu\/comunicatistampa\/wp-json\/wp\/v2\/users\/722"}],"replies":[{"embeddable":true,"href":"https:\/\/www.article-marketing.eu\/comunicatistampa\/wp-json\/wp\/v2\/comments?post=8338"}],"version-history":[{"count":3,"href":"https:\/\/www.article-marketing.eu\/comunicatistampa\/wp-json\/wp\/v2\/posts\/8338\/revisions"}],"predecessor-version":[{"id":14381,"href":"https:\/\/www.article-marketing.eu\/comunicatistampa\/wp-json\/wp\/v2\/posts\/8338\/revisions\/14381"}],"wp:attachment":[{"href":"https:\/\/www.article-marketing.eu\/comunicatistampa\/wp-json\/wp\/v2\/media?parent=8338"}],"wp:term":[{"taxonomy":"category","embeddable":true,"href":"https:\/\/www.article-marketing.eu\/comunicatistampa\/wp-json\/wp\/v2\/categories?post=8338"},{"taxonomy":"post_tag","embeddable":true,"href":"https:\/\/www.article-marketing.eu\/comunicatistampa\/wp-json\/wp\/v2\/tags?post=8338"}],"curies":[{"name":"wp","href":"https:\/\/api.w.org\/{rel}","templated":true}]}}