{"id":8342,"date":"2018-01-12T22:04:50","date_gmt":"2018-01-12T21:04:50","guid":{"rendered":"http:\/\/www.article-marketing.eu\/comunicatistampa\/?p=8342"},"modified":"2018-01-12T22:04:50","modified_gmt":"2018-01-12T21:04:50","slug":"aifos-15-anni-formazione-la-sicurezza-sul-lavoro","status":"publish","type":"post","link":"https:\/\/www.article-marketing.eu\/comunicatistampa\/aifos-15-anni-formazione-la-sicurezza-sul-lavoro\/","title":{"rendered":"AiFOS: 15 anni di formazione per la sicurezza sul lavoro"},"content":{"rendered":"<p>AiFOS: 15 anni di formazione per la sicurezza sul lavoro<\/p>\n<p>Nel 2003 nasceva l\u2019Associazione Italiana Formatori ed Operatori della Sicurezza sul Lavoro. Nel suo quindicesimo anniversario un\u2019intervista ricorda la genesi dell\u2019associazione e come sia possibile migliorare in Italia la sicurezza nei luoghi di lavoro.<\/p>\n<p>Quindici anni di vita sono un traguardo importante per un\u2019associazione che si occupa di prevenzione e sicurezza negli ambienti di vita e lavoro. E lo sono ancor pi\u00f9 se questi quindici anni raccontano l\u2019evoluzione in Italia della cultura della sicurezza a partire dalla sua colonna portante: la formazione di tutti gli attori della gestione della salute e sicurezza.<\/p>\n<p>Fondata a Brescia nel 2003, l\u2019Associazione Italiana Formatori ed Operatori della Sicurezza sul Lavoro (AiFOS) festeggia il suo quindicesimo anniversario ricordando la sua storia, indicando la sua mission e valorizzando sempre pi\u00f9 una formazione attenta alle esigenze dei lavoratori; una formazione di qualit\u00e0 che non deve essere intesa come un costo, ma come un fattore di competitivit\u00e0 per le aziende.<\/p>\n<p>E proprio per raccontare la fondazione dell\u2019Associazione AiFOS nel 2003, ospitiamo una breve intervista a due soci fondatori: il Prof. Rocco Vitale e l\u2019Ing. Paolo Carminati.<\/p>\n<p>Come siete arrivati ad occuparvi di sicurezza sul lavoro?<br \/>\nRocco Vitale: \u201cEro da poco andato in pensione dalla Regione Lombardia dove avevo ricoperto il ruolo di Direttore Generale della Formazione. Tra le ultime cose fatte, nel campo della sicurezza sul lavoro, dopo aver avviato i primi corsi sul D. Lgs. 626\/94, avevo promosso la pubblicazione di un testo legislativo della Direttiva Cantieri (D. Lgs. 494\/1996) coordinato con i Decreti 626\/1994 e 242\/1996. Successivamente, come libero professionista ho iniziato e continuato ad occuparmi di Sicurezza sul Lavoro come docente e come studioso. Nella mia attivit\u00e0 di Docente e Formatore ho svolto ed organizzato numerosi corsi per i Coordinatori in fase di Progettazione (CSP) e di Esecuzione (CSE). E nel corso svoltosi nell\u2019anno 1999 mi sono trovato tra gli allievi un giovane Ingegnere, Paolo Carminati\u201d.<\/p>\n<p>Paolo Carminati: \u201cNel 1999 appenato Laureato in Ingegneria Edile al Politecnico di Milano decisi di frequentare il Corso per Coordinatori in fase di Progettazione (CSP) e di Esecuzione (CSE) organizzato dall\u2019Ordine degli Ingegneri della Provincia di Bergamo. Fu una bella esperienza per i Docenti incontrati e per i colleghi Ingegneri conosciuti. Il Docente e Formatore migliore incontrato fu il Prof. Rocco Vitale con la grande capacit\u00e0 di trasmettere la passione per il tema della Salute e Sicurezza sul Lavoro. Sul finire del Corso per Coordinatori fui contattato da una Multinazionale finlandese perch\u00e9 erano alla ricerca di un Coordinatore interno alla propria azienda che potesse gestire la Salute e Sicurezza sul Lavoro a 360\u00b0 in supporto all\u2019allora Responsabile del Servizio di Prevenzione e Protezione. Non ebbi dubbi su chi coinvolgere per primo come Consulente e ricordo ancora a distanza di 18 anni il primo incontro fatto con Rocco negli uffici della Societ\u00e0\u201d.<\/p>\n<p>Come siete arrivati a fondare AiFOS?<br \/>\nVitale e Carminati: \u201cLa nostra attivit\u00e0 si rivolgeva in due direzioni: all\u2019interno della multinazionale per la formazione e l\u2019aggiornamento del proprio personale sui temi della salute e sicurezza; all\u2019esterno in direzione delle aziende appaltatrici per verificarne la qualificazione professionale ed informare i lavoratori sui rischi e le misure di prevenzione nella realizzazione dei cantieri della telefonia mobile. La formazione del personale riguardava prima di tutto gli adempimenti previsti dall\u2019allora D. Lgs. 626\/94. E ci fu di aiuto, in questa circostanza, la pubblicazione di uno dei primi Bandi ISI dell\u2019Inail riguardante la formazione. Eravamo nel 2002 e iniziammo a redigere un progetto ambizioso che, oltre al contributo dell\u2019Inail, prevedeva un sostanzioso impegno economico da parte dell\u2019azienda. Il progetto per il bando ISI si basava sul caso concreto dei lavori nella telefonia mobile. Venivano progettati differenti percorsi: per il coordinatore di cantiere, per i preposti, per le imprese appaltatrici e per i lavoratori.<br \/>\nA conclusione del percorso, come previsto dal programma, l\u2019Azienda intendeva promuovere e far conoscere il progetto a livello nazionale e si scelse la sede della Fiera di Milano dove per il mese di marzo 2003 era programmata la Fiera denominata \u201cSicurtech Expo\u201d. Vennero presi i contatti con la Fiera, si prenot\u00f2 lo stand, si organizz\u00f2 il convegno, si prepar\u00f2 l\u2019invito.<br \/>\nCi venne allora chiesto di affidare a qualcuno l\u2019organizzazione dell\u2019evento in quanto non doveva essere la medesima azienda la promotrice di se stessa. Bisognava trovare una Associazione, una Onlus, una Fondazione che si incaricasse di concludere e promuovere pubblicamente il lavoro che noi avevamo svolto all\u2019interno. E tra il Natale del 2002 e l\u2019Epifania del 2003 maturammo l\u2019idea, con alcuni collaboratori del progetto, di costituire una Associazione che promuovesse ed organizzasse il Convegno. Fu redatto uno statuto ed il relativo atto costitutivo che fu registrato all\u2019Agenzia delle Entrate di Milano in data 20 gennaio 2003.<br \/>\nLa denominazione dell\u2019Associazione assumeva fin da subito la sua caratteristica principale nel nome in quanto espressione del lavoro svolto e nelle caratteristiche dei prodotti rivolti ai formatori che a loro volta dovevano coinvolgere i lavoratori. Da qui AiFOS: Associazione Italiana Formatori della Sicurezza sul Lavoro\u201d.<\/p>\n<p>Come si \u00e8 evoluta poi l\u2019Associazione?<br \/>\nVitale e Carminati: \u201cIl convegno era finito, l\u2019attivit\u00e0 di monitoraggio aveva coinvolto migliaia di utenti, ed alcuni dati venivano resi noti sul sito dell\u2019AiFOS. Per un po\u2019 non successe nulla, poi iniziarono ad arrivare alcune mail chiedendo informazioni e richieste di \u2018come partecipare\u2019. In un primo tempo davamo risposte vaghe, cercando, pi\u00f9 che illustrare, di condividere alcune idee e rapportarci con i futuri associati. La pagina di apertura del sito illustrava la nostra idea di associazione: \u2018facciamo formazione per una nuova cultura della sicurezza\u2019 ed a seguire gli strumenti da utilizzare che venivano identificati in: ricerca, consulenza, corsi, seminari, editoria, supporti didattici e multimediali. E non \u00e8 una casualit\u00e0 ma, in questi 15 anni, abbiamo seguito la rotta tracciata. Una cosa era sicura. L\u2019idea di allora \u00e8 ancora quella di oggi che si riassume nel nostro motto: \u2018Se ci scambiamo una moneta avremo entrambi una moneta ma se ci scambiano un\u2019idea avremo entrambi due idee\u2019.<br \/>\nIn modo semplice eravamo convinti, e lo siamo ancora, che bisogna mettere a disposizione degli altri quello che conosciamo, senza paura che ci copino. Infatti per far crescere dei buoni formatori dobbiamo dare conoscenza, strumenti, capacit\u00e0, tecniche, ecc. affinch\u00e9 quello che facciamo noi lo possano fare anche loro. Dopo la sua costituzione, tra il 2003 e soprattutto nel 2004, furono due anni di contatti, riunioni informali, colloqui, incontri con tanti soggetti che poi, assieme a noi, contribuiranno a dar vita all\u2019Associazione\u201d.<\/p>\n<p>Quale fu, infine, il vero debutto dell\u2019Associazione AiFOS?<br \/>\nVitale e Carminati: \u201cL\u2019AiFOS fece il suo vero e proprio debutto in occasione della Fiera Ambiente e Lavoro di Modena del 2004. In quella occasione veniva allestito uno spazio proprio di AiFOS che promuoveva l\u2019Albo Nazionale dei Formatori della Sicurezza sul Lavoro. Dal 2003 al 2004 erano iniziate le prime adesioni all\u2019AiFOS che condividevano questa \u2018iniziativa innovativa, utile e necessaria, sia per coloro che operano nella formazione nell\u2019ambito specifico della sicurezza sul lavoro sia per aziende ed utenti che hanno sempre pi\u00f9 la necessit\u00e0 di conoscere la qualificazione professionale dei formatori\u2019. Una cosa, allora, molto complessa. L\u2019iscrizione all\u2019Albo avveniva in due fasi: la prima fase consisteva nella richiesta di iscrizione, un completo ed esauriente questionario, di circa 10 pagine, cui bisogna rispondere in ogni sua parte Successivamente dopo una attenta analisi delle risposte, ed eventuali verifiche o colloqui con i soggetti interessati veniva inviata la vera e propria Domanda per potersi iscriversi all\u2019Albo\u201d.<\/p>\n<p>Vi siete dunque occupati di qualificazione dei formatori molto prima che se ne occupasse la normativa nazionale\u2026<br \/>\nVitale e Carminati: \u201cSi, siamo stati precursori, forse troppo rigidi ma estremamente seri e professionali, pensando oggi al decreto del 6 maggio 2013 sulla qualificazione dei formatori ed ai Registri Professionali che ne sono derivati\u201d.<\/p>\n<p>Il link per conoscere gli eventi e le iniziative organizzate dall\u2019associazione AiFOS: http:\/\/www.aifos.org<\/p>\n<p>Ricordiamo che AiFOS \u00e8 poi continuamente cresciuta negli anni, sia a livello di soci che di attivit\u00e0 di promozione, formazione e ricerca, e ha assunto nel 2013 la denominazione definitiva \u201cAssociazione Italiana Formatori ed Operatori della Sicurezza sul Lavoro\u201d.<\/p>\n<p>Un\u2019associazione che, come ricorda Rocco Vitale, attuale Presidente di AiFOS, ha fornito in questi quindici anni ai formatori gli strumenti per elevare il livello della formazione e ha dunque permesso di \u201cdiffondere per tutti una reale cultura della sicurezza e migliorare in concreto la sicurezza nei luoghi di lavoro\u201d.<\/p>\n<p>Per informazioni e iscrizioni a AiFOS:<br \/>\nSede nazionale AiFOS: via Branze, 45 &#8211; 25123 Brescia c\/o CSMT, Universit\u00e0 degli Studi di Brescia tel.030.6595031 &#8211; fax 030.6595040 www.aifos.it &#8211; info@aifos.it<\/p>\n<p>11 gennaio 2018<\/p>\n<p>Ufficio Stampa di AiFOS<br \/>\nufficiostampa@aifos.it<\/p>\n","protected":false},"excerpt":{"rendered":"<p>Nel 2003 nasceva l\u2019Associazione Italiana Formatori ed Operatori della Sicurezza sul Lavoro. Nel suo quindicesimo anniversario un\u2019intervista ricorda come nasce l\u2019associazione e come sia possibile migliorare in concreto la sicurezza nei luoghi di lavoro.<\/p>\n","protected":false},"author":881,"featured_media":0,"comment_status":"open","ping_status":"open","sticky":false,"template":"","format":"standard","meta":{"_monsterinsights_skip_tracking":false,"_monsterinsights_sitenote_active":false,"_monsterinsights_sitenote_note":"","_monsterinsights_sitenote_category":0,"footnotes":""},"categories":[78,386,390],"tags":[3294,3301,3299,3542,3538,3349,3540,3348,3537,193,3293,3539,1538,3541],"class_list":["post-8342","post","type-post","status-publish","format-standard","hentry","category-comunicati-stampa","category-economia-e-lavoro","category-professionisti","tag-addestramento","tag-aifos","tag-associazione-aifos","tag-carminati","tag-cultura-della-sicurezza","tag-d-lgs-81-2008","tag-decreto-del-6-maggio-2013-sulla-qualificazione-dei-formatori","tag-duvri","tag-formatori","tag-formazione","tag-informazione","tag-registri-professionali","tag-sicurezza-sul-lavoro","tag-vitale"],"yoast_head":"<!-- This site is optimized with the Yoast SEO plugin v27.3 - https:\/\/yoast.com\/product\/yoast-seo-wordpress\/ -->\n<title>AiFOS: 15 anni di formazione per la sicurezza sul lavoro - Article Marketing<\/title>\n<meta name=\"robots\" content=\"index, follow, max-snippet:-1, max-image-preview:large, max-video-preview:-1\" \/>\n<link rel=\"canonical\" href=\"https:\/\/www.article-marketing.eu\/comunicatistampa\/aifos-15-anni-formazione-la-sicurezza-sul-lavoro\/\" \/>\n<meta property=\"og:locale\" content=\"it_IT\" \/>\n<meta property=\"og:type\" content=\"article\" \/>\n<meta property=\"og:title\" content=\"AiFOS: 15 anni di formazione per la sicurezza sul lavoro - Article Marketing\" \/>\n<meta property=\"og:description\" content=\"Nel 2003 nasceva l\u2019Associazione Italiana Formatori ed Operatori della Sicurezza sul Lavoro. Nel suo quindicesimo anniversario un\u2019intervista ricorda come nasce l\u2019associazione e come sia possibile migliorare in concreto la sicurezza nei luoghi di lavoro.\" \/>\n<meta property=\"og:url\" content=\"https:\/\/www.article-marketing.eu\/comunicatistampa\/aifos-15-anni-formazione-la-sicurezza-sul-lavoro\/\" \/>\n<meta property=\"og:site_name\" content=\"Article Marketing\" \/>\n<meta property=\"article:published_time\" content=\"2018-01-12T21:04:50+00:00\" \/>\n<meta name=\"author\" content=\"AIFUS\" \/>\n<meta name=\"twitter:card\" content=\"summary_large_image\" \/>\n<meta name=\"twitter:label1\" content=\"Scritto da\" \/>\n\t<meta name=\"twitter:data1\" content=\"AIFUS\" \/>\n\t<meta name=\"twitter:label2\" content=\"Tempo di lettura stimato\" \/>\n\t<meta name=\"twitter:data2\" content=\"7 minuti\" \/>\n<script type=\"application\/ld+json\" class=\"yoast-schema-graph\">{\"@context\":\"https:\\\/\\\/schema.org\",\"@graph\":[{\"@type\":\"Article\",\"@id\":\"https:\\\/\\\/www.article-marketing.eu\\\/comunicatistampa\\\/aifos-15-anni-formazione-la-sicurezza-sul-lavoro\\\/#article\",\"isPartOf\":{\"@id\":\"https:\\\/\\\/www.article-marketing.eu\\\/comunicatistampa\\\/aifos-15-anni-formazione-la-sicurezza-sul-lavoro\\\/\"},\"author\":{\"name\":\"AIFUS\",\"@id\":\"https:\\\/\\\/www.article-marketing.eu\\\/comunicatistampa\\\/#\\\/schema\\\/person\\\/d1985c4955ff71a05f49d68e3034b3cd\"},\"headline\":\"AiFOS: 15 anni di formazione per la sicurezza sul lavoro\",\"datePublished\":\"2018-01-12T21:04:50+00:00\",\"mainEntityOfPage\":{\"@id\":\"https:\\\/\\\/www.article-marketing.eu\\\/comunicatistampa\\\/aifos-15-anni-formazione-la-sicurezza-sul-lavoro\\\/\"},\"wordCount\":1446,\"commentCount\":0,\"keywords\":[\"addestramento\",\"Aifos\",\"Associazione AiFOS\",\"Carminati\",\"cultura della sicurezza\",\"D.Lgs. 81\\\/2008\",\"decreto del 6 maggio 2013 sulla qualificazione dei formatori\",\"DUVRI\",\"Formatori\",\"formazione\",\"Informazione\",\"Registri Professionali\",\"sicurezza sul lavoro\",\"Vitale\"],\"articleSection\":[\"Comunicati stampa\",\"Economia e lavoro\",\"Professionisti\"],\"inLanguage\":\"it-IT\",\"potentialAction\":[{\"@type\":\"CommentAction\",\"name\":\"Comment\",\"target\":[\"https:\\\/\\\/www.article-marketing.eu\\\/comunicatistampa\\\/aifos-15-anni-formazione-la-sicurezza-sul-lavoro\\\/#respond\"]}]},{\"@type\":\"WebPage\",\"@id\":\"https:\\\/\\\/www.article-marketing.eu\\\/comunicatistampa\\\/aifos-15-anni-formazione-la-sicurezza-sul-lavoro\\\/\",\"url\":\"https:\\\/\\\/www.article-marketing.eu\\\/comunicatistampa\\\/aifos-15-anni-formazione-la-sicurezza-sul-lavoro\\\/\",\"name\":\"AiFOS: 15 anni di formazione per la sicurezza sul lavoro - Article Marketing\",\"isPartOf\":{\"@id\":\"https:\\\/\\\/www.article-marketing.eu\\\/comunicatistampa\\\/#website\"},\"datePublished\":\"2018-01-12T21:04:50+00:00\",\"author\":{\"@id\":\"https:\\\/\\\/www.article-marketing.eu\\\/comunicatistampa\\\/#\\\/schema\\\/person\\\/d1985c4955ff71a05f49d68e3034b3cd\"},\"breadcrumb\":{\"@id\":\"https:\\\/\\\/www.article-marketing.eu\\\/comunicatistampa\\\/aifos-15-anni-formazione-la-sicurezza-sul-lavoro\\\/#breadcrumb\"},\"inLanguage\":\"it-IT\",\"potentialAction\":[{\"@type\":\"ReadAction\",\"target\":[\"https:\\\/\\\/www.article-marketing.eu\\\/comunicatistampa\\\/aifos-15-anni-formazione-la-sicurezza-sul-lavoro\\\/\"]}]},{\"@type\":\"BreadcrumbList\",\"@id\":\"https:\\\/\\\/www.article-marketing.eu\\\/comunicatistampa\\\/aifos-15-anni-formazione-la-sicurezza-sul-lavoro\\\/#breadcrumb\",\"itemListElement\":[{\"@type\":\"ListItem\",\"position\":1,\"name\":\"Home\",\"item\":\"https:\\\/\\\/www.article-marketing.eu\\\/comunicatistampa\\\/\"},{\"@type\":\"ListItem\",\"position\":2,\"name\":\"AiFOS: 15 anni di formazione per la sicurezza sul lavoro\"}]},{\"@type\":\"WebSite\",\"@id\":\"https:\\\/\\\/www.article-marketing.eu\\\/comunicatistampa\\\/#website\",\"url\":\"https:\\\/\\\/www.article-marketing.eu\\\/comunicatistampa\\\/\",\"name\":\"Article Marketing\",\"description\":\"article marketing &amp; press release\",\"potentialAction\":[{\"@type\":\"SearchAction\",\"target\":{\"@type\":\"EntryPoint\",\"urlTemplate\":\"https:\\\/\\\/www.article-marketing.eu\\\/comunicatistampa\\\/?s={search_term_string}\"},\"query-input\":{\"@type\":\"PropertyValueSpecification\",\"valueRequired\":true,\"valueName\":\"search_term_string\"}}],\"inLanguage\":\"it-IT\"},{\"@type\":\"Person\",\"@id\":\"https:\\\/\\\/www.article-marketing.eu\\\/comunicatistampa\\\/#\\\/schema\\\/person\\\/d1985c4955ff71a05f49d68e3034b3cd\",\"name\":\"AIFUS\",\"image\":{\"@type\":\"ImageObject\",\"inLanguage\":\"it-IT\",\"@id\":\"https:\\\/\\\/secure.gravatar.com\\\/avatar\\\/05cf2a2ba057667571308b94c84f00ff48766ffac95710a87491a9b3ddcee484?s=96&d=mm&r=g\",\"url\":\"https:\\\/\\\/secure.gravatar.com\\\/avatar\\\/05cf2a2ba057667571308b94c84f00ff48766ffac95710a87491a9b3ddcee484?s=96&d=mm&r=g\",\"contentUrl\":\"https:\\\/\\\/secure.gravatar.com\\\/avatar\\\/05cf2a2ba057667571308b94c84f00ff48766ffac95710a87491a9b3ddcee484?s=96&d=mm&r=g\",\"caption\":\"AIFUS\"},\"url\":\"https:\\\/\\\/www.article-marketing.eu\\\/comunicatistampa\\\/author\\\/aifus\\\/\"}]}<\/script>\n<!-- \/ Yoast SEO plugin. -->","yoast_head_json":{"title":"AiFOS: 15 anni di formazione per la sicurezza sul lavoro - Article Marketing","robots":{"index":"index","follow":"follow","max-snippet":"max-snippet:-1","max-image-preview":"max-image-preview:large","max-video-preview":"max-video-preview:-1"},"canonical":"https:\/\/www.article-marketing.eu\/comunicatistampa\/aifos-15-anni-formazione-la-sicurezza-sul-lavoro\/","og_locale":"it_IT","og_type":"article","og_title":"AiFOS: 15 anni di formazione per la sicurezza sul lavoro - Article Marketing","og_description":"Nel 2003 nasceva l\u2019Associazione Italiana Formatori ed Operatori della Sicurezza sul Lavoro. Nel suo quindicesimo anniversario un\u2019intervista ricorda come nasce l\u2019associazione e come sia possibile migliorare in concreto la sicurezza nei luoghi di lavoro.","og_url":"https:\/\/www.article-marketing.eu\/comunicatistampa\/aifos-15-anni-formazione-la-sicurezza-sul-lavoro\/","og_site_name":"Article Marketing","article_published_time":"2018-01-12T21:04:50+00:00","author":"AIFUS","twitter_card":"summary_large_image","twitter_misc":{"Scritto da":"AIFUS","Tempo di lettura stimato":"7 minuti"},"schema":{"@context":"https:\/\/schema.org","@graph":[{"@type":"Article","@id":"https:\/\/www.article-marketing.eu\/comunicatistampa\/aifos-15-anni-formazione-la-sicurezza-sul-lavoro\/#article","isPartOf":{"@id":"https:\/\/www.article-marketing.eu\/comunicatistampa\/aifos-15-anni-formazione-la-sicurezza-sul-lavoro\/"},"author":{"name":"AIFUS","@id":"https:\/\/www.article-marketing.eu\/comunicatistampa\/#\/schema\/person\/d1985c4955ff71a05f49d68e3034b3cd"},"headline":"AiFOS: 15 anni di formazione per la sicurezza sul lavoro","datePublished":"2018-01-12T21:04:50+00:00","mainEntityOfPage":{"@id":"https:\/\/www.article-marketing.eu\/comunicatistampa\/aifos-15-anni-formazione-la-sicurezza-sul-lavoro\/"},"wordCount":1446,"commentCount":0,"keywords":["addestramento","Aifos","Associazione AiFOS","Carminati","cultura della sicurezza","D.Lgs. 81\/2008","decreto del 6 maggio 2013 sulla qualificazione dei formatori","DUVRI","Formatori","formazione","Informazione","Registri Professionali","sicurezza sul lavoro","Vitale"],"articleSection":["Comunicati stampa","Economia e lavoro","Professionisti"],"inLanguage":"it-IT","potentialAction":[{"@type":"CommentAction","name":"Comment","target":["https:\/\/www.article-marketing.eu\/comunicatistampa\/aifos-15-anni-formazione-la-sicurezza-sul-lavoro\/#respond"]}]},{"@type":"WebPage","@id":"https:\/\/www.article-marketing.eu\/comunicatistampa\/aifos-15-anni-formazione-la-sicurezza-sul-lavoro\/","url":"https:\/\/www.article-marketing.eu\/comunicatistampa\/aifos-15-anni-formazione-la-sicurezza-sul-lavoro\/","name":"AiFOS: 15 anni di formazione per la sicurezza sul lavoro - Article Marketing","isPartOf":{"@id":"https:\/\/www.article-marketing.eu\/comunicatistampa\/#website"},"datePublished":"2018-01-12T21:04:50+00:00","author":{"@id":"https:\/\/www.article-marketing.eu\/comunicatistampa\/#\/schema\/person\/d1985c4955ff71a05f49d68e3034b3cd"},"breadcrumb":{"@id":"https:\/\/www.article-marketing.eu\/comunicatistampa\/aifos-15-anni-formazione-la-sicurezza-sul-lavoro\/#breadcrumb"},"inLanguage":"it-IT","potentialAction":[{"@type":"ReadAction","target":["https:\/\/www.article-marketing.eu\/comunicatistampa\/aifos-15-anni-formazione-la-sicurezza-sul-lavoro\/"]}]},{"@type":"BreadcrumbList","@id":"https:\/\/www.article-marketing.eu\/comunicatistampa\/aifos-15-anni-formazione-la-sicurezza-sul-lavoro\/#breadcrumb","itemListElement":[{"@type":"ListItem","position":1,"name":"Home","item":"https:\/\/www.article-marketing.eu\/comunicatistampa\/"},{"@type":"ListItem","position":2,"name":"AiFOS: 15 anni di formazione per la sicurezza sul lavoro"}]},{"@type":"WebSite","@id":"https:\/\/www.article-marketing.eu\/comunicatistampa\/#website","url":"https:\/\/www.article-marketing.eu\/comunicatistampa\/","name":"Article Marketing","description":"article marketing &amp; press release","potentialAction":[{"@type":"SearchAction","target":{"@type":"EntryPoint","urlTemplate":"https:\/\/www.article-marketing.eu\/comunicatistampa\/?s={search_term_string}"},"query-input":{"@type":"PropertyValueSpecification","valueRequired":true,"valueName":"search_term_string"}}],"inLanguage":"it-IT"},{"@type":"Person","@id":"https:\/\/www.article-marketing.eu\/comunicatistampa\/#\/schema\/person\/d1985c4955ff71a05f49d68e3034b3cd","name":"AIFUS","image":{"@type":"ImageObject","inLanguage":"it-IT","@id":"https:\/\/secure.gravatar.com\/avatar\/05cf2a2ba057667571308b94c84f00ff48766ffac95710a87491a9b3ddcee484?s=96&d=mm&r=g","url":"https:\/\/secure.gravatar.com\/avatar\/05cf2a2ba057667571308b94c84f00ff48766ffac95710a87491a9b3ddcee484?s=96&d=mm&r=g","contentUrl":"https:\/\/secure.gravatar.com\/avatar\/05cf2a2ba057667571308b94c84f00ff48766ffac95710a87491a9b3ddcee484?s=96&d=mm&r=g","caption":"AIFUS"},"url":"https:\/\/www.article-marketing.eu\/comunicatistampa\/author\/aifus\/"}]}},"_links":{"self":[{"href":"https:\/\/www.article-marketing.eu\/comunicatistampa\/wp-json\/wp\/v2\/posts\/8342","targetHints":{"allow":["GET"]}}],"collection":[{"href":"https:\/\/www.article-marketing.eu\/comunicatistampa\/wp-json\/wp\/v2\/posts"}],"about":[{"href":"https:\/\/www.article-marketing.eu\/comunicatistampa\/wp-json\/wp\/v2\/types\/post"}],"author":[{"embeddable":true,"href":"https:\/\/www.article-marketing.eu\/comunicatistampa\/wp-json\/wp\/v2\/users\/881"}],"replies":[{"embeddable":true,"href":"https:\/\/www.article-marketing.eu\/comunicatistampa\/wp-json\/wp\/v2\/comments?post=8342"}],"version-history":[{"count":2,"href":"https:\/\/www.article-marketing.eu\/comunicatistampa\/wp-json\/wp\/v2\/posts\/8342\/revisions"}],"predecessor-version":[{"id":8402,"href":"https:\/\/www.article-marketing.eu\/comunicatistampa\/wp-json\/wp\/v2\/posts\/8342\/revisions\/8402"}],"wp:attachment":[{"href":"https:\/\/www.article-marketing.eu\/comunicatistampa\/wp-json\/wp\/v2\/media?parent=8342"}],"wp:term":[{"taxonomy":"category","embeddable":true,"href":"https:\/\/www.article-marketing.eu\/comunicatistampa\/wp-json\/wp\/v2\/categories?post=8342"},{"taxonomy":"post_tag","embeddable":true,"href":"https:\/\/www.article-marketing.eu\/comunicatistampa\/wp-json\/wp\/v2\/tags?post=8342"}],"curies":[{"name":"wp","href":"https:\/\/api.w.org\/{rel}","templated":true}]}}