{"id":8425,"date":"2018-01-18T02:05:51","date_gmt":"2018-01-18T01:05:51","guid":{"rendered":"http:\/\/www.article-marketing.eu\/comunicatistampa\/?p=8425"},"modified":"2018-01-18T02:05:51","modified_gmt":"2018-01-18T01:05:51","slug":"addetti-alla-saldatura-via-al-corso-siena-preparare-lesame-certificazione","status":"publish","type":"post","link":"https:\/\/www.article-marketing.eu\/comunicatistampa\/addetti-alla-saldatura-via-al-corso-siena-preparare-lesame-certificazione\/","title":{"rendered":"Addetti alla Saldatura. Via al corso a Siena per preparare l\u2019esame di certificazione"},"content":{"rendered":"<p><strong>Il corso, organizzato in collaborazione con l&#8217;I.T.T. &#8220;Tito Sarrocchi&#8221; di Siena, \u00e8 utile per sostenere la prova d\u2019esame per il patentino europeo per Saldatori<\/strong><\/p>\n<p>Sono aperte le iscrizioni al corso di formazione per Addetti alla Saldatura (http:\/\/assoservizi.eu\/portfolio\/addetti-saldatura\/) promosso da Assoservizi, societ\u00e0 di servizi di Confindustria Toscana Sud e agenzia formativa accreditata in Regione Toscana, organizzato in collaborazione con l&#8217;I.T.T. &#8220;Tito Sarrocchi&#8221; di Siena.<\/p>\n<p>I dati di Unioncamere relativi al 2017 rivelano che la figura del saldatore \u00e8 difficilmente reperibile sul mercato del lavoro. In particolare le aziende italiane fanno fatica a trovare persone specializzate in<strong> saldatura elettrica con una difficolt\u00e0 di reperimento pari al 44%<\/strong>. Ci\u00f2 \u00e8 causato da una parte dalla mancanza di candidati (73,2%) e dall\u2019altra dall\u2019inadeguata preparazione e formazione tecnica professionale (26,8 %). Pi\u00f9 lieve la problematicit\u00e0 legata ai saldatori e tagliatori a fiamma che nonostante sia una figura facilmente individuabile necessit\u00e0 comunque, per il 50% delle aziende, di percorsi di formazione aggiuntivi. Non va meglio se si osservano i soli dati relativi alla Toscana dove il problema del reperimento di persone qualificate in saldatura elettrica sale fino al 52% e la mancanza di candidati con adeguate competenze al 91,8%. Nel 63% dei casi la preparazione \u00e8 comunque ritenuta non sufficiente.<\/p>\n<p>In virt\u00f9 di questo Assoservizi crede fortemente nello sviluppo di un percorso formativo che vada a colmare le lacune manifestate dalle aziende. Il corso prevede infatti una prima parte teorica necessaria per la successiva <strong>parte pratica, articolata su una serie di esercitazioni e dimostrazioni a difficolt\u00e0 crescente, sotto la guida di un istruttore esperto.<\/strong> Durante il corso saranno approfondite specifiche tecniche quali la saldobrasatura, la saldatura su polietilene, la saldatura elettrica con elettrodo rivestito MMA e saldatura ossiacetilenica e la saldatura con filo continuo \u2013 MIG, MAG, filo pieno o animato e saldatura TIG \u2013elettrodo infusibile rivestito. Le lezioni del corso per saldatori si svolgeranno tutti i sabati mattina <strong>a partire dal 3 febbraio fino al 19 maggio, per un totale di 60 ore<\/strong>, nelle aule dell\u2019istituto tecnico Sarrocchi in Via Pisacane n. 3 a Siena con un professionista esperto nella tematica oggetto di corso. Al termine verr\u00e0 rilasciato un attestato di frequenza, propedeutico all&#8217;esame di certificazione <strong>per ottenere il \u201cpatentino da Saldatore\u201d.<\/strong><\/p>\n<p>Lo staff di Assoservizi fornisce agli interessati e alle aziende iscritte a Fondimpresa supporto gratuito per la ricerca di contributi pubblici, e alla relativa candidatura, al fine di coprire\/ridurre il costo di iscrizione al corso.<\/p>\n<p>Ulteriori dettagli sono presenti sul sito www.assoservizi.eu e su www.confindustriatoscanasud.it oppure telefonare allo 0577\/2571 . Le domande di iscrizione possono essere consegnate a mano presso la sede di Assoservizi in via dei Rossi, 2 Siena, oppure tramite fax 0577\/83025 o email formazione@assoservizi.eu.<\/p>\n","protected":false},"excerpt":{"rendered":"<p>Il corso, organizzato in collaborazione con l&#8217;I.T.T. &#8220;Tito Sarrocchi&#8221; di Siena, \u00e8 utile per sostenere la prova d\u2019esame per il patentino europeo per Saldatori Sono aperte le iscrizioni al corso di formazione per Addetti alla Saldatura (http:\/\/assoservizi.eu\/portfolio\/addetti-saldatura\/) promosso da Assoservizi, societ\u00e0 di servizi di Confindustria Toscana Sud e agenzia formativa accreditata in Regione Toscana, organizzato in collaborazione con l&#8217;I.T.T. &#8220;Tito Sarrocchi&#8221; di Siena. I dati di Unioncamere relativi al 2017<\/p>\n<p><a class=\"continue-reading\" href=\"https:\/\/www.article-marketing.eu\/comunicatistampa\/addetti-alla-saldatura-via-al-corso-siena-preparare-lesame-certificazione\/\">Continue reading&#8230;<\/a><\/p>\n","protected":false},"author":1003,"featured_media":0,"comment_status":"open","ping_status":"open","sticky":false,"template":"","format":"standard","meta":{"_monsterinsights_skip_tracking":false,"_monsterinsights_sitenote_active":false,"_monsterinsights_sitenote_note":"","_monsterinsights_sitenote_category":0,"footnotes":""},"categories":[379,378],"tags":[],"class_list":["post-8425","post","type-post","status-publish","format-standard","hentry","category-corsi","category-istruzione"],"yoast_head":"<!-- This site is optimized with the Yoast SEO plugin v27.3 - https:\/\/yoast.com\/product\/yoast-seo-wordpress\/ -->\n<title>Via al corso per saldatori a Siena da febbraio 2018 di Assoservizi<\/title>\n<meta name=\"description\" content=\"Corso della durata di 60 ore, utile alla preparazione all&#039;esame di certificazione per saldatore MIG-MAG TIG - OSSIACETILENICA e ELETTRICA - SALDOBRASATURA\" \/>\n<meta name=\"robots\" content=\"index, follow, max-snippet:-1, max-image-preview:large, max-video-preview:-1\" \/>\n<link rel=\"canonical\" href=\"https:\/\/www.article-marketing.eu\/comunicatistampa\/addetti-alla-saldatura-via-al-corso-siena-preparare-lesame-certificazione\/\" \/>\n<meta property=\"og:locale\" content=\"it_IT\" \/>\n<meta property=\"og:type\" content=\"article\" \/>\n<meta property=\"og:title\" content=\"Via al corso per saldatori a Siena da febbraio 2018 di Assoservizi\" \/>\n<meta property=\"og:description\" content=\"Corso della durata di 60 ore, utile alla preparazione all&#039;esame di certificazione per saldatore MIG-MAG TIG - OSSIACETILENICA e ELETTRICA - SALDOBRASATURA\" \/>\n<meta property=\"og:url\" content=\"https:\/\/www.article-marketing.eu\/comunicatistampa\/addetti-alla-saldatura-via-al-corso-siena-preparare-lesame-certificazione\/\" \/>\n<meta property=\"og:site_name\" content=\"Article Marketing\" \/>\n<meta property=\"article:published_time\" content=\"2018-01-18T01:05:51+00:00\" \/>\n<meta name=\"author\" content=\"sarah franci\" \/>\n<meta name=\"twitter:card\" content=\"summary_large_image\" \/>\n<meta name=\"twitter:label1\" content=\"Scritto da\" \/>\n\t<meta name=\"twitter:data1\" content=\"sarah franci\" \/>\n\t<meta name=\"twitter:label2\" content=\"Tempo di lettura stimato\" \/>\n\t<meta name=\"twitter:data2\" content=\"2 minuti\" \/>\n<script type=\"application\/ld+json\" class=\"yoast-schema-graph\">{\"@context\":\"https:\\\/\\\/schema.org\",\"@graph\":[{\"@type\":\"Article\",\"@id\":\"https:\\\/\\\/www.article-marketing.eu\\\/comunicatistampa\\\/addetti-alla-saldatura-via-al-corso-siena-preparare-lesame-certificazione\\\/#article\",\"isPartOf\":{\"@id\":\"https:\\\/\\\/www.article-marketing.eu\\\/comunicatistampa\\\/addetti-alla-saldatura-via-al-corso-siena-preparare-lesame-certificazione\\\/\"},\"author\":{\"name\":\"sarah franci\",\"@id\":\"https:\\\/\\\/www.article-marketing.eu\\\/comunicatistampa\\\/#\\\/schema\\\/person\\\/f06882587493896376af5cd79052a077\"},\"headline\":\"Addetti alla Saldatura. Via al corso a Siena per preparare l\u2019esame di certificazione\",\"datePublished\":\"2018-01-18T01:05:51+00:00\",\"mainEntityOfPage\":{\"@id\":\"https:\\\/\\\/www.article-marketing.eu\\\/comunicatistampa\\\/addetti-alla-saldatura-via-al-corso-siena-preparare-lesame-certificazione\\\/\"},\"wordCount\":455,\"commentCount\":0,\"articleSection\":[\"Corsi\",\"Istruzione\"],\"inLanguage\":\"it-IT\",\"potentialAction\":[{\"@type\":\"CommentAction\",\"name\":\"Comment\",\"target\":[\"https:\\\/\\\/www.article-marketing.eu\\\/comunicatistampa\\\/addetti-alla-saldatura-via-al-corso-siena-preparare-lesame-certificazione\\\/#respond\"]}]},{\"@type\":\"WebPage\",\"@id\":\"https:\\\/\\\/www.article-marketing.eu\\\/comunicatistampa\\\/addetti-alla-saldatura-via-al-corso-siena-preparare-lesame-certificazione\\\/\",\"url\":\"https:\\\/\\\/www.article-marketing.eu\\\/comunicatistampa\\\/addetti-alla-saldatura-via-al-corso-siena-preparare-lesame-certificazione\\\/\",\"name\":\"Via al corso per saldatori a Siena da febbraio 2018 di Assoservizi\",\"isPartOf\":{\"@id\":\"https:\\\/\\\/www.article-marketing.eu\\\/comunicatistampa\\\/#website\"},\"datePublished\":\"2018-01-18T01:05:51+00:00\",\"author\":{\"@id\":\"https:\\\/\\\/www.article-marketing.eu\\\/comunicatistampa\\\/#\\\/schema\\\/person\\\/f06882587493896376af5cd79052a077\"},\"description\":\"Corso della durata di 60 ore, utile alla preparazione all'esame di certificazione per saldatore MIG-MAG TIG - OSSIACETILENICA e ELETTRICA - SALDOBRASATURA\",\"breadcrumb\":{\"@id\":\"https:\\\/\\\/www.article-marketing.eu\\\/comunicatistampa\\\/addetti-alla-saldatura-via-al-corso-siena-preparare-lesame-certificazione\\\/#breadcrumb\"},\"inLanguage\":\"it-IT\",\"potentialAction\":[{\"@type\":\"ReadAction\",\"target\":[\"https:\\\/\\\/www.article-marketing.eu\\\/comunicatistampa\\\/addetti-alla-saldatura-via-al-corso-siena-preparare-lesame-certificazione\\\/\"]}]},{\"@type\":\"BreadcrumbList\",\"@id\":\"https:\\\/\\\/www.article-marketing.eu\\\/comunicatistampa\\\/addetti-alla-saldatura-via-al-corso-siena-preparare-lesame-certificazione\\\/#breadcrumb\",\"itemListElement\":[{\"@type\":\"ListItem\",\"position\":1,\"name\":\"Home\",\"item\":\"https:\\\/\\\/www.article-marketing.eu\\\/comunicatistampa\\\/\"},{\"@type\":\"ListItem\",\"position\":2,\"name\":\"Addetti alla Saldatura. Via al corso a Siena per preparare l\u2019esame di certificazione\"}]},{\"@type\":\"WebSite\",\"@id\":\"https:\\\/\\\/www.article-marketing.eu\\\/comunicatistampa\\\/#website\",\"url\":\"https:\\\/\\\/www.article-marketing.eu\\\/comunicatistampa\\\/\",\"name\":\"Article Marketing\",\"description\":\"article marketing &amp; press release\",\"potentialAction\":[{\"@type\":\"SearchAction\",\"target\":{\"@type\":\"EntryPoint\",\"urlTemplate\":\"https:\\\/\\\/www.article-marketing.eu\\\/comunicatistampa\\\/?s={search_term_string}\"},\"query-input\":{\"@type\":\"PropertyValueSpecification\",\"valueRequired\":true,\"valueName\":\"search_term_string\"}}],\"inLanguage\":\"it-IT\"},{\"@type\":\"Person\",\"@id\":\"https:\\\/\\\/www.article-marketing.eu\\\/comunicatistampa\\\/#\\\/schema\\\/person\\\/f06882587493896376af5cd79052a077\",\"name\":\"sarah franci\",\"image\":{\"@type\":\"ImageObject\",\"inLanguage\":\"it-IT\",\"@id\":\"https:\\\/\\\/secure.gravatar.com\\\/avatar\\\/44dcd5e53918f5a534a5e4e3a5991ef87805369ff912fa498e0e07c6c9ef3fc7?s=96&d=mm&r=g\",\"url\":\"https:\\\/\\\/secure.gravatar.com\\\/avatar\\\/44dcd5e53918f5a534a5e4e3a5991ef87805369ff912fa498e0e07c6c9ef3fc7?s=96&d=mm&r=g\",\"contentUrl\":\"https:\\\/\\\/secure.gravatar.com\\\/avatar\\\/44dcd5e53918f5a534a5e4e3a5991ef87805369ff912fa498e0e07c6c9ef3fc7?s=96&d=mm&r=g\",\"caption\":\"sarah franci\"},\"url\":\"https:\\\/\\\/www.article-marketing.eu\\\/comunicatistampa\\\/author\\\/sarah-franci\\\/\"}]}<\/script>\n<!-- \/ Yoast SEO plugin. -->","yoast_head_json":{"title":"Via al corso per saldatori a Siena da febbraio 2018 di Assoservizi","description":"Corso della durata di 60 ore, utile alla preparazione all'esame di certificazione per saldatore MIG-MAG TIG - OSSIACETILENICA e ELETTRICA - SALDOBRASATURA","robots":{"index":"index","follow":"follow","max-snippet":"max-snippet:-1","max-image-preview":"max-image-preview:large","max-video-preview":"max-video-preview:-1"},"canonical":"https:\/\/www.article-marketing.eu\/comunicatistampa\/addetti-alla-saldatura-via-al-corso-siena-preparare-lesame-certificazione\/","og_locale":"it_IT","og_type":"article","og_title":"Via al corso per saldatori a Siena da febbraio 2018 di Assoservizi","og_description":"Corso della durata di 60 ore, utile alla preparazione all'esame di certificazione per saldatore MIG-MAG TIG - OSSIACETILENICA e ELETTRICA - SALDOBRASATURA","og_url":"https:\/\/www.article-marketing.eu\/comunicatistampa\/addetti-alla-saldatura-via-al-corso-siena-preparare-lesame-certificazione\/","og_site_name":"Article Marketing","article_published_time":"2018-01-18T01:05:51+00:00","author":"sarah franci","twitter_card":"summary_large_image","twitter_misc":{"Scritto da":"sarah franci","Tempo di lettura stimato":"2 minuti"},"schema":{"@context":"https:\/\/schema.org","@graph":[{"@type":"Article","@id":"https:\/\/www.article-marketing.eu\/comunicatistampa\/addetti-alla-saldatura-via-al-corso-siena-preparare-lesame-certificazione\/#article","isPartOf":{"@id":"https:\/\/www.article-marketing.eu\/comunicatistampa\/addetti-alla-saldatura-via-al-corso-siena-preparare-lesame-certificazione\/"},"author":{"name":"sarah franci","@id":"https:\/\/www.article-marketing.eu\/comunicatistampa\/#\/schema\/person\/f06882587493896376af5cd79052a077"},"headline":"Addetti alla Saldatura. Via al corso a Siena per preparare l\u2019esame di certificazione","datePublished":"2018-01-18T01:05:51+00:00","mainEntityOfPage":{"@id":"https:\/\/www.article-marketing.eu\/comunicatistampa\/addetti-alla-saldatura-via-al-corso-siena-preparare-lesame-certificazione\/"},"wordCount":455,"commentCount":0,"articleSection":["Corsi","Istruzione"],"inLanguage":"it-IT","potentialAction":[{"@type":"CommentAction","name":"Comment","target":["https:\/\/www.article-marketing.eu\/comunicatistampa\/addetti-alla-saldatura-via-al-corso-siena-preparare-lesame-certificazione\/#respond"]}]},{"@type":"WebPage","@id":"https:\/\/www.article-marketing.eu\/comunicatistampa\/addetti-alla-saldatura-via-al-corso-siena-preparare-lesame-certificazione\/","url":"https:\/\/www.article-marketing.eu\/comunicatistampa\/addetti-alla-saldatura-via-al-corso-siena-preparare-lesame-certificazione\/","name":"Via al corso per saldatori a Siena da febbraio 2018 di Assoservizi","isPartOf":{"@id":"https:\/\/www.article-marketing.eu\/comunicatistampa\/#website"},"datePublished":"2018-01-18T01:05:51+00:00","author":{"@id":"https:\/\/www.article-marketing.eu\/comunicatistampa\/#\/schema\/person\/f06882587493896376af5cd79052a077"},"description":"Corso della durata di 60 ore, utile alla preparazione all'esame di certificazione per saldatore MIG-MAG TIG - OSSIACETILENICA e ELETTRICA - SALDOBRASATURA","breadcrumb":{"@id":"https:\/\/www.article-marketing.eu\/comunicatistampa\/addetti-alla-saldatura-via-al-corso-siena-preparare-lesame-certificazione\/#breadcrumb"},"inLanguage":"it-IT","potentialAction":[{"@type":"ReadAction","target":["https:\/\/www.article-marketing.eu\/comunicatistampa\/addetti-alla-saldatura-via-al-corso-siena-preparare-lesame-certificazione\/"]}]},{"@type":"BreadcrumbList","@id":"https:\/\/www.article-marketing.eu\/comunicatistampa\/addetti-alla-saldatura-via-al-corso-siena-preparare-lesame-certificazione\/#breadcrumb","itemListElement":[{"@type":"ListItem","position":1,"name":"Home","item":"https:\/\/www.article-marketing.eu\/comunicatistampa\/"},{"@type":"ListItem","position":2,"name":"Addetti alla Saldatura. Via al corso a Siena per preparare l\u2019esame di certificazione"}]},{"@type":"WebSite","@id":"https:\/\/www.article-marketing.eu\/comunicatistampa\/#website","url":"https:\/\/www.article-marketing.eu\/comunicatistampa\/","name":"Article Marketing","description":"article marketing &amp; press release","potentialAction":[{"@type":"SearchAction","target":{"@type":"EntryPoint","urlTemplate":"https:\/\/www.article-marketing.eu\/comunicatistampa\/?s={search_term_string}"},"query-input":{"@type":"PropertyValueSpecification","valueRequired":true,"valueName":"search_term_string"}}],"inLanguage":"it-IT"},{"@type":"Person","@id":"https:\/\/www.article-marketing.eu\/comunicatistampa\/#\/schema\/person\/f06882587493896376af5cd79052a077","name":"sarah franci","image":{"@type":"ImageObject","inLanguage":"it-IT","@id":"https:\/\/secure.gravatar.com\/avatar\/44dcd5e53918f5a534a5e4e3a5991ef87805369ff912fa498e0e07c6c9ef3fc7?s=96&d=mm&r=g","url":"https:\/\/secure.gravatar.com\/avatar\/44dcd5e53918f5a534a5e4e3a5991ef87805369ff912fa498e0e07c6c9ef3fc7?s=96&d=mm&r=g","contentUrl":"https:\/\/secure.gravatar.com\/avatar\/44dcd5e53918f5a534a5e4e3a5991ef87805369ff912fa498e0e07c6c9ef3fc7?s=96&d=mm&r=g","caption":"sarah franci"},"url":"https:\/\/www.article-marketing.eu\/comunicatistampa\/author\/sarah-franci\/"}]}},"_links":{"self":[{"href":"https:\/\/www.article-marketing.eu\/comunicatistampa\/wp-json\/wp\/v2\/posts\/8425","targetHints":{"allow":["GET"]}}],"collection":[{"href":"https:\/\/www.article-marketing.eu\/comunicatistampa\/wp-json\/wp\/v2\/posts"}],"about":[{"href":"https:\/\/www.article-marketing.eu\/comunicatistampa\/wp-json\/wp\/v2\/types\/post"}],"author":[{"embeddable":true,"href":"https:\/\/www.article-marketing.eu\/comunicatistampa\/wp-json\/wp\/v2\/users\/1003"}],"replies":[{"embeddable":true,"href":"https:\/\/www.article-marketing.eu\/comunicatistampa\/wp-json\/wp\/v2\/comments?post=8425"}],"version-history":[{"count":2,"href":"https:\/\/www.article-marketing.eu\/comunicatistampa\/wp-json\/wp\/v2\/posts\/8425\/revisions"}],"predecessor-version":[{"id":8472,"href":"https:\/\/www.article-marketing.eu\/comunicatistampa\/wp-json\/wp\/v2\/posts\/8425\/revisions\/8472"}],"wp:attachment":[{"href":"https:\/\/www.article-marketing.eu\/comunicatistampa\/wp-json\/wp\/v2\/media?parent=8425"}],"wp:term":[{"taxonomy":"category","embeddable":true,"href":"https:\/\/www.article-marketing.eu\/comunicatistampa\/wp-json\/wp\/v2\/categories?post=8425"},{"taxonomy":"post_tag","embeddable":true,"href":"https:\/\/www.article-marketing.eu\/comunicatistampa\/wp-json\/wp\/v2\/tags?post=8425"}],"curies":[{"name":"wp","href":"https:\/\/api.w.org\/{rel}","templated":true}]}}