{"id":8448,"date":"2018-01-18T02:08:56","date_gmt":"2018-01-18T01:08:56","guid":{"rendered":"http:\/\/www.article-marketing.eu\/comunicatistampa\/?p=8448"},"modified":"2018-01-18T02:08:56","modified_gmt":"2018-01-18T01:08:56","slug":"corso-estetica-sociale-ambito-oncologico-esteticasocialesieps","status":"publish","type":"post","link":"https:\/\/www.article-marketing.eu\/comunicatistampa\/corso-estetica-sociale-ambito-oncologico-esteticasocialesieps\/","title":{"rendered":"Corso di Estetica Sociale in ambito Oncologico #EsteticaSocialeSIEPS"},"content":{"rendered":"<p>Corso di Alta specializzazione in Estetica Sociale a supporto di persone in cura oncologica. Dal 10 al 12 febbraio 2018 presso l\u2019Ospedale regionale della Valle d\u2019Aosta \u201cUmberto Parini\u201d. #EsteticaSocialeSIEPS<\/p>\n<p>Il corso \u00e8 organizzato da SIEPS &#8211; Societ\u00e0 Italiana di estetica Professionale e Sociale, associazione noprofit di promozione sociale.<\/p>\n<p>Saper trattare, in sicurezza, in ambito estetico professionale le clienti che iniziano le cure oncologiche. Spesso capita di perdere clienti perch\u00e9 non si hanno le competenze per svolgere i trattamenti estetici su queste persone, far sapere ai clienti che si \u00e8\u00a0specializzati permetter\u00e0 di poter continuare a svolgere i trattamenti estetici e quindi di non perderli.<\/p>\n<p>I clienti si sentiranno pi\u00f9 tutelati e non abbandoneranno la propria estetista.<\/p>\n<p>I medici sapendo che l\u2019estetista \u00e8 preparata conoscendo i propri limiti d\u2019azione in tale ambito saranno pi\u00f9 propensi a non vietare pi\u00f9 in modo assoluto e indiscriminato i trattamenti estetici a queste persone che invece ne hanno pi\u00f9 bisogno per sentirsi ancora donne e ottenere un sollievo morale e fisico grazie alla propria estetista.<\/p>\n<p>Il corso da la possibilit\u00e0 di proporsi per l\u2019attivazione di laboratori gratuiti sotto forma di volontariato presso gli ospedali e le associazioni. Questo vi far\u00e0 crescere come persone, potrete crescere professionalmente avendo la possibilit\u00e0 di avere contatti con operatori sociali e sanitari, infine, ma non ultimo, alcune delle partecipanti al laboratorio diventeranno vostre clienti affezionate.<\/p>\n<p>Info corso:<a href=\"https:\/\/siepsacademy.weebly.com\/estetica-oncologica.html\">\u00a0https:\/\/siepsacademy.weebly.com\/estetica-oncologica.html<\/a><\/p>\n<p>Il corso e l&#8217;intero progetto \u00e8 patrocinato da:<\/p>\n<ul>\n<li>Parlamento Europeo Ufficio d&#8217;informazione in Italia<\/li>\n<li>Regione Valle d&#8217;Aosta Assessorato alla Sanit\u00e0<\/li>\n<li>Regione Valle d&#8217;Aosta Assessorato alle Attivit\u00e0 Produttive<\/li>\n<li>Azienda USL della Valle d&#8217;Aosta<\/li>\n<li>Comune di Aosta Assessorato alle Politiche sociali<\/li>\n<li>LILT Valle d&#8217;Aosta- Lega Italiana Lotta ai Tumori<\/li>\n<li>EBAVA &#8211; Ente Bilaterale Artigianato Valle d&#8217;Aosta<\/li>\n<li>CNA Valle d&#8217;Aosta &#8211;\u00a0Confederazione Nazionale dell\u2019Artigianato e della Piccola e Media Impresa<\/li>\n<li>Confartigianato Valle d&#8217;Aosta<\/li>\n<\/ul>\n<p>Visti il sito istituzione: <a href=\"http:\/\/www.sieps.it\">www.sieps.it<\/a><\/p>\n<p>Sito per la formazione: <a href=\"http:\/\/formazione.sieps.it\">formazione.sieps.it<\/a><\/p>\n","protected":false},"excerpt":{"rendered":"<p>Corso di Alta specializzazione in Estetica Sociale a supporto di persone in cura oncologica. Dal 10 al 12 febbraio 2018 presso l\u2019Ospedale regionale della Valle d\u2019Aosta \u201cUmberto Parini\u201d. #EsteticaSocialeSIEPS Il corso \u00e8 organizzato da SIEPS &#8211; Societ\u00e0 Italiana di estetica Professionale e Sociale, associazione noprofit di promozione sociale. Saper trattare, in sicurezza, in ambito estetico professionale le clienti che iniziano le cure oncologiche. Spesso capita di perdere clienti perch\u00e9 non<\/p>\n<p><a class=\"continue-reading\" href=\"https:\/\/www.article-marketing.eu\/comunicatistampa\/corso-estetica-sociale-ambito-oncologico-esteticasocialesieps\/\">Continue reading&#8230;<\/a><\/p>\n","protected":false},"author":1005,"featured_media":0,"comment_status":"open","ping_status":"open","sticky":false,"template":"","format":"standard","meta":{"_monsterinsights_skip_tracking":false,"_monsterinsights_sitenote_active":false,"_monsterinsights_sitenote_note":"","_monsterinsights_sitenote_category":0,"footnotes":""},"categories":[78,379,392,378,369],"tags":[3591,3588,3587,3585,3584,3589,3590,3592,3595,3594,3593,3586,245,2292],"class_list":["post-8448","post","type-post","status-publish","format-standard","hentry","category-comunicati-stampa","category-corsi","category-eventi","category-istruzione","category-salute-e-benessere","tag-bellezza","tag-estetica","tag-esteticaoncologica","tag-esteticasociale","tag-esteticasocialesieps","tag-estetista","tag-estetisti","tag-lilt","tag-noprofit","tag-oncologia","tag-sieps","tag-socioestetica","tag-benessere","tag-volontariato"],"yoast_head":"<!-- This site is optimized with the Yoast SEO plugin v27.3 - https:\/\/yoast.com\/product\/yoast-seo-wordpress\/ -->\n<title>Corso di Estetica Sociale in ambito Oncologico #EsteticaSocialeSIEPS - Article Marketing<\/title>\n<meta name=\"robots\" content=\"index, follow, max-snippet:-1, max-image-preview:large, max-video-preview:-1\" \/>\n<link rel=\"canonical\" href=\"https:\/\/www.article-marketing.eu\/comunicatistampa\/corso-estetica-sociale-ambito-oncologico-esteticasocialesieps\/\" \/>\n<meta property=\"og:locale\" content=\"it_IT\" \/>\n<meta property=\"og:type\" content=\"article\" \/>\n<meta property=\"og:title\" content=\"Corso di Estetica Sociale in ambito Oncologico #EsteticaSocialeSIEPS - Article Marketing\" \/>\n<meta property=\"og:description\" content=\"Corso di Alta specializzazione in Estetica Sociale a supporto di persone in cura oncologica. Dal 10 al 12 febbraio 2018 presso l\u2019Ospedale regionale della Valle d\u2019Aosta \u201cUmberto Parini\u201d. #EsteticaSocialeSIEPS Il corso \u00e8 organizzato da SIEPS &#8211; Societ\u00e0 Italiana di estetica Professionale e Sociale, associazione noprofit di promozione sociale. Saper trattare, in sicurezza, in ambito estetico professionale le clienti che iniziano le cure oncologiche. Spesso capita di perdere clienti perch\u00e9 nonContinue reading...\" \/>\n<meta property=\"og:url\" content=\"https:\/\/www.article-marketing.eu\/comunicatistampa\/corso-estetica-sociale-ambito-oncologico-esteticasocialesieps\/\" \/>\n<meta property=\"og:site_name\" content=\"Article Marketing\" \/>\n<meta property=\"article:author\" content=\"https:\/\/www.facebook.com\/SIEPS\" \/>\n<meta property=\"article:published_time\" content=\"2018-01-18T01:08:56+00:00\" \/>\n<meta name=\"author\" content=\"sieps\" \/>\n<meta name=\"twitter:card\" content=\"summary_large_image\" \/>\n<meta name=\"twitter:creator\" content=\"@socioestetica\" \/>\n<meta name=\"twitter:label1\" content=\"Scritto da\" \/>\n\t<meta name=\"twitter:data1\" content=\"sieps\" \/>\n\t<meta name=\"twitter:label2\" content=\"Tempo di lettura stimato\" \/>\n\t<meta name=\"twitter:data2\" content=\"2 minuti\" \/>\n<script type=\"application\/ld+json\" class=\"yoast-schema-graph\">{\"@context\":\"https:\\\/\\\/schema.org\",\"@graph\":[{\"@type\":\"Article\",\"@id\":\"https:\\\/\\\/www.article-marketing.eu\\\/comunicatistampa\\\/corso-estetica-sociale-ambito-oncologico-esteticasocialesieps\\\/#article\",\"isPartOf\":{\"@id\":\"https:\\\/\\\/www.article-marketing.eu\\\/comunicatistampa\\\/corso-estetica-sociale-ambito-oncologico-esteticasocialesieps\\\/\"},\"author\":{\"name\":\"sieps\",\"@id\":\"https:\\\/\\\/www.article-marketing.eu\\\/comunicatistampa\\\/#\\\/schema\\\/person\\\/4a39c2087d0afe6da7da3e3c888a001e\"},\"headline\":\"Corso di Estetica Sociale in ambito Oncologico #EsteticaSocialeSIEPS\",\"datePublished\":\"2018-01-18T01:08:56+00:00\",\"mainEntityOfPage\":{\"@id\":\"https:\\\/\\\/www.article-marketing.eu\\\/comunicatistampa\\\/corso-estetica-sociale-ambito-oncologico-esteticasocialesieps\\\/\"},\"wordCount\":324,\"commentCount\":0,\"keywords\":[\"#bellezza\",\"#estetica\",\"#esteticaoncologica\",\"#esteticasociale\",\"#esteticasocialesieps\",\"#estetista\",\"#estetisti\",\"#lilt\",\"#noprofit\",\"#oncologia\",\"#sieps\",\"#socioestetica\",\"benessere\",\"volontariato\"],\"articleSection\":[\"Comunicati stampa\",\"Corsi\",\"Eventi\",\"Istruzione\",\"Salute e benessere\"],\"inLanguage\":\"it-IT\",\"potentialAction\":[{\"@type\":\"CommentAction\",\"name\":\"Comment\",\"target\":[\"https:\\\/\\\/www.article-marketing.eu\\\/comunicatistampa\\\/corso-estetica-sociale-ambito-oncologico-esteticasocialesieps\\\/#respond\"]}]},{\"@type\":\"WebPage\",\"@id\":\"https:\\\/\\\/www.article-marketing.eu\\\/comunicatistampa\\\/corso-estetica-sociale-ambito-oncologico-esteticasocialesieps\\\/\",\"url\":\"https:\\\/\\\/www.article-marketing.eu\\\/comunicatistampa\\\/corso-estetica-sociale-ambito-oncologico-esteticasocialesieps\\\/\",\"name\":\"Corso di Estetica Sociale in ambito Oncologico #EsteticaSocialeSIEPS - Article Marketing\",\"isPartOf\":{\"@id\":\"https:\\\/\\\/www.article-marketing.eu\\\/comunicatistampa\\\/#website\"},\"datePublished\":\"2018-01-18T01:08:56+00:00\",\"author\":{\"@id\":\"https:\\\/\\\/www.article-marketing.eu\\\/comunicatistampa\\\/#\\\/schema\\\/person\\\/4a39c2087d0afe6da7da3e3c888a001e\"},\"breadcrumb\":{\"@id\":\"https:\\\/\\\/www.article-marketing.eu\\\/comunicatistampa\\\/corso-estetica-sociale-ambito-oncologico-esteticasocialesieps\\\/#breadcrumb\"},\"inLanguage\":\"it-IT\",\"potentialAction\":[{\"@type\":\"ReadAction\",\"target\":[\"https:\\\/\\\/www.article-marketing.eu\\\/comunicatistampa\\\/corso-estetica-sociale-ambito-oncologico-esteticasocialesieps\\\/\"]}]},{\"@type\":\"BreadcrumbList\",\"@id\":\"https:\\\/\\\/www.article-marketing.eu\\\/comunicatistampa\\\/corso-estetica-sociale-ambito-oncologico-esteticasocialesieps\\\/#breadcrumb\",\"itemListElement\":[{\"@type\":\"ListItem\",\"position\":1,\"name\":\"Home\",\"item\":\"https:\\\/\\\/www.article-marketing.eu\\\/comunicatistampa\\\/\"},{\"@type\":\"ListItem\",\"position\":2,\"name\":\"Corso di Estetica Sociale in ambito Oncologico #EsteticaSocialeSIEPS\"}]},{\"@type\":\"WebSite\",\"@id\":\"https:\\\/\\\/www.article-marketing.eu\\\/comunicatistampa\\\/#website\",\"url\":\"https:\\\/\\\/www.article-marketing.eu\\\/comunicatistampa\\\/\",\"name\":\"Article Marketing\",\"description\":\"article marketing &amp; press release\",\"potentialAction\":[{\"@type\":\"SearchAction\",\"target\":{\"@type\":\"EntryPoint\",\"urlTemplate\":\"https:\\\/\\\/www.article-marketing.eu\\\/comunicatistampa\\\/?s={search_term_string}\"},\"query-input\":{\"@type\":\"PropertyValueSpecification\",\"valueRequired\":true,\"valueName\":\"search_term_string\"}}],\"inLanguage\":\"it-IT\"},{\"@type\":\"Person\",\"@id\":\"https:\\\/\\\/www.article-marketing.eu\\\/comunicatistampa\\\/#\\\/schema\\\/person\\\/4a39c2087d0afe6da7da3e3c888a001e\",\"name\":\"sieps\",\"image\":{\"@type\":\"ImageObject\",\"inLanguage\":\"it-IT\",\"@id\":\"https:\\\/\\\/secure.gravatar.com\\\/avatar\\\/b780aecd8707016acd5eab42a1d0892430ad95578c30da7799afebcc7a6d6f34?s=96&d=mm&r=g\",\"url\":\"https:\\\/\\\/secure.gravatar.com\\\/avatar\\\/b780aecd8707016acd5eab42a1d0892430ad95578c30da7799afebcc7a6d6f34?s=96&d=mm&r=g\",\"contentUrl\":\"https:\\\/\\\/secure.gravatar.com\\\/avatar\\\/b780aecd8707016acd5eab42a1d0892430ad95578c30da7799afebcc7a6d6f34?s=96&d=mm&r=g\",\"caption\":\"sieps\"},\"description\":\"La Societ\u00e0 Italiana di Estetica Professionale e Sociale (SIEPS), ente privato no-profit di ricerca, divulgazione, aggregazione e rappresentanza di professionisti, contribuisce al conseguimento e mantenimento del benessere fisico e psichico della collettivit\u00e0, evidenziando e combattendo le nuove e vecchie forme di emarginazione che ostacolano l\u2019inserimento nella vita sociale attraverso attraverso la ricerca del benessere psico-fisico e la bellezza. La SIEPS opera per: \u2013 La promozione della figura dell\u2019estetista. \u2013 La promozione della specializzazione in Estetica Sociale e competenze annesse. \u2013 L\u2019accrescimento culturale attraverso l\u2019organizzazione di convegni, seminari e corsi di formazione permanente. \u2013 Creare rapporti di collaborazione con le Associazioni del Volontariato, del Sociale e dei Disabili, con le Associazioni e gli Enti impegnati nell\u2019ambito della ricerca scientifica e con gli Ospedali\\\/A.S.L. Attualmente la figura della Socio-Estetista (Estetista Sociale o Operatore Socio-Estetico OSE) non ha una regolamentazione ufficiale ne un corso strutturato, esistono corsi monotematici in vari ambiti legati al sociale, come il supporto ai pazienti un cura oncologica, il Trucco semi-permanente\\\/Dermopigmentazione ricostruttiva e l\u2019Esperienza maturata negli anni dagli estetisti che hanno a cuore quest\u2019argomento. L\u2019ambito dell\u2019estetica professionale si sta organizzando sempre pi\u00f9 attorno a questo argomento cos\u00ec sentito. La SIEPS nasce per impegnarsi anche in questo ambito.\",\"sameAs\":[\"http:\\\/\\\/www.sieps.it\",\"https:\\\/\\\/www.facebook.com\\\/SIEPS\",\"https:\\\/\\\/x.com\\\/socioestetica\"],\"url\":\"https:\\\/\\\/www.article-marketing.eu\\\/comunicatistampa\\\/author\\\/sieps\\\/\"}]}<\/script>\n<!-- \/ Yoast SEO plugin. -->","yoast_head_json":{"title":"Corso di Estetica Sociale in ambito Oncologico #EsteticaSocialeSIEPS - Article Marketing","robots":{"index":"index","follow":"follow","max-snippet":"max-snippet:-1","max-image-preview":"max-image-preview:large","max-video-preview":"max-video-preview:-1"},"canonical":"https:\/\/www.article-marketing.eu\/comunicatistampa\/corso-estetica-sociale-ambito-oncologico-esteticasocialesieps\/","og_locale":"it_IT","og_type":"article","og_title":"Corso di Estetica Sociale in ambito Oncologico #EsteticaSocialeSIEPS - Article Marketing","og_description":"Corso di Alta specializzazione in Estetica Sociale a supporto di persone in cura oncologica. Dal 10 al 12 febbraio 2018 presso l\u2019Ospedale regionale della Valle d\u2019Aosta \u201cUmberto Parini\u201d. #EsteticaSocialeSIEPS Il corso \u00e8 organizzato da SIEPS &#8211; Societ\u00e0 Italiana di estetica Professionale e Sociale, associazione noprofit di promozione sociale. Saper trattare, in sicurezza, in ambito estetico professionale le clienti che iniziano le cure oncologiche. Spesso capita di perdere clienti perch\u00e9 nonContinue reading...","og_url":"https:\/\/www.article-marketing.eu\/comunicatistampa\/corso-estetica-sociale-ambito-oncologico-esteticasocialesieps\/","og_site_name":"Article Marketing","article_author":"https:\/\/www.facebook.com\/SIEPS","article_published_time":"2018-01-18T01:08:56+00:00","author":"sieps","twitter_card":"summary_large_image","twitter_creator":"@socioestetica","twitter_misc":{"Scritto da":"sieps","Tempo di lettura stimato":"2 minuti"},"schema":{"@context":"https:\/\/schema.org","@graph":[{"@type":"Article","@id":"https:\/\/www.article-marketing.eu\/comunicatistampa\/corso-estetica-sociale-ambito-oncologico-esteticasocialesieps\/#article","isPartOf":{"@id":"https:\/\/www.article-marketing.eu\/comunicatistampa\/corso-estetica-sociale-ambito-oncologico-esteticasocialesieps\/"},"author":{"name":"sieps","@id":"https:\/\/www.article-marketing.eu\/comunicatistampa\/#\/schema\/person\/4a39c2087d0afe6da7da3e3c888a001e"},"headline":"Corso di Estetica Sociale in ambito Oncologico #EsteticaSocialeSIEPS","datePublished":"2018-01-18T01:08:56+00:00","mainEntityOfPage":{"@id":"https:\/\/www.article-marketing.eu\/comunicatistampa\/corso-estetica-sociale-ambito-oncologico-esteticasocialesieps\/"},"wordCount":324,"commentCount":0,"keywords":["#bellezza","#estetica","#esteticaoncologica","#esteticasociale","#esteticasocialesieps","#estetista","#estetisti","#lilt","#noprofit","#oncologia","#sieps","#socioestetica","benessere","volontariato"],"articleSection":["Comunicati stampa","Corsi","Eventi","Istruzione","Salute e benessere"],"inLanguage":"it-IT","potentialAction":[{"@type":"CommentAction","name":"Comment","target":["https:\/\/www.article-marketing.eu\/comunicatistampa\/corso-estetica-sociale-ambito-oncologico-esteticasocialesieps\/#respond"]}]},{"@type":"WebPage","@id":"https:\/\/www.article-marketing.eu\/comunicatistampa\/corso-estetica-sociale-ambito-oncologico-esteticasocialesieps\/","url":"https:\/\/www.article-marketing.eu\/comunicatistampa\/corso-estetica-sociale-ambito-oncologico-esteticasocialesieps\/","name":"Corso di Estetica Sociale in ambito Oncologico #EsteticaSocialeSIEPS - Article Marketing","isPartOf":{"@id":"https:\/\/www.article-marketing.eu\/comunicatistampa\/#website"},"datePublished":"2018-01-18T01:08:56+00:00","author":{"@id":"https:\/\/www.article-marketing.eu\/comunicatistampa\/#\/schema\/person\/4a39c2087d0afe6da7da3e3c888a001e"},"breadcrumb":{"@id":"https:\/\/www.article-marketing.eu\/comunicatistampa\/corso-estetica-sociale-ambito-oncologico-esteticasocialesieps\/#breadcrumb"},"inLanguage":"it-IT","potentialAction":[{"@type":"ReadAction","target":["https:\/\/www.article-marketing.eu\/comunicatistampa\/corso-estetica-sociale-ambito-oncologico-esteticasocialesieps\/"]}]},{"@type":"BreadcrumbList","@id":"https:\/\/www.article-marketing.eu\/comunicatistampa\/corso-estetica-sociale-ambito-oncologico-esteticasocialesieps\/#breadcrumb","itemListElement":[{"@type":"ListItem","position":1,"name":"Home","item":"https:\/\/www.article-marketing.eu\/comunicatistampa\/"},{"@type":"ListItem","position":2,"name":"Corso di Estetica Sociale in ambito Oncologico #EsteticaSocialeSIEPS"}]},{"@type":"WebSite","@id":"https:\/\/www.article-marketing.eu\/comunicatistampa\/#website","url":"https:\/\/www.article-marketing.eu\/comunicatistampa\/","name":"Article Marketing","description":"article marketing &amp; press release","potentialAction":[{"@type":"SearchAction","target":{"@type":"EntryPoint","urlTemplate":"https:\/\/www.article-marketing.eu\/comunicatistampa\/?s={search_term_string}"},"query-input":{"@type":"PropertyValueSpecification","valueRequired":true,"valueName":"search_term_string"}}],"inLanguage":"it-IT"},{"@type":"Person","@id":"https:\/\/www.article-marketing.eu\/comunicatistampa\/#\/schema\/person\/4a39c2087d0afe6da7da3e3c888a001e","name":"sieps","image":{"@type":"ImageObject","inLanguage":"it-IT","@id":"https:\/\/secure.gravatar.com\/avatar\/b780aecd8707016acd5eab42a1d0892430ad95578c30da7799afebcc7a6d6f34?s=96&d=mm&r=g","url":"https:\/\/secure.gravatar.com\/avatar\/b780aecd8707016acd5eab42a1d0892430ad95578c30da7799afebcc7a6d6f34?s=96&d=mm&r=g","contentUrl":"https:\/\/secure.gravatar.com\/avatar\/b780aecd8707016acd5eab42a1d0892430ad95578c30da7799afebcc7a6d6f34?s=96&d=mm&r=g","caption":"sieps"},"description":"La Societ\u00e0 Italiana di Estetica Professionale e Sociale (SIEPS), ente privato no-profit di ricerca, divulgazione, aggregazione e rappresentanza di professionisti, contribuisce al conseguimento e mantenimento del benessere fisico e psichico della collettivit\u00e0, evidenziando e combattendo le nuove e vecchie forme di emarginazione che ostacolano l\u2019inserimento nella vita sociale attraverso attraverso la ricerca del benessere psico-fisico e la bellezza. La SIEPS opera per: \u2013 La promozione della figura dell\u2019estetista. \u2013 La promozione della specializzazione in Estetica Sociale e competenze annesse. \u2013 L\u2019accrescimento culturale attraverso l\u2019organizzazione di convegni, seminari e corsi di formazione permanente. \u2013 Creare rapporti di collaborazione con le Associazioni del Volontariato, del Sociale e dei Disabili, con le Associazioni e gli Enti impegnati nell\u2019ambito della ricerca scientifica e con gli Ospedali\/A.S.L. Attualmente la figura della Socio-Estetista (Estetista Sociale o Operatore Socio-Estetico OSE) non ha una regolamentazione ufficiale ne un corso strutturato, esistono corsi monotematici in vari ambiti legati al sociale, come il supporto ai pazienti un cura oncologica, il Trucco semi-permanente\/Dermopigmentazione ricostruttiva e l\u2019Esperienza maturata negli anni dagli estetisti che hanno a cuore quest\u2019argomento. L\u2019ambito dell\u2019estetica professionale si sta organizzando sempre pi\u00f9 attorno a questo argomento cos\u00ec sentito. La SIEPS nasce per impegnarsi anche in questo ambito.","sameAs":["http:\/\/www.sieps.it","https:\/\/www.facebook.com\/SIEPS","https:\/\/x.com\/socioestetica"],"url":"https:\/\/www.article-marketing.eu\/comunicatistampa\/author\/sieps\/"}]}},"_links":{"self":[{"href":"https:\/\/www.article-marketing.eu\/comunicatistampa\/wp-json\/wp\/v2\/posts\/8448","targetHints":{"allow":["GET"]}}],"collection":[{"href":"https:\/\/www.article-marketing.eu\/comunicatistampa\/wp-json\/wp\/v2\/posts"}],"about":[{"href":"https:\/\/www.article-marketing.eu\/comunicatistampa\/wp-json\/wp\/v2\/types\/post"}],"author":[{"embeddable":true,"href":"https:\/\/www.article-marketing.eu\/comunicatistampa\/wp-json\/wp\/v2\/users\/1005"}],"replies":[{"embeddable":true,"href":"https:\/\/www.article-marketing.eu\/comunicatistampa\/wp-json\/wp\/v2\/comments?post=8448"}],"version-history":[{"count":7,"href":"https:\/\/www.article-marketing.eu\/comunicatistampa\/wp-json\/wp\/v2\/posts\/8448\/revisions"}],"predecessor-version":[{"id":8475,"href":"https:\/\/www.article-marketing.eu\/comunicatistampa\/wp-json\/wp\/v2\/posts\/8448\/revisions\/8475"}],"wp:attachment":[{"href":"https:\/\/www.article-marketing.eu\/comunicatistampa\/wp-json\/wp\/v2\/media?parent=8448"}],"wp:term":[{"taxonomy":"category","embeddable":true,"href":"https:\/\/www.article-marketing.eu\/comunicatistampa\/wp-json\/wp\/v2\/categories?post=8448"},{"taxonomy":"post_tag","embeddable":true,"href":"https:\/\/www.article-marketing.eu\/comunicatistampa\/wp-json\/wp\/v2\/tags?post=8448"}],"curies":[{"name":"wp","href":"https:\/\/api.w.org\/{rel}","templated":true}]}}