{"id":8496,"date":"2018-01-19T04:26:09","date_gmt":"2018-01-19T03:26:09","guid":{"rendered":"http:\/\/www.article-marketing.eu\/comunicatistampa\/?p=8496"},"modified":"2018-01-19T04:26:09","modified_gmt":"2018-01-19T03:26:09","slug":"ricoh-ise-2018-presentare-levoluzione-degli-ambienti-lavoro","status":"publish","type":"post","link":"https:\/\/www.article-marketing.eu\/comunicatistampa\/ricoh-ise-2018-presentare-levoluzione-degli-ambienti-lavoro\/","title":{"rendered":"Ricoh a ISE 2018 per presentare l\u2019evoluzione degli ambienti di lavoro"},"content":{"rendered":"<p>In evidenza allo stand Ricoh le pi\u00f9 recenti innovazioni in grado di trasformare il modo di collaborare. Tra le tecnologie Ricoh a disposizione dei visitatori vi saranno sistemi di Unified Communication e un\u2019ampia gamma di controller compatibili con le lavagne interattive.<\/p>\n<p>Ricoh sar\u00e0 presente a ISE 2018, la pi\u00f9 grande fiera dedicata ai sistemi audio-video che si svolger\u00e0 dal 6 al 9 febbraio ad Amsterdam (RAI Exhibition and Convention Centre). Presso lo stand Ricoh (Padiglione 9, stand B176) sar\u00e0 possibile toccare con mano le pi\u00f9 recenti innovazioni nell\u2019ambito dei Communication Services e comprendere in che modo esse possano trasformare la collaborazione nelle aziende.<br \/>\nTra le novit\u00e0 presentate un\u2019ampia gamma di smart controller compatibili con il portfolio di lavagne interattive Ricoh. I nuovi controller possono essere configurati con un\u2019interfaccia di avvio personalizzabile e una serie di applicazioni ideali per differenti mercati. I controller supportano anche Microsoft Windows 10.<br \/>\nLa compatibilit\u00e0 con le lavagne interattive Ricoh aumenta la flessibilit\u00e0 permettendo agli utenti di migliorare la gestione e l\u2019efficacia dei meeting. Gli amministratori possono con grande semplicit\u00e0 effettuare il setup delle configurazioni, gestirle o bloccarle mediante l\u2019interfaccia di avvio che diventa cos\u00ec il principale punto di accesso per tutte le attivit\u00e0.<\/p>\n<p>A ISE 2018, Ricoh si focalizzer\u00e0 sui vantaggi del Digital Workplace mostrando in che modo il proprio portfolio di servizi e soluzioni renda la collaborazione pi\u00f9 efficiente.<\/p>\n<p>Saranno inoltre a disposizione dei visitatori:<br \/>\n\u2022 Lavagne interattive che integrano l\u2019intelligenza artificiale di IBM Watson<br \/>\n\u2022 Sistemi di Visual Communication per reception virtuali e interattive<br \/>\n\u2022 Un huddle space che mostra le opportunit\u00e0 di Ricoh P3500M, sistema per la Unified Communication<br \/>\n\u2022 Videoproiettori standard e ad ottica ultra-corta utilizzati in maniera integrata con la lavagna interattiva Ricoh D5520 per mostrare in che modo gli utenti possono gestire e proiettare i contenuti<br \/>\n\u2022 Soluzioni proposte dai partner Ricoh per il digital signage e il sistema di Condeco\u2122 per la prenotazione delle sale<\/p>\n<p>La voce degli esperti<br \/>\nOltre a mostrare il funzionamento delle soluzioni, i professionisti Ricoh allo stand si confronteranno con i visitatori condividendo con loro in che modo sia possibile aumentare la produttivit\u00e0 e la profittabilit\u00e0 migliorando la scelta, l\u2019installazione, la gestione e il supporto dei sistemi per la visual communication.<\/p>\n<p>Il primo giorno dell\u2019evento (dalle 14.30 alle 15.00 presso lo Smart Building Solutions Theatre) un esperto Ricoh presenter\u00e0 alcuni casi di successo dando cos\u00ec esempi concreti di aziende che hanno migliorato la collaborazione e l\u2019utilizzo degli spazi.<\/p>\n<p>Oscar Mellegers, Head of Marketing EMEA, Communication Services, Ricoh Europe, commenta: \u201cIn tutta Europa emerge sempre pi\u00f9 l\u2019esigenza di tecnologie per l\u2019innovazione degli ambienti di lavoro. Da una ricerca Ricoh si nota come il 98% dei lavoratori sia entusiasta della possibilit\u00e0 di utilizzare nuove tecnologie. Risulta chiaro come i dipendenti chiedano alle aziende di innovare per riuscire ad essere pi\u00f9 produttivi ed efficienti. Tutte queste possibilit\u00e0 verranno presentate ad ISE 2018\u201d.<\/p>\n<p>\u00c8 possibile registrarsi online gratuitamente all\u2019evento (la registrazione in loco ha il costo di EUR 150 + IVA) dal sito www.iseurope.org utilizzando il codice esclusivo Ricoh 915577.<\/p>\n","protected":false},"excerpt":{"rendered":"<p>In evidenza allo stand Ricoh le pi\u00f9 recenti innovazioni in grado di trasformare il modo di collaborare. Tra le tecnologie Ricoh a disposizione dei visitatori vi saranno sistemi di Unified Communication e un\u2019ampia gamma di controller compatibili con le lavagne interattive. Ricoh sar\u00e0 presente a ISE 2018, la pi\u00f9 grande fiera dedicata ai sistemi audio-video che si svolger\u00e0 dal 6 al 9 febbraio ad Amsterdam (RAI Exhibition and Convention Centre).<\/p>\n<p><a class=\"continue-reading\" href=\"https:\/\/www.article-marketing.eu\/comunicatistampa\/ricoh-ise-2018-presentare-levoluzione-degli-ambienti-lavoro\/\">Continue reading&#8230;<\/a><\/p>\n","protected":false},"author":15,"featured_media":0,"comment_status":"open","ping_status":"open","sticky":false,"template":"","format":"standard","meta":{"_monsterinsights_skip_tracking":false,"_monsterinsights_sitenote_active":false,"_monsterinsights_sitenote_note":"","_monsterinsights_sitenote_category":0,"footnotes":""},"categories":[78],"tags":[],"class_list":["post-8496","post","type-post","status-publish","format-standard","hentry","category-comunicati-stampa"],"yoast_head":"<!-- This site is optimized with the Yoast SEO plugin v27.3 - https:\/\/yoast.com\/product\/yoast-seo-wordpress\/ -->\n<title>Ricoh a ISE 2018 per presentare l\u2019evoluzione degli ambienti di lavoro - Article Marketing<\/title>\n<meta name=\"robots\" content=\"index, follow, max-snippet:-1, max-image-preview:large, max-video-preview:-1\" \/>\n<link rel=\"canonical\" href=\"https:\/\/www.article-marketing.eu\/comunicatistampa\/ricoh-ise-2018-presentare-levoluzione-degli-ambienti-lavoro\/\" \/>\n<meta property=\"og:locale\" content=\"it_IT\" \/>\n<meta property=\"og:type\" content=\"article\" \/>\n<meta property=\"og:title\" content=\"Ricoh a ISE 2018 per presentare l\u2019evoluzione degli ambienti di lavoro - Article Marketing\" \/>\n<meta property=\"og:description\" content=\"In evidenza allo stand Ricoh le pi\u00f9 recenti innovazioni in grado di trasformare il modo di collaborare. Tra le tecnologie Ricoh a disposizione dei visitatori vi saranno sistemi di Unified Communication e un\u2019ampia gamma di controller compatibili con le lavagne interattive. Ricoh sar\u00e0 presente a ISE 2018, la pi\u00f9 grande fiera dedicata ai sistemi audio-video che si svolger\u00e0 dal 6 al 9 febbraio ad Amsterdam (RAI Exhibition and Convention Centre).Continue reading...\" \/>\n<meta property=\"og:url\" content=\"https:\/\/www.article-marketing.eu\/comunicatistampa\/ricoh-ise-2018-presentare-levoluzione-degli-ambienti-lavoro\/\" \/>\n<meta property=\"og:site_name\" content=\"Article Marketing\" \/>\n<meta property=\"article:published_time\" content=\"2018-01-19T03:26:09+00:00\" \/>\n<meta name=\"author\" content=\"MartaOldani\" \/>\n<meta name=\"twitter:card\" content=\"summary_large_image\" \/>\n<meta name=\"twitter:label1\" content=\"Scritto da\" \/>\n\t<meta name=\"twitter:data1\" content=\"MartaOldani\" \/>\n\t<meta name=\"twitter:label2\" content=\"Tempo di lettura stimato\" \/>\n\t<meta name=\"twitter:data2\" content=\"2 minuti\" \/>\n<script type=\"application\/ld+json\" class=\"yoast-schema-graph\">{\"@context\":\"https:\\\/\\\/schema.org\",\"@graph\":[{\"@type\":\"Article\",\"@id\":\"https:\\\/\\\/www.article-marketing.eu\\\/comunicatistampa\\\/ricoh-ise-2018-presentare-levoluzione-degli-ambienti-lavoro\\\/#article\",\"isPartOf\":{\"@id\":\"https:\\\/\\\/www.article-marketing.eu\\\/comunicatistampa\\\/ricoh-ise-2018-presentare-levoluzione-degli-ambienti-lavoro\\\/\"},\"author\":{\"name\":\"MartaOldani\",\"@id\":\"https:\\\/\\\/www.article-marketing.eu\\\/comunicatistampa\\\/#\\\/schema\\\/person\\\/11429a0958085546a14f2ef8706ed1ad\"},\"headline\":\"Ricoh a ISE 2018 per presentare l\u2019evoluzione degli ambienti di lavoro\",\"datePublished\":\"2018-01-19T03:26:09+00:00\",\"mainEntityOfPage\":{\"@id\":\"https:\\\/\\\/www.article-marketing.eu\\\/comunicatistampa\\\/ricoh-ise-2018-presentare-levoluzione-degli-ambienti-lavoro\\\/\"},\"wordCount\":510,\"commentCount\":0,\"articleSection\":[\"Comunicati stampa\"],\"inLanguage\":\"it-IT\",\"potentialAction\":[{\"@type\":\"CommentAction\",\"name\":\"Comment\",\"target\":[\"https:\\\/\\\/www.article-marketing.eu\\\/comunicatistampa\\\/ricoh-ise-2018-presentare-levoluzione-degli-ambienti-lavoro\\\/#respond\"]}]},{\"@type\":\"WebPage\",\"@id\":\"https:\\\/\\\/www.article-marketing.eu\\\/comunicatistampa\\\/ricoh-ise-2018-presentare-levoluzione-degli-ambienti-lavoro\\\/\",\"url\":\"https:\\\/\\\/www.article-marketing.eu\\\/comunicatistampa\\\/ricoh-ise-2018-presentare-levoluzione-degli-ambienti-lavoro\\\/\",\"name\":\"Ricoh a ISE 2018 per presentare l\u2019evoluzione degli ambienti di lavoro - Article Marketing\",\"isPartOf\":{\"@id\":\"https:\\\/\\\/www.article-marketing.eu\\\/comunicatistampa\\\/#website\"},\"datePublished\":\"2018-01-19T03:26:09+00:00\",\"author\":{\"@id\":\"https:\\\/\\\/www.article-marketing.eu\\\/comunicatistampa\\\/#\\\/schema\\\/person\\\/11429a0958085546a14f2ef8706ed1ad\"},\"breadcrumb\":{\"@id\":\"https:\\\/\\\/www.article-marketing.eu\\\/comunicatistampa\\\/ricoh-ise-2018-presentare-levoluzione-degli-ambienti-lavoro\\\/#breadcrumb\"},\"inLanguage\":\"it-IT\",\"potentialAction\":[{\"@type\":\"ReadAction\",\"target\":[\"https:\\\/\\\/www.article-marketing.eu\\\/comunicatistampa\\\/ricoh-ise-2018-presentare-levoluzione-degli-ambienti-lavoro\\\/\"]}]},{\"@type\":\"BreadcrumbList\",\"@id\":\"https:\\\/\\\/www.article-marketing.eu\\\/comunicatistampa\\\/ricoh-ise-2018-presentare-levoluzione-degli-ambienti-lavoro\\\/#breadcrumb\",\"itemListElement\":[{\"@type\":\"ListItem\",\"position\":1,\"name\":\"Home\",\"item\":\"https:\\\/\\\/www.article-marketing.eu\\\/comunicatistampa\\\/\"},{\"@type\":\"ListItem\",\"position\":2,\"name\":\"Ricoh a ISE 2018 per presentare l\u2019evoluzione degli ambienti di lavoro\"}]},{\"@type\":\"WebSite\",\"@id\":\"https:\\\/\\\/www.article-marketing.eu\\\/comunicatistampa\\\/#website\",\"url\":\"https:\\\/\\\/www.article-marketing.eu\\\/comunicatistampa\\\/\",\"name\":\"Article Marketing\",\"description\":\"article marketing &amp; press release\",\"potentialAction\":[{\"@type\":\"SearchAction\",\"target\":{\"@type\":\"EntryPoint\",\"urlTemplate\":\"https:\\\/\\\/www.article-marketing.eu\\\/comunicatistampa\\\/?s={search_term_string}\"},\"query-input\":{\"@type\":\"PropertyValueSpecification\",\"valueRequired\":true,\"valueName\":\"search_term_string\"}}],\"inLanguage\":\"it-IT\"},{\"@type\":\"Person\",\"@id\":\"https:\\\/\\\/www.article-marketing.eu\\\/comunicatistampa\\\/#\\\/schema\\\/person\\\/11429a0958085546a14f2ef8706ed1ad\",\"name\":\"MartaOldani\",\"image\":{\"@type\":\"ImageObject\",\"inLanguage\":\"it-IT\",\"@id\":\"https:\\\/\\\/secure.gravatar.com\\\/avatar\\\/61f67e4d0e5fe2ae475d07df4f372fb6eb25341737f3c7e794f70d4c169f28dd?s=96&d=mm&r=g\",\"url\":\"https:\\\/\\\/secure.gravatar.com\\\/avatar\\\/61f67e4d0e5fe2ae475d07df4f372fb6eb25341737f3c7e794f70d4c169f28dd?s=96&d=mm&r=g\",\"contentUrl\":\"https:\\\/\\\/secure.gravatar.com\\\/avatar\\\/61f67e4d0e5fe2ae475d07df4f372fb6eb25341737f3c7e794f70d4c169f28dd?s=96&d=mm&r=g\",\"caption\":\"MartaOldani\"},\"url\":\"https:\\\/\\\/www.article-marketing.eu\\\/comunicatistampa\\\/author\\\/martaoldani\\\/\"}]}<\/script>\n<!-- \/ Yoast SEO plugin. -->","yoast_head_json":{"title":"Ricoh a ISE 2018 per presentare l\u2019evoluzione degli ambienti di lavoro - Article Marketing","robots":{"index":"index","follow":"follow","max-snippet":"max-snippet:-1","max-image-preview":"max-image-preview:large","max-video-preview":"max-video-preview:-1"},"canonical":"https:\/\/www.article-marketing.eu\/comunicatistampa\/ricoh-ise-2018-presentare-levoluzione-degli-ambienti-lavoro\/","og_locale":"it_IT","og_type":"article","og_title":"Ricoh a ISE 2018 per presentare l\u2019evoluzione degli ambienti di lavoro - Article Marketing","og_description":"In evidenza allo stand Ricoh le pi\u00f9 recenti innovazioni in grado di trasformare il modo di collaborare. Tra le tecnologie Ricoh a disposizione dei visitatori vi saranno sistemi di Unified Communication e un\u2019ampia gamma di controller compatibili con le lavagne interattive. Ricoh sar\u00e0 presente a ISE 2018, la pi\u00f9 grande fiera dedicata ai sistemi audio-video che si svolger\u00e0 dal 6 al 9 febbraio ad Amsterdam (RAI Exhibition and Convention Centre).Continue reading...","og_url":"https:\/\/www.article-marketing.eu\/comunicatistampa\/ricoh-ise-2018-presentare-levoluzione-degli-ambienti-lavoro\/","og_site_name":"Article Marketing","article_published_time":"2018-01-19T03:26:09+00:00","author":"MartaOldani","twitter_card":"summary_large_image","twitter_misc":{"Scritto da":"MartaOldani","Tempo di lettura stimato":"2 minuti"},"schema":{"@context":"https:\/\/schema.org","@graph":[{"@type":"Article","@id":"https:\/\/www.article-marketing.eu\/comunicatistampa\/ricoh-ise-2018-presentare-levoluzione-degli-ambienti-lavoro\/#article","isPartOf":{"@id":"https:\/\/www.article-marketing.eu\/comunicatistampa\/ricoh-ise-2018-presentare-levoluzione-degli-ambienti-lavoro\/"},"author":{"name":"MartaOldani","@id":"https:\/\/www.article-marketing.eu\/comunicatistampa\/#\/schema\/person\/11429a0958085546a14f2ef8706ed1ad"},"headline":"Ricoh a ISE 2018 per presentare l\u2019evoluzione degli ambienti di lavoro","datePublished":"2018-01-19T03:26:09+00:00","mainEntityOfPage":{"@id":"https:\/\/www.article-marketing.eu\/comunicatistampa\/ricoh-ise-2018-presentare-levoluzione-degli-ambienti-lavoro\/"},"wordCount":510,"commentCount":0,"articleSection":["Comunicati stampa"],"inLanguage":"it-IT","potentialAction":[{"@type":"CommentAction","name":"Comment","target":["https:\/\/www.article-marketing.eu\/comunicatistampa\/ricoh-ise-2018-presentare-levoluzione-degli-ambienti-lavoro\/#respond"]}]},{"@type":"WebPage","@id":"https:\/\/www.article-marketing.eu\/comunicatistampa\/ricoh-ise-2018-presentare-levoluzione-degli-ambienti-lavoro\/","url":"https:\/\/www.article-marketing.eu\/comunicatistampa\/ricoh-ise-2018-presentare-levoluzione-degli-ambienti-lavoro\/","name":"Ricoh a ISE 2018 per presentare l\u2019evoluzione degli ambienti di lavoro - Article Marketing","isPartOf":{"@id":"https:\/\/www.article-marketing.eu\/comunicatistampa\/#website"},"datePublished":"2018-01-19T03:26:09+00:00","author":{"@id":"https:\/\/www.article-marketing.eu\/comunicatistampa\/#\/schema\/person\/11429a0958085546a14f2ef8706ed1ad"},"breadcrumb":{"@id":"https:\/\/www.article-marketing.eu\/comunicatistampa\/ricoh-ise-2018-presentare-levoluzione-degli-ambienti-lavoro\/#breadcrumb"},"inLanguage":"it-IT","potentialAction":[{"@type":"ReadAction","target":["https:\/\/www.article-marketing.eu\/comunicatistampa\/ricoh-ise-2018-presentare-levoluzione-degli-ambienti-lavoro\/"]}]},{"@type":"BreadcrumbList","@id":"https:\/\/www.article-marketing.eu\/comunicatistampa\/ricoh-ise-2018-presentare-levoluzione-degli-ambienti-lavoro\/#breadcrumb","itemListElement":[{"@type":"ListItem","position":1,"name":"Home","item":"https:\/\/www.article-marketing.eu\/comunicatistampa\/"},{"@type":"ListItem","position":2,"name":"Ricoh a ISE 2018 per presentare l\u2019evoluzione degli ambienti di lavoro"}]},{"@type":"WebSite","@id":"https:\/\/www.article-marketing.eu\/comunicatistampa\/#website","url":"https:\/\/www.article-marketing.eu\/comunicatistampa\/","name":"Article Marketing","description":"article marketing &amp; press release","potentialAction":[{"@type":"SearchAction","target":{"@type":"EntryPoint","urlTemplate":"https:\/\/www.article-marketing.eu\/comunicatistampa\/?s={search_term_string}"},"query-input":{"@type":"PropertyValueSpecification","valueRequired":true,"valueName":"search_term_string"}}],"inLanguage":"it-IT"},{"@type":"Person","@id":"https:\/\/www.article-marketing.eu\/comunicatistampa\/#\/schema\/person\/11429a0958085546a14f2ef8706ed1ad","name":"MartaOldani","image":{"@type":"ImageObject","inLanguage":"it-IT","@id":"https:\/\/secure.gravatar.com\/avatar\/61f67e4d0e5fe2ae475d07df4f372fb6eb25341737f3c7e794f70d4c169f28dd?s=96&d=mm&r=g","url":"https:\/\/secure.gravatar.com\/avatar\/61f67e4d0e5fe2ae475d07df4f372fb6eb25341737f3c7e794f70d4c169f28dd?s=96&d=mm&r=g","contentUrl":"https:\/\/secure.gravatar.com\/avatar\/61f67e4d0e5fe2ae475d07df4f372fb6eb25341737f3c7e794f70d4c169f28dd?s=96&d=mm&r=g","caption":"MartaOldani"},"url":"https:\/\/www.article-marketing.eu\/comunicatistampa\/author\/martaoldani\/"}]}},"_links":{"self":[{"href":"https:\/\/www.article-marketing.eu\/comunicatistampa\/wp-json\/wp\/v2\/posts\/8496","targetHints":{"allow":["GET"]}}],"collection":[{"href":"https:\/\/www.article-marketing.eu\/comunicatistampa\/wp-json\/wp\/v2\/posts"}],"about":[{"href":"https:\/\/www.article-marketing.eu\/comunicatistampa\/wp-json\/wp\/v2\/types\/post"}],"author":[{"embeddable":true,"href":"https:\/\/www.article-marketing.eu\/comunicatistampa\/wp-json\/wp\/v2\/users\/15"}],"replies":[{"embeddable":true,"href":"https:\/\/www.article-marketing.eu\/comunicatistampa\/wp-json\/wp\/v2\/comments?post=8496"}],"version-history":[{"count":2,"href":"https:\/\/www.article-marketing.eu\/comunicatistampa\/wp-json\/wp\/v2\/posts\/8496\/revisions"}],"predecessor-version":[{"id":8508,"href":"https:\/\/www.article-marketing.eu\/comunicatistampa\/wp-json\/wp\/v2\/posts\/8496\/revisions\/8508"}],"wp:attachment":[{"href":"https:\/\/www.article-marketing.eu\/comunicatistampa\/wp-json\/wp\/v2\/media?parent=8496"}],"wp:term":[{"taxonomy":"category","embeddable":true,"href":"https:\/\/www.article-marketing.eu\/comunicatistampa\/wp-json\/wp\/v2\/categories?post=8496"},{"taxonomy":"post_tag","embeddable":true,"href":"https:\/\/www.article-marketing.eu\/comunicatistampa\/wp-json\/wp\/v2\/tags?post=8496"}],"curies":[{"name":"wp","href":"https:\/\/api.w.org\/{rel}","templated":true}]}}