{"id":8564,"date":"2018-01-23T04:52:47","date_gmt":"2018-01-23T03:52:47","guid":{"rendered":"http:\/\/www.article-marketing.eu\/comunicatistampa\/?p=8564"},"modified":"2018-01-23T04:52:47","modified_gmt":"2018-01-23T03:52:47","slug":"la-femminilita-androgina","status":"publish","type":"post","link":"https:\/\/www.article-marketing.eu\/comunicatistampa\/la-femminilita-androgina\/","title":{"rendered":"La femminilit\u00e0 androgina"},"content":{"rendered":"<h1 class=\"post_title\">La femminilit\u00e0 androgina<\/h1>\n<figure class=\"images\"><img decoding=\"async\" src=\"https:\/\/call.orequo.com\/wp-content\/uploads\/2018\/01\/E32E05CD-BC8D-494F-ABF1-1B74748DC242.jpeg\" alt=\"\" \/><\/figure>\n<div class=\"break\"><\/div>\n<div class=\"col3-3\">\n<div class=\"post_breadcrumbs\"><\/div>\n<div class=\"post_content\">\n<p>La\u00a0<strong>moda<\/strong>\u00a0non deve essere qualcosa di prestabilito, rigido, predisposto, ma, come viene definita da molti ormai: \u00e8 un modo artistico per esprimere se stessi, la propria\u00a0<strong>personalit\u00e0<\/strong>.<\/p>\n<p>Partendo da questo presupposto, quindi, bisogna immaginare vari stili senza lasciarsi influenzare da possibili confini e abbattendo tutte le barriere che spesso sono ancorate nella storia della nostra societ\u00e0, ad esempio l\u2019opposizione tradizionale fra uomo e donna.<\/p>\n<p><img loading=\"lazy\" decoding=\"async\" class=\"size-medium wp-image-270 aligncenter\" src=\"http:\/\/call.orequo.com\/wp-content\/uploads\/2018\/01\/AB68376A-18B1-44B4-85CE-7F26E5CBDF54-300x200.jpeg\" alt=\"\" width=\"300\" height=\"200\" \/><\/p>\n<p>Primo fra tutti fu\u00a0<strong>Yves Saint-Laurent<\/strong>\u00a0ad introdurre nella moda femminile capi maschili, come il tailleur-pantalone o lo smoking, senza rendere l\u2019aspetto del gentil sesso troppo androgino, ma, anzi, creando una silhouette irriverente e sensuale.<\/p>\n<p>Ormai i\u00a0<strong>blazer<\/strong>, i\u00a0<strong>pantaloni<\/strong>\u00a0o le\u00a0<strong>scarpe stringate<\/strong>\u00a0fanno parte del guardaroba di ogni donna, ma alcune volte questi capi mascolini non esaltano la femminilit\u00e0, il motivo \u00e8 presto rintracciabile nella poca attenzione dedicata ai particolari, che, invece, fanno la differenza.<\/p>\n<p>Lo stile maschile deve essere ben dosato all\u2019interno di un look, deve creare un equilibrio per non prendere il sopravvento sulla femminilit\u00e0, ogni donna pu\u00f2 indossare qualsiasi capo o accessorio ritenuto genericamente \u201cda uomo\u201d: ad esempio inserire nell\u2019<strong>outfit<\/strong>\u00a0una\u00a0<strong>pochette da giacca<\/strong>, ritenuta spesso un accessorio prettamente maschile, pu\u00f2 essere un\u2019idea originale che rende pi\u00f9 sofisticato lo stile.<\/p>\n<p><img loading=\"lazy\" decoding=\"async\" class=\"size-medium wp-image-269 aligncenter\" src=\"http:\/\/call.orequo.com\/wp-content\/uploads\/2018\/01\/161DF3F1-90F7-47FD-AB88-E71E53F18478-300x200.jpeg\" alt=\"\" width=\"300\" height=\"200\" \/><\/p>\n<p>Infatti, oltre ad utilizzarla come fazzoletto da giacca in un blazer, sia dal taglio maschile sia pi\u00f9 femminile, con una strozzatura sui fianchi, si pu\u00f2 indossare in molti altri modi: arrotolando la pochette intorno al polso, creando un\u00a0<strong>piccolo bracciale di seta<\/strong>\u00a0colorata da abbinare ad un outfit total white o black, per spezzare la monocromia, oppure utilizzandolo come\u00a0<strong>decorazione attorno ai capelli legati a coda<\/strong>, cercando tonalit\u00e0 in contrasto con la propria nuance, cos\u00ec da metterlo ancora pi\u00f9 in risalto, o ancora,<strong>impreziosendo la propria borsa<\/strong>\u00a0legando il fazzoletto attorno al manico o alla tracolla, e lasciandolo scivolare da un lato.<\/p>\n<p>La pochette \u00e8 un<strong>\u00a0accessorio di classe<\/strong>\u00a0dai mille usi, che per ogni donna pu\u00f2 rivelarsi il jolly vincente per un\u00a0<strong>look<\/strong>\u00a0sempre\u00a0<strong>originale e femminile<\/strong>.<\/p>\n<\/div>\n<\/div>\n","protected":false},"excerpt":{"rendered":"<p>La femminilit\u00e0 androgina La\u00a0moda\u00a0non deve essere qualcosa di prestabilito, rigido, predisposto, ma, come viene definita da molti ormai: \u00e8 un modo artistico per esprimere se stessi, la propria\u00a0personalit\u00e0. Partendo da questo presupposto, quindi, bisogna immaginare vari stili senza lasciarsi influenzare da possibili confini e abbattendo tutte le barriere che spesso sono ancorate nella storia della nostra societ\u00e0, ad esempio l\u2019opposizione tradizionale fra uomo e donna. Primo fra tutti fu\u00a0Yves Saint-Laurent\u00a0ad<\/p>\n<p><a class=\"continue-reading\" href=\"https:\/\/www.article-marketing.eu\/comunicatistampa\/la-femminilita-androgina\/\">Continue reading&#8230;<\/a><\/p>\n","protected":false},"author":938,"featured_media":0,"comment_status":"open","ping_status":"open","sticky":false,"template":"","format":"standard","meta":{"_monsterinsights_skip_tracking":false,"_monsterinsights_sitenote_active":false,"_monsterinsights_sitenote_note":"","_monsterinsights_sitenote_category":0,"footnotes":""},"categories":[363,407,381,389,367,354],"tags":[3634,3218,3636,3635,3638,3642,3641,1692,1141,3640,3628,3639,3629,3630,3637,3633,3632,3631],"class_list":["post-8564","post","type-post","status-publish","format-standard","hentry","category-abbigliamento-e-accessori","category-arte-e-cultura","category-blog","category-marketing","category-news-e-attualita","category-shopping","tag-accessori-di-lusso-italiani","tag-eccellenza-italiana","tag-edizione-limitata","tag-fatto-a-mano","tag-fazzoletto-da-taschino","tag-italian-luxury-artisans","tag-lusso-italiano","tag-luxury","tag-made-in-italy","tag-menswear","tag-moda-femminile","tag-moda-maschile","tag-orequo","tag-pitture","tag-pochette","tag-prodotti-di-lusso-italiani","tag-prodotti-ed-accessori-di-lusso-italiani","tag-womenswear"],"yoast_head":"<!-- This site is optimized with the Yoast SEO plugin v27.3 - https:\/\/yoast.com\/product\/yoast-seo-wordpress\/ -->\n<title>La femminilit\u00e0 androgina - Article Marketing<\/title>\n<meta name=\"robots\" content=\"index, follow, max-snippet:-1, max-image-preview:large, max-video-preview:-1\" \/>\n<link rel=\"canonical\" href=\"https:\/\/www.article-marketing.eu\/comunicatistampa\/la-femminilita-androgina\/\" \/>\n<meta property=\"og:locale\" content=\"it_IT\" \/>\n<meta property=\"og:type\" content=\"article\" \/>\n<meta property=\"og:title\" content=\"La femminilit\u00e0 androgina - Article Marketing\" \/>\n<meta property=\"og:description\" content=\"La femminilit\u00e0 androgina La\u00a0moda\u00a0non deve essere qualcosa di prestabilito, rigido, predisposto, ma, come viene definita da molti ormai: \u00e8 un modo artistico per esprimere se stessi, la propria\u00a0personalit\u00e0. Partendo da questo presupposto, quindi, bisogna immaginare vari stili senza lasciarsi influenzare da possibili confini e abbattendo tutte le barriere che spesso sono ancorate nella storia della nostra societ\u00e0, ad esempio l\u2019opposizione tradizionale fra uomo e donna. Primo fra tutti fu\u00a0Yves Saint-Laurent\u00a0adContinue reading...\" \/>\n<meta property=\"og:url\" content=\"https:\/\/www.article-marketing.eu\/comunicatistampa\/la-femminilita-androgina\/\" \/>\n<meta property=\"og:site_name\" content=\"Article Marketing\" \/>\n<meta property=\"article:published_time\" content=\"2018-01-23T03:52:47+00:00\" \/>\n<meta property=\"og:image\" content=\"https:\/\/call.orequo.com\/wp-content\/uploads\/2018\/01\/E32E05CD-BC8D-494F-ABF1-1B74748DC242.jpeg\" \/>\n<meta name=\"author\" content=\"orequo.fashion\" \/>\n<meta name=\"twitter:card\" content=\"summary_large_image\" \/>\n<meta name=\"twitter:label1\" content=\"Scritto da\" \/>\n\t<meta name=\"twitter:data1\" content=\"orequo.fashion\" \/>\n\t<meta name=\"twitter:label2\" content=\"Tempo di lettura stimato\" \/>\n\t<meta name=\"twitter:data2\" content=\"2 minuti\" \/>\n<script type=\"application\/ld+json\" class=\"yoast-schema-graph\">{\"@context\":\"https:\\\/\\\/schema.org\",\"@graph\":[{\"@type\":\"Article\",\"@id\":\"https:\\\/\\\/www.article-marketing.eu\\\/comunicatistampa\\\/la-femminilita-androgina\\\/#article\",\"isPartOf\":{\"@id\":\"https:\\\/\\\/www.article-marketing.eu\\\/comunicatistampa\\\/la-femminilita-androgina\\\/\"},\"author\":{\"name\":\"orequo.fashion\",\"@id\":\"https:\\\/\\\/www.article-marketing.eu\\\/comunicatistampa\\\/#\\\/schema\\\/person\\\/0ee49f10d7070e54949d58aeef3c4b29\"},\"headline\":\"La femminilit\u00e0 androgina\",\"datePublished\":\"2018-01-23T03:52:47+00:00\",\"mainEntityOfPage\":{\"@id\":\"https:\\\/\\\/www.article-marketing.eu\\\/comunicatistampa\\\/la-femminilita-androgina\\\/\"},\"wordCount\":336,\"commentCount\":0,\"image\":{\"@id\":\"https:\\\/\\\/www.article-marketing.eu\\\/comunicatistampa\\\/la-femminilita-androgina\\\/#primaryimage\"},\"thumbnailUrl\":\"https:\\\/\\\/call.orequo.com\\\/wp-content\\\/uploads\\\/2018\\\/01\\\/E32E05CD-BC8D-494F-ABF1-1B74748DC242.jpeg\",\"keywords\":[\"accessori di lusso italiani\",\"Eccellenza italiana\",\"edizione limitata\",\"fatto a mano\",\"fazzoletto da taschino\",\"italian luxury artisans\",\"lusso italiano\",\"luxury\",\"made in Italy\",\"menswear\",\"moda femminile\",\"moda maschile\",\"orequo\",\"pitture\",\"pochette\",\"prodotti di lusso italiani\",\"prodotti ed accessori di lusso italiani\",\"womenswear\"],\"articleSection\":[\"Abbigliamento e accessori\",\"Arte e cultura\",\"Blog\",\"Marketing\",\"News e Attualit\u00e0\",\"Shopping\"],\"inLanguage\":\"it-IT\",\"potentialAction\":[{\"@type\":\"CommentAction\",\"name\":\"Comment\",\"target\":[\"https:\\\/\\\/www.article-marketing.eu\\\/comunicatistampa\\\/la-femminilita-androgina\\\/#respond\"]}]},{\"@type\":\"WebPage\",\"@id\":\"https:\\\/\\\/www.article-marketing.eu\\\/comunicatistampa\\\/la-femminilita-androgina\\\/\",\"url\":\"https:\\\/\\\/www.article-marketing.eu\\\/comunicatistampa\\\/la-femminilita-androgina\\\/\",\"name\":\"La femminilit\u00e0 androgina - Article Marketing\",\"isPartOf\":{\"@id\":\"https:\\\/\\\/www.article-marketing.eu\\\/comunicatistampa\\\/#website\"},\"primaryImageOfPage\":{\"@id\":\"https:\\\/\\\/www.article-marketing.eu\\\/comunicatistampa\\\/la-femminilita-androgina\\\/#primaryimage\"},\"image\":{\"@id\":\"https:\\\/\\\/www.article-marketing.eu\\\/comunicatistampa\\\/la-femminilita-androgina\\\/#primaryimage\"},\"thumbnailUrl\":\"https:\\\/\\\/call.orequo.com\\\/wp-content\\\/uploads\\\/2018\\\/01\\\/E32E05CD-BC8D-494F-ABF1-1B74748DC242.jpeg\",\"datePublished\":\"2018-01-23T03:52:47+00:00\",\"author\":{\"@id\":\"https:\\\/\\\/www.article-marketing.eu\\\/comunicatistampa\\\/#\\\/schema\\\/person\\\/0ee49f10d7070e54949d58aeef3c4b29\"},\"breadcrumb\":{\"@id\":\"https:\\\/\\\/www.article-marketing.eu\\\/comunicatistampa\\\/la-femminilita-androgina\\\/#breadcrumb\"},\"inLanguage\":\"it-IT\",\"potentialAction\":[{\"@type\":\"ReadAction\",\"target\":[\"https:\\\/\\\/www.article-marketing.eu\\\/comunicatistampa\\\/la-femminilita-androgina\\\/\"]}]},{\"@type\":\"ImageObject\",\"inLanguage\":\"it-IT\",\"@id\":\"https:\\\/\\\/www.article-marketing.eu\\\/comunicatistampa\\\/la-femminilita-androgina\\\/#primaryimage\",\"url\":\"https:\\\/\\\/call.orequo.com\\\/wp-content\\\/uploads\\\/2018\\\/01\\\/E32E05CD-BC8D-494F-ABF1-1B74748DC242.jpeg\",\"contentUrl\":\"https:\\\/\\\/call.orequo.com\\\/wp-content\\\/uploads\\\/2018\\\/01\\\/E32E05CD-BC8D-494F-ABF1-1B74748DC242.jpeg\"},{\"@type\":\"BreadcrumbList\",\"@id\":\"https:\\\/\\\/www.article-marketing.eu\\\/comunicatistampa\\\/la-femminilita-androgina\\\/#breadcrumb\",\"itemListElement\":[{\"@type\":\"ListItem\",\"position\":1,\"name\":\"Home\",\"item\":\"https:\\\/\\\/www.article-marketing.eu\\\/comunicatistampa\\\/\"},{\"@type\":\"ListItem\",\"position\":2,\"name\":\"La femminilit\u00e0 androgina\"}]},{\"@type\":\"WebSite\",\"@id\":\"https:\\\/\\\/www.article-marketing.eu\\\/comunicatistampa\\\/#website\",\"url\":\"https:\\\/\\\/www.article-marketing.eu\\\/comunicatistampa\\\/\",\"name\":\"Article Marketing\",\"description\":\"article marketing &amp; press release\",\"potentialAction\":[{\"@type\":\"SearchAction\",\"target\":{\"@type\":\"EntryPoint\",\"urlTemplate\":\"https:\\\/\\\/www.article-marketing.eu\\\/comunicatistampa\\\/?s={search_term_string}\"},\"query-input\":{\"@type\":\"PropertyValueSpecification\",\"valueRequired\":true,\"valueName\":\"search_term_string\"}}],\"inLanguage\":\"it-IT\"},{\"@type\":\"Person\",\"@id\":\"https:\\\/\\\/www.article-marketing.eu\\\/comunicatistampa\\\/#\\\/schema\\\/person\\\/0ee49f10d7070e54949d58aeef3c4b29\",\"name\":\"orequo.fashion\",\"image\":{\"@type\":\"ImageObject\",\"inLanguage\":\"it-IT\",\"@id\":\"https:\\\/\\\/secure.gravatar.com\\\/avatar\\\/0a46de0903dd06e96df8818145905425c89ca525d0aa249f360367e82cb7fe17?s=96&d=mm&r=g\",\"url\":\"https:\\\/\\\/secure.gravatar.com\\\/avatar\\\/0a46de0903dd06e96df8818145905425c89ca525d0aa249f360367e82cb7fe17?s=96&d=mm&r=g\",\"contentUrl\":\"https:\\\/\\\/secure.gravatar.com\\\/avatar\\\/0a46de0903dd06e96df8818145905425c89ca525d0aa249f360367e82cb7fe17?s=96&d=mm&r=g\",\"caption\":\"orequo.fashion\"},\"url\":\"https:\\\/\\\/www.article-marketing.eu\\\/comunicatistampa\\\/author\\\/orequo-fashion\\\/\"}]}<\/script>\n<!-- \/ Yoast SEO plugin. -->","yoast_head_json":{"title":"La femminilit\u00e0 androgina - Article Marketing","robots":{"index":"index","follow":"follow","max-snippet":"max-snippet:-1","max-image-preview":"max-image-preview:large","max-video-preview":"max-video-preview:-1"},"canonical":"https:\/\/www.article-marketing.eu\/comunicatistampa\/la-femminilita-androgina\/","og_locale":"it_IT","og_type":"article","og_title":"La femminilit\u00e0 androgina - Article Marketing","og_description":"La femminilit\u00e0 androgina La\u00a0moda\u00a0non deve essere qualcosa di prestabilito, rigido, predisposto, ma, come viene definita da molti ormai: \u00e8 un modo artistico per esprimere se stessi, la propria\u00a0personalit\u00e0. Partendo da questo presupposto, quindi, bisogna immaginare vari stili senza lasciarsi influenzare da possibili confini e abbattendo tutte le barriere che spesso sono ancorate nella storia della nostra societ\u00e0, ad esempio l\u2019opposizione tradizionale fra uomo e donna. Primo fra tutti fu\u00a0Yves Saint-Laurent\u00a0adContinue reading...","og_url":"https:\/\/www.article-marketing.eu\/comunicatistampa\/la-femminilita-androgina\/","og_site_name":"Article Marketing","article_published_time":"2018-01-23T03:52:47+00:00","og_image":[{"url":"https:\/\/call.orequo.com\/wp-content\/uploads\/2018\/01\/E32E05CD-BC8D-494F-ABF1-1B74748DC242.jpeg","type":"","width":"","height":""}],"author":"orequo.fashion","twitter_card":"summary_large_image","twitter_misc":{"Scritto da":"orequo.fashion","Tempo di lettura stimato":"2 minuti"},"schema":{"@context":"https:\/\/schema.org","@graph":[{"@type":"Article","@id":"https:\/\/www.article-marketing.eu\/comunicatistampa\/la-femminilita-androgina\/#article","isPartOf":{"@id":"https:\/\/www.article-marketing.eu\/comunicatistampa\/la-femminilita-androgina\/"},"author":{"name":"orequo.fashion","@id":"https:\/\/www.article-marketing.eu\/comunicatistampa\/#\/schema\/person\/0ee49f10d7070e54949d58aeef3c4b29"},"headline":"La femminilit\u00e0 androgina","datePublished":"2018-01-23T03:52:47+00:00","mainEntityOfPage":{"@id":"https:\/\/www.article-marketing.eu\/comunicatistampa\/la-femminilita-androgina\/"},"wordCount":336,"commentCount":0,"image":{"@id":"https:\/\/www.article-marketing.eu\/comunicatistampa\/la-femminilita-androgina\/#primaryimage"},"thumbnailUrl":"https:\/\/call.orequo.com\/wp-content\/uploads\/2018\/01\/E32E05CD-BC8D-494F-ABF1-1B74748DC242.jpeg","keywords":["accessori di lusso italiani","Eccellenza italiana","edizione limitata","fatto a mano","fazzoletto da taschino","italian luxury artisans","lusso italiano","luxury","made in Italy","menswear","moda femminile","moda maschile","orequo","pitture","pochette","prodotti di lusso italiani","prodotti ed accessori di lusso italiani","womenswear"],"articleSection":["Abbigliamento e accessori","Arte e cultura","Blog","Marketing","News e Attualit\u00e0","Shopping"],"inLanguage":"it-IT","potentialAction":[{"@type":"CommentAction","name":"Comment","target":["https:\/\/www.article-marketing.eu\/comunicatistampa\/la-femminilita-androgina\/#respond"]}]},{"@type":"WebPage","@id":"https:\/\/www.article-marketing.eu\/comunicatistampa\/la-femminilita-androgina\/","url":"https:\/\/www.article-marketing.eu\/comunicatistampa\/la-femminilita-androgina\/","name":"La femminilit\u00e0 androgina - Article Marketing","isPartOf":{"@id":"https:\/\/www.article-marketing.eu\/comunicatistampa\/#website"},"primaryImageOfPage":{"@id":"https:\/\/www.article-marketing.eu\/comunicatistampa\/la-femminilita-androgina\/#primaryimage"},"image":{"@id":"https:\/\/www.article-marketing.eu\/comunicatistampa\/la-femminilita-androgina\/#primaryimage"},"thumbnailUrl":"https:\/\/call.orequo.com\/wp-content\/uploads\/2018\/01\/E32E05CD-BC8D-494F-ABF1-1B74748DC242.jpeg","datePublished":"2018-01-23T03:52:47+00:00","author":{"@id":"https:\/\/www.article-marketing.eu\/comunicatistampa\/#\/schema\/person\/0ee49f10d7070e54949d58aeef3c4b29"},"breadcrumb":{"@id":"https:\/\/www.article-marketing.eu\/comunicatistampa\/la-femminilita-androgina\/#breadcrumb"},"inLanguage":"it-IT","potentialAction":[{"@type":"ReadAction","target":["https:\/\/www.article-marketing.eu\/comunicatistampa\/la-femminilita-androgina\/"]}]},{"@type":"ImageObject","inLanguage":"it-IT","@id":"https:\/\/www.article-marketing.eu\/comunicatistampa\/la-femminilita-androgina\/#primaryimage","url":"https:\/\/call.orequo.com\/wp-content\/uploads\/2018\/01\/E32E05CD-BC8D-494F-ABF1-1B74748DC242.jpeg","contentUrl":"https:\/\/call.orequo.com\/wp-content\/uploads\/2018\/01\/E32E05CD-BC8D-494F-ABF1-1B74748DC242.jpeg"},{"@type":"BreadcrumbList","@id":"https:\/\/www.article-marketing.eu\/comunicatistampa\/la-femminilita-androgina\/#breadcrumb","itemListElement":[{"@type":"ListItem","position":1,"name":"Home","item":"https:\/\/www.article-marketing.eu\/comunicatistampa\/"},{"@type":"ListItem","position":2,"name":"La femminilit\u00e0 androgina"}]},{"@type":"WebSite","@id":"https:\/\/www.article-marketing.eu\/comunicatistampa\/#website","url":"https:\/\/www.article-marketing.eu\/comunicatistampa\/","name":"Article Marketing","description":"article marketing &amp; press release","potentialAction":[{"@type":"SearchAction","target":{"@type":"EntryPoint","urlTemplate":"https:\/\/www.article-marketing.eu\/comunicatistampa\/?s={search_term_string}"},"query-input":{"@type":"PropertyValueSpecification","valueRequired":true,"valueName":"search_term_string"}}],"inLanguage":"it-IT"},{"@type":"Person","@id":"https:\/\/www.article-marketing.eu\/comunicatistampa\/#\/schema\/person\/0ee49f10d7070e54949d58aeef3c4b29","name":"orequo.fashion","image":{"@type":"ImageObject","inLanguage":"it-IT","@id":"https:\/\/secure.gravatar.com\/avatar\/0a46de0903dd06e96df8818145905425c89ca525d0aa249f360367e82cb7fe17?s=96&d=mm&r=g","url":"https:\/\/secure.gravatar.com\/avatar\/0a46de0903dd06e96df8818145905425c89ca525d0aa249f360367e82cb7fe17?s=96&d=mm&r=g","contentUrl":"https:\/\/secure.gravatar.com\/avatar\/0a46de0903dd06e96df8818145905425c89ca525d0aa249f360367e82cb7fe17?s=96&d=mm&r=g","caption":"orequo.fashion"},"url":"https:\/\/www.article-marketing.eu\/comunicatistampa\/author\/orequo-fashion\/"}]}},"_links":{"self":[{"href":"https:\/\/www.article-marketing.eu\/comunicatistampa\/wp-json\/wp\/v2\/posts\/8564","targetHints":{"allow":["GET"]}}],"collection":[{"href":"https:\/\/www.article-marketing.eu\/comunicatistampa\/wp-json\/wp\/v2\/posts"}],"about":[{"href":"https:\/\/www.article-marketing.eu\/comunicatistampa\/wp-json\/wp\/v2\/types\/post"}],"author":[{"embeddable":true,"href":"https:\/\/www.article-marketing.eu\/comunicatistampa\/wp-json\/wp\/v2\/users\/938"}],"replies":[{"embeddable":true,"href":"https:\/\/www.article-marketing.eu\/comunicatistampa\/wp-json\/wp\/v2\/comments?post=8564"}],"version-history":[{"count":3,"href":"https:\/\/www.article-marketing.eu\/comunicatistampa\/wp-json\/wp\/v2\/posts\/8564\/revisions"}],"predecessor-version":[{"id":8588,"href":"https:\/\/www.article-marketing.eu\/comunicatistampa\/wp-json\/wp\/v2\/posts\/8564\/revisions\/8588"}],"wp:attachment":[{"href":"https:\/\/www.article-marketing.eu\/comunicatistampa\/wp-json\/wp\/v2\/media?parent=8564"}],"wp:term":[{"taxonomy":"category","embeddable":true,"href":"https:\/\/www.article-marketing.eu\/comunicatistampa\/wp-json\/wp\/v2\/categories?post=8564"},{"taxonomy":"post_tag","embeddable":true,"href":"https:\/\/www.article-marketing.eu\/comunicatistampa\/wp-json\/wp\/v2\/tags?post=8564"}],"curies":[{"name":"wp","href":"https:\/\/api.w.org\/{rel}","templated":true}]}}