{"id":8627,"date":"2018-01-24T01:13:11","date_gmt":"2018-01-24T00:13:11","guid":{"rendered":"http:\/\/www.article-marketing.eu\/comunicatistampa\/?p=8627"},"modified":"2020-08-10T01:48:00","modified_gmt":"2020-08-09T23:48:00","slug":"26-27-28-gennaio-2018-evento-abiti-sposa-roma-by-salemspose-it","status":"publish","type":"post","link":"https:\/\/www.article-marketing.eu\/comunicatistampa\/26-27-28-gennaio-2018-evento-abiti-sposa-roma-by-salemspose-it\/","title":{"rendered":"26-27-28 Gennaio 2018: evento abiti da sposa a Roma by SalemSpose.it"},"content":{"rendered":"<p>Evento eccezionale quello che si svolger\u00e0 nei giorni 26\/27\/28 gennaio 2018 presso l&#8217;atelier di Roma &#8220;Salem Spose&#8221;. In queste date infatti sar\u00e0 possibile per tutte le sposine che verranno ospitate presso questo elegante atelier misurare oltre agli abiti che sono solitamente nella collezione dell&#8217;atelier, che sono gi\u00e0 tantissimi, altri capi che la famosissima ditta spagnola Rosa Clar\u00e0 invier\u00e0 proprio per l&#8217;occasione. Questi capi fanno parte della collezione Couture, ossia la collezione che viene presentata in sfilata a Barcellona ogni aprile agli addetti del settore.<\/p>\n<p>Gli abiti Rosa Clar\u00e0 Couture esprimono e rappresentano nella massima espressione la creativit\u00e0 della stilista, la cui musa ispiratrice \u00e8 da sempre la raffinatezza.<\/p>\n<p>L&#8217;evento si svolger\u00e0 con un appuntamento ordinario presso l&#8217;atelier Salem Spose: le sposine avranno a disposizione una sala e una vendeuse esperta del settore che aiuter\u00e0 nella scelta e che metter\u00e0 a disposizione professionalit\u00e0 e l&#8217;attenzione nei dettagli.\u00a0Verr\u00e0 offerto un rinfresco e un brindisi per festeggiare il momento unico da ricordare.<\/p>\n<p>\u00c8 un&#8217;occasione da non perdere sia per le sposine che vogliono visionare l&#8217;ultima collezione in quanto avranno diversi vantaggi tra cui uno splendido Gift da parte della Salem Spose, ossia una scatola contenente tutto il necessario per la preparazione di quei giorni, sia per le sposine che sono in cerca di vere occasioni perch\u00e9 in quei giorni e solo in quei giorni gli abiti rimasti invenduti delle collezioni precedenti avranno degli sconti imperdibili.<\/p>\n<p>Un evento da non perdere organizzato in esclusiva presso questo raffinato atelier dove nulla \u00e8 lasciato al caso, dove ogni dettaglio viene curato: musica di sottofondo, fiori freschi fino ad arrivare alle profumazioni di una meravigliosa essenza che accompagna le spose per tutta la loro permanenza e che ricorda loro l&#8217;atelier anche una volta tornate a casa.<\/p>\n<p>Salem Spose: entra in un mondo a parte!<\/p>\n<p>Salem Spose &#8211; Negozio atelier abiti da sposa Roma<br \/>\nVia delle Gondole 115, 00121 Roma<br \/>\nTel 065610590<br \/>\n<a href=\"http:\/\/www.salemspose.it\/\">http:\/\/www.salemspose.it\/<\/a><\/p>\n","protected":false},"excerpt":{"rendered":"<p>Evento eccezionale quello che si svolger\u00e0 nei giorni 26\/27\/28 gennaio 2018 presso l&#8217;atelier di Roma &#8220;Salem Spose&#8221;. In queste date infatti sar\u00e0 possibile per tutte le sposine che verranno ospitate presso questo elegante atelier misurare oltre agli abiti che sono solitamente nella collezione dell&#8217;atelier, che sono gi\u00e0 tantissimi, altri capi che la famosissima ditta spagnola Rosa Clar\u00e0 invier\u00e0 proprio per l&#8217;occasione. Questi capi fanno parte della collezione Couture, ossia la<\/p>\n<p><a class=\"continue-reading\" href=\"https:\/\/www.article-marketing.eu\/comunicatistampa\/26-27-28-gennaio-2018-evento-abiti-sposa-roma-by-salemspose-it\/\">Continue reading&#8230;<\/a><\/p>\n","protected":false},"author":1032,"featured_media":0,"comment_status":"open","ping_status":"open","sticky":false,"template":"","format":"standard","meta":{"_monsterinsights_skip_tracking":false,"_monsterinsights_sitenote_active":false,"_monsterinsights_sitenote_note":"","_monsterinsights_sitenote_category":0,"footnotes":""},"categories":[363,387,78,354],"tags":[3650],"class_list":["post-8627","post","type-post","status-publish","format-standard","hentry","category-abbigliamento-e-accessori","category-attivita-commerciali","category-comunicati-stampa","category-shopping","tag-abiti-da-sposa-roma"],"yoast_head":"<!-- This site is optimized with the Yoast SEO plugin v27.3 - https:\/\/yoast.com\/product\/yoast-seo-wordpress\/ -->\n<title>26-27-28 Gennaio 2018: evento abiti da sposa a Roma by SalemSpose.it - Article Marketing<\/title>\n<meta name=\"description\" content=\"Salem Spose atelier abiti da sposa a Roma, presenta alle sposine la nuova collezione Rosa Clar\u00e0 con un esclusivo evento in negozio a Roma.\" \/>\n<meta name=\"robots\" content=\"index, follow, max-snippet:-1, max-image-preview:large, max-video-preview:-1\" \/>\n<link rel=\"canonical\" href=\"https:\/\/www.article-marketing.eu\/comunicatistampa\/26-27-28-gennaio-2018-evento-abiti-sposa-roma-by-salemspose-it\/\" \/>\n<meta property=\"og:locale\" content=\"it_IT\" \/>\n<meta property=\"og:type\" content=\"article\" \/>\n<meta property=\"og:title\" content=\"26-27-28 Gennaio 2018: evento abiti da sposa a Roma by SalemSpose.it - Article Marketing\" \/>\n<meta property=\"og:description\" content=\"Salem Spose atelier abiti da sposa a Roma, presenta alle sposine la nuova collezione Rosa Clar\u00e0 con un esclusivo evento in negozio a Roma.\" \/>\n<meta property=\"og:url\" content=\"https:\/\/www.article-marketing.eu\/comunicatistampa\/26-27-28-gennaio-2018-evento-abiti-sposa-roma-by-salemspose-it\/\" \/>\n<meta property=\"og:site_name\" content=\"Article Marketing\" \/>\n<meta property=\"article:published_time\" content=\"2018-01-24T00:13:11+00:00\" \/>\n<meta property=\"article:modified_time\" content=\"2020-08-09T23:48:00+00:00\" \/>\n<meta name=\"author\" content=\"SalemSpose-Abiti-da-sposa-Roma\" \/>\n<meta name=\"twitter:card\" content=\"summary_large_image\" \/>\n<meta name=\"twitter:label1\" content=\"Scritto da\" \/>\n\t<meta name=\"twitter:data1\" content=\"SalemSpose-Abiti-da-sposa-Roma\" \/>\n\t<meta name=\"twitter:label2\" content=\"Tempo di lettura stimato\" \/>\n\t<meta name=\"twitter:data2\" content=\"2 minuti\" \/>\n<script type=\"application\/ld+json\" class=\"yoast-schema-graph\">{\"@context\":\"https:\\\/\\\/schema.org\",\"@graph\":[{\"@type\":\"Article\",\"@id\":\"https:\\\/\\\/www.article-marketing.eu\\\/comunicatistampa\\\/26-27-28-gennaio-2018-evento-abiti-sposa-roma-by-salemspose-it\\\/#article\",\"isPartOf\":{\"@id\":\"https:\\\/\\\/www.article-marketing.eu\\\/comunicatistampa\\\/26-27-28-gennaio-2018-evento-abiti-sposa-roma-by-salemspose-it\\\/\"},\"author\":{\"name\":\"SalemSpose-Abiti-da-sposa-Roma\",\"@id\":\"https:\\\/\\\/www.article-marketing.eu\\\/comunicatistampa\\\/#\\\/schema\\\/person\\\/ca48058473f7b4d10bed60f7539e93cb\"},\"headline\":\"26-27-28 Gennaio 2018: evento abiti da sposa a Roma by SalemSpose.it\",\"datePublished\":\"2018-01-24T00:13:11+00:00\",\"dateModified\":\"2020-08-09T23:48:00+00:00\",\"mainEntityOfPage\":{\"@id\":\"https:\\\/\\\/www.article-marketing.eu\\\/comunicatistampa\\\/26-27-28-gennaio-2018-evento-abiti-sposa-roma-by-salemspose-it\\\/\"},\"wordCount\":323,\"commentCount\":0,\"keywords\":[\"abiti da sposa roma\"],\"articleSection\":[\"Abbigliamento e accessori\",\"Attivit\u00e0 commerciali\",\"Comunicati stampa\",\"Shopping\"],\"inLanguage\":\"it-IT\",\"potentialAction\":[{\"@type\":\"CommentAction\",\"name\":\"Comment\",\"target\":[\"https:\\\/\\\/www.article-marketing.eu\\\/comunicatistampa\\\/26-27-28-gennaio-2018-evento-abiti-sposa-roma-by-salemspose-it\\\/#respond\"]}]},{\"@type\":\"WebPage\",\"@id\":\"https:\\\/\\\/www.article-marketing.eu\\\/comunicatistampa\\\/26-27-28-gennaio-2018-evento-abiti-sposa-roma-by-salemspose-it\\\/\",\"url\":\"https:\\\/\\\/www.article-marketing.eu\\\/comunicatistampa\\\/26-27-28-gennaio-2018-evento-abiti-sposa-roma-by-salemspose-it\\\/\",\"name\":\"26-27-28 Gennaio 2018: evento abiti da sposa a Roma by SalemSpose.it - Article Marketing\",\"isPartOf\":{\"@id\":\"https:\\\/\\\/www.article-marketing.eu\\\/comunicatistampa\\\/#website\"},\"datePublished\":\"2018-01-24T00:13:11+00:00\",\"dateModified\":\"2020-08-09T23:48:00+00:00\",\"author\":{\"@id\":\"https:\\\/\\\/www.article-marketing.eu\\\/comunicatistampa\\\/#\\\/schema\\\/person\\\/ca48058473f7b4d10bed60f7539e93cb\"},\"description\":\"Salem Spose atelier abiti da sposa a Roma, presenta alle sposine la nuova collezione Rosa Clar\u00e0 con un esclusivo evento in negozio a Roma.\",\"breadcrumb\":{\"@id\":\"https:\\\/\\\/www.article-marketing.eu\\\/comunicatistampa\\\/26-27-28-gennaio-2018-evento-abiti-sposa-roma-by-salemspose-it\\\/#breadcrumb\"},\"inLanguage\":\"it-IT\",\"potentialAction\":[{\"@type\":\"ReadAction\",\"target\":[\"https:\\\/\\\/www.article-marketing.eu\\\/comunicatistampa\\\/26-27-28-gennaio-2018-evento-abiti-sposa-roma-by-salemspose-it\\\/\"]}]},{\"@type\":\"BreadcrumbList\",\"@id\":\"https:\\\/\\\/www.article-marketing.eu\\\/comunicatistampa\\\/26-27-28-gennaio-2018-evento-abiti-sposa-roma-by-salemspose-it\\\/#breadcrumb\",\"itemListElement\":[{\"@type\":\"ListItem\",\"position\":1,\"name\":\"Home\",\"item\":\"https:\\\/\\\/www.article-marketing.eu\\\/comunicatistampa\\\/\"},{\"@type\":\"ListItem\",\"position\":2,\"name\":\"26-27-28 Gennaio 2018: evento abiti da sposa a Roma by SalemSpose.it\"}]},{\"@type\":\"WebSite\",\"@id\":\"https:\\\/\\\/www.article-marketing.eu\\\/comunicatistampa\\\/#website\",\"url\":\"https:\\\/\\\/www.article-marketing.eu\\\/comunicatistampa\\\/\",\"name\":\"Article Marketing\",\"description\":\"article marketing &amp; press release\",\"potentialAction\":[{\"@type\":\"SearchAction\",\"target\":{\"@type\":\"EntryPoint\",\"urlTemplate\":\"https:\\\/\\\/www.article-marketing.eu\\\/comunicatistampa\\\/?s={search_term_string}\"},\"query-input\":{\"@type\":\"PropertyValueSpecification\",\"valueRequired\":true,\"valueName\":\"search_term_string\"}}],\"inLanguage\":\"it-IT\"},{\"@type\":\"Person\",\"@id\":\"https:\\\/\\\/www.article-marketing.eu\\\/comunicatistampa\\\/#\\\/schema\\\/person\\\/ca48058473f7b4d10bed60f7539e93cb\",\"name\":\"SalemSpose-Abiti-da-sposa-Roma\",\"image\":{\"@type\":\"ImageObject\",\"inLanguage\":\"it-IT\",\"@id\":\"https:\\\/\\\/secure.gravatar.com\\\/avatar\\\/ff3e3cdcba05a84df8a89c9117d6a7a3254816b08498e160668ccaa96d7a3a50?s=96&d=mm&r=g\",\"url\":\"https:\\\/\\\/secure.gravatar.com\\\/avatar\\\/ff3e3cdcba05a84df8a89c9117d6a7a3254816b08498e160668ccaa96d7a3a50?s=96&d=mm&r=g\",\"contentUrl\":\"https:\\\/\\\/secure.gravatar.com\\\/avatar\\\/ff3e3cdcba05a84df8a89c9117d6a7a3254816b08498e160668ccaa96d7a3a50?s=96&d=mm&r=g\",\"caption\":\"SalemSpose-Abiti-da-sposa-Roma\"},\"url\":\"https:\\\/\\\/www.article-marketing.eu\\\/comunicatistampa\\\/author\\\/salemspose-abiti-da-sposa-roma\\\/\"}]}<\/script>\n<!-- \/ Yoast SEO plugin. -->","yoast_head_json":{"title":"26-27-28 Gennaio 2018: evento abiti da sposa a Roma by SalemSpose.it - Article Marketing","description":"Salem Spose atelier abiti da sposa a Roma, presenta alle sposine la nuova collezione Rosa Clar\u00e0 con un esclusivo evento in negozio a Roma.","robots":{"index":"index","follow":"follow","max-snippet":"max-snippet:-1","max-image-preview":"max-image-preview:large","max-video-preview":"max-video-preview:-1"},"canonical":"https:\/\/www.article-marketing.eu\/comunicatistampa\/26-27-28-gennaio-2018-evento-abiti-sposa-roma-by-salemspose-it\/","og_locale":"it_IT","og_type":"article","og_title":"26-27-28 Gennaio 2018: evento abiti da sposa a Roma by SalemSpose.it - Article Marketing","og_description":"Salem Spose atelier abiti da sposa a Roma, presenta alle sposine la nuova collezione Rosa Clar\u00e0 con un esclusivo evento in negozio a Roma.","og_url":"https:\/\/www.article-marketing.eu\/comunicatistampa\/26-27-28-gennaio-2018-evento-abiti-sposa-roma-by-salemspose-it\/","og_site_name":"Article Marketing","article_published_time":"2018-01-24T00:13:11+00:00","article_modified_time":"2020-08-09T23:48:00+00:00","author":"SalemSpose-Abiti-da-sposa-Roma","twitter_card":"summary_large_image","twitter_misc":{"Scritto da":"SalemSpose-Abiti-da-sposa-Roma","Tempo di lettura stimato":"2 minuti"},"schema":{"@context":"https:\/\/schema.org","@graph":[{"@type":"Article","@id":"https:\/\/www.article-marketing.eu\/comunicatistampa\/26-27-28-gennaio-2018-evento-abiti-sposa-roma-by-salemspose-it\/#article","isPartOf":{"@id":"https:\/\/www.article-marketing.eu\/comunicatistampa\/26-27-28-gennaio-2018-evento-abiti-sposa-roma-by-salemspose-it\/"},"author":{"name":"SalemSpose-Abiti-da-sposa-Roma","@id":"https:\/\/www.article-marketing.eu\/comunicatistampa\/#\/schema\/person\/ca48058473f7b4d10bed60f7539e93cb"},"headline":"26-27-28 Gennaio 2018: evento abiti da sposa a Roma by SalemSpose.it","datePublished":"2018-01-24T00:13:11+00:00","dateModified":"2020-08-09T23:48:00+00:00","mainEntityOfPage":{"@id":"https:\/\/www.article-marketing.eu\/comunicatistampa\/26-27-28-gennaio-2018-evento-abiti-sposa-roma-by-salemspose-it\/"},"wordCount":323,"commentCount":0,"keywords":["abiti da sposa roma"],"articleSection":["Abbigliamento e accessori","Attivit\u00e0 commerciali","Comunicati stampa","Shopping"],"inLanguage":"it-IT","potentialAction":[{"@type":"CommentAction","name":"Comment","target":["https:\/\/www.article-marketing.eu\/comunicatistampa\/26-27-28-gennaio-2018-evento-abiti-sposa-roma-by-salemspose-it\/#respond"]}]},{"@type":"WebPage","@id":"https:\/\/www.article-marketing.eu\/comunicatistampa\/26-27-28-gennaio-2018-evento-abiti-sposa-roma-by-salemspose-it\/","url":"https:\/\/www.article-marketing.eu\/comunicatistampa\/26-27-28-gennaio-2018-evento-abiti-sposa-roma-by-salemspose-it\/","name":"26-27-28 Gennaio 2018: evento abiti da sposa a Roma by SalemSpose.it - Article Marketing","isPartOf":{"@id":"https:\/\/www.article-marketing.eu\/comunicatistampa\/#website"},"datePublished":"2018-01-24T00:13:11+00:00","dateModified":"2020-08-09T23:48:00+00:00","author":{"@id":"https:\/\/www.article-marketing.eu\/comunicatistampa\/#\/schema\/person\/ca48058473f7b4d10bed60f7539e93cb"},"description":"Salem Spose atelier abiti da sposa a Roma, presenta alle sposine la nuova collezione Rosa Clar\u00e0 con un esclusivo evento in negozio a Roma.","breadcrumb":{"@id":"https:\/\/www.article-marketing.eu\/comunicatistampa\/26-27-28-gennaio-2018-evento-abiti-sposa-roma-by-salemspose-it\/#breadcrumb"},"inLanguage":"it-IT","potentialAction":[{"@type":"ReadAction","target":["https:\/\/www.article-marketing.eu\/comunicatistampa\/26-27-28-gennaio-2018-evento-abiti-sposa-roma-by-salemspose-it\/"]}]},{"@type":"BreadcrumbList","@id":"https:\/\/www.article-marketing.eu\/comunicatistampa\/26-27-28-gennaio-2018-evento-abiti-sposa-roma-by-salemspose-it\/#breadcrumb","itemListElement":[{"@type":"ListItem","position":1,"name":"Home","item":"https:\/\/www.article-marketing.eu\/comunicatistampa\/"},{"@type":"ListItem","position":2,"name":"26-27-28 Gennaio 2018: evento abiti da sposa a Roma by SalemSpose.it"}]},{"@type":"WebSite","@id":"https:\/\/www.article-marketing.eu\/comunicatistampa\/#website","url":"https:\/\/www.article-marketing.eu\/comunicatistampa\/","name":"Article Marketing","description":"article marketing &amp; press release","potentialAction":[{"@type":"SearchAction","target":{"@type":"EntryPoint","urlTemplate":"https:\/\/www.article-marketing.eu\/comunicatistampa\/?s={search_term_string}"},"query-input":{"@type":"PropertyValueSpecification","valueRequired":true,"valueName":"search_term_string"}}],"inLanguage":"it-IT"},{"@type":"Person","@id":"https:\/\/www.article-marketing.eu\/comunicatistampa\/#\/schema\/person\/ca48058473f7b4d10bed60f7539e93cb","name":"SalemSpose-Abiti-da-sposa-Roma","image":{"@type":"ImageObject","inLanguage":"it-IT","@id":"https:\/\/secure.gravatar.com\/avatar\/ff3e3cdcba05a84df8a89c9117d6a7a3254816b08498e160668ccaa96d7a3a50?s=96&d=mm&r=g","url":"https:\/\/secure.gravatar.com\/avatar\/ff3e3cdcba05a84df8a89c9117d6a7a3254816b08498e160668ccaa96d7a3a50?s=96&d=mm&r=g","contentUrl":"https:\/\/secure.gravatar.com\/avatar\/ff3e3cdcba05a84df8a89c9117d6a7a3254816b08498e160668ccaa96d7a3a50?s=96&d=mm&r=g","caption":"SalemSpose-Abiti-da-sposa-Roma"},"url":"https:\/\/www.article-marketing.eu\/comunicatistampa\/author\/salemspose-abiti-da-sposa-roma\/"}]}},"_links":{"self":[{"href":"https:\/\/www.article-marketing.eu\/comunicatistampa\/wp-json\/wp\/v2\/posts\/8627","targetHints":{"allow":["GET"]}}],"collection":[{"href":"https:\/\/www.article-marketing.eu\/comunicatistampa\/wp-json\/wp\/v2\/posts"}],"about":[{"href":"https:\/\/www.article-marketing.eu\/comunicatistampa\/wp-json\/wp\/v2\/types\/post"}],"author":[{"embeddable":true,"href":"https:\/\/www.article-marketing.eu\/comunicatistampa\/wp-json\/wp\/v2\/users\/1032"}],"replies":[{"embeddable":true,"href":"https:\/\/www.article-marketing.eu\/comunicatistampa\/wp-json\/wp\/v2\/comments?post=8627"}],"version-history":[{"count":2,"href":"https:\/\/www.article-marketing.eu\/comunicatistampa\/wp-json\/wp\/v2\/posts\/8627\/revisions"}],"predecessor-version":[{"id":8629,"href":"https:\/\/www.article-marketing.eu\/comunicatistampa\/wp-json\/wp\/v2\/posts\/8627\/revisions\/8629"}],"wp:attachment":[{"href":"https:\/\/www.article-marketing.eu\/comunicatistampa\/wp-json\/wp\/v2\/media?parent=8627"}],"wp:term":[{"taxonomy":"category","embeddable":true,"href":"https:\/\/www.article-marketing.eu\/comunicatistampa\/wp-json\/wp\/v2\/categories?post=8627"},{"taxonomy":"post_tag","embeddable":true,"href":"https:\/\/www.article-marketing.eu\/comunicatistampa\/wp-json\/wp\/v2\/tags?post=8627"}],"curies":[{"name":"wp","href":"https:\/\/api.w.org\/{rel}","templated":true}]}}