{"id":8642,"date":"2018-01-25T03:46:11","date_gmt":"2018-01-25T02:46:11","guid":{"rendered":"http:\/\/www.article-marketing.eu\/comunicatistampa\/?p=8642"},"modified":"2018-01-25T03:46:11","modified_gmt":"2018-01-25T02:46:11","slug":"salone-del-camper-parma-florence-camper","status":"publish","type":"post","link":"https:\/\/www.article-marketing.eu\/comunicatistampa\/salone-del-camper-parma-florence-camper\/","title":{"rendered":"Salone del Camper di Parma con Florence Camper"},"content":{"rendered":"<h2>Salone del Camper di Parma con Florence Camper &#8211; dal 15 al 18 febbraio 2018.<\/h2>\n<p><a href=\"https:\/\/www.florencecamper.it\/wp-content\/uploads\/2018\/01\/Salone-del-Camper-di-Parma.png\"><img loading=\"lazy\" decoding=\"async\" class=\" wp-image-4664 size-medium alignnone\" src=\"https:\/\/www.florencecamper.it\/wp-content\/uploads\/2018\/01\/Salone-del-Camper-di-Parma-300x300.png\" alt=\"Salone del Camper di Parma\" width=\"300\" height=\"300\" \/><\/a><\/p>\n<p>Anche in questo nuovo 2018, <strong>Florence Camper,<\/strong> nota azienda toscana che si occupa dal lontano 1981 di COSTRUZIONE CAMPER E ALLESTIMENTI SPECIALI; parteciper\u00e0 all&#8217;edizione del <strong><em>Salone del Camper di Parma: dal 15 al 18 febbraio 2018.<\/em><\/strong><\/p>\n<p>Una delle pi\u00f9 importanti rassegne per scoprire le infinite potenzialit\u00e0 del turismo esperenziale; degli sport indoor; della variet\u00e0 e versatilit\u00e0 dei veicoli ricreazionali. Una interessante opportunit\u00e0 per rendere l\u2019esperienza en plein air indimenticabile e di qualit\u00e0.<\/p>\n<p>Tema di questa edizione sar\u00e0 il camminare, inteso quale primo passo per avvicinarsi e incuriosire i neofiti a scoprire il senso ed il valore del turismo all\u2019aria aperta ed a contatto con la natura.<\/p>\n<p>Al salone troverete anche un&#8217;importante novit\u00e0. La Fiera di Parma T&amp;O \u2013 Turismo &amp; Outdoor. Primo salone in Italia interamente dedicato alle destinazioni ed ai mezzi del turismo attivo; agli sport praticabili all\u2019aria aperta; alle nuove tendenze del viaggio esperenziale; alle vacanze all\u2019aperto.<\/p>\n<p>Un format inedito per scegliere la destinazione preferita \u2013 dalle montagne ai piccoli borghi storici, dai laghi ai percorsi enogastronomici \u2013. E, al contempo testare i mezzi con i quali vivere esperienze appaganti di turismo in libert\u00e0: camper, caravan, tenda, canoa, e-bike, ecc.<\/p>\n<p>Il salone sar\u00e0 suddiviso in <strong>sei settori<\/strong>: caravan, camper e furgonati; turismo; componenti ed accessori; campeggio; outdoor; piccola nautica.<\/p>\n<p><strong>Noi di Florence Camper saremo naturalmente presenti,<\/strong> pronti ad accogliere gli amici camperisti che vogliano informazioni sul territorio; che vogliono aggiornarsi sulle novit\u00e0 del settore. Pronti a presentarvi i nuovi modelli 2018 e le pi\u00f9 importanti novit\u00e0 del mondo camper &amp; caravan.<\/p>\n<p>Pronti a portare in dote ai camperisti tutto il know-how maturato in oltre 30 anni di esperienza nel settore.<\/p>\n<p>Un appuntamento denso di proposte con il quale Fiera di Parma intende assecondare, con modalit\u00e0 insolite e avvincenti, quei nuovi trend capaci di valorizzare l&#8217;immenso patrimonio naturalistico e culturale (enogastronomia inclusa) dell&#8217;Italia.<\/p>\n<h3>Veniteci a trovare!<br \/>\nVi aspettiamo numerosi anche quest\u2019anno al Salone del Camper di Parma.<\/h3>\n<p>Per maggiori info: <a href=\"https:\/\/www.florencecamper.it\/\">www.florencecamper.it<\/a><\/p>\n","protected":false},"excerpt":{"rendered":"<p>Salone del Camper di Parma con Florence Camper &#8211; dal 15 al 18 febbraio 2018. Anche in questo nuovo 2018, Florence Camper, nota azienda toscana che si occupa dal lontano 1981 di COSTRUZIONE CAMPER E ALLESTIMENTI SPECIALI; parteciper\u00e0 all&#8217;edizione del Salone del Camper di Parma: dal 15 al 18 febbraio 2018. Una delle pi\u00f9 importanti rassegne per scoprire le infinite potenzialit\u00e0 del turismo esperenziale; degli sport indoor; della variet\u00e0 e<\/p>\n<p><a class=\"continue-reading\" href=\"https:\/\/www.article-marketing.eu\/comunicatistampa\/salone-del-camper-parma-florence-camper\/\">Continue reading&#8230;<\/a><\/p>\n","protected":false},"author":274,"featured_media":0,"comment_status":"open","ping_status":"open","sticky":false,"template":"","format":"standard","meta":{"_monsterinsights_skip_tracking":false,"_monsterinsights_sitenote_active":false,"_monsterinsights_sitenote_note":"","_monsterinsights_sitenote_category":0,"footnotes":""},"categories":[407,392,374,346],"tags":[2524,3654,3653],"class_list":["post-8642","post","type-post","status-publish","format-standard","hentry","category-arte-e-cultura","category-eventi","category-motori","category-viaggi-e-turismo","tag-florence-camper","tag-salone-del-camper-di-parma","tag-salone-del-camper-di-parma-con-florence-camper"],"yoast_head":"<!-- This site is optimized with the Yoast SEO plugin v27.3 - https:\/\/yoast.com\/product\/yoast-seo-wordpress\/ -->\n<title>Salone del Camper di Parma con Florence Camper<\/title>\n<meta name=\"description\" content=\"Salone del Camper di Parma con Florence Camper - dal 15 al 18 febbraio 2018. Anche in questo nuovo 2018, Florence Camper, nota azienda toscana che si occupa dal lontano 1981 di COSTRUZIONE CAMPER E ALLESTIMENTI SPECIALI; parteciper\u00e0 all&#039;edizione del Salone del Camper di Parma: dal 15 al 18 febbraio 2018. Una delle pi\u00f9\" \/>\n<meta name=\"robots\" content=\"index, follow, max-snippet:-1, max-image-preview:large, max-video-preview:-1\" \/>\n<link rel=\"canonical\" href=\"https:\/\/www.article-marketing.eu\/comunicatistampa\/salone-del-camper-parma-florence-camper\/\" \/>\n<meta property=\"og:locale\" content=\"it_IT\" \/>\n<meta property=\"og:type\" content=\"article\" \/>\n<meta property=\"og:title\" content=\"Salone del Camper di Parma con Florence Camper\" \/>\n<meta property=\"og:description\" content=\"Salone del Camper di Parma con Florence Camper - dal 15 al 18 febbraio 2018. Anche in questo nuovo 2018, Florence Camper, nota azienda toscana che si occupa dal lontano 1981 di COSTRUZIONE CAMPER E ALLESTIMENTI SPECIALI; parteciper\u00e0 all&#039;edizione del Salone del Camper di Parma: dal 15 al 18 febbraio 2018. Una delle pi\u00f9\" \/>\n<meta property=\"og:url\" content=\"https:\/\/www.article-marketing.eu\/comunicatistampa\/salone-del-camper-parma-florence-camper\/\" \/>\n<meta property=\"og:site_name\" content=\"Article Marketing\" \/>\n<meta property=\"article:published_time\" content=\"2018-01-25T02:46:11+00:00\" \/>\n<meta property=\"og:image\" content=\"https:\/\/www.florencecamper.it\/wp-content\/uploads\/2018\/01\/Salone-del-Camper-di-Parma-300x300.png\" \/>\n<meta name=\"author\" content=\"letiziawd\" \/>\n<meta name=\"twitter:card\" content=\"summary_large_image\" \/>\n<meta name=\"twitter:label1\" content=\"Scritto da\" \/>\n\t<meta name=\"twitter:data1\" content=\"letiziawd\" \/>\n\t<meta name=\"twitter:label2\" content=\"Tempo di lettura stimato\" \/>\n\t<meta name=\"twitter:data2\" content=\"2 minuti\" \/>\n<script type=\"application\/ld+json\" class=\"yoast-schema-graph\">{\"@context\":\"https:\\\/\\\/schema.org\",\"@graph\":[{\"@type\":\"Article\",\"@id\":\"https:\\\/\\\/www.article-marketing.eu\\\/comunicatistampa\\\/salone-del-camper-parma-florence-camper\\\/#article\",\"isPartOf\":{\"@id\":\"https:\\\/\\\/www.article-marketing.eu\\\/comunicatistampa\\\/salone-del-camper-parma-florence-camper\\\/\"},\"author\":{\"name\":\"letiziawd\",\"@id\":\"https:\\\/\\\/www.article-marketing.eu\\\/comunicatistampa\\\/#\\\/schema\\\/person\\\/dc21d84db31cdaf31d7b19bbe5a36c8b\"},\"headline\":\"Salone del Camper di Parma con Florence Camper\",\"datePublished\":\"2018-01-25T02:46:11+00:00\",\"mainEntityOfPage\":{\"@id\":\"https:\\\/\\\/www.article-marketing.eu\\\/comunicatistampa\\\/salone-del-camper-parma-florence-camper\\\/\"},\"wordCount\":341,\"commentCount\":0,\"image\":{\"@id\":\"https:\\\/\\\/www.article-marketing.eu\\\/comunicatistampa\\\/salone-del-camper-parma-florence-camper\\\/#primaryimage\"},\"thumbnailUrl\":\"https:\\\/\\\/www.florencecamper.it\\\/wp-content\\\/uploads\\\/2018\\\/01\\\/Salone-del-Camper-di-Parma-300x300.png\",\"keywords\":[\"Florence Camper.\",\"Salone del Camper di Parma\",\"Salone del Camper di Parma con Florence Camper\"],\"articleSection\":[\"Arte e cultura\",\"Eventi\",\"Motori\",\"Viaggi e turismo\"],\"inLanguage\":\"it-IT\",\"potentialAction\":[{\"@type\":\"CommentAction\",\"name\":\"Comment\",\"target\":[\"https:\\\/\\\/www.article-marketing.eu\\\/comunicatistampa\\\/salone-del-camper-parma-florence-camper\\\/#respond\"]}]},{\"@type\":\"WebPage\",\"@id\":\"https:\\\/\\\/www.article-marketing.eu\\\/comunicatistampa\\\/salone-del-camper-parma-florence-camper\\\/\",\"url\":\"https:\\\/\\\/www.article-marketing.eu\\\/comunicatistampa\\\/salone-del-camper-parma-florence-camper\\\/\",\"name\":\"Salone del Camper di Parma con Florence Camper\",\"isPartOf\":{\"@id\":\"https:\\\/\\\/www.article-marketing.eu\\\/comunicatistampa\\\/#website\"},\"primaryImageOfPage\":{\"@id\":\"https:\\\/\\\/www.article-marketing.eu\\\/comunicatistampa\\\/salone-del-camper-parma-florence-camper\\\/#primaryimage\"},\"image\":{\"@id\":\"https:\\\/\\\/www.article-marketing.eu\\\/comunicatistampa\\\/salone-del-camper-parma-florence-camper\\\/#primaryimage\"},\"thumbnailUrl\":\"https:\\\/\\\/www.florencecamper.it\\\/wp-content\\\/uploads\\\/2018\\\/01\\\/Salone-del-Camper-di-Parma-300x300.png\",\"datePublished\":\"2018-01-25T02:46:11+00:00\",\"author\":{\"@id\":\"https:\\\/\\\/www.article-marketing.eu\\\/comunicatistampa\\\/#\\\/schema\\\/person\\\/dc21d84db31cdaf31d7b19bbe5a36c8b\"},\"description\":\"Salone del Camper di Parma con Florence Camper - dal 15 al 18 febbraio 2018. Anche in questo nuovo 2018, Florence Camper, nota azienda toscana che si occupa dal lontano 1981 di COSTRUZIONE CAMPER E ALLESTIMENTI SPECIALI; parteciper\u00e0 all'edizione del Salone del Camper di Parma: dal 15 al 18 febbraio 2018. Una delle pi\u00f9\",\"breadcrumb\":{\"@id\":\"https:\\\/\\\/www.article-marketing.eu\\\/comunicatistampa\\\/salone-del-camper-parma-florence-camper\\\/#breadcrumb\"},\"inLanguage\":\"it-IT\",\"potentialAction\":[{\"@type\":\"ReadAction\",\"target\":[\"https:\\\/\\\/www.article-marketing.eu\\\/comunicatistampa\\\/salone-del-camper-parma-florence-camper\\\/\"]}]},{\"@type\":\"ImageObject\",\"inLanguage\":\"it-IT\",\"@id\":\"https:\\\/\\\/www.article-marketing.eu\\\/comunicatistampa\\\/salone-del-camper-parma-florence-camper\\\/#primaryimage\",\"url\":\"https:\\\/\\\/www.florencecamper.it\\\/wp-content\\\/uploads\\\/2018\\\/01\\\/Salone-del-Camper-di-Parma-300x300.png\",\"contentUrl\":\"https:\\\/\\\/www.florencecamper.it\\\/wp-content\\\/uploads\\\/2018\\\/01\\\/Salone-del-Camper-di-Parma-300x300.png\"},{\"@type\":\"BreadcrumbList\",\"@id\":\"https:\\\/\\\/www.article-marketing.eu\\\/comunicatistampa\\\/salone-del-camper-parma-florence-camper\\\/#breadcrumb\",\"itemListElement\":[{\"@type\":\"ListItem\",\"position\":1,\"name\":\"Home\",\"item\":\"https:\\\/\\\/www.article-marketing.eu\\\/comunicatistampa\\\/\"},{\"@type\":\"ListItem\",\"position\":2,\"name\":\"Salone del Camper di Parma con Florence Camper\"}]},{\"@type\":\"WebSite\",\"@id\":\"https:\\\/\\\/www.article-marketing.eu\\\/comunicatistampa\\\/#website\",\"url\":\"https:\\\/\\\/www.article-marketing.eu\\\/comunicatistampa\\\/\",\"name\":\"Article Marketing\",\"description\":\"article marketing &amp; press release\",\"potentialAction\":[{\"@type\":\"SearchAction\",\"target\":{\"@type\":\"EntryPoint\",\"urlTemplate\":\"https:\\\/\\\/www.article-marketing.eu\\\/comunicatistampa\\\/?s={search_term_string}\"},\"query-input\":{\"@type\":\"PropertyValueSpecification\",\"valueRequired\":true,\"valueName\":\"search_term_string\"}}],\"inLanguage\":\"it-IT\"},{\"@type\":\"Person\",\"@id\":\"https:\\\/\\\/www.article-marketing.eu\\\/comunicatistampa\\\/#\\\/schema\\\/person\\\/dc21d84db31cdaf31d7b19bbe5a36c8b\",\"name\":\"letiziawd\",\"image\":{\"@type\":\"ImageObject\",\"inLanguage\":\"it-IT\",\"@id\":\"https:\\\/\\\/secure.gravatar.com\\\/avatar\\\/48ad90d5fb6eb6af82907ef1c8d562f789ec2a8ef68104863c5fa0723747ffa9?s=96&d=mm&r=g\",\"url\":\"https:\\\/\\\/secure.gravatar.com\\\/avatar\\\/48ad90d5fb6eb6af82907ef1c8d562f789ec2a8ef68104863c5fa0723747ffa9?s=96&d=mm&r=g\",\"contentUrl\":\"https:\\\/\\\/secure.gravatar.com\\\/avatar\\\/48ad90d5fb6eb6af82907ef1c8d562f789ec2a8ef68104863c5fa0723747ffa9?s=96&d=mm&r=g\",\"caption\":\"letiziawd\"},\"url\":\"https:\\\/\\\/www.article-marketing.eu\\\/comunicatistampa\\\/author\\\/letiziawd\\\/\"}]}<\/script>\n<!-- \/ Yoast SEO plugin. -->","yoast_head_json":{"title":"Salone del Camper di Parma con Florence Camper","description":"Salone del Camper di Parma con Florence Camper - dal 15 al 18 febbraio 2018. Anche in questo nuovo 2018, Florence Camper, nota azienda toscana che si occupa dal lontano 1981 di COSTRUZIONE CAMPER E ALLESTIMENTI SPECIALI; parteciper\u00e0 all'edizione del Salone del Camper di Parma: dal 15 al 18 febbraio 2018. Una delle pi\u00f9","robots":{"index":"index","follow":"follow","max-snippet":"max-snippet:-1","max-image-preview":"max-image-preview:large","max-video-preview":"max-video-preview:-1"},"canonical":"https:\/\/www.article-marketing.eu\/comunicatistampa\/salone-del-camper-parma-florence-camper\/","og_locale":"it_IT","og_type":"article","og_title":"Salone del Camper di Parma con Florence Camper","og_description":"Salone del Camper di Parma con Florence Camper - dal 15 al 18 febbraio 2018. Anche in questo nuovo 2018, Florence Camper, nota azienda toscana che si occupa dal lontano 1981 di COSTRUZIONE CAMPER E ALLESTIMENTI SPECIALI; parteciper\u00e0 all'edizione del Salone del Camper di Parma: dal 15 al 18 febbraio 2018. Una delle pi\u00f9","og_url":"https:\/\/www.article-marketing.eu\/comunicatistampa\/salone-del-camper-parma-florence-camper\/","og_site_name":"Article Marketing","article_published_time":"2018-01-25T02:46:11+00:00","og_image":[{"url":"https:\/\/www.florencecamper.it\/wp-content\/uploads\/2018\/01\/Salone-del-Camper-di-Parma-300x300.png","type":"","width":"","height":""}],"author":"letiziawd","twitter_card":"summary_large_image","twitter_misc":{"Scritto da":"letiziawd","Tempo di lettura stimato":"2 minuti"},"schema":{"@context":"https:\/\/schema.org","@graph":[{"@type":"Article","@id":"https:\/\/www.article-marketing.eu\/comunicatistampa\/salone-del-camper-parma-florence-camper\/#article","isPartOf":{"@id":"https:\/\/www.article-marketing.eu\/comunicatistampa\/salone-del-camper-parma-florence-camper\/"},"author":{"name":"letiziawd","@id":"https:\/\/www.article-marketing.eu\/comunicatistampa\/#\/schema\/person\/dc21d84db31cdaf31d7b19bbe5a36c8b"},"headline":"Salone del Camper di Parma con Florence Camper","datePublished":"2018-01-25T02:46:11+00:00","mainEntityOfPage":{"@id":"https:\/\/www.article-marketing.eu\/comunicatistampa\/salone-del-camper-parma-florence-camper\/"},"wordCount":341,"commentCount":0,"image":{"@id":"https:\/\/www.article-marketing.eu\/comunicatistampa\/salone-del-camper-parma-florence-camper\/#primaryimage"},"thumbnailUrl":"https:\/\/www.florencecamper.it\/wp-content\/uploads\/2018\/01\/Salone-del-Camper-di-Parma-300x300.png","keywords":["Florence Camper.","Salone del Camper di Parma","Salone del Camper di Parma con Florence Camper"],"articleSection":["Arte e cultura","Eventi","Motori","Viaggi e turismo"],"inLanguage":"it-IT","potentialAction":[{"@type":"CommentAction","name":"Comment","target":["https:\/\/www.article-marketing.eu\/comunicatistampa\/salone-del-camper-parma-florence-camper\/#respond"]}]},{"@type":"WebPage","@id":"https:\/\/www.article-marketing.eu\/comunicatistampa\/salone-del-camper-parma-florence-camper\/","url":"https:\/\/www.article-marketing.eu\/comunicatistampa\/salone-del-camper-parma-florence-camper\/","name":"Salone del Camper di Parma con Florence Camper","isPartOf":{"@id":"https:\/\/www.article-marketing.eu\/comunicatistampa\/#website"},"primaryImageOfPage":{"@id":"https:\/\/www.article-marketing.eu\/comunicatistampa\/salone-del-camper-parma-florence-camper\/#primaryimage"},"image":{"@id":"https:\/\/www.article-marketing.eu\/comunicatistampa\/salone-del-camper-parma-florence-camper\/#primaryimage"},"thumbnailUrl":"https:\/\/www.florencecamper.it\/wp-content\/uploads\/2018\/01\/Salone-del-Camper-di-Parma-300x300.png","datePublished":"2018-01-25T02:46:11+00:00","author":{"@id":"https:\/\/www.article-marketing.eu\/comunicatistampa\/#\/schema\/person\/dc21d84db31cdaf31d7b19bbe5a36c8b"},"description":"Salone del Camper di Parma con Florence Camper - dal 15 al 18 febbraio 2018. Anche in questo nuovo 2018, Florence Camper, nota azienda toscana che si occupa dal lontano 1981 di COSTRUZIONE CAMPER E ALLESTIMENTI SPECIALI; parteciper\u00e0 all'edizione del Salone del Camper di Parma: dal 15 al 18 febbraio 2018. Una delle pi\u00f9","breadcrumb":{"@id":"https:\/\/www.article-marketing.eu\/comunicatistampa\/salone-del-camper-parma-florence-camper\/#breadcrumb"},"inLanguage":"it-IT","potentialAction":[{"@type":"ReadAction","target":["https:\/\/www.article-marketing.eu\/comunicatistampa\/salone-del-camper-parma-florence-camper\/"]}]},{"@type":"ImageObject","inLanguage":"it-IT","@id":"https:\/\/www.article-marketing.eu\/comunicatistampa\/salone-del-camper-parma-florence-camper\/#primaryimage","url":"https:\/\/www.florencecamper.it\/wp-content\/uploads\/2018\/01\/Salone-del-Camper-di-Parma-300x300.png","contentUrl":"https:\/\/www.florencecamper.it\/wp-content\/uploads\/2018\/01\/Salone-del-Camper-di-Parma-300x300.png"},{"@type":"BreadcrumbList","@id":"https:\/\/www.article-marketing.eu\/comunicatistampa\/salone-del-camper-parma-florence-camper\/#breadcrumb","itemListElement":[{"@type":"ListItem","position":1,"name":"Home","item":"https:\/\/www.article-marketing.eu\/comunicatistampa\/"},{"@type":"ListItem","position":2,"name":"Salone del Camper di Parma con Florence Camper"}]},{"@type":"WebSite","@id":"https:\/\/www.article-marketing.eu\/comunicatistampa\/#website","url":"https:\/\/www.article-marketing.eu\/comunicatistampa\/","name":"Article Marketing","description":"article marketing &amp; press release","potentialAction":[{"@type":"SearchAction","target":{"@type":"EntryPoint","urlTemplate":"https:\/\/www.article-marketing.eu\/comunicatistampa\/?s={search_term_string}"},"query-input":{"@type":"PropertyValueSpecification","valueRequired":true,"valueName":"search_term_string"}}],"inLanguage":"it-IT"},{"@type":"Person","@id":"https:\/\/www.article-marketing.eu\/comunicatistampa\/#\/schema\/person\/dc21d84db31cdaf31d7b19bbe5a36c8b","name":"letiziawd","image":{"@type":"ImageObject","inLanguage":"it-IT","@id":"https:\/\/secure.gravatar.com\/avatar\/48ad90d5fb6eb6af82907ef1c8d562f789ec2a8ef68104863c5fa0723747ffa9?s=96&d=mm&r=g","url":"https:\/\/secure.gravatar.com\/avatar\/48ad90d5fb6eb6af82907ef1c8d562f789ec2a8ef68104863c5fa0723747ffa9?s=96&d=mm&r=g","contentUrl":"https:\/\/secure.gravatar.com\/avatar\/48ad90d5fb6eb6af82907ef1c8d562f789ec2a8ef68104863c5fa0723747ffa9?s=96&d=mm&r=g","caption":"letiziawd"},"url":"https:\/\/www.article-marketing.eu\/comunicatistampa\/author\/letiziawd\/"}]}},"_links":{"self":[{"href":"https:\/\/www.article-marketing.eu\/comunicatistampa\/wp-json\/wp\/v2\/posts\/8642","targetHints":{"allow":["GET"]}}],"collection":[{"href":"https:\/\/www.article-marketing.eu\/comunicatistampa\/wp-json\/wp\/v2\/posts"}],"about":[{"href":"https:\/\/www.article-marketing.eu\/comunicatistampa\/wp-json\/wp\/v2\/types\/post"}],"author":[{"embeddable":true,"href":"https:\/\/www.article-marketing.eu\/comunicatistampa\/wp-json\/wp\/v2\/users\/274"}],"replies":[{"embeddable":true,"href":"https:\/\/www.article-marketing.eu\/comunicatistampa\/wp-json\/wp\/v2\/comments?post=8642"}],"version-history":[{"count":2,"href":"https:\/\/www.article-marketing.eu\/comunicatistampa\/wp-json\/wp\/v2\/posts\/8642\/revisions"}],"predecessor-version":[{"id":8656,"href":"https:\/\/www.article-marketing.eu\/comunicatistampa\/wp-json\/wp\/v2\/posts\/8642\/revisions\/8656"}],"wp:attachment":[{"href":"https:\/\/www.article-marketing.eu\/comunicatistampa\/wp-json\/wp\/v2\/media?parent=8642"}],"wp:term":[{"taxonomy":"category","embeddable":true,"href":"https:\/\/www.article-marketing.eu\/comunicatistampa\/wp-json\/wp\/v2\/categories?post=8642"},{"taxonomy":"post_tag","embeddable":true,"href":"https:\/\/www.article-marketing.eu\/comunicatistampa\/wp-json\/wp\/v2\/tags?post=8642"}],"curies":[{"name":"wp","href":"https:\/\/api.w.org\/{rel}","templated":true}]}}