{"id":8703,"date":"2018-01-27T23:52:19","date_gmt":"2018-01-27T22:52:19","guid":{"rendered":"http:\/\/www.article-marketing.eu\/comunicatistampa\/?p=8703"},"modified":"2018-01-27T23:52:19","modified_gmt":"2018-01-27T22:52:19","slug":"news-contabili-fiscali-lavoro-gb-settimana-n-4-anno-2018","status":"publish","type":"post","link":"https:\/\/www.article-marketing.eu\/comunicatistampa\/news-contabili-fiscali-lavoro-gb-settimana-n-4-anno-2018\/","title":{"rendered":"News contabili, fiscali, lavoro GB &#8211; Settimana n. 4 anno 2018"},"content":{"rendered":"<p><strong>F24 2018: Creazione e prenotazione del modello (22\/01\/2018)<\/strong><\/p>\n<p>In Dichiarazioni GB con semplici passaggi \u00e8 possibile gestire la creazione di un modello F24. Inseriti i codici tributo, si pu\u00f2 procedere alla produzione e alla trasmissione telematica della delega.<\/p>\n<p>L\u2019inserimento dei codici tributo avviene in maniera controllata e gli stessi possono essere indicati direttamente nelle sezioni di appartenenza.<\/p>\n<p>Sezione Erario: per i versamenti Irpef, Ires, Iva e ritenute;<\/p>\n<p>Sezione Inps: per i versamenti Inps;<\/p>\n<p>Sezione Regioni: per le imposte regionali (Irap e addizionale regionale all\u2019Irpef);<\/p>\n<p>Sezione Imu e altri tributi locali: per le imposte comunali;<\/p>\n<p>Sezione altri enti previdenziali e assicurativi: per i versamenti ad altri enti.<\/p>\n<p>&nbsp;<\/p>\n<p><strong>Caso pratico: Fattura da rettificare, invio Spesometro 2\u00b0 Periodo (23\/01\/2018)<\/strong><\/p>\n<p>Ho effettuato l\u2019invio del file per lo Spesometro del 2\u2019 periodo di un mio cliente. Mi sono accorto che \u00e8 stato commesso un errore contabile in una fattura gi\u00e0 trasmessa. Come devo procedere per rettificare la fattura inviata?<\/p>\n<p>Entro il 28 Febbraio 2018 (termine ultimo per la trasmissione dei dati fatture relativa al secondo semestre) \u00e8 possibile rettificare i dati inviati nel 1\u00b0 semestre senza che vi siano sanzioni (articolo 1-ter, legge di conversione del decreto fiscale 148\/2017).<\/p>\n<p>Per \u201csistemare\u201d l\u2019errore commesso, occorre:<\/p>\n<ul>\n<li>modificare in prima nota la registrazione della fattura<\/li>\n<li>accedere all\u2019applicazioni \u201cDati Fatture\u201d nel periodo della modifica<\/li>\n<li>creare un nuovo File di Rettifica, che conterr\u00e0 solamente la fattura modificata e il riferimento della fattura da rettificare del file precedente<\/li>\n<li>e trasmetterlo.<\/li>\n<\/ul>\n<p>&nbsp;<\/p>\n<p><strong>Caso pratico: creazione e invio file telematico da F24 (24\/01\/2018)<\/strong><\/p>\n<p>Devo inviare telematicamente un modello F24, ma non so come fare. Come si gestisce questa procedura all\u2019interno dell\u2019Applicazione F24?<\/p>\n<p>La creazione del File telematico di un modello F24 si esegue direttamente all\u2019interno dell\u2019Applicazione F24.<\/p>\n<p>I passaggi da eseguire sono i seguenti\u2026<\/p>\n<p><strong>Regime Forfetario: Emissione fatture con Ritenute Previdenziali (25\/01\/2018)<\/strong><\/p>\n<p>Con l\u2019articolo 9 \u2013 commi da 54 a 89 \u2013 della Legge 90\/2014 si \u00e8 data la possibilit\u00e0 a persone fisiche esercenti attivit\u00e0 d\u2019impresa o di lavoro autonomo che rientrano entro parametri previsti la possibilit\u00e0 di avvalersi al regime forfetario, con la possibilit\u00e0 di avere una serie di semplificazioni sia contabili che fiscali.<\/p>\n<p>Nel caso un professionista aderente al suddetto regime sia soggetto anche all\u2019applicazione delle ritenute previdenziali, \u00e8 possibile tramite Fatturazione GB indicare la relativa percentuale della ritenuta da detrarre in fattura, oltre a eventualmente personalizzare la dicitura della cassa applicata.<\/p>\n<p>Per poter effettuare questa tipologia di fattura, accediamo alla Fatturazione GB da ContBil \u2013Fatture \u2013 Fatture Professionisti<\/p>\n<p><strong>Caso Pratico: Fattura acquisto da Professionista (26\/01\/2018)<\/strong><\/p>\n<p>Devo registrare la fattura di acquisto emessa da un Professionista. Cosa devo indicare in anagrafica per una corretta gestione del soggetto \u201cpercipiente\u201d? Quali sono le causali da utilizzare per avere il collegamento con la gestione Percipienti e la CU?<\/p>\n<p>Entro il 7 marzo 2018, i sostituiti d\u2019imposta che hanno corrisposto nel 2017 compensi a lavoratori autonomi e\/o professionisti o corrisposto provvigioni ad agenti e rappresentati di commercio, sono obbligati ad inviare all\u2019Agenzia delle Entrate le certificazioni delle ritenute d\u2019acconto versate.<\/p>\n<p>La Gestione Percipienti in GB\u2026<\/p>\n<p><em>Leggi gli articoli completi sul sito ufficiale del <\/em>\u00a0<a href=\"https:\/\/www.softwareintegrato.it\/software-per-commercialisti\/\"><em>software per commercialista<\/em><\/a><em> \u00a0INTEGRATO GB, prodotto da GBsoftware S.p.A.<\/em><\/p>\n","protected":false},"excerpt":{"rendered":"<p>F24 2018: Creazione e prenotazione del modello (22\/01\/2018) In Dichiarazioni GB con semplici passaggi \u00e8 possibile gestire la creazione di un modello F24. Inseriti i codici tributo, si pu\u00f2 procedere alla produzione e alla trasmissione telematica della delega. L\u2019inserimento dei codici tributo avviene in maniera controllata e gli stessi possono essere indicati direttamente nelle sezioni di appartenenza. Sezione Erario: per i versamenti Irpef, Ires, Iva e ritenute; Sezione Inps: per<\/p>\n<p><a class=\"continue-reading\" href=\"https:\/\/www.article-marketing.eu\/comunicatistampa\/news-contabili-fiscali-lavoro-gb-settimana-n-4-anno-2018\/\">Continue reading&#8230;<\/a><\/p>\n","protected":false},"author":220,"featured_media":0,"comment_status":"open","ping_status":"open","sticky":false,"template":"","format":"standard","meta":{"_monsterinsights_skip_tracking":false,"_monsterinsights_sitenote_active":false,"_monsterinsights_sitenote_note":"","_monsterinsights_sitenote_category":0,"footnotes":""},"categories":[386],"tags":[3303],"class_list":["post-8703","post","type-post","status-publish","format-standard","hentry","category-economia-e-lavoro","tag-software-per-commercialista"],"yoast_head":"<!-- This site is optimized with the Yoast SEO plugin v27.3 - https:\/\/yoast.com\/product\/yoast-seo-wordpress\/ -->\n<title>News contabili, fiscali, lavoro GB - Settimana n. 4 anno 2018<\/title>\n<meta name=\"description\" content=\"News operative GB su Contabilit\u00e0, Bilancio Europeo, Fiscale e Paghe. Settimana 4\/2018, 22\/26 gennaio 2018\" \/>\n<meta name=\"robots\" content=\"index, follow, max-snippet:-1, max-image-preview:large, max-video-preview:-1\" \/>\n<link rel=\"canonical\" href=\"https:\/\/www.article-marketing.eu\/comunicatistampa\/news-contabili-fiscali-lavoro-gb-settimana-n-4-anno-2018\/\" \/>\n<meta property=\"og:locale\" content=\"it_IT\" \/>\n<meta property=\"og:type\" content=\"article\" \/>\n<meta property=\"og:title\" content=\"News contabili, fiscali, lavoro GB - Settimana n. 4 anno 2018\" \/>\n<meta property=\"og:description\" content=\"News operative GB su Contabilit\u00e0, Bilancio Europeo, Fiscale e Paghe. Settimana 4\/2018, 22\/26 gennaio 2018\" \/>\n<meta property=\"og:url\" content=\"https:\/\/www.article-marketing.eu\/comunicatistampa\/news-contabili-fiscali-lavoro-gb-settimana-n-4-anno-2018\/\" \/>\n<meta property=\"og:site_name\" content=\"Article Marketing\" \/>\n<meta property=\"article:published_time\" content=\"2018-01-27T22:52:19+00:00\" \/>\n<meta name=\"author\" content=\"GBsoftware\" \/>\n<meta name=\"twitter:card\" content=\"summary_large_image\" \/>\n<meta name=\"twitter:label1\" content=\"Scritto da\" \/>\n\t<meta name=\"twitter:data1\" content=\"GBsoftware\" \/>\n\t<meta name=\"twitter:label2\" content=\"Tempo di lettura stimato\" \/>\n\t<meta name=\"twitter:data2\" content=\"3 minuti\" \/>\n<script type=\"application\/ld+json\" class=\"yoast-schema-graph\">{\"@context\":\"https:\\\/\\\/schema.org\",\"@graph\":[{\"@type\":\"Article\",\"@id\":\"https:\\\/\\\/www.article-marketing.eu\\\/comunicatistampa\\\/news-contabili-fiscali-lavoro-gb-settimana-n-4-anno-2018\\\/#article\",\"isPartOf\":{\"@id\":\"https:\\\/\\\/www.article-marketing.eu\\\/comunicatistampa\\\/news-contabili-fiscali-lavoro-gb-settimana-n-4-anno-2018\\\/\"},\"author\":{\"name\":\"GBsoftware\",\"@id\":\"https:\\\/\\\/www.article-marketing.eu\\\/comunicatistampa\\\/#\\\/schema\\\/person\\\/75c75f143919cabc02506d01196087a6\"},\"headline\":\"News contabili, fiscali, lavoro GB &#8211; Settimana n. 4 anno 2018\",\"datePublished\":\"2018-01-27T22:52:19+00:00\",\"mainEntityOfPage\":{\"@id\":\"https:\\\/\\\/www.article-marketing.eu\\\/comunicatistampa\\\/news-contabili-fiscali-lavoro-gb-settimana-n-4-anno-2018\\\/\"},\"wordCount\":518,\"commentCount\":0,\"keywords\":[\"software per commercialista\"],\"articleSection\":[\"Economia e lavoro\"],\"inLanguage\":\"it-IT\",\"potentialAction\":[{\"@type\":\"CommentAction\",\"name\":\"Comment\",\"target\":[\"https:\\\/\\\/www.article-marketing.eu\\\/comunicatistampa\\\/news-contabili-fiscali-lavoro-gb-settimana-n-4-anno-2018\\\/#respond\"]}]},{\"@type\":\"WebPage\",\"@id\":\"https:\\\/\\\/www.article-marketing.eu\\\/comunicatistampa\\\/news-contabili-fiscali-lavoro-gb-settimana-n-4-anno-2018\\\/\",\"url\":\"https:\\\/\\\/www.article-marketing.eu\\\/comunicatistampa\\\/news-contabili-fiscali-lavoro-gb-settimana-n-4-anno-2018\\\/\",\"name\":\"News contabili, fiscali, lavoro GB - Settimana n. 4 anno 2018\",\"isPartOf\":{\"@id\":\"https:\\\/\\\/www.article-marketing.eu\\\/comunicatistampa\\\/#website\"},\"datePublished\":\"2018-01-27T22:52:19+00:00\",\"author\":{\"@id\":\"https:\\\/\\\/www.article-marketing.eu\\\/comunicatistampa\\\/#\\\/schema\\\/person\\\/75c75f143919cabc02506d01196087a6\"},\"description\":\"News operative GB su Contabilit\u00e0, Bilancio Europeo, Fiscale e Paghe. Settimana 4\\\/2018, 22\\\/26 gennaio 2018\",\"breadcrumb\":{\"@id\":\"https:\\\/\\\/www.article-marketing.eu\\\/comunicatistampa\\\/news-contabili-fiscali-lavoro-gb-settimana-n-4-anno-2018\\\/#breadcrumb\"},\"inLanguage\":\"it-IT\",\"potentialAction\":[{\"@type\":\"ReadAction\",\"target\":[\"https:\\\/\\\/www.article-marketing.eu\\\/comunicatistampa\\\/news-contabili-fiscali-lavoro-gb-settimana-n-4-anno-2018\\\/\"]}]},{\"@type\":\"BreadcrumbList\",\"@id\":\"https:\\\/\\\/www.article-marketing.eu\\\/comunicatistampa\\\/news-contabili-fiscali-lavoro-gb-settimana-n-4-anno-2018\\\/#breadcrumb\",\"itemListElement\":[{\"@type\":\"ListItem\",\"position\":1,\"name\":\"Home\",\"item\":\"https:\\\/\\\/www.article-marketing.eu\\\/comunicatistampa\\\/\"},{\"@type\":\"ListItem\",\"position\":2,\"name\":\"News contabili, fiscali, lavoro GB &#8211; Settimana n. 4 anno 2018\"}]},{\"@type\":\"WebSite\",\"@id\":\"https:\\\/\\\/www.article-marketing.eu\\\/comunicatistampa\\\/#website\",\"url\":\"https:\\\/\\\/www.article-marketing.eu\\\/comunicatistampa\\\/\",\"name\":\"Article Marketing\",\"description\":\"article marketing &amp; press release\",\"potentialAction\":[{\"@type\":\"SearchAction\",\"target\":{\"@type\":\"EntryPoint\",\"urlTemplate\":\"https:\\\/\\\/www.article-marketing.eu\\\/comunicatistampa\\\/?s={search_term_string}\"},\"query-input\":{\"@type\":\"PropertyValueSpecification\",\"valueRequired\":true,\"valueName\":\"search_term_string\"}}],\"inLanguage\":\"it-IT\"},{\"@type\":\"Person\",\"@id\":\"https:\\\/\\\/www.article-marketing.eu\\\/comunicatistampa\\\/#\\\/schema\\\/person\\\/75c75f143919cabc02506d01196087a6\",\"name\":\"GBsoftware\",\"image\":{\"@type\":\"ImageObject\",\"inLanguage\":\"it-IT\",\"@id\":\"https:\\\/\\\/secure.gravatar.com\\\/avatar\\\/e7500de9a915363293b88522ee4b9ac298a9fda6c3e835ab412ff428cbbfe843?s=96&d=mm&r=g\",\"url\":\"https:\\\/\\\/secure.gravatar.com\\\/avatar\\\/e7500de9a915363293b88522ee4b9ac298a9fda6c3e835ab412ff428cbbfe843?s=96&d=mm&r=g\",\"contentUrl\":\"https:\\\/\\\/secure.gravatar.com\\\/avatar\\\/e7500de9a915363293b88522ee4b9ac298a9fda6c3e835ab412ff428cbbfe843?s=96&d=mm&r=g\",\"caption\":\"GBsoftware\"},\"url\":\"https:\\\/\\\/www.article-marketing.eu\\\/comunicatistampa\\\/author\\\/gbsoftware\\\/\"}]}<\/script>\n<!-- \/ Yoast SEO plugin. -->","yoast_head_json":{"title":"News contabili, fiscali, lavoro GB - Settimana n. 4 anno 2018","description":"News operative GB su Contabilit\u00e0, Bilancio Europeo, Fiscale e Paghe. Settimana 4\/2018, 22\/26 gennaio 2018","robots":{"index":"index","follow":"follow","max-snippet":"max-snippet:-1","max-image-preview":"max-image-preview:large","max-video-preview":"max-video-preview:-1"},"canonical":"https:\/\/www.article-marketing.eu\/comunicatistampa\/news-contabili-fiscali-lavoro-gb-settimana-n-4-anno-2018\/","og_locale":"it_IT","og_type":"article","og_title":"News contabili, fiscali, lavoro GB - Settimana n. 4 anno 2018","og_description":"News operative GB su Contabilit\u00e0, Bilancio Europeo, Fiscale e Paghe. Settimana 4\/2018, 22\/26 gennaio 2018","og_url":"https:\/\/www.article-marketing.eu\/comunicatistampa\/news-contabili-fiscali-lavoro-gb-settimana-n-4-anno-2018\/","og_site_name":"Article Marketing","article_published_time":"2018-01-27T22:52:19+00:00","author":"GBsoftware","twitter_card":"summary_large_image","twitter_misc":{"Scritto da":"GBsoftware","Tempo di lettura stimato":"3 minuti"},"schema":{"@context":"https:\/\/schema.org","@graph":[{"@type":"Article","@id":"https:\/\/www.article-marketing.eu\/comunicatistampa\/news-contabili-fiscali-lavoro-gb-settimana-n-4-anno-2018\/#article","isPartOf":{"@id":"https:\/\/www.article-marketing.eu\/comunicatistampa\/news-contabili-fiscali-lavoro-gb-settimana-n-4-anno-2018\/"},"author":{"name":"GBsoftware","@id":"https:\/\/www.article-marketing.eu\/comunicatistampa\/#\/schema\/person\/75c75f143919cabc02506d01196087a6"},"headline":"News contabili, fiscali, lavoro GB &#8211; Settimana n. 4 anno 2018","datePublished":"2018-01-27T22:52:19+00:00","mainEntityOfPage":{"@id":"https:\/\/www.article-marketing.eu\/comunicatistampa\/news-contabili-fiscali-lavoro-gb-settimana-n-4-anno-2018\/"},"wordCount":518,"commentCount":0,"keywords":["software per commercialista"],"articleSection":["Economia e lavoro"],"inLanguage":"it-IT","potentialAction":[{"@type":"CommentAction","name":"Comment","target":["https:\/\/www.article-marketing.eu\/comunicatistampa\/news-contabili-fiscali-lavoro-gb-settimana-n-4-anno-2018\/#respond"]}]},{"@type":"WebPage","@id":"https:\/\/www.article-marketing.eu\/comunicatistampa\/news-contabili-fiscali-lavoro-gb-settimana-n-4-anno-2018\/","url":"https:\/\/www.article-marketing.eu\/comunicatistampa\/news-contabili-fiscali-lavoro-gb-settimana-n-4-anno-2018\/","name":"News contabili, fiscali, lavoro GB - Settimana n. 4 anno 2018","isPartOf":{"@id":"https:\/\/www.article-marketing.eu\/comunicatistampa\/#website"},"datePublished":"2018-01-27T22:52:19+00:00","author":{"@id":"https:\/\/www.article-marketing.eu\/comunicatistampa\/#\/schema\/person\/75c75f143919cabc02506d01196087a6"},"description":"News operative GB su Contabilit\u00e0, Bilancio Europeo, Fiscale e Paghe. Settimana 4\/2018, 22\/26 gennaio 2018","breadcrumb":{"@id":"https:\/\/www.article-marketing.eu\/comunicatistampa\/news-contabili-fiscali-lavoro-gb-settimana-n-4-anno-2018\/#breadcrumb"},"inLanguage":"it-IT","potentialAction":[{"@type":"ReadAction","target":["https:\/\/www.article-marketing.eu\/comunicatistampa\/news-contabili-fiscali-lavoro-gb-settimana-n-4-anno-2018\/"]}]},{"@type":"BreadcrumbList","@id":"https:\/\/www.article-marketing.eu\/comunicatistampa\/news-contabili-fiscali-lavoro-gb-settimana-n-4-anno-2018\/#breadcrumb","itemListElement":[{"@type":"ListItem","position":1,"name":"Home","item":"https:\/\/www.article-marketing.eu\/comunicatistampa\/"},{"@type":"ListItem","position":2,"name":"News contabili, fiscali, lavoro GB &#8211; Settimana n. 4 anno 2018"}]},{"@type":"WebSite","@id":"https:\/\/www.article-marketing.eu\/comunicatistampa\/#website","url":"https:\/\/www.article-marketing.eu\/comunicatistampa\/","name":"Article Marketing","description":"article marketing &amp; press release","potentialAction":[{"@type":"SearchAction","target":{"@type":"EntryPoint","urlTemplate":"https:\/\/www.article-marketing.eu\/comunicatistampa\/?s={search_term_string}"},"query-input":{"@type":"PropertyValueSpecification","valueRequired":true,"valueName":"search_term_string"}}],"inLanguage":"it-IT"},{"@type":"Person","@id":"https:\/\/www.article-marketing.eu\/comunicatistampa\/#\/schema\/person\/75c75f143919cabc02506d01196087a6","name":"GBsoftware","image":{"@type":"ImageObject","inLanguage":"it-IT","@id":"https:\/\/secure.gravatar.com\/avatar\/e7500de9a915363293b88522ee4b9ac298a9fda6c3e835ab412ff428cbbfe843?s=96&d=mm&r=g","url":"https:\/\/secure.gravatar.com\/avatar\/e7500de9a915363293b88522ee4b9ac298a9fda6c3e835ab412ff428cbbfe843?s=96&d=mm&r=g","contentUrl":"https:\/\/secure.gravatar.com\/avatar\/e7500de9a915363293b88522ee4b9ac298a9fda6c3e835ab412ff428cbbfe843?s=96&d=mm&r=g","caption":"GBsoftware"},"url":"https:\/\/www.article-marketing.eu\/comunicatistampa\/author\/gbsoftware\/"}]}},"_links":{"self":[{"href":"https:\/\/www.article-marketing.eu\/comunicatistampa\/wp-json\/wp\/v2\/posts\/8703","targetHints":{"allow":["GET"]}}],"collection":[{"href":"https:\/\/www.article-marketing.eu\/comunicatistampa\/wp-json\/wp\/v2\/posts"}],"about":[{"href":"https:\/\/www.article-marketing.eu\/comunicatistampa\/wp-json\/wp\/v2\/types\/post"}],"author":[{"embeddable":true,"href":"https:\/\/www.article-marketing.eu\/comunicatistampa\/wp-json\/wp\/v2\/users\/220"}],"replies":[{"embeddable":true,"href":"https:\/\/www.article-marketing.eu\/comunicatistampa\/wp-json\/wp\/v2\/comments?post=8703"}],"version-history":[{"count":2,"href":"https:\/\/www.article-marketing.eu\/comunicatistampa\/wp-json\/wp\/v2\/posts\/8703\/revisions"}],"predecessor-version":[{"id":8732,"href":"https:\/\/www.article-marketing.eu\/comunicatistampa\/wp-json\/wp\/v2\/posts\/8703\/revisions\/8732"}],"wp:attachment":[{"href":"https:\/\/www.article-marketing.eu\/comunicatistampa\/wp-json\/wp\/v2\/media?parent=8703"}],"wp:term":[{"taxonomy":"category","embeddable":true,"href":"https:\/\/www.article-marketing.eu\/comunicatistampa\/wp-json\/wp\/v2\/categories?post=8703"},{"taxonomy":"post_tag","embeddable":true,"href":"https:\/\/www.article-marketing.eu\/comunicatistampa\/wp-json\/wp\/v2\/tags?post=8703"}],"curies":[{"name":"wp","href":"https:\/\/api.w.org\/{rel}","templated":true}]}}