{"id":8757,"date":"2018-01-31T03:05:46","date_gmt":"2018-01-31T02:05:46","guid":{"rendered":"http:\/\/www.article-marketing.eu\/comunicatistampa\/?p=8757"},"modified":"2018-01-31T03:05:46","modified_gmt":"2018-01-31T02:05:46","slug":"garage-legno-bello-resistente","status":"publish","type":"post","link":"https:\/\/www.article-marketing.eu\/comunicatistampa\/garage-legno-bello-resistente\/","title":{"rendered":"Il garage in legno, bello e resistente"},"content":{"rendered":"<p>Il garage legno \u00e8 la soluzione ideale per custodire l&#8217;auto, i veicoli a due ruote, gli attrezzi da bricolage o da giardinaggio al coperto ed al sicuro.<\/p>\n<h2>La struttura<\/h2>\n<p>Parcheggiare l&#8217;automobile in strada significa esporla ai ladri ed alle intemperie, rischiando anche di riportare gravi danni a seguito di grandinate o di violenti temporali. <a href=\"https:\/\/www.casacasette.it\/garage-in-legno\">Il garage legno prefabbricato<\/a>, funzionale e dall&#8217;alto valore estetico, \u00e8 una soluzione moderna perfetta per custodire le autovetture e tutti gli strumenti necessari per mantenere il giardino e l&#8217;ambiente esterno sempre in condizioni ottimali. Disponibile in diversi formati e dimensioni, \u00e8 realizzato in abete nordico massello di altissima qualit\u00e0 ed \u00e8 costituito da pareti (spesse dai 20 ai 28 millimetri) e da una tettoia (in legno, plastica oppure bitume). Comprende un portone d&#8217;ingresso ed eventuali finestre laterali dall&#8217;ottimo isolamento termico ed acustico, da personalizzare secondo i propri gusti e posizionare in base a specifiche esigenze.<\/p>\n<h2>I componenti di un garage legno prefabbricato<\/h2>\n<p>Il garage legno prefabbricato oltre a costituire un luogo sicuro dove posteggiare l&#8217;automobile o conservare gli attrezzi da lavoro, vanta una straordinaria eleganza conferita dalla qualit\u00e0 del legno massello. La copertura in legno, plastica oppure bitume pu\u00f2 essere arricchita da tegole adesive dai tipici colori rosso oppure verde. La tettoia assicura un ottimo isolamento in modo da proteggere auto, attrezzi ed altri beni da umidit\u00e0 ed infiltrazioni varie. Il box, pu\u00f2 essere personalizzato in qualsiasi momento con molteplici accessori, scegliendo tra una vasta gamma di portoni e finestre disponibili in diversi stili, scuretti (dispositivi per l&#8217;oscuramento delle finestre, molto semplici da aprire sia dall&#8217;interno che eventualmente anche dall&#8217;esterno) e scossaline ovvero coperture in lamiera zincata o altro metallo (piombo o rame), strette e lunghe, posizionate sulle sommit\u00e0 esterne con lo scopo di impedire pericolose infiltrazioni di acqua piovana.<\/p>\n<h2>I tanti vantaggi del garage legno<\/h2>\n<p>Come \u00e8 stato ampiamente trattato in precedenza, tutti i garage legno vengono realizzati con materiali di altissima qualit\u00e0 ed assolutamente ecologici. Lo spessore delle pareti ed il trattamento antitarlo ad acqua garantiscono una maggiore durata nel tempo, una migliore resistenza agli agenti atmosferici ed alle variazioni di temperatura. Non richiedono grandi interventi di manutenzione, ma semplicemente l&#8217;uso di un buon impregnante acquistabile presso qualsiasi ferramenta. Di facile montaggio, grazie alle pratiche istruzioni fornite all&#8217;interno dell&#8217;imballaggio, il garage legno costituisce una soluzione valida, molto economica e conveniente perch\u00e9 non necessita di grandi spese di realizzazione. In particolar modo, non servono lavori di muratura oppure opere in cemento.<\/p>\n","protected":false},"excerpt":{"rendered":"<p>Il garage legno \u00e8 la soluzione ideale per custodire l&#8217;auto, i veicoli a due ruote, gli attrezzi da bricolage o da giardinaggio al coperto ed al sicuro. La struttura Parcheggiare l&#8217;automobile in strada significa esporla ai ladri ed alle intemperie, rischiando anche di riportare gravi danni a seguito di grandinate o di violenti temporali. Il garage legno prefabbricato, funzionale e dall&#8217;alto valore estetico, \u00e8 una soluzione moderna perfetta per custodire<\/p>\n<p><a class=\"continue-reading\" href=\"https:\/\/www.article-marketing.eu\/comunicatistampa\/garage-legno-bello-resistente\/\">Continue reading&#8230;<\/a><\/p>\n","protected":false},"author":202,"featured_media":0,"comment_status":"open","ping_status":"open","sticky":false,"template":"","format":"standard","meta":{"_monsterinsights_skip_tracking":false,"_monsterinsights_sitenote_active":false,"_monsterinsights_sitenote_note":"","_monsterinsights_sitenote_category":0,"footnotes":""},"categories":[405],"tags":[3678,3677],"class_list":["post-8757","post","type-post","status-publish","format-standard","hentry","category-esterni","tag-garage","tag-legno"],"yoast_head":"<!-- This site is optimized with the Yoast SEO plugin v27.3 - https:\/\/yoast.com\/product\/yoast-seo-wordpress\/ -->\n<title>Il garage in legno, bello e resistente - Article Marketing<\/title>\n<meta name=\"robots\" content=\"index, follow, max-snippet:-1, max-image-preview:large, max-video-preview:-1\" \/>\n<link rel=\"canonical\" href=\"https:\/\/www.article-marketing.eu\/comunicatistampa\/garage-legno-bello-resistente\/\" \/>\n<meta property=\"og:locale\" content=\"it_IT\" \/>\n<meta property=\"og:type\" content=\"article\" \/>\n<meta property=\"og:title\" content=\"Il garage in legno, bello e resistente - Article Marketing\" \/>\n<meta property=\"og:description\" content=\"Il garage legno \u00e8 la soluzione ideale per custodire l&#8217;auto, i veicoli a due ruote, gli attrezzi da bricolage o da giardinaggio al coperto ed al sicuro. La struttura Parcheggiare l&#8217;automobile in strada significa esporla ai ladri ed alle intemperie, rischiando anche di riportare gravi danni a seguito di grandinate o di violenti temporali. Il garage legno prefabbricato, funzionale e dall&#8217;alto valore estetico, \u00e8 una soluzione moderna perfetta per custodireContinue reading...\" \/>\n<meta property=\"og:url\" content=\"https:\/\/www.article-marketing.eu\/comunicatistampa\/garage-legno-bello-resistente\/\" \/>\n<meta property=\"og:site_name\" content=\"Article Marketing\" \/>\n<meta property=\"article:published_time\" content=\"2018-01-31T02:05:46+00:00\" \/>\n<meta name=\"author\" content=\"merellir\" \/>\n<meta name=\"twitter:card\" content=\"summary_large_image\" \/>\n<meta name=\"twitter:label1\" content=\"Scritto da\" \/>\n\t<meta name=\"twitter:data1\" content=\"merellir\" \/>\n\t<meta name=\"twitter:label2\" content=\"Tempo di lettura stimato\" \/>\n\t<meta name=\"twitter:data2\" content=\"2 minuti\" \/>\n<script type=\"application\/ld+json\" class=\"yoast-schema-graph\">{\"@context\":\"https:\\\/\\\/schema.org\",\"@graph\":[{\"@type\":\"Article\",\"@id\":\"https:\\\/\\\/www.article-marketing.eu\\\/comunicatistampa\\\/garage-legno-bello-resistente\\\/#article\",\"isPartOf\":{\"@id\":\"https:\\\/\\\/www.article-marketing.eu\\\/comunicatistampa\\\/garage-legno-bello-resistente\\\/\"},\"author\":{\"name\":\"merellir\",\"@id\":\"https:\\\/\\\/www.article-marketing.eu\\\/comunicatistampa\\\/#\\\/schema\\\/person\\\/ad93a86d6a7760d56d31da897a21ec7b\"},\"headline\":\"Il garage in legno, bello e resistente\",\"datePublished\":\"2018-01-31T02:05:46+00:00\",\"mainEntityOfPage\":{\"@id\":\"https:\\\/\\\/www.article-marketing.eu\\\/comunicatistampa\\\/garage-legno-bello-resistente\\\/\"},\"wordCount\":406,\"commentCount\":0,\"keywords\":[\"garage\",\"legno\"],\"articleSection\":[\"Esterni\"],\"inLanguage\":\"it-IT\",\"potentialAction\":[{\"@type\":\"CommentAction\",\"name\":\"Comment\",\"target\":[\"https:\\\/\\\/www.article-marketing.eu\\\/comunicatistampa\\\/garage-legno-bello-resistente\\\/#respond\"]}]},{\"@type\":\"WebPage\",\"@id\":\"https:\\\/\\\/www.article-marketing.eu\\\/comunicatistampa\\\/garage-legno-bello-resistente\\\/\",\"url\":\"https:\\\/\\\/www.article-marketing.eu\\\/comunicatistampa\\\/garage-legno-bello-resistente\\\/\",\"name\":\"Il garage in legno, bello e resistente - Article Marketing\",\"isPartOf\":{\"@id\":\"https:\\\/\\\/www.article-marketing.eu\\\/comunicatistampa\\\/#website\"},\"datePublished\":\"2018-01-31T02:05:46+00:00\",\"author\":{\"@id\":\"https:\\\/\\\/www.article-marketing.eu\\\/comunicatistampa\\\/#\\\/schema\\\/person\\\/ad93a86d6a7760d56d31da897a21ec7b\"},\"breadcrumb\":{\"@id\":\"https:\\\/\\\/www.article-marketing.eu\\\/comunicatistampa\\\/garage-legno-bello-resistente\\\/#breadcrumb\"},\"inLanguage\":\"it-IT\",\"potentialAction\":[{\"@type\":\"ReadAction\",\"target\":[\"https:\\\/\\\/www.article-marketing.eu\\\/comunicatistampa\\\/garage-legno-bello-resistente\\\/\"]}]},{\"@type\":\"BreadcrumbList\",\"@id\":\"https:\\\/\\\/www.article-marketing.eu\\\/comunicatistampa\\\/garage-legno-bello-resistente\\\/#breadcrumb\",\"itemListElement\":[{\"@type\":\"ListItem\",\"position\":1,\"name\":\"Home\",\"item\":\"https:\\\/\\\/www.article-marketing.eu\\\/comunicatistampa\\\/\"},{\"@type\":\"ListItem\",\"position\":2,\"name\":\"Il garage in legno, bello e resistente\"}]},{\"@type\":\"WebSite\",\"@id\":\"https:\\\/\\\/www.article-marketing.eu\\\/comunicatistampa\\\/#website\",\"url\":\"https:\\\/\\\/www.article-marketing.eu\\\/comunicatistampa\\\/\",\"name\":\"Article Marketing\",\"description\":\"article marketing &amp; press release\",\"potentialAction\":[{\"@type\":\"SearchAction\",\"target\":{\"@type\":\"EntryPoint\",\"urlTemplate\":\"https:\\\/\\\/www.article-marketing.eu\\\/comunicatistampa\\\/?s={search_term_string}\"},\"query-input\":{\"@type\":\"PropertyValueSpecification\",\"valueRequired\":true,\"valueName\":\"search_term_string\"}}],\"inLanguage\":\"it-IT\"},{\"@type\":\"Person\",\"@id\":\"https:\\\/\\\/www.article-marketing.eu\\\/comunicatistampa\\\/#\\\/schema\\\/person\\\/ad93a86d6a7760d56d31da897a21ec7b\",\"name\":\"merellir\",\"image\":{\"@type\":\"ImageObject\",\"inLanguage\":\"it-IT\",\"@id\":\"https:\\\/\\\/secure.gravatar.com\\\/avatar\\\/1d3d79c36dbe87999cf3070b87dac773df5f04b18fa0d478fd9dcf849b3616a1?s=96&d=mm&r=g\",\"url\":\"https:\\\/\\\/secure.gravatar.com\\\/avatar\\\/1d3d79c36dbe87999cf3070b87dac773df5f04b18fa0d478fd9dcf849b3616a1?s=96&d=mm&r=g\",\"contentUrl\":\"https:\\\/\\\/secure.gravatar.com\\\/avatar\\\/1d3d79c36dbe87999cf3070b87dac773df5f04b18fa0d478fd9dcf849b3616a1?s=96&d=mm&r=g\",\"caption\":\"merellir\"},\"url\":\"https:\\\/\\\/www.article-marketing.eu\\\/comunicatistampa\\\/author\\\/merellir\\\/\"}]}<\/script>\n<!-- \/ Yoast SEO plugin. -->","yoast_head_json":{"title":"Il garage in legno, bello e resistente - Article Marketing","robots":{"index":"index","follow":"follow","max-snippet":"max-snippet:-1","max-image-preview":"max-image-preview:large","max-video-preview":"max-video-preview:-1"},"canonical":"https:\/\/www.article-marketing.eu\/comunicatistampa\/garage-legno-bello-resistente\/","og_locale":"it_IT","og_type":"article","og_title":"Il garage in legno, bello e resistente - Article Marketing","og_description":"Il garage legno \u00e8 la soluzione ideale per custodire l&#8217;auto, i veicoli a due ruote, gli attrezzi da bricolage o da giardinaggio al coperto ed al sicuro. La struttura Parcheggiare l&#8217;automobile in strada significa esporla ai ladri ed alle intemperie, rischiando anche di riportare gravi danni a seguito di grandinate o di violenti temporali. Il garage legno prefabbricato, funzionale e dall&#8217;alto valore estetico, \u00e8 una soluzione moderna perfetta per custodireContinue reading...","og_url":"https:\/\/www.article-marketing.eu\/comunicatistampa\/garage-legno-bello-resistente\/","og_site_name":"Article Marketing","article_published_time":"2018-01-31T02:05:46+00:00","author":"merellir","twitter_card":"summary_large_image","twitter_misc":{"Scritto da":"merellir","Tempo di lettura stimato":"2 minuti"},"schema":{"@context":"https:\/\/schema.org","@graph":[{"@type":"Article","@id":"https:\/\/www.article-marketing.eu\/comunicatistampa\/garage-legno-bello-resistente\/#article","isPartOf":{"@id":"https:\/\/www.article-marketing.eu\/comunicatistampa\/garage-legno-bello-resistente\/"},"author":{"name":"merellir","@id":"https:\/\/www.article-marketing.eu\/comunicatistampa\/#\/schema\/person\/ad93a86d6a7760d56d31da897a21ec7b"},"headline":"Il garage in legno, bello e resistente","datePublished":"2018-01-31T02:05:46+00:00","mainEntityOfPage":{"@id":"https:\/\/www.article-marketing.eu\/comunicatistampa\/garage-legno-bello-resistente\/"},"wordCount":406,"commentCount":0,"keywords":["garage","legno"],"articleSection":["Esterni"],"inLanguage":"it-IT","potentialAction":[{"@type":"CommentAction","name":"Comment","target":["https:\/\/www.article-marketing.eu\/comunicatistampa\/garage-legno-bello-resistente\/#respond"]}]},{"@type":"WebPage","@id":"https:\/\/www.article-marketing.eu\/comunicatistampa\/garage-legno-bello-resistente\/","url":"https:\/\/www.article-marketing.eu\/comunicatistampa\/garage-legno-bello-resistente\/","name":"Il garage in legno, bello e resistente - Article Marketing","isPartOf":{"@id":"https:\/\/www.article-marketing.eu\/comunicatistampa\/#website"},"datePublished":"2018-01-31T02:05:46+00:00","author":{"@id":"https:\/\/www.article-marketing.eu\/comunicatistampa\/#\/schema\/person\/ad93a86d6a7760d56d31da897a21ec7b"},"breadcrumb":{"@id":"https:\/\/www.article-marketing.eu\/comunicatistampa\/garage-legno-bello-resistente\/#breadcrumb"},"inLanguage":"it-IT","potentialAction":[{"@type":"ReadAction","target":["https:\/\/www.article-marketing.eu\/comunicatistampa\/garage-legno-bello-resistente\/"]}]},{"@type":"BreadcrumbList","@id":"https:\/\/www.article-marketing.eu\/comunicatistampa\/garage-legno-bello-resistente\/#breadcrumb","itemListElement":[{"@type":"ListItem","position":1,"name":"Home","item":"https:\/\/www.article-marketing.eu\/comunicatistampa\/"},{"@type":"ListItem","position":2,"name":"Il garage in legno, bello e resistente"}]},{"@type":"WebSite","@id":"https:\/\/www.article-marketing.eu\/comunicatistampa\/#website","url":"https:\/\/www.article-marketing.eu\/comunicatistampa\/","name":"Article Marketing","description":"article marketing &amp; press release","potentialAction":[{"@type":"SearchAction","target":{"@type":"EntryPoint","urlTemplate":"https:\/\/www.article-marketing.eu\/comunicatistampa\/?s={search_term_string}"},"query-input":{"@type":"PropertyValueSpecification","valueRequired":true,"valueName":"search_term_string"}}],"inLanguage":"it-IT"},{"@type":"Person","@id":"https:\/\/www.article-marketing.eu\/comunicatistampa\/#\/schema\/person\/ad93a86d6a7760d56d31da897a21ec7b","name":"merellir","image":{"@type":"ImageObject","inLanguage":"it-IT","@id":"https:\/\/secure.gravatar.com\/avatar\/1d3d79c36dbe87999cf3070b87dac773df5f04b18fa0d478fd9dcf849b3616a1?s=96&d=mm&r=g","url":"https:\/\/secure.gravatar.com\/avatar\/1d3d79c36dbe87999cf3070b87dac773df5f04b18fa0d478fd9dcf849b3616a1?s=96&d=mm&r=g","contentUrl":"https:\/\/secure.gravatar.com\/avatar\/1d3d79c36dbe87999cf3070b87dac773df5f04b18fa0d478fd9dcf849b3616a1?s=96&d=mm&r=g","caption":"merellir"},"url":"https:\/\/www.article-marketing.eu\/comunicatistampa\/author\/merellir\/"}]}},"_links":{"self":[{"href":"https:\/\/www.article-marketing.eu\/comunicatistampa\/wp-json\/wp\/v2\/posts\/8757","targetHints":{"allow":["GET"]}}],"collection":[{"href":"https:\/\/www.article-marketing.eu\/comunicatistampa\/wp-json\/wp\/v2\/posts"}],"about":[{"href":"https:\/\/www.article-marketing.eu\/comunicatistampa\/wp-json\/wp\/v2\/types\/post"}],"author":[{"embeddable":true,"href":"https:\/\/www.article-marketing.eu\/comunicatistampa\/wp-json\/wp\/v2\/users\/202"}],"replies":[{"embeddable":true,"href":"https:\/\/www.article-marketing.eu\/comunicatistampa\/wp-json\/wp\/v2\/comments?post=8757"}],"version-history":[{"count":2,"href":"https:\/\/www.article-marketing.eu\/comunicatistampa\/wp-json\/wp\/v2\/posts\/8757\/revisions"}],"predecessor-version":[{"id":8813,"href":"https:\/\/www.article-marketing.eu\/comunicatistampa\/wp-json\/wp\/v2\/posts\/8757\/revisions\/8813"}],"wp:attachment":[{"href":"https:\/\/www.article-marketing.eu\/comunicatistampa\/wp-json\/wp\/v2\/media?parent=8757"}],"wp:term":[{"taxonomy":"category","embeddable":true,"href":"https:\/\/www.article-marketing.eu\/comunicatistampa\/wp-json\/wp\/v2\/categories?post=8757"},{"taxonomy":"post_tag","embeddable":true,"href":"https:\/\/www.article-marketing.eu\/comunicatistampa\/wp-json\/wp\/v2\/tags?post=8757"}],"curies":[{"name":"wp","href":"https:\/\/api.w.org\/{rel}","templated":true}]}}