{"id":8830,"date":"2018-02-03T05:04:07","date_gmt":"2018-02-03T04:04:07","guid":{"rendered":"http:\/\/www.article-marketing.eu\/comunicatistampa\/?p=8830"},"modified":"2018-02-03T05:04:07","modified_gmt":"2018-02-03T04:04:07","slug":"torneo-calcio-giovanile-cattolica-meta-mare-montagna","status":"publish","type":"post","link":"https:\/\/www.article-marketing.eu\/comunicatistampa\/torneo-calcio-giovanile-cattolica-meta-mare-montagna\/","title":{"rendered":"Torneo calcio giovanile a Cattolica, meta di mare e montagna"},"content":{"rendered":"<p align=\"JUSTIFY\"><span style=\"font-family: Calibri, serif;\">Indovinate un p\u00f2 dove organizzeremo il torneo di calcio giovanile quest&#8217;anno? Qualche indizio? E&#8217; uno dei luoghi balneari pi\u00f9 frequentati e rinominati della costa Adriatica. Avete capito bene sul mare!<\/span><\/p>\n<p align=\"JUSTIFY\"><span style=\"font-family: Calibri, serif;\">Una meta tra mare e montagna&#8230;impossibile annoiarsi! Stanco dalla partita vai al mare e rilassati sulla spiaggia, partecipa anche tu serate in discoteca, assapora la gastronomia tipica del territorio adriatico. <\/span><\/p>\n<p align=\"JUSTIFY\"><span style=\"font-family: Calibri, serif;\"><a href=\"http:\/\/www.internationalfootballevents.com\/\">Il torneo di calcio giovanile a Cattolica<\/a> un evento da non perdere! <\/span><\/p>\n<h2 class=\"western\"><\/h2>\n<h2 class=\"western\"><b>Tra mare e montagna<\/b><\/h2>\n<h2 class=\"western\"><\/h2>\n<p>E\u2019 un\u2019esperienza in cui divertimento e crescita camminano di pari passo. <b>Il calcio \u00e8 un gioco di squadra che insegna molto e che diverte<\/b>. Condivisione e collaborazione per un solo scopo vincere! Tu e la tua squadra di amici potrete unirvi al torneo e giocare a calcio a Cattolica. Abbiamo scelto per voi una localit\u00e0 di turismo fantastica!<\/p>\n<p align=\"JUSTIFY\"><span style=\"font-family: Calibri, serif;\">Il torneo di calcio si svolger\u00e0 a giugno. <\/span><span style=\"font-family: Calibri, serif;\"><b>Quando?<\/b><\/span><span style=\"font-family: Calibri, serif;\"> Saranno tre giorni di un fine settimana dedicati alla tua passione. <\/span><\/p>\n<p align=\"JUSTIFY\"><span style=\"font-family: Calibri, serif;\"><b>Che zona precisamente?<\/b><\/span><span style=\"font-family: Calibri, serif;\"> Cattolica- Gabicce mare (provincia di Pesaro). Bellissime localit\u00e0 balneari. Molto frequentate durante il periodo estivo, vantano di grandi spiagge. Stabilimenti balneari curati, spiagge attrezzate. <\/span><span style=\"font-family: Calibri, serif;\"><b>Cattolica e Gabicce Mare<\/b><\/span><span style=\"font-family: Calibri, serif;\"> sono due localit\u00e0 molto vicine, ci si pu\u00f2 facilmente spostare da una zona all\u2019altra con i mezzi pubblici oppure con la bicicletta. Il Monte di San Bartolo sovrasta le spiagge di sabbia di Gabicce. <\/span><\/p>\n<p align=\"JUSTIFY\"><span style=\"font-family: Calibri, serif;\">Gabicce Mare, una zona tranquilla, sovrastata da <\/span><span style=\"font-family: Calibri, serif;\"><b>montagne verdi e dal blu del mare<\/b><\/span><span style=\"font-family: Calibri, serif;\">. Le spiaggette \u2018\u2019sottomonte\u2019\u2019 sono le pi\u00f9 belle e suggestive, immerse nella natura.<\/span><\/p>\n<p align=\"JUSTIFY\"><span style=\"font-family: Calibri, serif;\">Cattolica sul litorale Adriatico, anche qui la montagna si affaccia al mare, i panorami sono stupendi.<\/span><\/p>\n<p align=\"JUSTIFY\"><span style=\"font-family: Calibri, serif;\">Moltissimi gli eventi, le discoteche e i pub sul mare. Localit\u00e0 fresche e dinamiche dove moltissimi sono i giovani che la visitano e la vivono, divertendosi. <\/span><\/p>\n<p align=\"JUSTIFY\"><span style=\"font-family: Calibri, serif;\">E&#8217; una meta divertente ed interessante per tutte le et\u00e0 dai pi\u00f9 piccini ai pi\u00f9 grandi. Cattolica offre divertimento di ogni tipo per le famiglie come per i pi\u00f9 giovani. Tantissimi gli eventi che si organizzano. <\/span><\/p>\n<p align=\"JUSTIFY\"><span style=\"font-family: Calibri, serif;\">Due citt\u00e0 che si affacciano al mare a due passi dal verde, due citt\u00e0 che non deludono proprio nessuno, n\u00e9 grandi n\u00e9 piccini. <\/span><\/p>\n<h2 class=\"western\"><b>Allacciatevi gli scarpini si va in campo!<\/b><\/h2>\n<p align=\"JUSTIFY\"><span style=\"font-family: Calibri, serif;\">Il <\/span><span style=\"font-family: Calibri, serif;\"><b>calcio \u00e8 uno sport in cui la forza fa l\u2019unione<\/b><\/span><span style=\"font-family: Calibri, serif;\">. L&#8217;impegno collettivo \u00e8 la forza di ciascuno dei suoi giocatori, in cui ognuno ha un ruolo. Il vantaggio sono la cooperazione e la collaborazione per un obiettivo comune: vincere. Esultare di gioia, arrabbiarsi o entusiasmarsi sono tutte emozioni profonde che puoi vivere prima, durante e alla fine di una partita. <\/span><\/p>\n<p align=\"JUSTIFY\"><span style=\"font-family: Calibri, serif;\">Giocare a calcio \u00e8 un&#8217;<\/span><span style=\"font-family: Calibri, serif;\"><b>esperienza di crescita individuale e di squadra<\/b><\/span><span style=\"font-family: Calibri, serif;\">. E&#8217; un modo per <\/span><span style=\"font-family: Calibri, serif;\"><b>costruire amicizie<\/b><\/span><span style=\"font-family: Calibri, serif;\">, quelle vere!<\/span><\/p>\n<p align=\"JUSTIFY\"><span style=\"font-family: Calibri, serif;\">Emozioni forti riempiranno questi tre giorni a Cattolica!<\/span><\/p>\n<p align=\"JUSTIFY\"><span style=\"font-family: Calibri, serif;\">Prepara il borsone si parte!<\/span><\/p>\n<p align=\"JUSTIFY\"><span style=\"font-family: Calibri, serif;\">Che la squadra sia composta da 5 o 7 ragazzi, la passione \u00e8 una e l&#8217;obiettivo comune!<\/span><\/p>\n<p align=\"JUSTIFY\"><span style=\"font-family: Calibri, serif;\">Tre giorni dedicati alla tua passione, il calcio! Cattolica \u00e8 una meta che tutti vorrebbero visitare! Tu avrai l\u2019opportunit\u00e0 di giocare a calcio con i tuoi amici o di trovarne nuovi! Allora cosa aspetti unisciti a noi! Questa \u00e8 un\u2019esperienza da vivere!<\/span><\/p>\n<p align=\"JUSTIFY\">\n","protected":false},"excerpt":{"rendered":"<p>Indovinate un p\u00f2 dove organizzeremo il torneo di calcio giovanile quest&#8217;anno? Qualche indizio? E&#8217; uno dei luoghi balneari pi\u00f9 frequentati e rinominati della costa Adriatica. Avete capito bene sul mare! Una meta tra mare e montagna&#8230;impossibile annoiarsi! Stanco dalla partita vai al mare e rilassati sulla spiaggia, partecipa anche tu serate in discoteca, assapora la gastronomia tipica del territorio adriatico. Il torneo di calcio giovanile a Cattolica un evento da<\/p>\n<p><a class=\"continue-reading\" href=\"https:\/\/www.article-marketing.eu\/comunicatistampa\/torneo-calcio-giovanile-cattolica-meta-mare-montagna\/\">Continue reading&#8230;<\/a><\/p>\n","protected":false},"author":992,"featured_media":0,"comment_status":"open","ping_status":"open","sticky":false,"template":"","format":"standard","meta":{"_monsterinsights_skip_tracking":false,"_monsterinsights_sitenote_active":false,"_monsterinsights_sitenote_note":"","_monsterinsights_sitenote_category":0,"footnotes":""},"categories":[373],"tags":[1028,1900,3702],"class_list":["post-8830","post","type-post","status-publish","format-standard","hentry","category-sport","tag-calcio","tag-torneo","tag-torneo-calcio-giovanile-cattolica"],"yoast_head":"<!-- This site is optimized with the Yoast SEO plugin v27.3 - https:\/\/yoast.com\/product\/yoast-seo-wordpress\/ -->\n<title>Torneo calcio giovanile a Cattolica, meta di mare e montagna - Article Marketing<\/title>\n<meta name=\"robots\" content=\"index, follow, max-snippet:-1, max-image-preview:large, max-video-preview:-1\" \/>\n<link rel=\"canonical\" href=\"https:\/\/www.article-marketing.eu\/comunicatistampa\/torneo-calcio-giovanile-cattolica-meta-mare-montagna\/\" \/>\n<meta property=\"og:locale\" content=\"it_IT\" \/>\n<meta property=\"og:type\" content=\"article\" \/>\n<meta property=\"og:title\" content=\"Torneo calcio giovanile a Cattolica, meta di mare e montagna - Article Marketing\" \/>\n<meta property=\"og:description\" content=\"Indovinate un p\u00f2 dove organizzeremo il torneo di calcio giovanile quest&#8217;anno? Qualche indizio? E&#8217; uno dei luoghi balneari pi\u00f9 frequentati e rinominati della costa Adriatica. Avete capito bene sul mare! Una meta tra mare e montagna&#8230;impossibile annoiarsi! Stanco dalla partita vai al mare e rilassati sulla spiaggia, partecipa anche tu serate in discoteca, assapora la gastronomia tipica del territorio adriatico. Il torneo di calcio giovanile a Cattolica un evento daContinue reading...\" \/>\n<meta property=\"og:url\" content=\"https:\/\/www.article-marketing.eu\/comunicatistampa\/torneo-calcio-giovanile-cattolica-meta-mare-montagna\/\" \/>\n<meta property=\"og:site_name\" content=\"Article Marketing\" \/>\n<meta property=\"article:published_time\" content=\"2018-02-03T04:04:07+00:00\" \/>\n<meta name=\"author\" content=\"Lucia Amorelli\" \/>\n<meta name=\"twitter:card\" content=\"summary_large_image\" \/>\n<meta name=\"twitter:label1\" content=\"Scritto da\" \/>\n\t<meta name=\"twitter:data1\" content=\"Lucia Amorelli\" \/>\n\t<meta name=\"twitter:label2\" content=\"Tempo di lettura stimato\" \/>\n\t<meta name=\"twitter:data2\" content=\"3 minuti\" \/>\n<script type=\"application\/ld+json\" class=\"yoast-schema-graph\">{\"@context\":\"https:\\\/\\\/schema.org\",\"@graph\":[{\"@type\":\"Article\",\"@id\":\"https:\\\/\\\/www.article-marketing.eu\\\/comunicatistampa\\\/torneo-calcio-giovanile-cattolica-meta-mare-montagna\\\/#article\",\"isPartOf\":{\"@id\":\"https:\\\/\\\/www.article-marketing.eu\\\/comunicatistampa\\\/torneo-calcio-giovanile-cattolica-meta-mare-montagna\\\/\"},\"author\":{\"name\":\"Lucia Amorelli\",\"@id\":\"https:\\\/\\\/www.article-marketing.eu\\\/comunicatistampa\\\/#\\\/schema\\\/person\\\/f6c30c67f4302753a9dac2fccf013c28\"},\"headline\":\"Torneo calcio giovanile a Cattolica, meta di mare e montagna\",\"datePublished\":\"2018-02-03T04:04:07+00:00\",\"mainEntityOfPage\":{\"@id\":\"https:\\\/\\\/www.article-marketing.eu\\\/comunicatistampa\\\/torneo-calcio-giovanile-cattolica-meta-mare-montagna\\\/\"},\"wordCount\":513,\"commentCount\":0,\"keywords\":[\"calcio\",\"torneo\",\"torneo calcio giovanile cattolica\"],\"articleSection\":[\"Sport\"],\"inLanguage\":\"it-IT\",\"potentialAction\":[{\"@type\":\"CommentAction\",\"name\":\"Comment\",\"target\":[\"https:\\\/\\\/www.article-marketing.eu\\\/comunicatistampa\\\/torneo-calcio-giovanile-cattolica-meta-mare-montagna\\\/#respond\"]}]},{\"@type\":\"WebPage\",\"@id\":\"https:\\\/\\\/www.article-marketing.eu\\\/comunicatistampa\\\/torneo-calcio-giovanile-cattolica-meta-mare-montagna\\\/\",\"url\":\"https:\\\/\\\/www.article-marketing.eu\\\/comunicatistampa\\\/torneo-calcio-giovanile-cattolica-meta-mare-montagna\\\/\",\"name\":\"Torneo calcio giovanile a Cattolica, meta di mare e montagna - Article Marketing\",\"isPartOf\":{\"@id\":\"https:\\\/\\\/www.article-marketing.eu\\\/comunicatistampa\\\/#website\"},\"datePublished\":\"2018-02-03T04:04:07+00:00\",\"author\":{\"@id\":\"https:\\\/\\\/www.article-marketing.eu\\\/comunicatistampa\\\/#\\\/schema\\\/person\\\/f6c30c67f4302753a9dac2fccf013c28\"},\"breadcrumb\":{\"@id\":\"https:\\\/\\\/www.article-marketing.eu\\\/comunicatistampa\\\/torneo-calcio-giovanile-cattolica-meta-mare-montagna\\\/#breadcrumb\"},\"inLanguage\":\"it-IT\",\"potentialAction\":[{\"@type\":\"ReadAction\",\"target\":[\"https:\\\/\\\/www.article-marketing.eu\\\/comunicatistampa\\\/torneo-calcio-giovanile-cattolica-meta-mare-montagna\\\/\"]}]},{\"@type\":\"BreadcrumbList\",\"@id\":\"https:\\\/\\\/www.article-marketing.eu\\\/comunicatistampa\\\/torneo-calcio-giovanile-cattolica-meta-mare-montagna\\\/#breadcrumb\",\"itemListElement\":[{\"@type\":\"ListItem\",\"position\":1,\"name\":\"Home\",\"item\":\"https:\\\/\\\/www.article-marketing.eu\\\/comunicatistampa\\\/\"},{\"@type\":\"ListItem\",\"position\":2,\"name\":\"Torneo calcio giovanile a Cattolica, meta di mare e montagna\"}]},{\"@type\":\"WebSite\",\"@id\":\"https:\\\/\\\/www.article-marketing.eu\\\/comunicatistampa\\\/#website\",\"url\":\"https:\\\/\\\/www.article-marketing.eu\\\/comunicatistampa\\\/\",\"name\":\"Article Marketing\",\"description\":\"article marketing &amp; press release\",\"potentialAction\":[{\"@type\":\"SearchAction\",\"target\":{\"@type\":\"EntryPoint\",\"urlTemplate\":\"https:\\\/\\\/www.article-marketing.eu\\\/comunicatistampa\\\/?s={search_term_string}\"},\"query-input\":{\"@type\":\"PropertyValueSpecification\",\"valueRequired\":true,\"valueName\":\"search_term_string\"}}],\"inLanguage\":\"it-IT\"},{\"@type\":\"Person\",\"@id\":\"https:\\\/\\\/www.article-marketing.eu\\\/comunicatistampa\\\/#\\\/schema\\\/person\\\/f6c30c67f4302753a9dac2fccf013c28\",\"name\":\"Lucia Amorelli\",\"image\":{\"@type\":\"ImageObject\",\"inLanguage\":\"it-IT\",\"@id\":\"https:\\\/\\\/secure.gravatar.com\\\/avatar\\\/aa7abb674bb072018bcef12ea1644a2309dc314c668af29cf711abf574c3e773?s=96&d=mm&r=g\",\"url\":\"https:\\\/\\\/secure.gravatar.com\\\/avatar\\\/aa7abb674bb072018bcef12ea1644a2309dc314c668af29cf711abf574c3e773?s=96&d=mm&r=g\",\"contentUrl\":\"https:\\\/\\\/secure.gravatar.com\\\/avatar\\\/aa7abb674bb072018bcef12ea1644a2309dc314c668af29cf711abf574c3e773?s=96&d=mm&r=g\",\"caption\":\"Lucia Amorelli\"},\"url\":\"https:\\\/\\\/www.article-marketing.eu\\\/comunicatistampa\\\/author\\\/lucia-amorelli\\\/\"}]}<\/script>\n<!-- \/ Yoast SEO plugin. -->","yoast_head_json":{"title":"Torneo calcio giovanile a Cattolica, meta di mare e montagna - Article Marketing","robots":{"index":"index","follow":"follow","max-snippet":"max-snippet:-1","max-image-preview":"max-image-preview:large","max-video-preview":"max-video-preview:-1"},"canonical":"https:\/\/www.article-marketing.eu\/comunicatistampa\/torneo-calcio-giovanile-cattolica-meta-mare-montagna\/","og_locale":"it_IT","og_type":"article","og_title":"Torneo calcio giovanile a Cattolica, meta di mare e montagna - Article Marketing","og_description":"Indovinate un p\u00f2 dove organizzeremo il torneo di calcio giovanile quest&#8217;anno? Qualche indizio? E&#8217; uno dei luoghi balneari pi\u00f9 frequentati e rinominati della costa Adriatica. Avete capito bene sul mare! Una meta tra mare e montagna&#8230;impossibile annoiarsi! Stanco dalla partita vai al mare e rilassati sulla spiaggia, partecipa anche tu serate in discoteca, assapora la gastronomia tipica del territorio adriatico. Il torneo di calcio giovanile a Cattolica un evento daContinue reading...","og_url":"https:\/\/www.article-marketing.eu\/comunicatistampa\/torneo-calcio-giovanile-cattolica-meta-mare-montagna\/","og_site_name":"Article Marketing","article_published_time":"2018-02-03T04:04:07+00:00","author":"Lucia Amorelli","twitter_card":"summary_large_image","twitter_misc":{"Scritto da":"Lucia Amorelli","Tempo di lettura stimato":"3 minuti"},"schema":{"@context":"https:\/\/schema.org","@graph":[{"@type":"Article","@id":"https:\/\/www.article-marketing.eu\/comunicatistampa\/torneo-calcio-giovanile-cattolica-meta-mare-montagna\/#article","isPartOf":{"@id":"https:\/\/www.article-marketing.eu\/comunicatistampa\/torneo-calcio-giovanile-cattolica-meta-mare-montagna\/"},"author":{"name":"Lucia Amorelli","@id":"https:\/\/www.article-marketing.eu\/comunicatistampa\/#\/schema\/person\/f6c30c67f4302753a9dac2fccf013c28"},"headline":"Torneo calcio giovanile a Cattolica, meta di mare e montagna","datePublished":"2018-02-03T04:04:07+00:00","mainEntityOfPage":{"@id":"https:\/\/www.article-marketing.eu\/comunicatistampa\/torneo-calcio-giovanile-cattolica-meta-mare-montagna\/"},"wordCount":513,"commentCount":0,"keywords":["calcio","torneo","torneo calcio giovanile cattolica"],"articleSection":["Sport"],"inLanguage":"it-IT","potentialAction":[{"@type":"CommentAction","name":"Comment","target":["https:\/\/www.article-marketing.eu\/comunicatistampa\/torneo-calcio-giovanile-cattolica-meta-mare-montagna\/#respond"]}]},{"@type":"WebPage","@id":"https:\/\/www.article-marketing.eu\/comunicatistampa\/torneo-calcio-giovanile-cattolica-meta-mare-montagna\/","url":"https:\/\/www.article-marketing.eu\/comunicatistampa\/torneo-calcio-giovanile-cattolica-meta-mare-montagna\/","name":"Torneo calcio giovanile a Cattolica, meta di mare e montagna - Article Marketing","isPartOf":{"@id":"https:\/\/www.article-marketing.eu\/comunicatistampa\/#website"},"datePublished":"2018-02-03T04:04:07+00:00","author":{"@id":"https:\/\/www.article-marketing.eu\/comunicatistampa\/#\/schema\/person\/f6c30c67f4302753a9dac2fccf013c28"},"breadcrumb":{"@id":"https:\/\/www.article-marketing.eu\/comunicatistampa\/torneo-calcio-giovanile-cattolica-meta-mare-montagna\/#breadcrumb"},"inLanguage":"it-IT","potentialAction":[{"@type":"ReadAction","target":["https:\/\/www.article-marketing.eu\/comunicatistampa\/torneo-calcio-giovanile-cattolica-meta-mare-montagna\/"]}]},{"@type":"BreadcrumbList","@id":"https:\/\/www.article-marketing.eu\/comunicatistampa\/torneo-calcio-giovanile-cattolica-meta-mare-montagna\/#breadcrumb","itemListElement":[{"@type":"ListItem","position":1,"name":"Home","item":"https:\/\/www.article-marketing.eu\/comunicatistampa\/"},{"@type":"ListItem","position":2,"name":"Torneo calcio giovanile a Cattolica, meta di mare e montagna"}]},{"@type":"WebSite","@id":"https:\/\/www.article-marketing.eu\/comunicatistampa\/#website","url":"https:\/\/www.article-marketing.eu\/comunicatistampa\/","name":"Article Marketing","description":"article marketing &amp; press release","potentialAction":[{"@type":"SearchAction","target":{"@type":"EntryPoint","urlTemplate":"https:\/\/www.article-marketing.eu\/comunicatistampa\/?s={search_term_string}"},"query-input":{"@type":"PropertyValueSpecification","valueRequired":true,"valueName":"search_term_string"}}],"inLanguage":"it-IT"},{"@type":"Person","@id":"https:\/\/www.article-marketing.eu\/comunicatistampa\/#\/schema\/person\/f6c30c67f4302753a9dac2fccf013c28","name":"Lucia Amorelli","image":{"@type":"ImageObject","inLanguage":"it-IT","@id":"https:\/\/secure.gravatar.com\/avatar\/aa7abb674bb072018bcef12ea1644a2309dc314c668af29cf711abf574c3e773?s=96&d=mm&r=g","url":"https:\/\/secure.gravatar.com\/avatar\/aa7abb674bb072018bcef12ea1644a2309dc314c668af29cf711abf574c3e773?s=96&d=mm&r=g","contentUrl":"https:\/\/secure.gravatar.com\/avatar\/aa7abb674bb072018bcef12ea1644a2309dc314c668af29cf711abf574c3e773?s=96&d=mm&r=g","caption":"Lucia Amorelli"},"url":"https:\/\/www.article-marketing.eu\/comunicatistampa\/author\/lucia-amorelli\/"}]}},"_links":{"self":[{"href":"https:\/\/www.article-marketing.eu\/comunicatistampa\/wp-json\/wp\/v2\/posts\/8830","targetHints":{"allow":["GET"]}}],"collection":[{"href":"https:\/\/www.article-marketing.eu\/comunicatistampa\/wp-json\/wp\/v2\/posts"}],"about":[{"href":"https:\/\/www.article-marketing.eu\/comunicatistampa\/wp-json\/wp\/v2\/types\/post"}],"author":[{"embeddable":true,"href":"https:\/\/www.article-marketing.eu\/comunicatistampa\/wp-json\/wp\/v2\/users\/992"}],"replies":[{"embeddable":true,"href":"https:\/\/www.article-marketing.eu\/comunicatistampa\/wp-json\/wp\/v2\/comments?post=8830"}],"version-history":[{"count":3,"href":"https:\/\/www.article-marketing.eu\/comunicatistampa\/wp-json\/wp\/v2\/posts\/8830\/revisions"}],"predecessor-version":[{"id":8901,"href":"https:\/\/www.article-marketing.eu\/comunicatistampa\/wp-json\/wp\/v2\/posts\/8830\/revisions\/8901"}],"wp:attachment":[{"href":"https:\/\/www.article-marketing.eu\/comunicatistampa\/wp-json\/wp\/v2\/media?parent=8830"}],"wp:term":[{"taxonomy":"category","embeddable":true,"href":"https:\/\/www.article-marketing.eu\/comunicatistampa\/wp-json\/wp\/v2\/categories?post=8830"},{"taxonomy":"post_tag","embeddable":true,"href":"https:\/\/www.article-marketing.eu\/comunicatistampa\/wp-json\/wp\/v2\/tags?post=8830"}],"curies":[{"name":"wp","href":"https:\/\/api.w.org\/{rel}","templated":true}]}}