{"id":8851,"date":"2018-02-03T05:02:17","date_gmt":"2018-02-03T04:02:17","guid":{"rendered":"http:\/\/www.article-marketing.eu\/comunicatistampa\/?p=8851"},"modified":"2020-08-10T01:43:52","modified_gmt":"2020-08-09T23:43:52","slug":"iff-insonnia-familiare-fatale","status":"publish","type":"post","link":"https:\/\/www.article-marketing.eu\/comunicatistampa\/iff-insonnia-familiare-fatale\/","title":{"rendered":"IFF: Insonnia Familiare Fatale"},"content":{"rendered":"<p><a href=\"https:\/\/www.materassiedoghe.eu\"><img loading=\"lazy\" decoding=\"async\" class=\"iff alignright wp-image-2679 size-medium\" title=\"iff\" src=\"https:\/\/www.materassiedoghe.eu\/wordpress\/wp-content\/uploads\/2018\/01\/iff-300x169.jpg\" alt=\"iff\" width=\"300\" height=\"169\" \/><\/a><span style=\"font-size: 1rem;\">Abbiamo ripetuto numerosissime volte che la mancanza di sonno d\u00e0 gravi problemi al nostro organismo, tanto che \u00e8 stata persino utilizzata come strumento di tortura, tuttavia molto meno conosciuta e trattata \u00e8 la patologia detta <strong>IFF<\/strong>, ossia l\u2019 Insonnia Familiare Fatale, della quale ci occuperemo oggi.<\/span><\/p>\n<p><!--more--><\/p>\n<h1>Una rara malattia genetica<\/h1>\n<p>La IFF \u00e8 una <strong>malattia genetica autosomica<\/strong> e <strong>dominante<\/strong>, ci\u00f2 vuol dire che per esserne affetti \u00e8 sufficiente che ci sia un singolo allele \u201cdifettoso\u201d affinch\u00e9 la patologia si manifesti. In parole povere vuol dire che un individuo ha il 50% di probabilit\u00e0 esserne affetto se ha almeno uno dei genitori che affetto da tale disturbo.<\/p>\n<p>Infatti, mentre per molte patologie genetiche l\u2019allele portatore \u00e8 bilanciato da un allele sano, per le malattie genetiche autosomiche dominanti basta un solo allele affinch\u00e9 si manifesti la malattia. Nonostante questa particolarit\u00e0 il numero di persone affette da IFF \u00e8 estremamente basso. Stime risalenti al 2011 attestano che solo 200 persone in tutto il pianeta siano affette da IFF, in 27 famiglie, cosa che rende la malattia estremamente rara.<\/p>\n<h1>Italiano il paziente zero<\/h1>\n<p>Come tutte le patologie anche l\u2019 Insonnia Familiare Fatale ha un <strong>paziente zero<\/strong>, il primo caso di cui si \u00e8 conoscenza \u00e8 un medico italiano morto nel 1765, dopo esser rimasto sveglio per circa 9 mesi, a causa di una serie di sintomi affatto comprensibili per l\u2019epoca. In Italia ci sono stati altri casi che hanno permesso di identificare la patologia, oggetto di ricerca sistematica a partire dagli anni \u201870.<\/p>\n<p>Determinanti gli studi del gruppo di ricerca dell\u2019universit\u00e0 di Bologna guidati dal dottor Elio Lugaresi. Effettuando esami attraverso l\u2019elettroencefalogramma hanno trovato analogie con la <strong>malattia di Creutzfeldt-Jackob<\/strong> (un disturbo neurologico degenerativo che conduce a demenza). Oggi sappiamo che l\u2019 IFF \u00e8 causata da un\u2019alterazione genetica, che modifica la codificazione di un amminoacido, la metionina.<\/p>\n<h1>IFF: i sintomi<\/h1>\n<p>I sintomi che causa l\u2019 <strong>Insonnia Familiare Fatale<\/strong> sono vari e hanno un decorso particolare. Inizialmente il paziente \u00e8 affetto da spossatezza, ossia da un senso di stanchezza giornaliero immotivato; successivamente compare l\u2019insonnia, che si distingue dall\u2019insonnia tradizionale per il fatto di essere farmacoresistente e graduale. La ricerca ha stabilito che l\u2019insonnia \u00e8 causata dall\u2019incapacit\u00e0 del cervello di generare del sonno a onde lente. In questo modo viene man mano meno l\u2019efficienza stessa del sistema nervoso.<\/p>\n<p>Con il passare del tempo <strong>l\u2019insonnia<\/strong> tipica della IFF infatti porta il paziente a non essere pi\u00f9 in grado di prendere sonno; accompagnata da fasi di sonno paradosso, parecchio simile al sonnambulismo. La perdita della capacit\u00e0 di dormire pu\u00f2 essere infine accompagnata da perdite di memoria, stupor e coma. Altri sintomi possono essere difficolt\u00e0 motorie e malfunzionamenti del sistema nervoso autonomo, che possono portare a disturbi sfinterici, sudorazione, aumento della temperatura, della pressione e variazione del respiro del respiro.<\/p>\n<h1>Prognosi e trattamento<\/h1>\n<p>L\u2019<strong>et\u00e0 media<\/strong> in cui la malattia inizia a manifestarsi va dai 40 ai 50 anni; anche se esistono casi di comparsa anche in individui di et\u00e0 tra i 20 e 60 anni. Nonostante la ricerca, ad oggi non esiste ancora un rimedio efficace per la IFF. I trattamenti ad oggi diffusi agiscono per lo pi\u00f9 sui sintomi e possono rendere pi\u00f9 sopportabile la vita; tuttavia la prognosi \u00e8 sempre decesso, con un decorso che varia dai 6 ai 32 mesi.<\/p>\n","protected":false},"excerpt":{"rendered":"<p>Abbiamo ripetuto numerosissime volte che la mancanza di sonno d\u00e0 gravi problemi al nostro organismo, tanto che \u00e8 stata persino utilizzata come strumento di tortura, tuttavia molto meno conosciuta e trattata \u00e8 la patologia detta IFF, ossia l\u2019 Insonnia Familiare Fatale, della quale ci occuperemo oggi.<\/p>\n","protected":false},"author":676,"featured_media":0,"comment_status":"open","ping_status":"open","sticky":false,"template":"","format":"standard","meta":{"_monsterinsights_skip_tracking":false,"_monsterinsights_sitenote_active":false,"_monsterinsights_sitenote_note":"","_monsterinsights_sitenote_category":0,"footnotes":""},"categories":[78],"tags":[6463],"class_list":["post-8851","post","type-post","status-publish","format-standard","hentry","category-comunicati-stampa","tag-vipcomusta"],"yoast_head":"<!-- This site is optimized with the Yoast SEO plugin v27.3 - https:\/\/yoast.com\/product\/yoast-seo-wordpress\/ -->\n<title>IFF: Insonnia Familiare Fatale - Article Marketing<\/title>\n<meta name=\"robots\" content=\"index, follow, max-snippet:-1, max-image-preview:large, max-video-preview:-1\" \/>\n<link rel=\"canonical\" href=\"https:\/\/www.article-marketing.eu\/comunicatistampa\/iff-insonnia-familiare-fatale\/\" \/>\n<meta property=\"og:locale\" content=\"it_IT\" \/>\n<meta property=\"og:type\" content=\"article\" \/>\n<meta property=\"og:title\" content=\"IFF: Insonnia Familiare Fatale - Article Marketing\" \/>\n<meta property=\"og:description\" content=\"Abbiamo ripetuto numerosissime volte che la mancanza di sonno d\u00e0 gravi problemi al nostro organismo, tanto che \u00e8 stata persino utilizzata come strumento di tortura, tuttavia molto meno conosciuta e trattata \u00e8 la patologia detta IFF, ossia l\u2019 Insonnia Familiare Fatale, della quale ci occuperemo oggi.\" \/>\n<meta property=\"og:url\" content=\"https:\/\/www.article-marketing.eu\/comunicatistampa\/iff-insonnia-familiare-fatale\/\" \/>\n<meta property=\"og:site_name\" content=\"Article Marketing\" \/>\n<meta property=\"article:published_time\" content=\"2018-02-03T04:02:17+00:00\" \/>\n<meta property=\"article:modified_time\" content=\"2020-08-09T23:43:52+00:00\" \/>\n<meta property=\"og:image\" content=\"https:\/\/www.materassiedoghe.eu\/wordpress\/wp-content\/uploads\/2018\/01\/iff-300x169.jpg\" \/>\n<meta name=\"author\" content=\"Etracom Bonetti\" \/>\n<meta name=\"twitter:card\" content=\"summary_large_image\" \/>\n<meta name=\"twitter:label1\" content=\"Scritto da\" \/>\n\t<meta name=\"twitter:data1\" content=\"Etracom Bonetti\" \/>\n\t<meta name=\"twitter:label2\" content=\"Tempo di lettura stimato\" \/>\n\t<meta name=\"twitter:data2\" content=\"3 minuti\" \/>\n<script type=\"application\/ld+json\" class=\"yoast-schema-graph\">{\"@context\":\"https:\\\/\\\/schema.org\",\"@graph\":[{\"@type\":\"Article\",\"@id\":\"https:\\\/\\\/www.article-marketing.eu\\\/comunicatistampa\\\/iff-insonnia-familiare-fatale\\\/#article\",\"isPartOf\":{\"@id\":\"https:\\\/\\\/www.article-marketing.eu\\\/comunicatistampa\\\/iff-insonnia-familiare-fatale\\\/\"},\"author\":{\"name\":\"Etracom Bonetti\",\"@id\":\"https:\\\/\\\/www.article-marketing.eu\\\/comunicatistampa\\\/#\\\/schema\\\/person\\\/6c3a6e6cd5f28819a7b5c6c63ae76bc3\"},\"headline\":\"IFF: Insonnia Familiare Fatale\",\"datePublished\":\"2018-02-03T04:02:17+00:00\",\"dateModified\":\"2020-08-09T23:43:52+00:00\",\"mainEntityOfPage\":{\"@id\":\"https:\\\/\\\/www.article-marketing.eu\\\/comunicatistampa\\\/iff-insonnia-familiare-fatale\\\/\"},\"wordCount\":535,\"commentCount\":0,\"image\":{\"@id\":\"https:\\\/\\\/www.article-marketing.eu\\\/comunicatistampa\\\/iff-insonnia-familiare-fatale\\\/#primaryimage\"},\"thumbnailUrl\":\"https:\\\/\\\/www.materassiedoghe.eu\\\/wordpress\\\/wp-content\\\/uploads\\\/2018\\\/01\\\/iff-300x169.jpg\",\"keywords\":[\"vipCOMUSTA\"],\"articleSection\":[\"Comunicati stampa\"],\"inLanguage\":\"it-IT\",\"potentialAction\":[{\"@type\":\"CommentAction\",\"name\":\"Comment\",\"target\":[\"https:\\\/\\\/www.article-marketing.eu\\\/comunicatistampa\\\/iff-insonnia-familiare-fatale\\\/#respond\"]}]},{\"@type\":\"WebPage\",\"@id\":\"https:\\\/\\\/www.article-marketing.eu\\\/comunicatistampa\\\/iff-insonnia-familiare-fatale\\\/\",\"url\":\"https:\\\/\\\/www.article-marketing.eu\\\/comunicatistampa\\\/iff-insonnia-familiare-fatale\\\/\",\"name\":\"IFF: Insonnia Familiare Fatale - Article Marketing\",\"isPartOf\":{\"@id\":\"https:\\\/\\\/www.article-marketing.eu\\\/comunicatistampa\\\/#website\"},\"primaryImageOfPage\":{\"@id\":\"https:\\\/\\\/www.article-marketing.eu\\\/comunicatistampa\\\/iff-insonnia-familiare-fatale\\\/#primaryimage\"},\"image\":{\"@id\":\"https:\\\/\\\/www.article-marketing.eu\\\/comunicatistampa\\\/iff-insonnia-familiare-fatale\\\/#primaryimage\"},\"thumbnailUrl\":\"https:\\\/\\\/www.materassiedoghe.eu\\\/wordpress\\\/wp-content\\\/uploads\\\/2018\\\/01\\\/iff-300x169.jpg\",\"datePublished\":\"2018-02-03T04:02:17+00:00\",\"dateModified\":\"2020-08-09T23:43:52+00:00\",\"author\":{\"@id\":\"https:\\\/\\\/www.article-marketing.eu\\\/comunicatistampa\\\/#\\\/schema\\\/person\\\/6c3a6e6cd5f28819a7b5c6c63ae76bc3\"},\"breadcrumb\":{\"@id\":\"https:\\\/\\\/www.article-marketing.eu\\\/comunicatistampa\\\/iff-insonnia-familiare-fatale\\\/#breadcrumb\"},\"inLanguage\":\"it-IT\",\"potentialAction\":[{\"@type\":\"ReadAction\",\"target\":[\"https:\\\/\\\/www.article-marketing.eu\\\/comunicatistampa\\\/iff-insonnia-familiare-fatale\\\/\"]}]},{\"@type\":\"ImageObject\",\"inLanguage\":\"it-IT\",\"@id\":\"https:\\\/\\\/www.article-marketing.eu\\\/comunicatistampa\\\/iff-insonnia-familiare-fatale\\\/#primaryimage\",\"url\":\"https:\\\/\\\/www.materassiedoghe.eu\\\/wordpress\\\/wp-content\\\/uploads\\\/2018\\\/01\\\/iff-300x169.jpg\",\"contentUrl\":\"https:\\\/\\\/www.materassiedoghe.eu\\\/wordpress\\\/wp-content\\\/uploads\\\/2018\\\/01\\\/iff-300x169.jpg\"},{\"@type\":\"BreadcrumbList\",\"@id\":\"https:\\\/\\\/www.article-marketing.eu\\\/comunicatistampa\\\/iff-insonnia-familiare-fatale\\\/#breadcrumb\",\"itemListElement\":[{\"@type\":\"ListItem\",\"position\":1,\"name\":\"Home\",\"item\":\"https:\\\/\\\/www.article-marketing.eu\\\/comunicatistampa\\\/\"},{\"@type\":\"ListItem\",\"position\":2,\"name\":\"IFF: Insonnia Familiare Fatale\"}]},{\"@type\":\"WebSite\",\"@id\":\"https:\\\/\\\/www.article-marketing.eu\\\/comunicatistampa\\\/#website\",\"url\":\"https:\\\/\\\/www.article-marketing.eu\\\/comunicatistampa\\\/\",\"name\":\"Article Marketing\",\"description\":\"article marketing &amp; press release\",\"potentialAction\":[{\"@type\":\"SearchAction\",\"target\":{\"@type\":\"EntryPoint\",\"urlTemplate\":\"https:\\\/\\\/www.article-marketing.eu\\\/comunicatistampa\\\/?s={search_term_string}\"},\"query-input\":{\"@type\":\"PropertyValueSpecification\",\"valueRequired\":true,\"valueName\":\"search_term_string\"}}],\"inLanguage\":\"it-IT\"},{\"@type\":\"Person\",\"@id\":\"https:\\\/\\\/www.article-marketing.eu\\\/comunicatistampa\\\/#\\\/schema\\\/person\\\/6c3a6e6cd5f28819a7b5c6c63ae76bc3\",\"name\":\"Etracom Bonetti\",\"image\":{\"@type\":\"ImageObject\",\"inLanguage\":\"it-IT\",\"@id\":\"https:\\\/\\\/secure.gravatar.com\\\/avatar\\\/8dbb046beacfd4d644327f65a04ad2b1460ccaa16b7919cfc40ac5dd741de80f?s=96&d=mm&r=g\",\"url\":\"https:\\\/\\\/secure.gravatar.com\\\/avatar\\\/8dbb046beacfd4d644327f65a04ad2b1460ccaa16b7919cfc40ac5dd741de80f?s=96&d=mm&r=g\",\"contentUrl\":\"https:\\\/\\\/secure.gravatar.com\\\/avatar\\\/8dbb046beacfd4d644327f65a04ad2b1460ccaa16b7919cfc40ac5dd741de80f?s=96&d=mm&r=g\",\"caption\":\"Etracom Bonetti\"},\"url\":\"https:\\\/\\\/www.article-marketing.eu\\\/comunicatistampa\\\/author\\\/etracom-bonetti\\\/\"}]}<\/script>\n<!-- \/ Yoast SEO plugin. -->","yoast_head_json":{"title":"IFF: Insonnia Familiare Fatale - Article Marketing","robots":{"index":"index","follow":"follow","max-snippet":"max-snippet:-1","max-image-preview":"max-image-preview:large","max-video-preview":"max-video-preview:-1"},"canonical":"https:\/\/www.article-marketing.eu\/comunicatistampa\/iff-insonnia-familiare-fatale\/","og_locale":"it_IT","og_type":"article","og_title":"IFF: Insonnia Familiare Fatale - Article Marketing","og_description":"Abbiamo ripetuto numerosissime volte che la mancanza di sonno d\u00e0 gravi problemi al nostro organismo, tanto che \u00e8 stata persino utilizzata come strumento di tortura, tuttavia molto meno conosciuta e trattata \u00e8 la patologia detta IFF, ossia l\u2019 Insonnia Familiare Fatale, della quale ci occuperemo oggi.","og_url":"https:\/\/www.article-marketing.eu\/comunicatistampa\/iff-insonnia-familiare-fatale\/","og_site_name":"Article Marketing","article_published_time":"2018-02-03T04:02:17+00:00","article_modified_time":"2020-08-09T23:43:52+00:00","og_image":[{"url":"https:\/\/www.materassiedoghe.eu\/wordpress\/wp-content\/uploads\/2018\/01\/iff-300x169.jpg","type":"","width":"","height":""}],"author":"Etracom Bonetti","twitter_card":"summary_large_image","twitter_misc":{"Scritto da":"Etracom Bonetti","Tempo di lettura stimato":"3 minuti"},"schema":{"@context":"https:\/\/schema.org","@graph":[{"@type":"Article","@id":"https:\/\/www.article-marketing.eu\/comunicatistampa\/iff-insonnia-familiare-fatale\/#article","isPartOf":{"@id":"https:\/\/www.article-marketing.eu\/comunicatistampa\/iff-insonnia-familiare-fatale\/"},"author":{"name":"Etracom Bonetti","@id":"https:\/\/www.article-marketing.eu\/comunicatistampa\/#\/schema\/person\/6c3a6e6cd5f28819a7b5c6c63ae76bc3"},"headline":"IFF: Insonnia Familiare Fatale","datePublished":"2018-02-03T04:02:17+00:00","dateModified":"2020-08-09T23:43:52+00:00","mainEntityOfPage":{"@id":"https:\/\/www.article-marketing.eu\/comunicatistampa\/iff-insonnia-familiare-fatale\/"},"wordCount":535,"commentCount":0,"image":{"@id":"https:\/\/www.article-marketing.eu\/comunicatistampa\/iff-insonnia-familiare-fatale\/#primaryimage"},"thumbnailUrl":"https:\/\/www.materassiedoghe.eu\/wordpress\/wp-content\/uploads\/2018\/01\/iff-300x169.jpg","keywords":["vipCOMUSTA"],"articleSection":["Comunicati stampa"],"inLanguage":"it-IT","potentialAction":[{"@type":"CommentAction","name":"Comment","target":["https:\/\/www.article-marketing.eu\/comunicatistampa\/iff-insonnia-familiare-fatale\/#respond"]}]},{"@type":"WebPage","@id":"https:\/\/www.article-marketing.eu\/comunicatistampa\/iff-insonnia-familiare-fatale\/","url":"https:\/\/www.article-marketing.eu\/comunicatistampa\/iff-insonnia-familiare-fatale\/","name":"IFF: Insonnia Familiare Fatale - Article Marketing","isPartOf":{"@id":"https:\/\/www.article-marketing.eu\/comunicatistampa\/#website"},"primaryImageOfPage":{"@id":"https:\/\/www.article-marketing.eu\/comunicatistampa\/iff-insonnia-familiare-fatale\/#primaryimage"},"image":{"@id":"https:\/\/www.article-marketing.eu\/comunicatistampa\/iff-insonnia-familiare-fatale\/#primaryimage"},"thumbnailUrl":"https:\/\/www.materassiedoghe.eu\/wordpress\/wp-content\/uploads\/2018\/01\/iff-300x169.jpg","datePublished":"2018-02-03T04:02:17+00:00","dateModified":"2020-08-09T23:43:52+00:00","author":{"@id":"https:\/\/www.article-marketing.eu\/comunicatistampa\/#\/schema\/person\/6c3a6e6cd5f28819a7b5c6c63ae76bc3"},"breadcrumb":{"@id":"https:\/\/www.article-marketing.eu\/comunicatistampa\/iff-insonnia-familiare-fatale\/#breadcrumb"},"inLanguage":"it-IT","potentialAction":[{"@type":"ReadAction","target":["https:\/\/www.article-marketing.eu\/comunicatistampa\/iff-insonnia-familiare-fatale\/"]}]},{"@type":"ImageObject","inLanguage":"it-IT","@id":"https:\/\/www.article-marketing.eu\/comunicatistampa\/iff-insonnia-familiare-fatale\/#primaryimage","url":"https:\/\/www.materassiedoghe.eu\/wordpress\/wp-content\/uploads\/2018\/01\/iff-300x169.jpg","contentUrl":"https:\/\/www.materassiedoghe.eu\/wordpress\/wp-content\/uploads\/2018\/01\/iff-300x169.jpg"},{"@type":"BreadcrumbList","@id":"https:\/\/www.article-marketing.eu\/comunicatistampa\/iff-insonnia-familiare-fatale\/#breadcrumb","itemListElement":[{"@type":"ListItem","position":1,"name":"Home","item":"https:\/\/www.article-marketing.eu\/comunicatistampa\/"},{"@type":"ListItem","position":2,"name":"IFF: Insonnia Familiare Fatale"}]},{"@type":"WebSite","@id":"https:\/\/www.article-marketing.eu\/comunicatistampa\/#website","url":"https:\/\/www.article-marketing.eu\/comunicatistampa\/","name":"Article Marketing","description":"article marketing &amp; press release","potentialAction":[{"@type":"SearchAction","target":{"@type":"EntryPoint","urlTemplate":"https:\/\/www.article-marketing.eu\/comunicatistampa\/?s={search_term_string}"},"query-input":{"@type":"PropertyValueSpecification","valueRequired":true,"valueName":"search_term_string"}}],"inLanguage":"it-IT"},{"@type":"Person","@id":"https:\/\/www.article-marketing.eu\/comunicatistampa\/#\/schema\/person\/6c3a6e6cd5f28819a7b5c6c63ae76bc3","name":"Etracom Bonetti","image":{"@type":"ImageObject","inLanguage":"it-IT","@id":"https:\/\/secure.gravatar.com\/avatar\/8dbb046beacfd4d644327f65a04ad2b1460ccaa16b7919cfc40ac5dd741de80f?s=96&d=mm&r=g","url":"https:\/\/secure.gravatar.com\/avatar\/8dbb046beacfd4d644327f65a04ad2b1460ccaa16b7919cfc40ac5dd741de80f?s=96&d=mm&r=g","contentUrl":"https:\/\/secure.gravatar.com\/avatar\/8dbb046beacfd4d644327f65a04ad2b1460ccaa16b7919cfc40ac5dd741de80f?s=96&d=mm&r=g","caption":"Etracom Bonetti"},"url":"https:\/\/www.article-marketing.eu\/comunicatistampa\/author\/etracom-bonetti\/"}]}},"_links":{"self":[{"href":"https:\/\/www.article-marketing.eu\/comunicatistampa\/wp-json\/wp\/v2\/posts\/8851","targetHints":{"allow":["GET"]}}],"collection":[{"href":"https:\/\/www.article-marketing.eu\/comunicatistampa\/wp-json\/wp\/v2\/posts"}],"about":[{"href":"https:\/\/www.article-marketing.eu\/comunicatistampa\/wp-json\/wp\/v2\/types\/post"}],"author":[{"embeddable":true,"href":"https:\/\/www.article-marketing.eu\/comunicatistampa\/wp-json\/wp\/v2\/users\/676"}],"replies":[{"embeddable":true,"href":"https:\/\/www.article-marketing.eu\/comunicatistampa\/wp-json\/wp\/v2\/comments?post=8851"}],"version-history":[{"count":3,"href":"https:\/\/www.article-marketing.eu\/comunicatistampa\/wp-json\/wp\/v2\/posts\/8851\/revisions"}],"predecessor-version":[{"id":8895,"href":"https:\/\/www.article-marketing.eu\/comunicatistampa\/wp-json\/wp\/v2\/posts\/8851\/revisions\/8895"}],"wp:attachment":[{"href":"https:\/\/www.article-marketing.eu\/comunicatistampa\/wp-json\/wp\/v2\/media?parent=8851"}],"wp:term":[{"taxonomy":"category","embeddable":true,"href":"https:\/\/www.article-marketing.eu\/comunicatistampa\/wp-json\/wp\/v2\/categories?post=8851"},{"taxonomy":"post_tag","embeddable":true,"href":"https:\/\/www.article-marketing.eu\/comunicatistampa\/wp-json\/wp\/v2\/tags?post=8851"}],"curies":[{"name":"wp","href":"https:\/\/api.w.org\/{rel}","templated":true}]}}