{"id":8871,"date":"2018-02-03T05:11:04","date_gmt":"2018-02-03T04:11:04","guid":{"rendered":"http:\/\/www.article-marketing.eu\/comunicatistampa\/?p=8871"},"modified":"2018-02-03T05:11:04","modified_gmt":"2018-02-03T04:11:04","slug":"organizzare-eventi-adeguate-misure-safety-security","status":"publish","type":"post","link":"https:\/\/www.article-marketing.eu\/comunicatistampa\/organizzare-eventi-adeguate-misure-safety-security\/","title":{"rendered":"Come organizzare eventi con adeguate misure di safety e security"},"content":{"rendered":"<p>Come organizzare eventi con adeguate misure di safety e security<\/p>\n<p>Si terr\u00e0 un convegno a Brescia il 9 febbraio 2018 per fare un po\u2019 di chiarezza e fornire indicazioni per chi vuole organizzare e realizzare eventi pubblici.<\/p>\n<p>Ci sono ambiti, come l\u2019organizzazione di eventi pubblici, in cui sempre pi\u00f9 diventa necessario un adeguato connubio, una forte integrazione tra gli aspetti di Security e Safety, anche in relazione ai rischi a cui sono soggetti gli stessi operatori e volontari impiegati nella gestione degli eventi stessi.<\/p>\n<p>E in relazione ai recenti incidenti e azioni terroristiche, negli ultimi mesi sono state impartite varie indicazioni volte ad assicurare la massima sicurezza, sia in termini di Security che di Safety, in occasione dello svolgimento delle manifestazioni pubbliche.<\/p>\n<p>Tuttavia, se il Ministero dell\u2019Interno, Vigili del Fuoco, del Soccorso Pubblico della Difesa Civile e molti altri organi &#8211; compresi quelli meno noti, come i Comitati Provinciali per l\u2019ordine e la Sicurezza Pubblica &#8211; hanno fornito indicazioni, occorre cercare di fare un po\u2019 di chiarezza e presentare informazioni chiare e precise per chi vuole organizzare e realizzare eventi pubblici.<\/p>\n<p>Proprio con questo obiettivo l\u2019Associazione Italiana Formatori ed Operatori della Sicurezza sul Lavoro (AiFOS), con il patrocinio di AiFOS Protezione Civile e dell\u2019Associazione Comuni Bresciani (ACB), ha organizzato a Brescia il 9 febbraio 2018 il convegno gratuito \u201cProtezione Civile tra eventi e manifestazioni\u201d.<\/p>\n<p>L\u2019incontro vuole dunque fornire indicazioni chiare in merito agli obblighi da ottemperare per realizzare una manifestazione pubblica garantendo adeguate misure di Safety e di Security, specificando le diverse tipologie di manifestazioni e tutti gli aspetti di carattere operativo da attuare.<br \/>\nSi discuter\u00e0, anche con riferimento ad esempi pratici, di competenze e responsabilit\u00e0, di come deve essere formato e organizzato il servizio di vigilanza antincendio. Si chiarir\u00e0 chi deve, e come, realizzare la relazione tecnica.<br \/>\nInoltre durante il convegno si parler\u00e0 anche:<br \/>\n&#8211; di come deve essere formato ed organizzato il servizio di gestione ed assistenza del pubblico;<br \/>\n&#8211; di chi deve predisporre la documentazione tecnica necessaria e come essa deve essere redatta.<\/p>\n<p>Saranno poi esaminate le recenti circolari, ad esempio la Circolare Gabrielli del 7 giugno 2017, che forniscono indicazioni di carattere operativo sulle condizioni imprescindibili di sicurezza e i criteri per la redazione di modelli organizzativi di mitigazione del rischio e tutti i dispositivi a tutela della persona (safety) e dei servizi di ordine e sicurezza pubblica (security).<\/p>\n<p>Per conoscere meglio gli obblighi di Security e Safety nella realizzazione di manifestazioni pubbliche, venerd\u00ec 9 febbraio 2018, dalle 9.30 alle 12.30, si terr\u00e0 a Brescia \u2013 presso la Direzione Nazionale AiFOS, palazzo CSMT, Via Branze 45 \u2013 l\u2019incontro \u201cProtezione Civile tra eventi e manifestazioni\u201d.<\/p>\n<p>Gli interventi al convegno:<\/p>\n<p>&#8211; Simona Bordonali, Assessore alla Protezione Civile Regione Lombardia<br \/>\n&#8211; Lara Calanni Pileri, Gruppo di progetto AiFOS &#8220;Gestione eventi&#8221;<br \/>\n&#8211; Stefano Farina, Coordinatore della sicurezza, vicepresidente AiFOS Protezione Civile<br \/>\n&#8211; Dipartimento di Protezione Civile Nazionale (relatore in attesa di conferma);<br \/>\n&#8211; Nadia Padovan, Regione Lombardia Unit\u00e0 Organizzativa Protezione Civile<br \/>\n&#8211; Silvana Bresciani, Presidente AiFOS Protezione Civile<\/p>\n<p>Moderazione del convegno:<br \/>\nFrancesco Naviglio, Segretario Generale AiFOS<\/p>\n<p>Chiusura dei lavori:<br \/>\nRocco Vitale, Presidente AiFOS<\/p>\n<p>Il link per avere ulteriori informazioni:<br \/>\nhttp:\/\/aifos.org\/home\/eventi\/intev\/convegni_aifos\/protezione_civile_tra_eventi_e_manifestazioni<\/p>\n<p>A tutti i partecipanti al convegno verr\u00e0 consegnato un attestato di presenza valido per il rilascio di n. 2 crediti per Formatori area tematica n.1 (normativa), RSPP\/ASPP.<\/p>\n<p>Per informazioni:<br \/>\nSede nazionale AiFOS: via Branze, 45 &#8211; 25123 Brescia c\/o CSMT, Universit\u00e0 degli Studi di Brescia tel.030.6595031 &#8211; fax 030.6595040 www.aifos.it &#8211; info@aifos.it &#8211; convegni@aifos.it<\/p>\n<p>01 febbraio 2018<\/p>\n<p>Ufficio Stampa di AiFOS<br \/>\nufficiostampa@aifos.it<\/p>\n","protected":false},"excerpt":{"rendered":"<p>Si terr\u00e0 un convegno a Brescia il 9 febbraio 2018 per fare un po\u2019 di chiarezza, alla luce delle nuove circolari, e fornire indicazioni per chi vuole organizzare e realizzare eventi pubblici.<\/p>\n","protected":false},"author":881,"featured_media":0,"comment_status":"open","ping_status":"open","sticky":false,"template":"","format":"standard","meta":{"_monsterinsights_skip_tracking":false,"_monsterinsights_sitenote_active":false,"_monsterinsights_sitenote_note":"","_monsterinsights_sitenote_category":0,"footnotes":""},"categories":[78,386,392,362],"tags":[3731,3301,3237,3732,3728,3043,3730,3729,3727,3726,1538],"class_list":["post-8871","post","type-post","status-publish","format-standard","hentry","category-comunicati-stampa","category-economia-e-lavoro","category-eventi","category-societa","tag-acb","tag-aifos","tag-aifos-protezione-civile","tag-associazione-comuni-bresciani","tag-circolare-gabrielli-del-7-giugno-2017","tag-convegno","tag-manifestazioni-pubbliche","tag-organizzazione-di-eventi-pubblici","tag-protezione-civile-tra-eventi-e-manifestazioni","tag-safety-e-security","tag-sicurezza-sul-lavoro"],"yoast_head":"<!-- This site is optimized with the Yoast SEO plugin v27.3 - https:\/\/yoast.com\/product\/yoast-seo-wordpress\/ -->\n<title>Come organizzare eventi con adeguate misure di safety e security - Article Marketing<\/title>\n<meta name=\"robots\" content=\"index, follow, max-snippet:-1, max-image-preview:large, max-video-preview:-1\" \/>\n<link rel=\"canonical\" href=\"https:\/\/www.article-marketing.eu\/comunicatistampa\/organizzare-eventi-adeguate-misure-safety-security\/\" \/>\n<meta property=\"og:locale\" content=\"it_IT\" \/>\n<meta property=\"og:type\" content=\"article\" \/>\n<meta property=\"og:title\" content=\"Come organizzare eventi con adeguate misure di safety e security - Article Marketing\" \/>\n<meta property=\"og:description\" content=\"Si terr\u00e0 un convegno a Brescia il 9 febbraio 2018 per fare un po\u2019 di chiarezza, alla luce delle nuove circolari, e fornire indicazioni per chi vuole organizzare e realizzare eventi pubblici.\" \/>\n<meta property=\"og:url\" content=\"https:\/\/www.article-marketing.eu\/comunicatistampa\/organizzare-eventi-adeguate-misure-safety-security\/\" \/>\n<meta property=\"og:site_name\" content=\"Article Marketing\" \/>\n<meta property=\"article:published_time\" content=\"2018-02-03T04:11:04+00:00\" \/>\n<meta name=\"author\" content=\"AIFUS\" \/>\n<meta name=\"twitter:card\" content=\"summary_large_image\" \/>\n<meta name=\"twitter:label1\" content=\"Scritto da\" \/>\n\t<meta name=\"twitter:data1\" content=\"AIFUS\" \/>\n\t<meta name=\"twitter:label2\" content=\"Tempo di lettura stimato\" \/>\n\t<meta name=\"twitter:data2\" content=\"3 minuti\" \/>\n<script type=\"application\/ld+json\" class=\"yoast-schema-graph\">{\"@context\":\"https:\\\/\\\/schema.org\",\"@graph\":[{\"@type\":\"Article\",\"@id\":\"https:\\\/\\\/www.article-marketing.eu\\\/comunicatistampa\\\/organizzare-eventi-adeguate-misure-safety-security\\\/#article\",\"isPartOf\":{\"@id\":\"https:\\\/\\\/www.article-marketing.eu\\\/comunicatistampa\\\/organizzare-eventi-adeguate-misure-safety-security\\\/\"},\"author\":{\"name\":\"AIFUS\",\"@id\":\"https:\\\/\\\/www.article-marketing.eu\\\/comunicatistampa\\\/#\\\/schema\\\/person\\\/d1985c4955ff71a05f49d68e3034b3cd\"},\"headline\":\"Come organizzare eventi con adeguate misure di safety e security\",\"datePublished\":\"2018-02-03T04:11:04+00:00\",\"mainEntityOfPage\":{\"@id\":\"https:\\\/\\\/www.article-marketing.eu\\\/comunicatistampa\\\/organizzare-eventi-adeguate-misure-safety-security\\\/\"},\"wordCount\":603,\"commentCount\":0,\"keywords\":[\"ACB\",\"Aifos\",\"AiFOS Protezione Civile\",\"Associazione Comuni Bresciani\",\"Circolare Gabrielli del 7 giugno 2017\",\"convegno\",\"manifestazioni pubbliche\",\"organizzazione di eventi pubblici\",\"Protezione Civile tra eventi e manifestazioni\",\"safety e security\",\"sicurezza sul lavoro\"],\"articleSection\":[\"Comunicati stampa\",\"Economia e lavoro\",\"Eventi\",\"Societ\u00e0\"],\"inLanguage\":\"it-IT\",\"potentialAction\":[{\"@type\":\"CommentAction\",\"name\":\"Comment\",\"target\":[\"https:\\\/\\\/www.article-marketing.eu\\\/comunicatistampa\\\/organizzare-eventi-adeguate-misure-safety-security\\\/#respond\"]}]},{\"@type\":\"WebPage\",\"@id\":\"https:\\\/\\\/www.article-marketing.eu\\\/comunicatistampa\\\/organizzare-eventi-adeguate-misure-safety-security\\\/\",\"url\":\"https:\\\/\\\/www.article-marketing.eu\\\/comunicatistampa\\\/organizzare-eventi-adeguate-misure-safety-security\\\/\",\"name\":\"Come organizzare eventi con adeguate misure di safety e security - Article Marketing\",\"isPartOf\":{\"@id\":\"https:\\\/\\\/www.article-marketing.eu\\\/comunicatistampa\\\/#website\"},\"datePublished\":\"2018-02-03T04:11:04+00:00\",\"author\":{\"@id\":\"https:\\\/\\\/www.article-marketing.eu\\\/comunicatistampa\\\/#\\\/schema\\\/person\\\/d1985c4955ff71a05f49d68e3034b3cd\"},\"breadcrumb\":{\"@id\":\"https:\\\/\\\/www.article-marketing.eu\\\/comunicatistampa\\\/organizzare-eventi-adeguate-misure-safety-security\\\/#breadcrumb\"},\"inLanguage\":\"it-IT\",\"potentialAction\":[{\"@type\":\"ReadAction\",\"target\":[\"https:\\\/\\\/www.article-marketing.eu\\\/comunicatistampa\\\/organizzare-eventi-adeguate-misure-safety-security\\\/\"]}]},{\"@type\":\"BreadcrumbList\",\"@id\":\"https:\\\/\\\/www.article-marketing.eu\\\/comunicatistampa\\\/organizzare-eventi-adeguate-misure-safety-security\\\/#breadcrumb\",\"itemListElement\":[{\"@type\":\"ListItem\",\"position\":1,\"name\":\"Home\",\"item\":\"https:\\\/\\\/www.article-marketing.eu\\\/comunicatistampa\\\/\"},{\"@type\":\"ListItem\",\"position\":2,\"name\":\"Come organizzare eventi con adeguate misure di safety e security\"}]},{\"@type\":\"WebSite\",\"@id\":\"https:\\\/\\\/www.article-marketing.eu\\\/comunicatistampa\\\/#website\",\"url\":\"https:\\\/\\\/www.article-marketing.eu\\\/comunicatistampa\\\/\",\"name\":\"Article Marketing\",\"description\":\"article marketing &amp; press release\",\"potentialAction\":[{\"@type\":\"SearchAction\",\"target\":{\"@type\":\"EntryPoint\",\"urlTemplate\":\"https:\\\/\\\/www.article-marketing.eu\\\/comunicatistampa\\\/?s={search_term_string}\"},\"query-input\":{\"@type\":\"PropertyValueSpecification\",\"valueRequired\":true,\"valueName\":\"search_term_string\"}}],\"inLanguage\":\"it-IT\"},{\"@type\":\"Person\",\"@id\":\"https:\\\/\\\/www.article-marketing.eu\\\/comunicatistampa\\\/#\\\/schema\\\/person\\\/d1985c4955ff71a05f49d68e3034b3cd\",\"name\":\"AIFUS\",\"image\":{\"@type\":\"ImageObject\",\"inLanguage\":\"it-IT\",\"@id\":\"https:\\\/\\\/secure.gravatar.com\\\/avatar\\\/05cf2a2ba057667571308b94c84f00ff48766ffac95710a87491a9b3ddcee484?s=96&d=mm&r=g\",\"url\":\"https:\\\/\\\/secure.gravatar.com\\\/avatar\\\/05cf2a2ba057667571308b94c84f00ff48766ffac95710a87491a9b3ddcee484?s=96&d=mm&r=g\",\"contentUrl\":\"https:\\\/\\\/secure.gravatar.com\\\/avatar\\\/05cf2a2ba057667571308b94c84f00ff48766ffac95710a87491a9b3ddcee484?s=96&d=mm&r=g\",\"caption\":\"AIFUS\"},\"url\":\"https:\\\/\\\/www.article-marketing.eu\\\/comunicatistampa\\\/author\\\/aifus\\\/\"}]}<\/script>\n<!-- \/ Yoast SEO plugin. -->","yoast_head_json":{"title":"Come organizzare eventi con adeguate misure di safety e security - Article Marketing","robots":{"index":"index","follow":"follow","max-snippet":"max-snippet:-1","max-image-preview":"max-image-preview:large","max-video-preview":"max-video-preview:-1"},"canonical":"https:\/\/www.article-marketing.eu\/comunicatistampa\/organizzare-eventi-adeguate-misure-safety-security\/","og_locale":"it_IT","og_type":"article","og_title":"Come organizzare eventi con adeguate misure di safety e security - Article Marketing","og_description":"Si terr\u00e0 un convegno a Brescia il 9 febbraio 2018 per fare un po\u2019 di chiarezza, alla luce delle nuove circolari, e fornire indicazioni per chi vuole organizzare e realizzare eventi pubblici.","og_url":"https:\/\/www.article-marketing.eu\/comunicatistampa\/organizzare-eventi-adeguate-misure-safety-security\/","og_site_name":"Article Marketing","article_published_time":"2018-02-03T04:11:04+00:00","author":"AIFUS","twitter_card":"summary_large_image","twitter_misc":{"Scritto da":"AIFUS","Tempo di lettura stimato":"3 minuti"},"schema":{"@context":"https:\/\/schema.org","@graph":[{"@type":"Article","@id":"https:\/\/www.article-marketing.eu\/comunicatistampa\/organizzare-eventi-adeguate-misure-safety-security\/#article","isPartOf":{"@id":"https:\/\/www.article-marketing.eu\/comunicatistampa\/organizzare-eventi-adeguate-misure-safety-security\/"},"author":{"name":"AIFUS","@id":"https:\/\/www.article-marketing.eu\/comunicatistampa\/#\/schema\/person\/d1985c4955ff71a05f49d68e3034b3cd"},"headline":"Come organizzare eventi con adeguate misure di safety e security","datePublished":"2018-02-03T04:11:04+00:00","mainEntityOfPage":{"@id":"https:\/\/www.article-marketing.eu\/comunicatistampa\/organizzare-eventi-adeguate-misure-safety-security\/"},"wordCount":603,"commentCount":0,"keywords":["ACB","Aifos","AiFOS Protezione Civile","Associazione Comuni Bresciani","Circolare Gabrielli del 7 giugno 2017","convegno","manifestazioni pubbliche","organizzazione di eventi pubblici","Protezione Civile tra eventi e manifestazioni","safety e security","sicurezza sul lavoro"],"articleSection":["Comunicati stampa","Economia e lavoro","Eventi","Societ\u00e0"],"inLanguage":"it-IT","potentialAction":[{"@type":"CommentAction","name":"Comment","target":["https:\/\/www.article-marketing.eu\/comunicatistampa\/organizzare-eventi-adeguate-misure-safety-security\/#respond"]}]},{"@type":"WebPage","@id":"https:\/\/www.article-marketing.eu\/comunicatistampa\/organizzare-eventi-adeguate-misure-safety-security\/","url":"https:\/\/www.article-marketing.eu\/comunicatistampa\/organizzare-eventi-adeguate-misure-safety-security\/","name":"Come organizzare eventi con adeguate misure di safety e security - Article Marketing","isPartOf":{"@id":"https:\/\/www.article-marketing.eu\/comunicatistampa\/#website"},"datePublished":"2018-02-03T04:11:04+00:00","author":{"@id":"https:\/\/www.article-marketing.eu\/comunicatistampa\/#\/schema\/person\/d1985c4955ff71a05f49d68e3034b3cd"},"breadcrumb":{"@id":"https:\/\/www.article-marketing.eu\/comunicatistampa\/organizzare-eventi-adeguate-misure-safety-security\/#breadcrumb"},"inLanguage":"it-IT","potentialAction":[{"@type":"ReadAction","target":["https:\/\/www.article-marketing.eu\/comunicatistampa\/organizzare-eventi-adeguate-misure-safety-security\/"]}]},{"@type":"BreadcrumbList","@id":"https:\/\/www.article-marketing.eu\/comunicatistampa\/organizzare-eventi-adeguate-misure-safety-security\/#breadcrumb","itemListElement":[{"@type":"ListItem","position":1,"name":"Home","item":"https:\/\/www.article-marketing.eu\/comunicatistampa\/"},{"@type":"ListItem","position":2,"name":"Come organizzare eventi con adeguate misure di safety e security"}]},{"@type":"WebSite","@id":"https:\/\/www.article-marketing.eu\/comunicatistampa\/#website","url":"https:\/\/www.article-marketing.eu\/comunicatistampa\/","name":"Article Marketing","description":"article marketing &amp; press release","potentialAction":[{"@type":"SearchAction","target":{"@type":"EntryPoint","urlTemplate":"https:\/\/www.article-marketing.eu\/comunicatistampa\/?s={search_term_string}"},"query-input":{"@type":"PropertyValueSpecification","valueRequired":true,"valueName":"search_term_string"}}],"inLanguage":"it-IT"},{"@type":"Person","@id":"https:\/\/www.article-marketing.eu\/comunicatistampa\/#\/schema\/person\/d1985c4955ff71a05f49d68e3034b3cd","name":"AIFUS","image":{"@type":"ImageObject","inLanguage":"it-IT","@id":"https:\/\/secure.gravatar.com\/avatar\/05cf2a2ba057667571308b94c84f00ff48766ffac95710a87491a9b3ddcee484?s=96&d=mm&r=g","url":"https:\/\/secure.gravatar.com\/avatar\/05cf2a2ba057667571308b94c84f00ff48766ffac95710a87491a9b3ddcee484?s=96&d=mm&r=g","contentUrl":"https:\/\/secure.gravatar.com\/avatar\/05cf2a2ba057667571308b94c84f00ff48766ffac95710a87491a9b3ddcee484?s=96&d=mm&r=g","caption":"AIFUS"},"url":"https:\/\/www.article-marketing.eu\/comunicatistampa\/author\/aifus\/"}]}},"_links":{"self":[{"href":"https:\/\/www.article-marketing.eu\/comunicatistampa\/wp-json\/wp\/v2\/posts\/8871","targetHints":{"allow":["GET"]}}],"collection":[{"href":"https:\/\/www.article-marketing.eu\/comunicatistampa\/wp-json\/wp\/v2\/posts"}],"about":[{"href":"https:\/\/www.article-marketing.eu\/comunicatistampa\/wp-json\/wp\/v2\/types\/post"}],"author":[{"embeddable":true,"href":"https:\/\/www.article-marketing.eu\/comunicatistampa\/wp-json\/wp\/v2\/users\/881"}],"replies":[{"embeddable":true,"href":"https:\/\/www.article-marketing.eu\/comunicatistampa\/wp-json\/wp\/v2\/comments?post=8871"}],"version-history":[{"count":3,"href":"https:\/\/www.article-marketing.eu\/comunicatistampa\/wp-json\/wp\/v2\/posts\/8871\/revisions"}],"predecessor-version":[{"id":8908,"href":"https:\/\/www.article-marketing.eu\/comunicatistampa\/wp-json\/wp\/v2\/posts\/8871\/revisions\/8908"}],"wp:attachment":[{"href":"https:\/\/www.article-marketing.eu\/comunicatistampa\/wp-json\/wp\/v2\/media?parent=8871"}],"wp:term":[{"taxonomy":"category","embeddable":true,"href":"https:\/\/www.article-marketing.eu\/comunicatistampa\/wp-json\/wp\/v2\/categories?post=8871"},{"taxonomy":"post_tag","embeddable":true,"href":"https:\/\/www.article-marketing.eu\/comunicatistampa\/wp-json\/wp\/v2\/tags?post=8871"}],"curies":[{"name":"wp","href":"https:\/\/api.w.org\/{rel}","templated":true}]}}