{"id":8875,"date":"2018-02-03T05:06:40","date_gmt":"2018-02-03T04:06:40","guid":{"rendered":"http:\/\/www.article-marketing.eu\/comunicatistampa\/?p=8875"},"modified":"2018-02-03T05:06:40","modified_gmt":"2018-02-03T04:06:40","slug":"master-fiber-design-and-textile-processes","status":"publish","type":"post","link":"https:\/\/www.article-marketing.eu\/comunicatistampa\/master-fiber-design-and-textile-processes\/","title":{"rendered":"Il Master in Fiber Design and Textile Processes"},"content":{"rendered":"<p><span style=\"font-family: 'Georgia','serif'; color: #333333;\">Parte a\u00a0<strong><span style=\"font-family: 'Georgia','serif';\">Ottobre 2018<\/span><\/strong>\u00a0il\u00a0<strong><span style=\"font-family: 'Georgia','serif';\">Master in inglese in\u00a0Fiber Design and Textile Processes<\/span><\/strong>.<\/span><\/p>\n<p><span style=\"font-family: 'Georgia','serif'; color: #333333;\">Il\u00a0<strong><span style=\"font-family: 'Georgia','serif';\">Made in Italy<\/span><\/strong>\u00a0\u00e8 un ambito molto vasto, che racconta l\u2019Italia dell\u2019eccellenza, del \u201cbello e ben fatto\u201d; spesso, per\u00f2, si associa ad un abito, un accessorio o un arredo, non ci si riferisce al materiale con cui sono realizzati tali prodotti.<\/span><\/p>\n<p><span style=\"font-family: 'Georgia','serif'; color: #333333;\">Nel settore tessile, invece, esiste un know how che permette all\u2019Italia di essere tra i migliori produttori al mondo non solo per quanto riguarda l\u2019abbigliamento, ma anche nell\u2019ambito del tessile tecnico, dove la fanno da padrone i nuovi materiali polimerici.<\/span><\/p>\n<p><span style=\"font-family: 'Georgia','serif'; color: #333333;\">La prima edizione di un corso master che\u00a0nasce dall\u2019esigenza di approfondire il tema dedicando particolare attenzione alla creazione di nuove tipologie di materiali, aperte al mondo dell\u2019 innovazione fino a sviluppare il mondo delll\u2019IoT o Internet delle Cose.<\/span><\/p>\n<p><span style=\"font-family: 'Georgia','serif'; color: #333333;\">Il Master nasce dall\u2019incontro di due Centri d\u2019eccellenza:\u00a0<b>Citt\u00e0 Studi e il territorio di Biella<\/b>, con la tradizione di competenze tecniche e\u00a0<b>POLI.design<\/b>\u00a0che, insieme alla Scuola del Design e al Dipartimento di Design, forma il\u00a0<b>Sistema Design del Politecnico di Milano<\/b>, che \u00e8 un aggregato di risorse, competenze, strutture e laboratori, tra i pi\u00f9 importanti al mondo.<\/span><\/p>\n<p><strong><span style=\"font-family: 'Georgia','serif'; color: #333333;\">L\u2019obiettivo<\/span><\/strong><span style=\"font-family: 'Georgia','serif'; color: #333333;\">\u00a0\u00e8 di offrire un percorso didattico unico per competenze e conoscenze nell\u2019ambito del design delle fibre innovative e dei nuovi materiali, dell\u2019Internet delle cose (IoT), della sostenibilit\u00e0 ambientale grazie al supporto di imprese del territorio coinvolte durante tutto il percorso accademico.<\/span><\/p>\n<p><span style=\"font-family: 'Georgia','serif'; color: #333333;\">\u201c<i>Crediamo fermamente nella validit\u00e0 di questo accordo, che ci auguriamo possa essere il primo tassello di una pi\u00f9 ampia collaborazione\u00a0<\/i>\u2013 afferma\u00a0<b>Pier Ettore Pellerey<\/b>, Presidente di Citt\u00e0 Studi Biella \u2013\u00a0<i>POLI.design \u00e8 un polo di eccellenza mondiale per quanto riguarda il Design, in tutte le sue declinazioni pi\u00f9 attuali e Citt\u00e0 Studi, da parte sua, conferma la volont\u00e0 di voler continuare ad operare lungo la direttrice dell\u2019innovazione, come richiesto dal tessuto imprenditoriale che da sempre ci supporta e collabora alle nostre\u00a0 iniziative<\/i>\u201d.<\/span><\/p>\n<p><i><span style=\"font-family: 'Georgia','serif'; color: #333333;\">\u201cPOLI.design svolge da anni un ruolo di cerniera tra formazione universitaria e mondo delle professioni &#8211;\u00a0<\/span><\/i><span style=\"font-family: 'Georgia','serif'; color: #333333;\">sostiene\u00a0<b>Giuliano Simonelli<\/b>, Presidente POLI.design &#8211;<i>\u00a0con un approccio fortemente improntato all\u2019innovazione. La collaborazione con Citt\u00e0 Studi Biella, che ne condivide la mission, si inserisce in questo filone e va ad ampliare la nostra azione nel settore del tessile, potenziando ancor di pi\u00f9 la sinergia con il tessuto produttivo e imprenditoriale. Il Master in Fiber Design rappresenta il primo risultato di questo incontro, destinato a generare future occasioni di scambio e collaborazione\u201d.<\/i><\/span><\/p>\n<p><span style=\"font-family: 'Georgia','serif'; color: #333333;\">Il\u00a0<strong><span style=\"font-family: 'Georgia','serif';\">Master<\/span><\/strong>\u00a0<strong><span style=\"font-family: 'Georgia','serif';\">si svolge completamente in lingua inglese<\/span><\/strong>\u00a0e punta a vincere la sfida del tessile, ambito in cui la ricerca si muove a cavallo tra esteticit\u00e0 e funzionalit\u00e0. Gli \u201coggetti intelligenti\u201d sono il futuro dell\u2019integrazione uomo macchina e il processo tessile il mezzo idoneo per utilizzare nell\u2019IoT le possibilit\u00e0 messe a disposizione dai nuovi polimeri.<\/span><\/p>\n<p><span style=\"font-family: 'Georgia','serif'; color: #333333;\">\u00a0<\/span><\/p>\n<p><b><span style=\"font-family: 'Georgia','serif'; color: #333333;\">Le iscrizioni sono aperte:\u00a0<\/span><\/b><span style=\"font-family: 'Georgia','serif'; color: #333333;\">Il Master in\u00a0<strong><span style=\"font-family: 'Georgia','serif';\">\u00a0Fiber Design and Textile Processes<\/span><\/strong>\u00a0\u00e8 riservato a candidati in possesso di Diploma universitario o Laurea triennale.<\/span><\/p>\n<p><b><span style=\"font-family: 'Georgia','serif'; color: #333333;\">Sono state istituite alcune agevolazioni alla frequenza.<\/span><\/b><\/p>\n<p><b><span style=\"font-family: 'Georgia','serif'; color: #333333;\">La deadline inviare la domanda di ammissione \u00e8 il 3 settembre 2018.<\/span><\/b><\/p>\n<p><span style=\"font-family: 'Georgia','serif'; color: #333333;\">Regolamento disponibile all\u2019indirizzo:\u00a0http:\/\/polidesign.net\/it\/fiber<\/span><\/p>\n<p><b><span style=\"font-family: 'Georgia','serif'; color: #333333;\">Per maggiori informazioni\u00a0<\/span><\/b><span style=\"font-family: 'Georgia','serif'; color: #333333;\">si prega di contattare l\u2019Ufficio Formazione di POLI.design: email.\u00a0<\/span><a href=\"mailto:formazione@polidesign.net\"><span style=\"font-family: 'Georgia','serif';\">formazione@polidesign.net<\/span><\/a><span style=\"font-family: 'Georgia','serif'; color: #333333;\">, Tel. +39 02 2399 5911.<\/span><\/p>\n","protected":false},"excerpt":{"rendered":"<p>Parte a\u00a0Ottobre 2018\u00a0il\u00a0Master in inglese in\u00a0Fiber Design and Textile Processes. Il\u00a0Made in Italy\u00a0\u00e8 un ambito molto vasto, che racconta l\u2019Italia dell\u2019eccellenza, del \u201cbello e ben fatto\u201d; spesso, per\u00f2, si associa ad un abito, un accessorio o un arredo, non ci si riferisce al materiale con cui sono realizzati tali prodotti. Nel settore tessile, invece, esiste un know how che permette all\u2019Italia di essere tra i migliori produttori al mondo non<\/p>\n<p><a class=\"continue-reading\" href=\"https:\/\/www.article-marketing.eu\/comunicatistampa\/master-fiber-design-and-textile-processes\/\">Continue reading&#8230;<\/a><\/p>\n","protected":false},"author":18,"featured_media":0,"comment_status":"open","ping_status":"open","sticky":false,"template":"","format":"standard","meta":{"_monsterinsights_skip_tracking":false,"_monsterinsights_sitenote_active":false,"_monsterinsights_sitenote_note":"","_monsterinsights_sitenote_category":0,"footnotes":""},"categories":[379],"tags":[248,529,792,3736,3735],"class_list":["post-8875","post","type-post","status-publish","format-standard","hentry","category-corsi","tag-design","tag-innovazione","tag-master","tag-processi","tag-tessuto"],"yoast_head":"<!-- This site is optimized with the Yoast SEO plugin v27.3 - https:\/\/yoast.com\/product\/yoast-seo-wordpress\/ -->\n<title>Il Master in Fiber Design and Textile Processes<\/title>\n<meta name=\"description\" content=\"Parte a\u00a0Ottobre 2018\u00a0la prima edizione del Master in inglese in\u00a0Fiber Design and Textile Processes, presso il Politecnico di Milano\" \/>\n<meta name=\"robots\" content=\"index, follow, max-snippet:-1, max-image-preview:large, max-video-preview:-1\" \/>\n<link rel=\"canonical\" href=\"https:\/\/www.article-marketing.eu\/comunicatistampa\/master-fiber-design-and-textile-processes\/\" \/>\n<meta property=\"og:locale\" content=\"it_IT\" \/>\n<meta property=\"og:type\" content=\"article\" \/>\n<meta property=\"og:title\" content=\"Il Master in Fiber Design and Textile Processes\" \/>\n<meta property=\"og:description\" content=\"Parte a\u00a0Ottobre 2018\u00a0la prima edizione del Master in inglese in\u00a0Fiber Design and Textile Processes, presso il Politecnico di Milano\" \/>\n<meta property=\"og:url\" content=\"https:\/\/www.article-marketing.eu\/comunicatistampa\/master-fiber-design-and-textile-processes\/\" \/>\n<meta property=\"og:site_name\" content=\"Article Marketing\" \/>\n<meta property=\"article:published_time\" content=\"2018-02-03T04:06:40+00:00\" \/>\n<meta name=\"author\" content=\"POLI.design\" \/>\n<meta name=\"twitter:card\" content=\"summary_large_image\" \/>\n<meta name=\"twitter:label1\" content=\"Scritto da\" \/>\n\t<meta name=\"twitter:data1\" content=\"POLI.design\" \/>\n\t<meta name=\"twitter:label2\" content=\"Tempo di lettura stimato\" \/>\n\t<meta name=\"twitter:data2\" content=\"3 minuti\" \/>\n<script type=\"application\/ld+json\" class=\"yoast-schema-graph\">{\"@context\":\"https:\\\/\\\/schema.org\",\"@graph\":[{\"@type\":\"Article\",\"@id\":\"https:\\\/\\\/www.article-marketing.eu\\\/comunicatistampa\\\/master-fiber-design-and-textile-processes\\\/#article\",\"isPartOf\":{\"@id\":\"https:\\\/\\\/www.article-marketing.eu\\\/comunicatistampa\\\/master-fiber-design-and-textile-processes\\\/\"},\"author\":{\"name\":\"POLI.design\",\"@id\":\"https:\\\/\\\/www.article-marketing.eu\\\/comunicatistampa\\\/#\\\/schema\\\/person\\\/146a6885c81198281a9e0ba0035b8e2d\"},\"headline\":\"Il Master in Fiber Design and Textile Processes\",\"datePublished\":\"2018-02-03T04:06:40+00:00\",\"mainEntityOfPage\":{\"@id\":\"https:\\\/\\\/www.article-marketing.eu\\\/comunicatistampa\\\/master-fiber-design-and-textile-processes\\\/\"},\"wordCount\":549,\"commentCount\":0,\"keywords\":[\"design\",\"innovazione\",\"master\",\"processi\",\"tessuto\"],\"articleSection\":[\"Corsi\"],\"inLanguage\":\"it-IT\",\"potentialAction\":[{\"@type\":\"CommentAction\",\"name\":\"Comment\",\"target\":[\"https:\\\/\\\/www.article-marketing.eu\\\/comunicatistampa\\\/master-fiber-design-and-textile-processes\\\/#respond\"]}]},{\"@type\":\"WebPage\",\"@id\":\"https:\\\/\\\/www.article-marketing.eu\\\/comunicatistampa\\\/master-fiber-design-and-textile-processes\\\/\",\"url\":\"https:\\\/\\\/www.article-marketing.eu\\\/comunicatistampa\\\/master-fiber-design-and-textile-processes\\\/\",\"name\":\"Il Master in Fiber Design and Textile Processes\",\"isPartOf\":{\"@id\":\"https:\\\/\\\/www.article-marketing.eu\\\/comunicatistampa\\\/#website\"},\"datePublished\":\"2018-02-03T04:06:40+00:00\",\"author\":{\"@id\":\"https:\\\/\\\/www.article-marketing.eu\\\/comunicatistampa\\\/#\\\/schema\\\/person\\\/146a6885c81198281a9e0ba0035b8e2d\"},\"description\":\"Parte a\u00a0Ottobre 2018\u00a0la prima edizione del Master in inglese in\u00a0Fiber Design and Textile Processes, presso il Politecnico di Milano\",\"breadcrumb\":{\"@id\":\"https:\\\/\\\/www.article-marketing.eu\\\/comunicatistampa\\\/master-fiber-design-and-textile-processes\\\/#breadcrumb\"},\"inLanguage\":\"it-IT\",\"potentialAction\":[{\"@type\":\"ReadAction\",\"target\":[\"https:\\\/\\\/www.article-marketing.eu\\\/comunicatistampa\\\/master-fiber-design-and-textile-processes\\\/\"]}]},{\"@type\":\"BreadcrumbList\",\"@id\":\"https:\\\/\\\/www.article-marketing.eu\\\/comunicatistampa\\\/master-fiber-design-and-textile-processes\\\/#breadcrumb\",\"itemListElement\":[{\"@type\":\"ListItem\",\"position\":1,\"name\":\"Home\",\"item\":\"https:\\\/\\\/www.article-marketing.eu\\\/comunicatistampa\\\/\"},{\"@type\":\"ListItem\",\"position\":2,\"name\":\"Il Master in Fiber Design and Textile Processes\"}]},{\"@type\":\"WebSite\",\"@id\":\"https:\\\/\\\/www.article-marketing.eu\\\/comunicatistampa\\\/#website\",\"url\":\"https:\\\/\\\/www.article-marketing.eu\\\/comunicatistampa\\\/\",\"name\":\"Article Marketing\",\"description\":\"article marketing &amp; press release\",\"potentialAction\":[{\"@type\":\"SearchAction\",\"target\":{\"@type\":\"EntryPoint\",\"urlTemplate\":\"https:\\\/\\\/www.article-marketing.eu\\\/comunicatistampa\\\/?s={search_term_string}\"},\"query-input\":{\"@type\":\"PropertyValueSpecification\",\"valueRequired\":true,\"valueName\":\"search_term_string\"}}],\"inLanguage\":\"it-IT\"},{\"@type\":\"Person\",\"@id\":\"https:\\\/\\\/www.article-marketing.eu\\\/comunicatistampa\\\/#\\\/schema\\\/person\\\/146a6885c81198281a9e0ba0035b8e2d\",\"name\":\"POLI.design\",\"image\":{\"@type\":\"ImageObject\",\"inLanguage\":\"it-IT\",\"@id\":\"https:\\\/\\\/secure.gravatar.com\\\/avatar\\\/87f7987dbfa674c5dd5f9fa3495ce312cba20aa6ee3f9f6df08061703fd5b3c2?s=96&d=mm&r=g\",\"url\":\"https:\\\/\\\/secure.gravatar.com\\\/avatar\\\/87f7987dbfa674c5dd5f9fa3495ce312cba20aa6ee3f9f6df08061703fd5b3c2?s=96&d=mm&r=g\",\"contentUrl\":\"https:\\\/\\\/secure.gravatar.com\\\/avatar\\\/87f7987dbfa674c5dd5f9fa3495ce312cba20aa6ee3f9f6df08061703fd5b3c2?s=96&d=mm&r=g\",\"caption\":\"POLI.design\"},\"url\":\"https:\\\/\\\/www.article-marketing.eu\\\/comunicatistampa\\\/author\\\/poli-design\\\/\"}]}<\/script>\n<!-- \/ Yoast SEO plugin. -->","yoast_head_json":{"title":"Il Master in Fiber Design and Textile Processes","description":"Parte a\u00a0Ottobre 2018\u00a0la prima edizione del Master in inglese in\u00a0Fiber Design and Textile Processes, presso il Politecnico di Milano","robots":{"index":"index","follow":"follow","max-snippet":"max-snippet:-1","max-image-preview":"max-image-preview:large","max-video-preview":"max-video-preview:-1"},"canonical":"https:\/\/www.article-marketing.eu\/comunicatistampa\/master-fiber-design-and-textile-processes\/","og_locale":"it_IT","og_type":"article","og_title":"Il Master in Fiber Design and Textile Processes","og_description":"Parte a\u00a0Ottobre 2018\u00a0la prima edizione del Master in inglese in\u00a0Fiber Design and Textile Processes, presso il Politecnico di Milano","og_url":"https:\/\/www.article-marketing.eu\/comunicatistampa\/master-fiber-design-and-textile-processes\/","og_site_name":"Article Marketing","article_published_time":"2018-02-03T04:06:40+00:00","author":"POLI.design","twitter_card":"summary_large_image","twitter_misc":{"Scritto da":"POLI.design","Tempo di lettura stimato":"3 minuti"},"schema":{"@context":"https:\/\/schema.org","@graph":[{"@type":"Article","@id":"https:\/\/www.article-marketing.eu\/comunicatistampa\/master-fiber-design-and-textile-processes\/#article","isPartOf":{"@id":"https:\/\/www.article-marketing.eu\/comunicatistampa\/master-fiber-design-and-textile-processes\/"},"author":{"name":"POLI.design","@id":"https:\/\/www.article-marketing.eu\/comunicatistampa\/#\/schema\/person\/146a6885c81198281a9e0ba0035b8e2d"},"headline":"Il Master in Fiber Design and Textile Processes","datePublished":"2018-02-03T04:06:40+00:00","mainEntityOfPage":{"@id":"https:\/\/www.article-marketing.eu\/comunicatistampa\/master-fiber-design-and-textile-processes\/"},"wordCount":549,"commentCount":0,"keywords":["design","innovazione","master","processi","tessuto"],"articleSection":["Corsi"],"inLanguage":"it-IT","potentialAction":[{"@type":"CommentAction","name":"Comment","target":["https:\/\/www.article-marketing.eu\/comunicatistampa\/master-fiber-design-and-textile-processes\/#respond"]}]},{"@type":"WebPage","@id":"https:\/\/www.article-marketing.eu\/comunicatistampa\/master-fiber-design-and-textile-processes\/","url":"https:\/\/www.article-marketing.eu\/comunicatistampa\/master-fiber-design-and-textile-processes\/","name":"Il Master in Fiber Design and Textile Processes","isPartOf":{"@id":"https:\/\/www.article-marketing.eu\/comunicatistampa\/#website"},"datePublished":"2018-02-03T04:06:40+00:00","author":{"@id":"https:\/\/www.article-marketing.eu\/comunicatistampa\/#\/schema\/person\/146a6885c81198281a9e0ba0035b8e2d"},"description":"Parte a\u00a0Ottobre 2018\u00a0la prima edizione del Master in inglese in\u00a0Fiber Design and Textile Processes, presso il Politecnico di Milano","breadcrumb":{"@id":"https:\/\/www.article-marketing.eu\/comunicatistampa\/master-fiber-design-and-textile-processes\/#breadcrumb"},"inLanguage":"it-IT","potentialAction":[{"@type":"ReadAction","target":["https:\/\/www.article-marketing.eu\/comunicatistampa\/master-fiber-design-and-textile-processes\/"]}]},{"@type":"BreadcrumbList","@id":"https:\/\/www.article-marketing.eu\/comunicatistampa\/master-fiber-design-and-textile-processes\/#breadcrumb","itemListElement":[{"@type":"ListItem","position":1,"name":"Home","item":"https:\/\/www.article-marketing.eu\/comunicatistampa\/"},{"@type":"ListItem","position":2,"name":"Il Master in Fiber Design and Textile Processes"}]},{"@type":"WebSite","@id":"https:\/\/www.article-marketing.eu\/comunicatistampa\/#website","url":"https:\/\/www.article-marketing.eu\/comunicatistampa\/","name":"Article Marketing","description":"article marketing &amp; press release","potentialAction":[{"@type":"SearchAction","target":{"@type":"EntryPoint","urlTemplate":"https:\/\/www.article-marketing.eu\/comunicatistampa\/?s={search_term_string}"},"query-input":{"@type":"PropertyValueSpecification","valueRequired":true,"valueName":"search_term_string"}}],"inLanguage":"it-IT"},{"@type":"Person","@id":"https:\/\/www.article-marketing.eu\/comunicatistampa\/#\/schema\/person\/146a6885c81198281a9e0ba0035b8e2d","name":"POLI.design","image":{"@type":"ImageObject","inLanguage":"it-IT","@id":"https:\/\/secure.gravatar.com\/avatar\/87f7987dbfa674c5dd5f9fa3495ce312cba20aa6ee3f9f6df08061703fd5b3c2?s=96&d=mm&r=g","url":"https:\/\/secure.gravatar.com\/avatar\/87f7987dbfa674c5dd5f9fa3495ce312cba20aa6ee3f9f6df08061703fd5b3c2?s=96&d=mm&r=g","contentUrl":"https:\/\/secure.gravatar.com\/avatar\/87f7987dbfa674c5dd5f9fa3495ce312cba20aa6ee3f9f6df08061703fd5b3c2?s=96&d=mm&r=g","caption":"POLI.design"},"url":"https:\/\/www.article-marketing.eu\/comunicatistampa\/author\/poli-design\/"}]}},"_links":{"self":[{"href":"https:\/\/www.article-marketing.eu\/comunicatistampa\/wp-json\/wp\/v2\/posts\/8875","targetHints":{"allow":["GET"]}}],"collection":[{"href":"https:\/\/www.article-marketing.eu\/comunicatistampa\/wp-json\/wp\/v2\/posts"}],"about":[{"href":"https:\/\/www.article-marketing.eu\/comunicatistampa\/wp-json\/wp\/v2\/types\/post"}],"author":[{"embeddable":true,"href":"https:\/\/www.article-marketing.eu\/comunicatistampa\/wp-json\/wp\/v2\/users\/18"}],"replies":[{"embeddable":true,"href":"https:\/\/www.article-marketing.eu\/comunicatistampa\/wp-json\/wp\/v2\/comments?post=8875"}],"version-history":[{"count":2,"href":"https:\/\/www.article-marketing.eu\/comunicatistampa\/wp-json\/wp\/v2\/posts\/8875\/revisions"}],"predecessor-version":[{"id":8905,"href":"https:\/\/www.article-marketing.eu\/comunicatistampa\/wp-json\/wp\/v2\/posts\/8875\/revisions\/8905"}],"wp:attachment":[{"href":"https:\/\/www.article-marketing.eu\/comunicatistampa\/wp-json\/wp\/v2\/media?parent=8875"}],"wp:term":[{"taxonomy":"category","embeddable":true,"href":"https:\/\/www.article-marketing.eu\/comunicatistampa\/wp-json\/wp\/v2\/categories?post=8875"},{"taxonomy":"post_tag","embeddable":true,"href":"https:\/\/www.article-marketing.eu\/comunicatistampa\/wp-json\/wp\/v2\/tags?post=8875"}],"curies":[{"name":"wp","href":"https:\/\/api.w.org\/{rel}","templated":true}]}}