{"id":8877,"date":"2018-02-03T05:14:22","date_gmt":"2018-02-03T04:14:22","guid":{"rendered":"http:\/\/www.article-marketing.eu\/comunicatistampa\/?p=8877"},"modified":"2018-02-03T05:14:22","modified_gmt":"2018-02-03T04:14:22","slug":"digital-workplace-punto-vista-dei-dipendenti","status":"publish","type":"post","link":"https:\/\/www.article-marketing.eu\/comunicatistampa\/digital-workplace-punto-vista-dei-dipendenti\/","title":{"rendered":"Digital Workplace: il punto di vista dei dipendenti"},"content":{"rendered":"<p>Una ricerca Ricoh d\u00e0 voce ai dipendenti delle aziende europee per capire cosa si aspettino dagli ambienti di lavoro digitali.<\/p>\n<p>Nuove tecnologie come i robot e l\u2019intelligenza artificiale stanno cambiando radicalmente il modo in cui viviamo e lavoriamo. A discutere di questi argomenti sono di solito i manager delle aziende che hanno la responsabilit\u00e0 di implementare queste tecnologie. Ricoh ha deciso di cambiare prospettiva, dando voce ai dipendenti delle aziende europee per capire come si rapportino all\u2019innovazione tecnologica. Dallo studio, che ha coinvolto 3.600 persone in 23 paesi, \u00e8 emerso come l\u2019atteggiamento nei confronti del Digital Workplace sia molto positivo. I dipendenti vorrebbero nuove tecnologie per lavorare in modo pi\u00f9 smart.<br \/>\nTra i principali risultati:<br \/>\n\u2022 la quasi totalit\u00e0 del campione (98%) \u00e8 entusiasta o fiduciosa all\u2019idea che nella propria azienda vengano introdotte nuove tecnologie<br \/>\n\u2022 il 31% afferma che la mancanza di tecnologie freni la crescita della propria azienda<br \/>\nDalla ricerca Ricoh emerge come i dipendenti europei siano abituati ad utilizzare le nuove tecnologie e vorrebbero che l\u2019innovazione fosse all\u2019ordine del giorno. Appaiono tuttavia preoccupati perch\u00e9 pensano di non avere le competenze necessarie per utilizzare al meglio i nuovi sistemi. Inoltre:<br \/>\n\u2022 il 72% del campione pensa che la direzione dell\u2019azienda abbia interesse ad introdurre nuove tecnologie solo per ridurre i costi e non per migliorare il modo di lavorare delle persone<br \/>\n\u2022 secondo il 62% le migliori aziende sono quelle che investono in tecnologia<br \/>\n\u2022 il 67% afferma che sia necessario un maggior focus sulla formazione<br \/>\nCome anticipato, i dipendenti coinvolti dalla ricerca Ricoh pensano che le tecnologie giochino un ruolo importante consentendo loro di lavorare meglio e di essere pi\u00f9 produttivi. Emergono in particolare due trend: il 65% dei dipendenti afferma che l\u2019automazione dei processi avr\u00e0 un impatto positivo sulle attivit\u00e0 e il 52% \u00e8 dello stesso parere in relazione all\u2019intelligenza artificiale. I dipendenti di tutta Europa si rendono conto di come gli strumenti tecnologici avanzati possano automatizzare le attivit\u00e0 ripetitive, per cui non considerano le tecnologie come una minaccia, ma come una opportunit\u00e0 che consente loro di dedicarsi a progetti di valore.<br \/>\nPer garantirsi un successo a lungo termine, riuscire a trattenere i migliori talenti e a competere in modo costante, le aziende devono ascoltare e accogliere le richieste dei propri dipendenti. Un ambiente di lavoro digitale non pu\u00f2 pi\u00f9 essere una semplice aspirazione per le imprese, ma deve diventare una realt\u00e0 concreta. Grazie alla tecnologia i dipendenti possono quindi lavorare in modo pi\u00f9 rapido ed efficiente e portare valore al business.<\/p>\n","protected":false},"excerpt":{"rendered":"<p>Una ricerca Ricoh d\u00e0 voce ai dipendenti delle aziende europee per capire cosa si aspettino dagli ambienti di lavoro digitali. Nuove tecnologie come i robot e l\u2019intelligenza artificiale stanno cambiando radicalmente il modo in cui viviamo e lavoriamo. A discutere di questi argomenti sono di solito i manager delle aziende che hanno la responsabilit\u00e0 di implementare queste tecnologie. Ricoh ha deciso di cambiare prospettiva, dando voce ai dipendenti delle aziende<\/p>\n<p><a class=\"continue-reading\" href=\"https:\/\/www.article-marketing.eu\/comunicatistampa\/digital-workplace-punto-vista-dei-dipendenti\/\">Continue reading&#8230;<\/a><\/p>\n","protected":false},"author":15,"featured_media":0,"comment_status":"open","ping_status":"open","sticky":false,"template":"","format":"standard","meta":{"_monsterinsights_skip_tracking":false,"_monsterinsights_sitenote_active":false,"_monsterinsights_sitenote_note":"","_monsterinsights_sitenote_category":0,"footnotes":""},"categories":[78],"tags":[],"class_list":["post-8877","post","type-post","status-publish","format-standard","hentry","category-comunicati-stampa"],"yoast_head":"<!-- This site is optimized with the Yoast SEO plugin v27.3 - https:\/\/yoast.com\/product\/yoast-seo-wordpress\/ -->\n<title>Digital Workplace: il punto di vista dei dipendenti - Article Marketing<\/title>\n<meta name=\"robots\" content=\"index, follow, max-snippet:-1, max-image-preview:large, max-video-preview:-1\" \/>\n<link rel=\"canonical\" href=\"https:\/\/www.article-marketing.eu\/comunicatistampa\/digital-workplace-punto-vista-dei-dipendenti\/\" \/>\n<meta property=\"og:locale\" content=\"it_IT\" \/>\n<meta property=\"og:type\" content=\"article\" \/>\n<meta property=\"og:title\" content=\"Digital Workplace: il punto di vista dei dipendenti - Article Marketing\" \/>\n<meta property=\"og:description\" content=\"Una ricerca Ricoh d\u00e0 voce ai dipendenti delle aziende europee per capire cosa si aspettino dagli ambienti di lavoro digitali. Nuove tecnologie come i robot e l\u2019intelligenza artificiale stanno cambiando radicalmente il modo in cui viviamo e lavoriamo. A discutere di questi argomenti sono di solito i manager delle aziende che hanno la responsabilit\u00e0 di implementare queste tecnologie. Ricoh ha deciso di cambiare prospettiva, dando voce ai dipendenti delle aziendeContinue reading...\" \/>\n<meta property=\"og:url\" content=\"https:\/\/www.article-marketing.eu\/comunicatistampa\/digital-workplace-punto-vista-dei-dipendenti\/\" \/>\n<meta property=\"og:site_name\" content=\"Article Marketing\" \/>\n<meta property=\"article:published_time\" content=\"2018-02-03T04:14:22+00:00\" \/>\n<meta name=\"author\" content=\"MartaOldani\" \/>\n<meta name=\"twitter:card\" content=\"summary_large_image\" \/>\n<meta name=\"twitter:label1\" content=\"Scritto da\" \/>\n\t<meta name=\"twitter:data1\" content=\"MartaOldani\" \/>\n\t<meta name=\"twitter:label2\" content=\"Tempo di lettura stimato\" \/>\n\t<meta name=\"twitter:data2\" content=\"2 minuti\" \/>\n<script type=\"application\/ld+json\" class=\"yoast-schema-graph\">{\"@context\":\"https:\\\/\\\/schema.org\",\"@graph\":[{\"@type\":\"Article\",\"@id\":\"https:\\\/\\\/www.article-marketing.eu\\\/comunicatistampa\\\/digital-workplace-punto-vista-dei-dipendenti\\\/#article\",\"isPartOf\":{\"@id\":\"https:\\\/\\\/www.article-marketing.eu\\\/comunicatistampa\\\/digital-workplace-punto-vista-dei-dipendenti\\\/\"},\"author\":{\"name\":\"MartaOldani\",\"@id\":\"https:\\\/\\\/www.article-marketing.eu\\\/comunicatistampa\\\/#\\\/schema\\\/person\\\/11429a0958085546a14f2ef8706ed1ad\"},\"headline\":\"Digital Workplace: il punto di vista dei dipendenti\",\"datePublished\":\"2018-02-03T04:14:22+00:00\",\"mainEntityOfPage\":{\"@id\":\"https:\\\/\\\/www.article-marketing.eu\\\/comunicatistampa\\\/digital-workplace-punto-vista-dei-dipendenti\\\/\"},\"wordCount\":416,\"commentCount\":0,\"articleSection\":[\"Comunicati stampa\"],\"inLanguage\":\"it-IT\",\"potentialAction\":[{\"@type\":\"CommentAction\",\"name\":\"Comment\",\"target\":[\"https:\\\/\\\/www.article-marketing.eu\\\/comunicatistampa\\\/digital-workplace-punto-vista-dei-dipendenti\\\/#respond\"]}]},{\"@type\":\"WebPage\",\"@id\":\"https:\\\/\\\/www.article-marketing.eu\\\/comunicatistampa\\\/digital-workplace-punto-vista-dei-dipendenti\\\/\",\"url\":\"https:\\\/\\\/www.article-marketing.eu\\\/comunicatistampa\\\/digital-workplace-punto-vista-dei-dipendenti\\\/\",\"name\":\"Digital Workplace: il punto di vista dei dipendenti - Article Marketing\",\"isPartOf\":{\"@id\":\"https:\\\/\\\/www.article-marketing.eu\\\/comunicatistampa\\\/#website\"},\"datePublished\":\"2018-02-03T04:14:22+00:00\",\"author\":{\"@id\":\"https:\\\/\\\/www.article-marketing.eu\\\/comunicatistampa\\\/#\\\/schema\\\/person\\\/11429a0958085546a14f2ef8706ed1ad\"},\"breadcrumb\":{\"@id\":\"https:\\\/\\\/www.article-marketing.eu\\\/comunicatistampa\\\/digital-workplace-punto-vista-dei-dipendenti\\\/#breadcrumb\"},\"inLanguage\":\"it-IT\",\"potentialAction\":[{\"@type\":\"ReadAction\",\"target\":[\"https:\\\/\\\/www.article-marketing.eu\\\/comunicatistampa\\\/digital-workplace-punto-vista-dei-dipendenti\\\/\"]}]},{\"@type\":\"BreadcrumbList\",\"@id\":\"https:\\\/\\\/www.article-marketing.eu\\\/comunicatistampa\\\/digital-workplace-punto-vista-dei-dipendenti\\\/#breadcrumb\",\"itemListElement\":[{\"@type\":\"ListItem\",\"position\":1,\"name\":\"Home\",\"item\":\"https:\\\/\\\/www.article-marketing.eu\\\/comunicatistampa\\\/\"},{\"@type\":\"ListItem\",\"position\":2,\"name\":\"Digital Workplace: il punto di vista dei dipendenti\"}]},{\"@type\":\"WebSite\",\"@id\":\"https:\\\/\\\/www.article-marketing.eu\\\/comunicatistampa\\\/#website\",\"url\":\"https:\\\/\\\/www.article-marketing.eu\\\/comunicatistampa\\\/\",\"name\":\"Article Marketing\",\"description\":\"article marketing &amp; press release\",\"potentialAction\":[{\"@type\":\"SearchAction\",\"target\":{\"@type\":\"EntryPoint\",\"urlTemplate\":\"https:\\\/\\\/www.article-marketing.eu\\\/comunicatistampa\\\/?s={search_term_string}\"},\"query-input\":{\"@type\":\"PropertyValueSpecification\",\"valueRequired\":true,\"valueName\":\"search_term_string\"}}],\"inLanguage\":\"it-IT\"},{\"@type\":\"Person\",\"@id\":\"https:\\\/\\\/www.article-marketing.eu\\\/comunicatistampa\\\/#\\\/schema\\\/person\\\/11429a0958085546a14f2ef8706ed1ad\",\"name\":\"MartaOldani\",\"image\":{\"@type\":\"ImageObject\",\"inLanguage\":\"it-IT\",\"@id\":\"https:\\\/\\\/secure.gravatar.com\\\/avatar\\\/61f67e4d0e5fe2ae475d07df4f372fb6eb25341737f3c7e794f70d4c169f28dd?s=96&d=mm&r=g\",\"url\":\"https:\\\/\\\/secure.gravatar.com\\\/avatar\\\/61f67e4d0e5fe2ae475d07df4f372fb6eb25341737f3c7e794f70d4c169f28dd?s=96&d=mm&r=g\",\"contentUrl\":\"https:\\\/\\\/secure.gravatar.com\\\/avatar\\\/61f67e4d0e5fe2ae475d07df4f372fb6eb25341737f3c7e794f70d4c169f28dd?s=96&d=mm&r=g\",\"caption\":\"MartaOldani\"},\"url\":\"https:\\\/\\\/www.article-marketing.eu\\\/comunicatistampa\\\/author\\\/martaoldani\\\/\"}]}<\/script>\n<!-- \/ Yoast SEO plugin. -->","yoast_head_json":{"title":"Digital Workplace: il punto di vista dei dipendenti - Article Marketing","robots":{"index":"index","follow":"follow","max-snippet":"max-snippet:-1","max-image-preview":"max-image-preview:large","max-video-preview":"max-video-preview:-1"},"canonical":"https:\/\/www.article-marketing.eu\/comunicatistampa\/digital-workplace-punto-vista-dei-dipendenti\/","og_locale":"it_IT","og_type":"article","og_title":"Digital Workplace: il punto di vista dei dipendenti - Article Marketing","og_description":"Una ricerca Ricoh d\u00e0 voce ai dipendenti delle aziende europee per capire cosa si aspettino dagli ambienti di lavoro digitali. Nuove tecnologie come i robot e l\u2019intelligenza artificiale stanno cambiando radicalmente il modo in cui viviamo e lavoriamo. A discutere di questi argomenti sono di solito i manager delle aziende che hanno la responsabilit\u00e0 di implementare queste tecnologie. Ricoh ha deciso di cambiare prospettiva, dando voce ai dipendenti delle aziendeContinue reading...","og_url":"https:\/\/www.article-marketing.eu\/comunicatistampa\/digital-workplace-punto-vista-dei-dipendenti\/","og_site_name":"Article Marketing","article_published_time":"2018-02-03T04:14:22+00:00","author":"MartaOldani","twitter_card":"summary_large_image","twitter_misc":{"Scritto da":"MartaOldani","Tempo di lettura stimato":"2 minuti"},"schema":{"@context":"https:\/\/schema.org","@graph":[{"@type":"Article","@id":"https:\/\/www.article-marketing.eu\/comunicatistampa\/digital-workplace-punto-vista-dei-dipendenti\/#article","isPartOf":{"@id":"https:\/\/www.article-marketing.eu\/comunicatistampa\/digital-workplace-punto-vista-dei-dipendenti\/"},"author":{"name":"MartaOldani","@id":"https:\/\/www.article-marketing.eu\/comunicatistampa\/#\/schema\/person\/11429a0958085546a14f2ef8706ed1ad"},"headline":"Digital Workplace: il punto di vista dei dipendenti","datePublished":"2018-02-03T04:14:22+00:00","mainEntityOfPage":{"@id":"https:\/\/www.article-marketing.eu\/comunicatistampa\/digital-workplace-punto-vista-dei-dipendenti\/"},"wordCount":416,"commentCount":0,"articleSection":["Comunicati stampa"],"inLanguage":"it-IT","potentialAction":[{"@type":"CommentAction","name":"Comment","target":["https:\/\/www.article-marketing.eu\/comunicatistampa\/digital-workplace-punto-vista-dei-dipendenti\/#respond"]}]},{"@type":"WebPage","@id":"https:\/\/www.article-marketing.eu\/comunicatistampa\/digital-workplace-punto-vista-dei-dipendenti\/","url":"https:\/\/www.article-marketing.eu\/comunicatistampa\/digital-workplace-punto-vista-dei-dipendenti\/","name":"Digital Workplace: il punto di vista dei dipendenti - Article Marketing","isPartOf":{"@id":"https:\/\/www.article-marketing.eu\/comunicatistampa\/#website"},"datePublished":"2018-02-03T04:14:22+00:00","author":{"@id":"https:\/\/www.article-marketing.eu\/comunicatistampa\/#\/schema\/person\/11429a0958085546a14f2ef8706ed1ad"},"breadcrumb":{"@id":"https:\/\/www.article-marketing.eu\/comunicatistampa\/digital-workplace-punto-vista-dei-dipendenti\/#breadcrumb"},"inLanguage":"it-IT","potentialAction":[{"@type":"ReadAction","target":["https:\/\/www.article-marketing.eu\/comunicatistampa\/digital-workplace-punto-vista-dei-dipendenti\/"]}]},{"@type":"BreadcrumbList","@id":"https:\/\/www.article-marketing.eu\/comunicatistampa\/digital-workplace-punto-vista-dei-dipendenti\/#breadcrumb","itemListElement":[{"@type":"ListItem","position":1,"name":"Home","item":"https:\/\/www.article-marketing.eu\/comunicatistampa\/"},{"@type":"ListItem","position":2,"name":"Digital Workplace: il punto di vista dei dipendenti"}]},{"@type":"WebSite","@id":"https:\/\/www.article-marketing.eu\/comunicatistampa\/#website","url":"https:\/\/www.article-marketing.eu\/comunicatistampa\/","name":"Article Marketing","description":"article marketing &amp; press release","potentialAction":[{"@type":"SearchAction","target":{"@type":"EntryPoint","urlTemplate":"https:\/\/www.article-marketing.eu\/comunicatistampa\/?s={search_term_string}"},"query-input":{"@type":"PropertyValueSpecification","valueRequired":true,"valueName":"search_term_string"}}],"inLanguage":"it-IT"},{"@type":"Person","@id":"https:\/\/www.article-marketing.eu\/comunicatistampa\/#\/schema\/person\/11429a0958085546a14f2ef8706ed1ad","name":"MartaOldani","image":{"@type":"ImageObject","inLanguage":"it-IT","@id":"https:\/\/secure.gravatar.com\/avatar\/61f67e4d0e5fe2ae475d07df4f372fb6eb25341737f3c7e794f70d4c169f28dd?s=96&d=mm&r=g","url":"https:\/\/secure.gravatar.com\/avatar\/61f67e4d0e5fe2ae475d07df4f372fb6eb25341737f3c7e794f70d4c169f28dd?s=96&d=mm&r=g","contentUrl":"https:\/\/secure.gravatar.com\/avatar\/61f67e4d0e5fe2ae475d07df4f372fb6eb25341737f3c7e794f70d4c169f28dd?s=96&d=mm&r=g","caption":"MartaOldani"},"url":"https:\/\/www.article-marketing.eu\/comunicatistampa\/author\/martaoldani\/"}]}},"_links":{"self":[{"href":"https:\/\/www.article-marketing.eu\/comunicatistampa\/wp-json\/wp\/v2\/posts\/8877","targetHints":{"allow":["GET"]}}],"collection":[{"href":"https:\/\/www.article-marketing.eu\/comunicatistampa\/wp-json\/wp\/v2\/posts"}],"about":[{"href":"https:\/\/www.article-marketing.eu\/comunicatistampa\/wp-json\/wp\/v2\/types\/post"}],"author":[{"embeddable":true,"href":"https:\/\/www.article-marketing.eu\/comunicatistampa\/wp-json\/wp\/v2\/users\/15"}],"replies":[{"embeddable":true,"href":"https:\/\/www.article-marketing.eu\/comunicatistampa\/wp-json\/wp\/v2\/comments?post=8877"}],"version-history":[{"count":2,"href":"https:\/\/www.article-marketing.eu\/comunicatistampa\/wp-json\/wp\/v2\/posts\/8877\/revisions"}],"predecessor-version":[{"id":8916,"href":"https:\/\/www.article-marketing.eu\/comunicatistampa\/wp-json\/wp\/v2\/posts\/8877\/revisions\/8916"}],"wp:attachment":[{"href":"https:\/\/www.article-marketing.eu\/comunicatistampa\/wp-json\/wp\/v2\/media?parent=8877"}],"wp:term":[{"taxonomy":"category","embeddable":true,"href":"https:\/\/www.article-marketing.eu\/comunicatistampa\/wp-json\/wp\/v2\/categories?post=8877"},{"taxonomy":"post_tag","embeddable":true,"href":"https:\/\/www.article-marketing.eu\/comunicatistampa\/wp-json\/wp\/v2\/tags?post=8877"}],"curies":[{"name":"wp","href":"https:\/\/api.w.org\/{rel}","templated":true}]}}