{"id":9012,"date":"2018-02-09T11:46:57","date_gmt":"2018-02-09T10:46:57","guid":{"rendered":"http:\/\/www.article-marketing.eu\/comunicatistampa\/?p=9012"},"modified":"2018-02-09T11:46:57","modified_gmt":"2018-02-09T10:46:57","slug":"milano-un-convegno-sulla-conciliazione-casa-vita-lavoro","status":"publish","type":"post","link":"https:\/\/www.article-marketing.eu\/comunicatistampa\/milano-un-convegno-sulla-conciliazione-casa-vita-lavoro\/","title":{"rendered":"A Milano un convegno sulla conciliazione casa vita lavoro"},"content":{"rendered":"<p>A Milano un convegno sulla conciliazione casa vita lavoro<\/p>\n<p>Un convegno in occasione dell\u20198 marzo 2018, festa della donna, per parlare della conciliazione casa vita lavoro e delle conseguenze in materia di salute, sicurezza e benessere.<\/p>\n<p>Se il Testo Unico in materia di tutela della salute e della sicurezza nei luoghi di lavoro (Decreto legislativo 81\/2008) si propone, nel primo articolo, l\u2019obiettivo di garantire \u201cl\u2019uniformit\u00e0 della tutela delle lavoratrici e dei lavoratori\u201d, c\u2019\u00e8 ancora molta strada da fare affinch\u00e9 l\u2019attenzione alle diversit\u00e0 di genere in ambito lavorativo si concretizzi in una idonea tutela di salute e benessere delle donne lavoratrici.<\/p>\n<p>Non parliamo soltanto del tema della valutazione dei rischi, che non sempre tiene conto delle differenze di genere, ma anche del necessario riconoscimento delle difficolt\u00e0 di conciliare &#8211; spesso nelle lavoratrici, ma a volte anche tra i lavoratori &#8211; le esigenze di lavoro e di vita. Ad esempio non \u00e8 semplice conciliare l\u2019attivit\u00e0 lavorativa con la gestione della casa e con la cura dei figli: se questi elementi arrivano ad incrociarsi poi con altri fattori di rischio (precariet\u00e0 del lavoro, esposizione a forme di molestia, \u2026) i rischi lavorativi per le donne, non solo in termini di rischio stress lavoro correlato, diventano esponenziali.<\/p>\n<p>Il convegno sulla conciliazione casa, vita e lavoro<br \/>\nPer affrontare queste tematiche, far conoscere le difficolt\u00e0 della conciliazione casa vita lavoro e gli eventuali strumenti per diminuirne l\u2019impatto sul benessere dei lavoratori, l\u2019Associazione Italiana Formatori ed Operatori della Sicurezza sul Lavoro (AiFOS), in collaborazione con il Comitato Donne AiFOS SOFiA, ha organizzato a Milano in occasione della prossima \u201cgiornata internazionale della donna\u201d, l\u20198 marzo 2018, un convegno di studio e approfondimento dal titolo \u201cConciliazione CASA VITA LAVORO. Una questione di salute, sicurezza e benessere\u201d.<\/p>\n<p>La dimensione del conflitto casa-lavoro, in mancanza di un\u2019adeguata conciliazione, riguarda una condizione in cui gli ambiti del lavoro e della famiglia interferiscono tra loro cos\u00ec tanto che uno esercita un effetto negativo sull\u2019altro. E, come rilevato negli Stati Uniti dal NIOSH (National Institute for Occupational Safety and Health) il conflitto casa-lavoro risulta essere uno dei 10 fattori stressogeni lavorativi pi\u00f9 importanti.<\/p>\n<p>Gli obiettivi del Comitato Donne AiFOS SOFiA<br \/>\nRicordiamo che il Comitato Donne AiFOS SOFiA sviluppa e promuove i temi della tutela della salute e sicurezza, della prevenzione, protezione e miglioramento nel tempo, seguendo principalmente, ma non in modo esclusivo, tre focus:<br \/>\n&#8211; la saggezza nel gestire il precario equilibrio stress e benessere, che si traduce nell\u2019attenzione a preservare il delicato equilibrio della donna poliedrica protagonista nella famiglia, nel mondo del lavoro e nella societ\u00e0;<br \/>\n&#8211; la saggezza nel valutare tutti i rischi durante l\u2019attivit\u00e0 lavorativa anche dal punto di vista femminile, in base alle caratteristiche proprie di ogni settore di attivit\u00e0 e di ogni professionalit\u00e0 e ai rischi specifici associati ad ogni mansione;<br \/>\n&#8211; la saggezza del valorizzare il ruolo educativo e propulsivo della donna nella famiglia, nella scuola, nei luoghi di lavoro e nella societ\u00e0, per stimolare la sensibilit\u00e0 di genere, il cambiamento e il miglioramento dei comportamenti con l\u2019obiettivo di promuovere la salute e la sicurezza sui luoghi di lavoro e la prevenzione dei rischi.<\/p>\n<p>In linea con tali obiettivi \u00e8 stato organizzato per l\u20198 marzo 2018 il convegno gratuito \u201cConciliazione CASA VITA LAVORO. Una questione di salute, sicurezza e benessere\u201d che si terr\u00e0 l\u20198 marzo a Milano, dalle ore 14.30 alle ore 17.30, presso il Centro Congressi \u201cLe stelline\u201d in corso Magenta 61.<\/p>\n<p>Gli interventi al convegno<br \/>\n&#8211; Paola Favarano, Presidente Sofia Comitato Donne AiFOS<br \/>\n\u201cLa ruota della vita fra equilibrio ed equilibrismi\u201d<br \/>\n&#8211; Chiara Vannoni, Consigliera di Parit\u00e0 della Citt\u00e0 metropolitana di Milano<br \/>\n\u201cPari opportunit\u00e0, conciliazione e ruolo della consigliera di parit\u00e0\u201d<br \/>\n&#8211; Sara Elli, dottoressa in psicologia dei Processi Sociali, Decisionali e dei Comportamenti Economici<br \/>\n\u201cDecent work e benessere lavorativo: (dis)equilibrio tra vita privata e lavoro\u201d<br \/>\n&#8211; Emanuele Dagnino, Dottorando di ricerca ADAPT<br \/>\n\u201cIl diritto alla disconnessione come tutela per la salute e la sicurezza e la conciliazione vita-lavoro\u201d<br \/>\n&#8211; Michela Martinengo, Responsabile HR Stantec Italia<br \/>\n\u201cL\u2019esperienza dello smart working in Stantec Italia come risposta all\u2019esigenza di conciliazione vita-lavoro\u201d<br \/>\n&#8211; Federico Bianchi, Smart working srl<br \/>\n\u201cDall\u2019esperienza dello smartworking agli spazi di coworking\u201d<\/p>\n<p>Il link per il programma e l\u2019iscrizione all\u2019evento: http:\/\/aifos.org\/home\/eventi\/intev\/convegni_aifos\/casa_vita_lavoro<\/p>\n<p>Si ricorda che il convegno \u00e8 gratuito, ma con iscrizione obbligatoria, e che a tutti i partecipanti al convegno verr\u00e0 consegnato un attestato di presenza valido per il rilascio di n. 2 crediti per Formatori area tematica n.2 (rischi tecnici), RSPP\/ASPP.<br \/>\nSegnaliamo, infine, che le spese di partecipazione a convegni, congressi e simili o a corsi di aggiornamento professionale, nonch\u00e9 le spese di viaggio e soggiorno, sono integralmente deducibili &#8211; entro il limite annuo di 10.000 euro &#8211; come previsto dall&#8217;articolo 9 della Legge 22 maggio 2017, n\u00b0 81 (cosiddetto &#8220;Jobs Act dei lavoratori autonomi&#8221;).<\/p>\n<p>Per informazioni e iscrizioni al convegno:<br \/>\nDirezione Nazionale AiFOS: via Branze, 45 &#8211; 25123 Brescia c\/o CSMT, Universit\u00e0 degli Studi di Brescia &#8211; tel.030.6595031 &#8211; fax 030.6595040 www.aifos.it &#8211; convegni@aifos.it<\/p>\n<p>08 febbraio 2018<\/p>\n<p>Ufficio Stampa di AiFOS<br \/>\nufficiostampa@aifos.it<br \/>\nhttp:\/\/www.aifos.it\/<\/p>\n","protected":false},"excerpt":{"rendered":"<p>Si terr\u00e0 un convegno a Milano in occasione dell\u20198 marzo, festa della donna, per parlare della conciliazione casa vita lavoro e le conseguenze in materia di salute, sicurezza e benessere.<\/p>\n","protected":false},"author":881,"featured_media":0,"comment_status":"open","ping_status":"open","sticky":false,"template":"","format":"standard","meta":{"_monsterinsights_skip_tracking":false,"_monsterinsights_sitenote_active":false,"_monsterinsights_sitenote_note":"","_monsterinsights_sitenote_category":0,"footnotes":""},"categories":[78,386,392,369],"tags":[3301,3765,3763,3043,3768,3769,3762,3761,3764,1538,3767,3766],"class_list":["post-9012","post","type-post","status-publish","format-standard","hentry","category-comunicati-stampa","category-economia-e-lavoro","category-eventi","category-salute-e-benessere","tag-aifos","tag-comitato-donne-aifos-sofia","tag-conciliazione-casa-vita-lavoro-una-questione-di-salute","tag-convegno","tag-coworking","tag-decent-work-e-benessere-lavorativo","tag-differenze-di-genere","tag-donne-lavoratrici","tag-sicurezza-e-benessere","tag-sicurezza-sul-lavoro","tag-smart-working","tag-tragitto-casa-lavoro"],"yoast_head":"<!-- This site is optimized with the Yoast SEO plugin v27.3 - https:\/\/yoast.com\/product\/yoast-seo-wordpress\/ -->\n<title>A Milano un convegno sulla conciliazione casa vita lavoro - Article Marketing<\/title>\n<meta name=\"robots\" content=\"index, follow, max-snippet:-1, max-image-preview:large, max-video-preview:-1\" \/>\n<link rel=\"canonical\" href=\"https:\/\/www.article-marketing.eu\/comunicatistampa\/milano-un-convegno-sulla-conciliazione-casa-vita-lavoro\/\" \/>\n<meta property=\"og:locale\" content=\"it_IT\" \/>\n<meta property=\"og:type\" content=\"article\" \/>\n<meta property=\"og:title\" content=\"A Milano un convegno sulla conciliazione casa vita lavoro - Article Marketing\" \/>\n<meta property=\"og:description\" content=\"Si terr\u00e0 un convegno a Milano in occasione dell\u20198 marzo, festa della donna, per parlare della conciliazione casa vita lavoro e le conseguenze in materia di salute, sicurezza e benessere.\" \/>\n<meta property=\"og:url\" content=\"https:\/\/www.article-marketing.eu\/comunicatistampa\/milano-un-convegno-sulla-conciliazione-casa-vita-lavoro\/\" \/>\n<meta property=\"og:site_name\" content=\"Article Marketing\" \/>\n<meta property=\"article:published_time\" content=\"2018-02-09T10:46:57+00:00\" \/>\n<meta name=\"author\" content=\"AIFUS\" \/>\n<meta name=\"twitter:card\" content=\"summary_large_image\" \/>\n<meta name=\"twitter:label1\" content=\"Scritto da\" \/>\n\t<meta name=\"twitter:data1\" content=\"AIFUS\" \/>\n\t<meta name=\"twitter:label2\" content=\"Tempo di lettura stimato\" \/>\n\t<meta name=\"twitter:data2\" content=\"4 minuti\" \/>\n<script type=\"application\/ld+json\" class=\"yoast-schema-graph\">{\"@context\":\"https:\\\/\\\/schema.org\",\"@graph\":[{\"@type\":\"Article\",\"@id\":\"https:\\\/\\\/www.article-marketing.eu\\\/comunicatistampa\\\/milano-un-convegno-sulla-conciliazione-casa-vita-lavoro\\\/#article\",\"isPartOf\":{\"@id\":\"https:\\\/\\\/www.article-marketing.eu\\\/comunicatistampa\\\/milano-un-convegno-sulla-conciliazione-casa-vita-lavoro\\\/\"},\"author\":{\"name\":\"AIFUS\",\"@id\":\"https:\\\/\\\/www.article-marketing.eu\\\/comunicatistampa\\\/#\\\/schema\\\/person\\\/d1985c4955ff71a05f49d68e3034b3cd\"},\"headline\":\"A Milano un convegno sulla conciliazione casa vita lavoro\",\"datePublished\":\"2018-02-09T10:46:57+00:00\",\"mainEntityOfPage\":{\"@id\":\"https:\\\/\\\/www.article-marketing.eu\\\/comunicatistampa\\\/milano-un-convegno-sulla-conciliazione-casa-vita-lavoro\\\/\"},\"wordCount\":853,\"commentCount\":0,\"keywords\":[\"Aifos\",\"Comitato Donne AiFOS SOFiA\",\"Conciliazione CASA VITA LAVORO. Una questione di salute\",\"convegno\",\"coworking\",\"Decent work e benessere lavorativo\",\"differenze di genere\",\"donne lavoratrici\",\"sicurezza e benessere\",\"sicurezza sul lavoro\",\"smart working\",\"tragitto casa-lavoro\"],\"articleSection\":[\"Comunicati stampa\",\"Economia e lavoro\",\"Eventi\",\"Salute e benessere\"],\"inLanguage\":\"it-IT\",\"potentialAction\":[{\"@type\":\"CommentAction\",\"name\":\"Comment\",\"target\":[\"https:\\\/\\\/www.article-marketing.eu\\\/comunicatistampa\\\/milano-un-convegno-sulla-conciliazione-casa-vita-lavoro\\\/#respond\"]}]},{\"@type\":\"WebPage\",\"@id\":\"https:\\\/\\\/www.article-marketing.eu\\\/comunicatistampa\\\/milano-un-convegno-sulla-conciliazione-casa-vita-lavoro\\\/\",\"url\":\"https:\\\/\\\/www.article-marketing.eu\\\/comunicatistampa\\\/milano-un-convegno-sulla-conciliazione-casa-vita-lavoro\\\/\",\"name\":\"A Milano un convegno sulla conciliazione casa vita lavoro - Article Marketing\",\"isPartOf\":{\"@id\":\"https:\\\/\\\/www.article-marketing.eu\\\/comunicatistampa\\\/#website\"},\"datePublished\":\"2018-02-09T10:46:57+00:00\",\"author\":{\"@id\":\"https:\\\/\\\/www.article-marketing.eu\\\/comunicatistampa\\\/#\\\/schema\\\/person\\\/d1985c4955ff71a05f49d68e3034b3cd\"},\"breadcrumb\":{\"@id\":\"https:\\\/\\\/www.article-marketing.eu\\\/comunicatistampa\\\/milano-un-convegno-sulla-conciliazione-casa-vita-lavoro\\\/#breadcrumb\"},\"inLanguage\":\"it-IT\",\"potentialAction\":[{\"@type\":\"ReadAction\",\"target\":[\"https:\\\/\\\/www.article-marketing.eu\\\/comunicatistampa\\\/milano-un-convegno-sulla-conciliazione-casa-vita-lavoro\\\/\"]}]},{\"@type\":\"BreadcrumbList\",\"@id\":\"https:\\\/\\\/www.article-marketing.eu\\\/comunicatistampa\\\/milano-un-convegno-sulla-conciliazione-casa-vita-lavoro\\\/#breadcrumb\",\"itemListElement\":[{\"@type\":\"ListItem\",\"position\":1,\"name\":\"Home\",\"item\":\"https:\\\/\\\/www.article-marketing.eu\\\/comunicatistampa\\\/\"},{\"@type\":\"ListItem\",\"position\":2,\"name\":\"A Milano un convegno sulla conciliazione casa vita lavoro\"}]},{\"@type\":\"WebSite\",\"@id\":\"https:\\\/\\\/www.article-marketing.eu\\\/comunicatistampa\\\/#website\",\"url\":\"https:\\\/\\\/www.article-marketing.eu\\\/comunicatistampa\\\/\",\"name\":\"Article Marketing\",\"description\":\"article marketing &amp; press release\",\"potentialAction\":[{\"@type\":\"SearchAction\",\"target\":{\"@type\":\"EntryPoint\",\"urlTemplate\":\"https:\\\/\\\/www.article-marketing.eu\\\/comunicatistampa\\\/?s={search_term_string}\"},\"query-input\":{\"@type\":\"PropertyValueSpecification\",\"valueRequired\":true,\"valueName\":\"search_term_string\"}}],\"inLanguage\":\"it-IT\"},{\"@type\":\"Person\",\"@id\":\"https:\\\/\\\/www.article-marketing.eu\\\/comunicatistampa\\\/#\\\/schema\\\/person\\\/d1985c4955ff71a05f49d68e3034b3cd\",\"name\":\"AIFUS\",\"image\":{\"@type\":\"ImageObject\",\"inLanguage\":\"it-IT\",\"@id\":\"https:\\\/\\\/secure.gravatar.com\\\/avatar\\\/05cf2a2ba057667571308b94c84f00ff48766ffac95710a87491a9b3ddcee484?s=96&d=mm&r=g\",\"url\":\"https:\\\/\\\/secure.gravatar.com\\\/avatar\\\/05cf2a2ba057667571308b94c84f00ff48766ffac95710a87491a9b3ddcee484?s=96&d=mm&r=g\",\"contentUrl\":\"https:\\\/\\\/secure.gravatar.com\\\/avatar\\\/05cf2a2ba057667571308b94c84f00ff48766ffac95710a87491a9b3ddcee484?s=96&d=mm&r=g\",\"caption\":\"AIFUS\"},\"url\":\"https:\\\/\\\/www.article-marketing.eu\\\/comunicatistampa\\\/author\\\/aifus\\\/\"}]}<\/script>\n<!-- \/ Yoast SEO plugin. -->","yoast_head_json":{"title":"A Milano un convegno sulla conciliazione casa vita lavoro - Article Marketing","robots":{"index":"index","follow":"follow","max-snippet":"max-snippet:-1","max-image-preview":"max-image-preview:large","max-video-preview":"max-video-preview:-1"},"canonical":"https:\/\/www.article-marketing.eu\/comunicatistampa\/milano-un-convegno-sulla-conciliazione-casa-vita-lavoro\/","og_locale":"it_IT","og_type":"article","og_title":"A Milano un convegno sulla conciliazione casa vita lavoro - Article Marketing","og_description":"Si terr\u00e0 un convegno a Milano in occasione dell\u20198 marzo, festa della donna, per parlare della conciliazione casa vita lavoro e le conseguenze in materia di salute, sicurezza e benessere.","og_url":"https:\/\/www.article-marketing.eu\/comunicatistampa\/milano-un-convegno-sulla-conciliazione-casa-vita-lavoro\/","og_site_name":"Article Marketing","article_published_time":"2018-02-09T10:46:57+00:00","author":"AIFUS","twitter_card":"summary_large_image","twitter_misc":{"Scritto da":"AIFUS","Tempo di lettura stimato":"4 minuti"},"schema":{"@context":"https:\/\/schema.org","@graph":[{"@type":"Article","@id":"https:\/\/www.article-marketing.eu\/comunicatistampa\/milano-un-convegno-sulla-conciliazione-casa-vita-lavoro\/#article","isPartOf":{"@id":"https:\/\/www.article-marketing.eu\/comunicatistampa\/milano-un-convegno-sulla-conciliazione-casa-vita-lavoro\/"},"author":{"name":"AIFUS","@id":"https:\/\/www.article-marketing.eu\/comunicatistampa\/#\/schema\/person\/d1985c4955ff71a05f49d68e3034b3cd"},"headline":"A Milano un convegno sulla conciliazione casa vita lavoro","datePublished":"2018-02-09T10:46:57+00:00","mainEntityOfPage":{"@id":"https:\/\/www.article-marketing.eu\/comunicatistampa\/milano-un-convegno-sulla-conciliazione-casa-vita-lavoro\/"},"wordCount":853,"commentCount":0,"keywords":["Aifos","Comitato Donne AiFOS SOFiA","Conciliazione CASA VITA LAVORO. Una questione di salute","convegno","coworking","Decent work e benessere lavorativo","differenze di genere","donne lavoratrici","sicurezza e benessere","sicurezza sul lavoro","smart working","tragitto casa-lavoro"],"articleSection":["Comunicati stampa","Economia e lavoro","Eventi","Salute e benessere"],"inLanguage":"it-IT","potentialAction":[{"@type":"CommentAction","name":"Comment","target":["https:\/\/www.article-marketing.eu\/comunicatistampa\/milano-un-convegno-sulla-conciliazione-casa-vita-lavoro\/#respond"]}]},{"@type":"WebPage","@id":"https:\/\/www.article-marketing.eu\/comunicatistampa\/milano-un-convegno-sulla-conciliazione-casa-vita-lavoro\/","url":"https:\/\/www.article-marketing.eu\/comunicatistampa\/milano-un-convegno-sulla-conciliazione-casa-vita-lavoro\/","name":"A Milano un convegno sulla conciliazione casa vita lavoro - Article Marketing","isPartOf":{"@id":"https:\/\/www.article-marketing.eu\/comunicatistampa\/#website"},"datePublished":"2018-02-09T10:46:57+00:00","author":{"@id":"https:\/\/www.article-marketing.eu\/comunicatistampa\/#\/schema\/person\/d1985c4955ff71a05f49d68e3034b3cd"},"breadcrumb":{"@id":"https:\/\/www.article-marketing.eu\/comunicatistampa\/milano-un-convegno-sulla-conciliazione-casa-vita-lavoro\/#breadcrumb"},"inLanguage":"it-IT","potentialAction":[{"@type":"ReadAction","target":["https:\/\/www.article-marketing.eu\/comunicatistampa\/milano-un-convegno-sulla-conciliazione-casa-vita-lavoro\/"]}]},{"@type":"BreadcrumbList","@id":"https:\/\/www.article-marketing.eu\/comunicatistampa\/milano-un-convegno-sulla-conciliazione-casa-vita-lavoro\/#breadcrumb","itemListElement":[{"@type":"ListItem","position":1,"name":"Home","item":"https:\/\/www.article-marketing.eu\/comunicatistampa\/"},{"@type":"ListItem","position":2,"name":"A Milano un convegno sulla conciliazione casa vita lavoro"}]},{"@type":"WebSite","@id":"https:\/\/www.article-marketing.eu\/comunicatistampa\/#website","url":"https:\/\/www.article-marketing.eu\/comunicatistampa\/","name":"Article Marketing","description":"article marketing &amp; press release","potentialAction":[{"@type":"SearchAction","target":{"@type":"EntryPoint","urlTemplate":"https:\/\/www.article-marketing.eu\/comunicatistampa\/?s={search_term_string}"},"query-input":{"@type":"PropertyValueSpecification","valueRequired":true,"valueName":"search_term_string"}}],"inLanguage":"it-IT"},{"@type":"Person","@id":"https:\/\/www.article-marketing.eu\/comunicatistampa\/#\/schema\/person\/d1985c4955ff71a05f49d68e3034b3cd","name":"AIFUS","image":{"@type":"ImageObject","inLanguage":"it-IT","@id":"https:\/\/secure.gravatar.com\/avatar\/05cf2a2ba057667571308b94c84f00ff48766ffac95710a87491a9b3ddcee484?s=96&d=mm&r=g","url":"https:\/\/secure.gravatar.com\/avatar\/05cf2a2ba057667571308b94c84f00ff48766ffac95710a87491a9b3ddcee484?s=96&d=mm&r=g","contentUrl":"https:\/\/secure.gravatar.com\/avatar\/05cf2a2ba057667571308b94c84f00ff48766ffac95710a87491a9b3ddcee484?s=96&d=mm&r=g","caption":"AIFUS"},"url":"https:\/\/www.article-marketing.eu\/comunicatistampa\/author\/aifus\/"}]}},"_links":{"self":[{"href":"https:\/\/www.article-marketing.eu\/comunicatistampa\/wp-json\/wp\/v2\/posts\/9012","targetHints":{"allow":["GET"]}}],"collection":[{"href":"https:\/\/www.article-marketing.eu\/comunicatistampa\/wp-json\/wp\/v2\/posts"}],"about":[{"href":"https:\/\/www.article-marketing.eu\/comunicatistampa\/wp-json\/wp\/v2\/types\/post"}],"author":[{"embeddable":true,"href":"https:\/\/www.article-marketing.eu\/comunicatistampa\/wp-json\/wp\/v2\/users\/881"}],"replies":[{"embeddable":true,"href":"https:\/\/www.article-marketing.eu\/comunicatistampa\/wp-json\/wp\/v2\/comments?post=9012"}],"version-history":[{"count":2,"href":"https:\/\/www.article-marketing.eu\/comunicatistampa\/wp-json\/wp\/v2\/posts\/9012\/revisions"}],"predecessor-version":[{"id":9037,"href":"https:\/\/www.article-marketing.eu\/comunicatistampa\/wp-json\/wp\/v2\/posts\/9012\/revisions\/9037"}],"wp:attachment":[{"href":"https:\/\/www.article-marketing.eu\/comunicatistampa\/wp-json\/wp\/v2\/media?parent=9012"}],"wp:term":[{"taxonomy":"category","embeddable":true,"href":"https:\/\/www.article-marketing.eu\/comunicatistampa\/wp-json\/wp\/v2\/categories?post=9012"},{"taxonomy":"post_tag","embeddable":true,"href":"https:\/\/www.article-marketing.eu\/comunicatistampa\/wp-json\/wp\/v2\/tags?post=9012"}],"curies":[{"name":"wp","href":"https:\/\/api.w.org\/{rel}","templated":true}]}}