{"id":902,"date":"2017-03-07T19:00:58","date_gmt":"2017-03-07T18:00:58","guid":{"rendered":"http:\/\/www.article-marketing.eu\/comunicatistampa\/?p=902"},"modified":"2017-03-07T19:02:23","modified_gmt":"2017-03-07T18:02:23","slug":"nasce-oggi-il-centro-nazionale-anti-cyberbullismo","status":"publish","type":"post","link":"https:\/\/www.article-marketing.eu\/comunicatistampa\/nasce-oggi-il-centro-nazionale-anti-cyberbullismo\/","title":{"rendered":"NASCE OGGI IL CENTRO NAZIONALE ANTI-CYBERBULLISMO"},"content":{"rendered":"<p><em>Roma, 7 marzo 2017<\/em> \u2013 Nasce oggi il CNAC, Centro Nazionale Anti-Cyberbullismo (<a href=\"http:\/\/www.anticyberbullismo.it\">www.anticyberbullismo.it<\/a>), iniziativa permanente lanciata dall\u2019Istituto Italiano per la Privacy per aiutare le vittime di questo grave e attuale fenomeno.<\/p>\n<p>Il Centro Nazionale Anti-Cyberbullismo \u00e8 stato presentato questa mattina alla Camera dei Deputati, in concomitanza con una tavola rotonda tra istituzioni e stakeholder dedicata alla tutela dei dati personali dei minori alla luce del Regolamento Privacy Europeo, tema al quale \u00e8 dedicato lo studio appena pubblicato dall\u2019Istituto e da CNAC intitolato \u201cL\u2019et\u00e0 del consenso digitale\u201d e scaricabile al link www.istitutoitalianoprivacy.it\/it\/wp-content\/uploads\/2017\/03\/Et%C3%A0_del_consenso_digitale_IIP_CNAC_2017.pdf<\/p>\n<p>\u201cIl Centro Nazionale Anti-Cyberbullismo \u00e8 sostenuto da Facebook, in qualit\u00e0 di main sponsor, e da molti dei pi\u00f9 prestigiosi studi legali italiani che si occupano di cyber diritto\u201d, ha spiegato l\u2019avvocato Luca Bolognini, Presidente dell\u2019Istituto Italiano per la Privacy. \u201cIl progetto, oltre ad aiutare gratuitamente le vittime di cyberbullismo e i loro famigliari \u2013 ha proseguito e concluso poi Bolognini &#8211; intende anche contribuire all\u2019educazione preventiva dei soggetti a rischio, mediante guide legali e operatori appositamente formati. Per questo, saremo in prima fila anche partecipando ai tavoli istituzionali che saranno attivati in materia, quando verr\u00e0 approvata la nuova legge di contrasto al fenomeno, cosa che auspichiamo avvenga nelle prossime settimane\u201d.<\/p>\n<p>A Camilla Bistolfi, Fellow Researcher dell\u2019Istituto ed esperta della materia, la direzione del CNAC. \u201cIl CNAC dar\u00e0 un primo consulto e assistenza ai ragazzi e ai loro genitori da un punto di vista principalmente legale\u201d, ha spiegato la Bistolfi. \u201cIn questo ci differenziamo da altre nobili iniziative in corso e anzi ci integreremo felicemente con diversi progetti di taglio psico-sociale promossi da organizzazioni di tutela dei diritti dei bambini in Italia e in Europa\u201d. \u201cAbbiamo un numero verde a disposizione di tutti e siamo naturalmente contattabili via web. Inoltre gli studi legali che ci sostengono forniranno ascolto, contenuti e orientamenti qualificati\u201d, ha continuato ancora l\u2019esperta, che ha concluso con un auspicio: \u201cVogliamo diventare un punto di riferimento nazionale nel contrasto al cyberbullismo, ma soprattutto un approdo sicuro e affidabile per le vittime. Vittime normalmente giovanissime, anche se il fenomeno sembra ormai allargarsi a livello intergenerazionale, e poco consapevoli dei propri diritti. Serve, infatti, una guida in grado di far capire ai ragazzi come difendersi, per non farli sentire persi e confusi in caso di aggressioni digitali, ma serve anche educazione per i soggetti che potrebbero trasformarsi in cyberbulli, affinch\u00e9 comprendano la gravit\u00e0 anche legale di questi comportamenti prima di attuarli.\u201d<\/p>\n","protected":false},"excerpt":{"rendered":"<p>Roma, 7 marzo 2017 \u2013 Nasce oggi il CNAC, Centro Nazionale Anti-Cyberbullismo (www.anticyberbullismo.it), iniziativa permanente lanciata dall\u2019Istituto Italiano per la Privacy per aiutare le vittime di questo grave e attuale fenomeno. Il Centro Nazionale Anti-Cyberbullismo \u00e8 stato presentato questa mattina alla Camera dei Deputati, in concomitanza con una tavola rotonda tra istituzioni e stakeholder dedicata alla tutela dei dati personali dei minori alla luce del Regolamento Privacy Europeo, tema al<\/p>\n<p><a class=\"continue-reading\" href=\"https:\/\/www.article-marketing.eu\/comunicatistampa\/nasce-oggi-il-centro-nazionale-anti-cyberbullismo\/\">Continue reading&#8230;<\/a><\/p>\n","protected":false},"author":74,"featured_media":0,"comment_status":"open","ping_status":"open","sticky":false,"template":"","format":"standard","meta":{"_monsterinsights_skip_tracking":false,"_monsterinsights_sitenote_active":false,"_monsterinsights_sitenote_note":"","_monsterinsights_sitenote_category":0,"footnotes":""},"categories":[78,392,380,361,420],"tags":[600,598,599],"class_list":["post-902","post","type-post","status-publish","format-standard","hentry","category-comunicati-stampa","category-eventi","category-internet","category-politica","category-tutela-e-denunce-2","tag-cnac","tag-cyberbullismo","tag-giovani"],"yoast_head":"<!-- This site is optimized with the Yoast SEO plugin v27.3 - https:\/\/yoast.com\/product\/yoast-seo-wordpress\/ -->\n<title>NASCE OGGI IL CENTRO NAZIONALE ANTI-CYBERBULLISMO - Article Marketing<\/title>\n<meta name=\"robots\" content=\"index, follow, max-snippet:-1, max-image-preview:large, max-video-preview:-1\" \/>\n<link rel=\"canonical\" href=\"https:\/\/www.article-marketing.eu\/comunicatistampa\/nasce-oggi-il-centro-nazionale-anti-cyberbullismo\/\" \/>\n<meta property=\"og:locale\" content=\"it_IT\" \/>\n<meta property=\"og:type\" content=\"article\" \/>\n<meta property=\"og:title\" content=\"NASCE OGGI IL CENTRO NAZIONALE ANTI-CYBERBULLISMO - Article Marketing\" \/>\n<meta property=\"og:description\" content=\"Roma, 7 marzo 2017 \u2013 Nasce oggi il CNAC, Centro Nazionale Anti-Cyberbullismo (www.anticyberbullismo.it), iniziativa permanente lanciata dall\u2019Istituto Italiano per la Privacy per aiutare le vittime di questo grave e attuale fenomeno. Il Centro Nazionale Anti-Cyberbullismo \u00e8 stato presentato questa mattina alla Camera dei Deputati, in concomitanza con una tavola rotonda tra istituzioni e stakeholder dedicata alla tutela dei dati personali dei minori alla luce del Regolamento Privacy Europeo, tema alContinue reading...\" \/>\n<meta property=\"og:url\" content=\"https:\/\/www.article-marketing.eu\/comunicatistampa\/nasce-oggi-il-centro-nazionale-anti-cyberbullismo\/\" \/>\n<meta property=\"og:site_name\" content=\"Article Marketing\" \/>\n<meta property=\"article:published_time\" content=\"2017-03-07T18:00:58+00:00\" \/>\n<meta property=\"article:modified_time\" content=\"2017-03-07T18:02:23+00:00\" \/>\n<meta name=\"author\" content=\"Rosanna Donati\" \/>\n<meta name=\"twitter:card\" content=\"summary_large_image\" \/>\n<meta name=\"twitter:label1\" content=\"Scritto da\" \/>\n\t<meta name=\"twitter:data1\" content=\"Rosanna Donati\" \/>\n\t<meta name=\"twitter:label2\" content=\"Tempo di lettura stimato\" \/>\n\t<meta name=\"twitter:data2\" content=\"2 minuti\" \/>\n<script type=\"application\/ld+json\" class=\"yoast-schema-graph\">{\"@context\":\"https:\\\/\\\/schema.org\",\"@graph\":[{\"@type\":\"Article\",\"@id\":\"https:\\\/\\\/www.article-marketing.eu\\\/comunicatistampa\\\/nasce-oggi-il-centro-nazionale-anti-cyberbullismo\\\/#article\",\"isPartOf\":{\"@id\":\"https:\\\/\\\/www.article-marketing.eu\\\/comunicatistampa\\\/nasce-oggi-il-centro-nazionale-anti-cyberbullismo\\\/\"},\"author\":{\"name\":\"Rosanna Donati\",\"@id\":\"https:\\\/\\\/www.article-marketing.eu\\\/comunicatistampa\\\/#\\\/schema\\\/person\\\/c6ad5945a8ca7a85b6849d4dfaa8d2ae\"},\"headline\":\"NASCE OGGI IL CENTRO NAZIONALE ANTI-CYBERBULLISMO\",\"datePublished\":\"2017-03-07T18:00:58+00:00\",\"dateModified\":\"2017-03-07T18:02:23+00:00\",\"mainEntityOfPage\":{\"@id\":\"https:\\\/\\\/www.article-marketing.eu\\\/comunicatistampa\\\/nasce-oggi-il-centro-nazionale-anti-cyberbullismo\\\/\"},\"wordCount\":424,\"commentCount\":0,\"keywords\":[\"CNAC\",\"cyberbullismo\",\"giovani\"],\"articleSection\":[\"Comunicati stampa\",\"Eventi\",\"Internet\",\"Politica\",\"Tutela e denunce\"],\"inLanguage\":\"it-IT\",\"potentialAction\":[{\"@type\":\"CommentAction\",\"name\":\"Comment\",\"target\":[\"https:\\\/\\\/www.article-marketing.eu\\\/comunicatistampa\\\/nasce-oggi-il-centro-nazionale-anti-cyberbullismo\\\/#respond\"]}]},{\"@type\":\"WebPage\",\"@id\":\"https:\\\/\\\/www.article-marketing.eu\\\/comunicatistampa\\\/nasce-oggi-il-centro-nazionale-anti-cyberbullismo\\\/\",\"url\":\"https:\\\/\\\/www.article-marketing.eu\\\/comunicatistampa\\\/nasce-oggi-il-centro-nazionale-anti-cyberbullismo\\\/\",\"name\":\"NASCE OGGI IL CENTRO NAZIONALE ANTI-CYBERBULLISMO - Article Marketing\",\"isPartOf\":{\"@id\":\"https:\\\/\\\/www.article-marketing.eu\\\/comunicatistampa\\\/#website\"},\"datePublished\":\"2017-03-07T18:00:58+00:00\",\"dateModified\":\"2017-03-07T18:02:23+00:00\",\"author\":{\"@id\":\"https:\\\/\\\/www.article-marketing.eu\\\/comunicatistampa\\\/#\\\/schema\\\/person\\\/c6ad5945a8ca7a85b6849d4dfaa8d2ae\"},\"breadcrumb\":{\"@id\":\"https:\\\/\\\/www.article-marketing.eu\\\/comunicatistampa\\\/nasce-oggi-il-centro-nazionale-anti-cyberbullismo\\\/#breadcrumb\"},\"inLanguage\":\"it-IT\",\"potentialAction\":[{\"@type\":\"ReadAction\",\"target\":[\"https:\\\/\\\/www.article-marketing.eu\\\/comunicatistampa\\\/nasce-oggi-il-centro-nazionale-anti-cyberbullismo\\\/\"]}]},{\"@type\":\"BreadcrumbList\",\"@id\":\"https:\\\/\\\/www.article-marketing.eu\\\/comunicatistampa\\\/nasce-oggi-il-centro-nazionale-anti-cyberbullismo\\\/#breadcrumb\",\"itemListElement\":[{\"@type\":\"ListItem\",\"position\":1,\"name\":\"Home\",\"item\":\"https:\\\/\\\/www.article-marketing.eu\\\/comunicatistampa\\\/\"},{\"@type\":\"ListItem\",\"position\":2,\"name\":\"NASCE OGGI IL CENTRO NAZIONALE ANTI-CYBERBULLISMO\"}]},{\"@type\":\"WebSite\",\"@id\":\"https:\\\/\\\/www.article-marketing.eu\\\/comunicatistampa\\\/#website\",\"url\":\"https:\\\/\\\/www.article-marketing.eu\\\/comunicatistampa\\\/\",\"name\":\"Article Marketing\",\"description\":\"article marketing &amp; press release\",\"potentialAction\":[{\"@type\":\"SearchAction\",\"target\":{\"@type\":\"EntryPoint\",\"urlTemplate\":\"https:\\\/\\\/www.article-marketing.eu\\\/comunicatistampa\\\/?s={search_term_string}\"},\"query-input\":{\"@type\":\"PropertyValueSpecification\",\"valueRequired\":true,\"valueName\":\"search_term_string\"}}],\"inLanguage\":\"it-IT\"},{\"@type\":\"Person\",\"@id\":\"https:\\\/\\\/www.article-marketing.eu\\\/comunicatistampa\\\/#\\\/schema\\\/person\\\/c6ad5945a8ca7a85b6849d4dfaa8d2ae\",\"name\":\"Rosanna Donati\",\"image\":{\"@type\":\"ImageObject\",\"inLanguage\":\"it-IT\",\"@id\":\"https:\\\/\\\/secure.gravatar.com\\\/avatar\\\/c40e358f35ad7105c7b5b7132430b2744edf34bda93aeaeb023fb65fb3449a70?s=96&d=mm&r=g\",\"url\":\"https:\\\/\\\/secure.gravatar.com\\\/avatar\\\/c40e358f35ad7105c7b5b7132430b2744edf34bda93aeaeb023fb65fb3449a70?s=96&d=mm&r=g\",\"contentUrl\":\"https:\\\/\\\/secure.gravatar.com\\\/avatar\\\/c40e358f35ad7105c7b5b7132430b2744edf34bda93aeaeb023fb65fb3449a70?s=96&d=mm&r=g\",\"caption\":\"Rosanna Donati\"},\"url\":\"https:\\\/\\\/www.article-marketing.eu\\\/comunicatistampa\\\/author\\\/rosanna-donati\\\/\"}]}<\/script>\n<!-- \/ Yoast SEO plugin. -->","yoast_head_json":{"title":"NASCE OGGI IL CENTRO NAZIONALE ANTI-CYBERBULLISMO - Article Marketing","robots":{"index":"index","follow":"follow","max-snippet":"max-snippet:-1","max-image-preview":"max-image-preview:large","max-video-preview":"max-video-preview:-1"},"canonical":"https:\/\/www.article-marketing.eu\/comunicatistampa\/nasce-oggi-il-centro-nazionale-anti-cyberbullismo\/","og_locale":"it_IT","og_type":"article","og_title":"NASCE OGGI IL CENTRO NAZIONALE ANTI-CYBERBULLISMO - Article Marketing","og_description":"Roma, 7 marzo 2017 \u2013 Nasce oggi il CNAC, Centro Nazionale Anti-Cyberbullismo (www.anticyberbullismo.it), iniziativa permanente lanciata dall\u2019Istituto Italiano per la Privacy per aiutare le vittime di questo grave e attuale fenomeno. Il Centro Nazionale Anti-Cyberbullismo \u00e8 stato presentato questa mattina alla Camera dei Deputati, in concomitanza con una tavola rotonda tra istituzioni e stakeholder dedicata alla tutela dei dati personali dei minori alla luce del Regolamento Privacy Europeo, tema alContinue reading...","og_url":"https:\/\/www.article-marketing.eu\/comunicatistampa\/nasce-oggi-il-centro-nazionale-anti-cyberbullismo\/","og_site_name":"Article Marketing","article_published_time":"2017-03-07T18:00:58+00:00","article_modified_time":"2017-03-07T18:02:23+00:00","author":"Rosanna Donati","twitter_card":"summary_large_image","twitter_misc":{"Scritto da":"Rosanna Donati","Tempo di lettura stimato":"2 minuti"},"schema":{"@context":"https:\/\/schema.org","@graph":[{"@type":"Article","@id":"https:\/\/www.article-marketing.eu\/comunicatistampa\/nasce-oggi-il-centro-nazionale-anti-cyberbullismo\/#article","isPartOf":{"@id":"https:\/\/www.article-marketing.eu\/comunicatistampa\/nasce-oggi-il-centro-nazionale-anti-cyberbullismo\/"},"author":{"name":"Rosanna Donati","@id":"https:\/\/www.article-marketing.eu\/comunicatistampa\/#\/schema\/person\/c6ad5945a8ca7a85b6849d4dfaa8d2ae"},"headline":"NASCE OGGI IL CENTRO NAZIONALE ANTI-CYBERBULLISMO","datePublished":"2017-03-07T18:00:58+00:00","dateModified":"2017-03-07T18:02:23+00:00","mainEntityOfPage":{"@id":"https:\/\/www.article-marketing.eu\/comunicatistampa\/nasce-oggi-il-centro-nazionale-anti-cyberbullismo\/"},"wordCount":424,"commentCount":0,"keywords":["CNAC","cyberbullismo","giovani"],"articleSection":["Comunicati stampa","Eventi","Internet","Politica","Tutela e denunce"],"inLanguage":"it-IT","potentialAction":[{"@type":"CommentAction","name":"Comment","target":["https:\/\/www.article-marketing.eu\/comunicatistampa\/nasce-oggi-il-centro-nazionale-anti-cyberbullismo\/#respond"]}]},{"@type":"WebPage","@id":"https:\/\/www.article-marketing.eu\/comunicatistampa\/nasce-oggi-il-centro-nazionale-anti-cyberbullismo\/","url":"https:\/\/www.article-marketing.eu\/comunicatistampa\/nasce-oggi-il-centro-nazionale-anti-cyberbullismo\/","name":"NASCE OGGI IL CENTRO NAZIONALE ANTI-CYBERBULLISMO - Article Marketing","isPartOf":{"@id":"https:\/\/www.article-marketing.eu\/comunicatistampa\/#website"},"datePublished":"2017-03-07T18:00:58+00:00","dateModified":"2017-03-07T18:02:23+00:00","author":{"@id":"https:\/\/www.article-marketing.eu\/comunicatistampa\/#\/schema\/person\/c6ad5945a8ca7a85b6849d4dfaa8d2ae"},"breadcrumb":{"@id":"https:\/\/www.article-marketing.eu\/comunicatistampa\/nasce-oggi-il-centro-nazionale-anti-cyberbullismo\/#breadcrumb"},"inLanguage":"it-IT","potentialAction":[{"@type":"ReadAction","target":["https:\/\/www.article-marketing.eu\/comunicatistampa\/nasce-oggi-il-centro-nazionale-anti-cyberbullismo\/"]}]},{"@type":"BreadcrumbList","@id":"https:\/\/www.article-marketing.eu\/comunicatistampa\/nasce-oggi-il-centro-nazionale-anti-cyberbullismo\/#breadcrumb","itemListElement":[{"@type":"ListItem","position":1,"name":"Home","item":"https:\/\/www.article-marketing.eu\/comunicatistampa\/"},{"@type":"ListItem","position":2,"name":"NASCE OGGI IL CENTRO NAZIONALE ANTI-CYBERBULLISMO"}]},{"@type":"WebSite","@id":"https:\/\/www.article-marketing.eu\/comunicatistampa\/#website","url":"https:\/\/www.article-marketing.eu\/comunicatistampa\/","name":"Article Marketing","description":"article marketing &amp; press release","potentialAction":[{"@type":"SearchAction","target":{"@type":"EntryPoint","urlTemplate":"https:\/\/www.article-marketing.eu\/comunicatistampa\/?s={search_term_string}"},"query-input":{"@type":"PropertyValueSpecification","valueRequired":true,"valueName":"search_term_string"}}],"inLanguage":"it-IT"},{"@type":"Person","@id":"https:\/\/www.article-marketing.eu\/comunicatistampa\/#\/schema\/person\/c6ad5945a8ca7a85b6849d4dfaa8d2ae","name":"Rosanna Donati","image":{"@type":"ImageObject","inLanguage":"it-IT","@id":"https:\/\/secure.gravatar.com\/avatar\/c40e358f35ad7105c7b5b7132430b2744edf34bda93aeaeb023fb65fb3449a70?s=96&d=mm&r=g","url":"https:\/\/secure.gravatar.com\/avatar\/c40e358f35ad7105c7b5b7132430b2744edf34bda93aeaeb023fb65fb3449a70?s=96&d=mm&r=g","contentUrl":"https:\/\/secure.gravatar.com\/avatar\/c40e358f35ad7105c7b5b7132430b2744edf34bda93aeaeb023fb65fb3449a70?s=96&d=mm&r=g","caption":"Rosanna Donati"},"url":"https:\/\/www.article-marketing.eu\/comunicatistampa\/author\/rosanna-donati\/"}]}},"_links":{"self":[{"href":"https:\/\/www.article-marketing.eu\/comunicatistampa\/wp-json\/wp\/v2\/posts\/902","targetHints":{"allow":["GET"]}}],"collection":[{"href":"https:\/\/www.article-marketing.eu\/comunicatistampa\/wp-json\/wp\/v2\/posts"}],"about":[{"href":"https:\/\/www.article-marketing.eu\/comunicatistampa\/wp-json\/wp\/v2\/types\/post"}],"author":[{"embeddable":true,"href":"https:\/\/www.article-marketing.eu\/comunicatistampa\/wp-json\/wp\/v2\/users\/74"}],"replies":[{"embeddable":true,"href":"https:\/\/www.article-marketing.eu\/comunicatistampa\/wp-json\/wp\/v2\/comments?post=902"}],"version-history":[{"count":2,"href":"https:\/\/www.article-marketing.eu\/comunicatistampa\/wp-json\/wp\/v2\/posts\/902\/revisions"}],"predecessor-version":[{"id":905,"href":"https:\/\/www.article-marketing.eu\/comunicatistampa\/wp-json\/wp\/v2\/posts\/902\/revisions\/905"}],"wp:attachment":[{"href":"https:\/\/www.article-marketing.eu\/comunicatistampa\/wp-json\/wp\/v2\/media?parent=902"}],"wp:term":[{"taxonomy":"category","embeddable":true,"href":"https:\/\/www.article-marketing.eu\/comunicatistampa\/wp-json\/wp\/v2\/categories?post=902"},{"taxonomy":"post_tag","embeddable":true,"href":"https:\/\/www.article-marketing.eu\/comunicatistampa\/wp-json\/wp\/v2\/tags?post=902"}],"curies":[{"name":"wp","href":"https:\/\/api.w.org\/{rel}","templated":true}]}}