{"id":9069,"date":"2018-02-12T16:13:24","date_gmt":"2018-02-12T15:13:24","guid":{"rendered":"http:\/\/www.article-marketing.eu\/comunicatistampa\/?p=9069"},"modified":"2018-02-12T16:13:24","modified_gmt":"2018-02-12T15:13:24","slug":"innovazione-infrastrutture-piu-spazio-ai-privati","status":"publish","type":"post","link":"https:\/\/www.article-marketing.eu\/comunicatistampa\/innovazione-infrastrutture-piu-spazio-ai-privati\/","title":{"rendered":"Innovazione e infrastrutture: pi\u00f9 spazio ai privati"},"content":{"rendered":"<p>Banche e imprese intorno al tavolo. Con un filo rosso: spingere su infrastrutture e innovazione, con un sistema bancario che sappia accompagnare questa evoluzione. Tutti concordi nel chiedere un quadro di regole certe. \u00abL\u2019Italia ha una sfida: il modello di sviluppo del futuro. Va pensato oggi\u00bb, dice Pietro Salini, ad del gruppo Salini-Impregilo. Il rilancio delle infrastrutture ha tenuto banco al convegno Assiom-Forex. Salini condivide: \u00abNon avere infrastrutture al livello dei paesi con cui competiamo \u00e8 uno svantaggio. Ci sono i soldi? Allora siamo doppiamente colpevoli\u00bb, ha aggiunto, sottolineando i tempi lunghi della Pa: il contratto firmato da Salini-Impregilo nel 1991 per l&#8217;alta velocit\u00e0 Verona-Padova \u00e8 stato finanziato nell\u2019ultimo Cipe del 2017. \u00abOccorre un quadro normativo stabile &#8211; ha aggiunto &#8211; per rendere attraente il settore infrastrutturale anche ai privati, fondi sovrani e fondi pensione, che verrebbero nel nostro paese\u00bb. Una \u00abcostanza delle regole\u00bb \u00e8 una priorit\u00e0 anche per Gianluca Rana, ad dell\u2019omonimo gruppo.<\/p>\n<p>Bene Industria 4.0. Ma non basta: \u00abOccorre una spinta all\u2019aggregazione e un maggiore aiuto all\u2019internazionalizzazione. Le imprese spesso sono troppo piccole: se si modernizza, ma si ha difficolt\u00e0 a trovare i mercati \u00e8 inutile\u00bb, ha detto Rana, aggiungendo di non pensare alla Borsa, che il gruppo continuer\u00e0 a crescere del 15 per cento, nella media del passato, e che negli Usa in 5 anni sono stati raggiunti 300 milioni di ricavi. Innovazione s\u00ec, ma insieme alla sostenibilit\u00e0, ha sottolineato la presidente Enel, Patrizia Grieco. \u00abBisogna accelerare su innovazione, il cliente \u00e8 meno statico. Ma nessuna impresa pu\u00f2 sviluppare da sola un processo innovativo al passo con i tempi. Enel sta realizzando hub tecnologici. Un ruolo cruciale lo gioca la finanza sostenibile\u00bb, ha continuato la Grieco, citando i green bond emessi l\u2019anno scorso e quest\u2019anno. La necessit\u00e0 di un \u00abecosistema\u00bb \u00e8 stata sottolineata anche da Pietro Sella, ceo del Gruppo Sella. \u00abOccorre una collaborazione tra gli operatori. Il Fintech District \u00e8 un ecosistema aperto per far s\u00ec che anche nel nostro settore si crei un\u2019ambiente capace di creare quell\u2019innovazione che porta allo sviluppo\u00bb aggiungendo che la banca ha intenzione di crescere da sola. Pensa invece ad altre acquisizioni l\u2019ad del banco Bpm, Giuseppe Castagna: \u00abSe riusciamo a fare il nostro piano per fine 2019 avremo una solidit\u00e0 che ci permetter\u00e0 di guardare ad altro\u00bb. Per Castagna \u00aboggi il sistema bancario \u00e8 nelle condizioni di supportare le imprese italiane, anche quella minoranza che \u00e8 ancora in difficolt\u00e0\u00bb, ha continuato Castagna, aggiungendo che il gruppo \u00ab\u00e8 attrezzatissimo per vendere e gestire Npl\u00bb. Npl, Unione bancaria e Unione monetaria: per Roberto Gualtieri, presidente Commissione affari economici e monetari del Parlamento Ue, c\u2019\u00e8 la possibilit\u00e0 di raggiungere un traguardo prima della fine della legislatura Ue, con \u00abun equilibrio tra la riduzione del rischio per le banche e il sostegno all&#8217;economia reale\u00bb. Sui crediti deteriorati, \u00abl\u2019addendum della Bce arriver\u00e0 \u2013 ha detto &#8211; valuteremo il testo finale. Ottenere un rinvio credo aiuti tutti gli operatori\u00bb.<\/p>\n<p><a href=\"http:\/\/www.ilsole24ore.com\/art\/notizie\/2018-02-11\/cantieri-e-innovazione-piu-spazio-privati-081028.shtml?uuid=AEFeQKyD\">http:\/\/www.ilsole24ore.com\/art\/notizie\/2018-02-11\/cantieri-e-innovazione-piu-spazio-privati-081028.shtml?uuid=AEFeQKyD<\/a><\/p>\n","protected":false},"excerpt":{"rendered":"<p>Banche e imprese intorno al tavolo. Con un filo rosso: spingere su infrastrutture e innovazione, con un sistema bancario che sappia accompagnare questa evoluzione. Tutti concordi nel chiedere un quadro di regole certe. \u00abL\u2019Italia ha una sfida: il modello di sviluppo del futuro. Va pensato oggi\u00bb, dice Pietro Salini, ad del gruppo Salini-Impregilo. Il rilancio delle infrastrutture ha tenuto banco al convegno Assiom-Forex. Salini condivide: \u00abNon avere infrastrutture al livello<\/p>\n<p><a class=\"continue-reading\" href=\"https:\/\/www.article-marketing.eu\/comunicatistampa\/innovazione-infrastrutture-piu-spazio-ai-privati\/\">Continue reading&#8230;<\/a><\/p>\n","protected":false},"author":226,"featured_media":0,"comment_status":"open","ping_status":"open","sticky":false,"template":"","format":"standard","meta":{"_monsterinsights_skip_tracking":false,"_monsterinsights_sitenote_active":false,"_monsterinsights_sitenote_note":"","_monsterinsights_sitenote_category":0,"footnotes":""},"categories":[386],"tags":[3805,1856],"class_list":["post-9069","post","type-post","status-publish","format-standard","hentry","category-economia-e-lavoro","tag-infrastrutture","tag-salini-impregilo"],"yoast_head":"<!-- This site is optimized with the Yoast SEO plugin v27.3 - https:\/\/yoast.com\/product\/yoast-seo-wordpress\/ -->\n<title>Innovazione e infrastrutture: pi\u00f9 spazio ai privati - Article Marketing<\/title>\n<meta name=\"robots\" content=\"index, follow, max-snippet:-1, max-image-preview:large, max-video-preview:-1\" \/>\n<link rel=\"canonical\" href=\"https:\/\/www.article-marketing.eu\/comunicatistampa\/innovazione-infrastrutture-piu-spazio-ai-privati\/\" \/>\n<meta property=\"og:locale\" content=\"it_IT\" \/>\n<meta property=\"og:type\" content=\"article\" \/>\n<meta property=\"og:title\" content=\"Innovazione e infrastrutture: pi\u00f9 spazio ai privati - Article Marketing\" \/>\n<meta property=\"og:description\" content=\"Banche e imprese intorno al tavolo. Con un filo rosso: spingere su infrastrutture e innovazione, con un sistema bancario che sappia accompagnare questa evoluzione. Tutti concordi nel chiedere un quadro di regole certe. \u00abL\u2019Italia ha una sfida: il modello di sviluppo del futuro. Va pensato oggi\u00bb, dice Pietro Salini, ad del gruppo Salini-Impregilo. Il rilancio delle infrastrutture ha tenuto banco al convegno Assiom-Forex. Salini condivide: \u00abNon avere infrastrutture al livelloContinue reading...\" \/>\n<meta property=\"og:url\" content=\"https:\/\/www.article-marketing.eu\/comunicatistampa\/innovazione-infrastrutture-piu-spazio-ai-privati\/\" \/>\n<meta property=\"og:site_name\" content=\"Article Marketing\" \/>\n<meta property=\"article:published_time\" content=\"2018-02-12T15:13:24+00:00\" \/>\n<meta name=\"author\" content=\"Moni Rizza\" \/>\n<meta name=\"twitter:card\" content=\"summary_large_image\" \/>\n<meta name=\"twitter:label1\" content=\"Scritto da\" \/>\n\t<meta name=\"twitter:data1\" content=\"Moni Rizza\" \/>\n\t<meta name=\"twitter:label2\" content=\"Tempo di lettura stimato\" \/>\n\t<meta name=\"twitter:data2\" content=\"2 minuti\" \/>\n<script type=\"application\/ld+json\" class=\"yoast-schema-graph\">{\"@context\":\"https:\\\/\\\/schema.org\",\"@graph\":[{\"@type\":\"Article\",\"@id\":\"https:\\\/\\\/www.article-marketing.eu\\\/comunicatistampa\\\/innovazione-infrastrutture-piu-spazio-ai-privati\\\/#article\",\"isPartOf\":{\"@id\":\"https:\\\/\\\/www.article-marketing.eu\\\/comunicatistampa\\\/innovazione-infrastrutture-piu-spazio-ai-privati\\\/\"},\"author\":{\"name\":\"Moni Rizza\",\"@id\":\"https:\\\/\\\/www.article-marketing.eu\\\/comunicatistampa\\\/#\\\/schema\\\/person\\\/715bb8a033ed0623928561550396b8f7\"},\"headline\":\"Innovazione e infrastrutture: pi\u00f9 spazio ai privati\",\"datePublished\":\"2018-02-12T15:13:24+00:00\",\"mainEntityOfPage\":{\"@id\":\"https:\\\/\\\/www.article-marketing.eu\\\/comunicatistampa\\\/innovazione-infrastrutture-piu-spazio-ai-privati\\\/\"},\"wordCount\":496,\"commentCount\":0,\"keywords\":[\"infrastrutture\",\"salini impregilo\"],\"articleSection\":[\"Economia e lavoro\"],\"inLanguage\":\"it-IT\",\"potentialAction\":[{\"@type\":\"CommentAction\",\"name\":\"Comment\",\"target\":[\"https:\\\/\\\/www.article-marketing.eu\\\/comunicatistampa\\\/innovazione-infrastrutture-piu-spazio-ai-privati\\\/#respond\"]}]},{\"@type\":\"WebPage\",\"@id\":\"https:\\\/\\\/www.article-marketing.eu\\\/comunicatistampa\\\/innovazione-infrastrutture-piu-spazio-ai-privati\\\/\",\"url\":\"https:\\\/\\\/www.article-marketing.eu\\\/comunicatistampa\\\/innovazione-infrastrutture-piu-spazio-ai-privati\\\/\",\"name\":\"Innovazione e infrastrutture: pi\u00f9 spazio ai privati - Article Marketing\",\"isPartOf\":{\"@id\":\"https:\\\/\\\/www.article-marketing.eu\\\/comunicatistampa\\\/#website\"},\"datePublished\":\"2018-02-12T15:13:24+00:00\",\"author\":{\"@id\":\"https:\\\/\\\/www.article-marketing.eu\\\/comunicatistampa\\\/#\\\/schema\\\/person\\\/715bb8a033ed0623928561550396b8f7\"},\"breadcrumb\":{\"@id\":\"https:\\\/\\\/www.article-marketing.eu\\\/comunicatistampa\\\/innovazione-infrastrutture-piu-spazio-ai-privati\\\/#breadcrumb\"},\"inLanguage\":\"it-IT\",\"potentialAction\":[{\"@type\":\"ReadAction\",\"target\":[\"https:\\\/\\\/www.article-marketing.eu\\\/comunicatistampa\\\/innovazione-infrastrutture-piu-spazio-ai-privati\\\/\"]}]},{\"@type\":\"BreadcrumbList\",\"@id\":\"https:\\\/\\\/www.article-marketing.eu\\\/comunicatistampa\\\/innovazione-infrastrutture-piu-spazio-ai-privati\\\/#breadcrumb\",\"itemListElement\":[{\"@type\":\"ListItem\",\"position\":1,\"name\":\"Home\",\"item\":\"https:\\\/\\\/www.article-marketing.eu\\\/comunicatistampa\\\/\"},{\"@type\":\"ListItem\",\"position\":2,\"name\":\"Innovazione e infrastrutture: pi\u00f9 spazio ai privati\"}]},{\"@type\":\"WebSite\",\"@id\":\"https:\\\/\\\/www.article-marketing.eu\\\/comunicatistampa\\\/#website\",\"url\":\"https:\\\/\\\/www.article-marketing.eu\\\/comunicatistampa\\\/\",\"name\":\"Article Marketing\",\"description\":\"article marketing &amp; press release\",\"potentialAction\":[{\"@type\":\"SearchAction\",\"target\":{\"@type\":\"EntryPoint\",\"urlTemplate\":\"https:\\\/\\\/www.article-marketing.eu\\\/comunicatistampa\\\/?s={search_term_string}\"},\"query-input\":{\"@type\":\"PropertyValueSpecification\",\"valueRequired\":true,\"valueName\":\"search_term_string\"}}],\"inLanguage\":\"it-IT\"},{\"@type\":\"Person\",\"@id\":\"https:\\\/\\\/www.article-marketing.eu\\\/comunicatistampa\\\/#\\\/schema\\\/person\\\/715bb8a033ed0623928561550396b8f7\",\"name\":\"Moni Rizza\",\"image\":{\"@type\":\"ImageObject\",\"inLanguage\":\"it-IT\",\"@id\":\"https:\\\/\\\/secure.gravatar.com\\\/avatar\\\/80aac995bc5dfa8d4c1c78a62678a69fadea7ba9d6f39def803c65d069593291?s=96&d=mm&r=g\",\"url\":\"https:\\\/\\\/secure.gravatar.com\\\/avatar\\\/80aac995bc5dfa8d4c1c78a62678a69fadea7ba9d6f39def803c65d069593291?s=96&d=mm&r=g\",\"contentUrl\":\"https:\\\/\\\/secure.gravatar.com\\\/avatar\\\/80aac995bc5dfa8d4c1c78a62678a69fadea7ba9d6f39def803c65d069593291?s=96&d=mm&r=g\",\"caption\":\"Moni Rizza\"},\"url\":\"https:\\\/\\\/www.article-marketing.eu\\\/comunicatistampa\\\/author\\\/moni-rizza\\\/\"}]}<\/script>\n<!-- \/ Yoast SEO plugin. -->","yoast_head_json":{"title":"Innovazione e infrastrutture: pi\u00f9 spazio ai privati - Article Marketing","robots":{"index":"index","follow":"follow","max-snippet":"max-snippet:-1","max-image-preview":"max-image-preview:large","max-video-preview":"max-video-preview:-1"},"canonical":"https:\/\/www.article-marketing.eu\/comunicatistampa\/innovazione-infrastrutture-piu-spazio-ai-privati\/","og_locale":"it_IT","og_type":"article","og_title":"Innovazione e infrastrutture: pi\u00f9 spazio ai privati - Article Marketing","og_description":"Banche e imprese intorno al tavolo. Con un filo rosso: spingere su infrastrutture e innovazione, con un sistema bancario che sappia accompagnare questa evoluzione. Tutti concordi nel chiedere un quadro di regole certe. \u00abL\u2019Italia ha una sfida: il modello di sviluppo del futuro. Va pensato oggi\u00bb, dice Pietro Salini, ad del gruppo Salini-Impregilo. Il rilancio delle infrastrutture ha tenuto banco al convegno Assiom-Forex. Salini condivide: \u00abNon avere infrastrutture al livelloContinue reading...","og_url":"https:\/\/www.article-marketing.eu\/comunicatistampa\/innovazione-infrastrutture-piu-spazio-ai-privati\/","og_site_name":"Article Marketing","article_published_time":"2018-02-12T15:13:24+00:00","author":"Moni Rizza","twitter_card":"summary_large_image","twitter_misc":{"Scritto da":"Moni Rizza","Tempo di lettura stimato":"2 minuti"},"schema":{"@context":"https:\/\/schema.org","@graph":[{"@type":"Article","@id":"https:\/\/www.article-marketing.eu\/comunicatistampa\/innovazione-infrastrutture-piu-spazio-ai-privati\/#article","isPartOf":{"@id":"https:\/\/www.article-marketing.eu\/comunicatistampa\/innovazione-infrastrutture-piu-spazio-ai-privati\/"},"author":{"name":"Moni Rizza","@id":"https:\/\/www.article-marketing.eu\/comunicatistampa\/#\/schema\/person\/715bb8a033ed0623928561550396b8f7"},"headline":"Innovazione e infrastrutture: pi\u00f9 spazio ai privati","datePublished":"2018-02-12T15:13:24+00:00","mainEntityOfPage":{"@id":"https:\/\/www.article-marketing.eu\/comunicatistampa\/innovazione-infrastrutture-piu-spazio-ai-privati\/"},"wordCount":496,"commentCount":0,"keywords":["infrastrutture","salini impregilo"],"articleSection":["Economia e lavoro"],"inLanguage":"it-IT","potentialAction":[{"@type":"CommentAction","name":"Comment","target":["https:\/\/www.article-marketing.eu\/comunicatistampa\/innovazione-infrastrutture-piu-spazio-ai-privati\/#respond"]}]},{"@type":"WebPage","@id":"https:\/\/www.article-marketing.eu\/comunicatistampa\/innovazione-infrastrutture-piu-spazio-ai-privati\/","url":"https:\/\/www.article-marketing.eu\/comunicatistampa\/innovazione-infrastrutture-piu-spazio-ai-privati\/","name":"Innovazione e infrastrutture: pi\u00f9 spazio ai privati - Article Marketing","isPartOf":{"@id":"https:\/\/www.article-marketing.eu\/comunicatistampa\/#website"},"datePublished":"2018-02-12T15:13:24+00:00","author":{"@id":"https:\/\/www.article-marketing.eu\/comunicatistampa\/#\/schema\/person\/715bb8a033ed0623928561550396b8f7"},"breadcrumb":{"@id":"https:\/\/www.article-marketing.eu\/comunicatistampa\/innovazione-infrastrutture-piu-spazio-ai-privati\/#breadcrumb"},"inLanguage":"it-IT","potentialAction":[{"@type":"ReadAction","target":["https:\/\/www.article-marketing.eu\/comunicatistampa\/innovazione-infrastrutture-piu-spazio-ai-privati\/"]}]},{"@type":"BreadcrumbList","@id":"https:\/\/www.article-marketing.eu\/comunicatistampa\/innovazione-infrastrutture-piu-spazio-ai-privati\/#breadcrumb","itemListElement":[{"@type":"ListItem","position":1,"name":"Home","item":"https:\/\/www.article-marketing.eu\/comunicatistampa\/"},{"@type":"ListItem","position":2,"name":"Innovazione e infrastrutture: pi\u00f9 spazio ai privati"}]},{"@type":"WebSite","@id":"https:\/\/www.article-marketing.eu\/comunicatistampa\/#website","url":"https:\/\/www.article-marketing.eu\/comunicatistampa\/","name":"Article Marketing","description":"article marketing &amp; press release","potentialAction":[{"@type":"SearchAction","target":{"@type":"EntryPoint","urlTemplate":"https:\/\/www.article-marketing.eu\/comunicatistampa\/?s={search_term_string}"},"query-input":{"@type":"PropertyValueSpecification","valueRequired":true,"valueName":"search_term_string"}}],"inLanguage":"it-IT"},{"@type":"Person","@id":"https:\/\/www.article-marketing.eu\/comunicatistampa\/#\/schema\/person\/715bb8a033ed0623928561550396b8f7","name":"Moni Rizza","image":{"@type":"ImageObject","inLanguage":"it-IT","@id":"https:\/\/secure.gravatar.com\/avatar\/80aac995bc5dfa8d4c1c78a62678a69fadea7ba9d6f39def803c65d069593291?s=96&d=mm&r=g","url":"https:\/\/secure.gravatar.com\/avatar\/80aac995bc5dfa8d4c1c78a62678a69fadea7ba9d6f39def803c65d069593291?s=96&d=mm&r=g","contentUrl":"https:\/\/secure.gravatar.com\/avatar\/80aac995bc5dfa8d4c1c78a62678a69fadea7ba9d6f39def803c65d069593291?s=96&d=mm&r=g","caption":"Moni Rizza"},"url":"https:\/\/www.article-marketing.eu\/comunicatistampa\/author\/moni-rizza\/"}]}},"_links":{"self":[{"href":"https:\/\/www.article-marketing.eu\/comunicatistampa\/wp-json\/wp\/v2\/posts\/9069","targetHints":{"allow":["GET"]}}],"collection":[{"href":"https:\/\/www.article-marketing.eu\/comunicatistampa\/wp-json\/wp\/v2\/posts"}],"about":[{"href":"https:\/\/www.article-marketing.eu\/comunicatistampa\/wp-json\/wp\/v2\/types\/post"}],"author":[{"embeddable":true,"href":"https:\/\/www.article-marketing.eu\/comunicatistampa\/wp-json\/wp\/v2\/users\/226"}],"replies":[{"embeddable":true,"href":"https:\/\/www.article-marketing.eu\/comunicatistampa\/wp-json\/wp\/v2\/comments?post=9069"}],"version-history":[{"count":4,"href":"https:\/\/www.article-marketing.eu\/comunicatistampa\/wp-json\/wp\/v2\/posts\/9069\/revisions"}],"predecessor-version":[{"id":9078,"href":"https:\/\/www.article-marketing.eu\/comunicatistampa\/wp-json\/wp\/v2\/posts\/9069\/revisions\/9078"}],"wp:attachment":[{"href":"https:\/\/www.article-marketing.eu\/comunicatistampa\/wp-json\/wp\/v2\/media?parent=9069"}],"wp:term":[{"taxonomy":"category","embeddable":true,"href":"https:\/\/www.article-marketing.eu\/comunicatistampa\/wp-json\/wp\/v2\/categories?post=9069"},{"taxonomy":"post_tag","embeddable":true,"href":"https:\/\/www.article-marketing.eu\/comunicatistampa\/wp-json\/wp\/v2\/tags?post=9069"}],"curies":[{"name":"wp","href":"https:\/\/api.w.org\/{rel}","templated":true}]}}