{"id":9163,"date":"2018-02-19T15:23:58","date_gmt":"2018-02-19T14:23:58","guid":{"rendered":"http:\/\/www.article-marketing.eu\/comunicatistampa\/?p=9163"},"modified":"2018-02-19T15:23:58","modified_gmt":"2018-02-19T14:23:58","slug":"donatella-bartoli-protagonista-pane-dal-cielo","status":"publish","type":"post","link":"https:\/\/www.article-marketing.eu\/comunicatistampa\/donatella-bartoli-protagonista-pane-dal-cielo\/","title":{"rendered":"Donatella Bartoli protagonista in &#8220;Pane dal Cielo&#8221;"},"content":{"rendered":"<p><strong><em>Donatella Bartoli torna sul grande schermo protagonista nel film \u201cPane dal Cielo\u201d con la regia di Giovanni Bedeschi che sar\u00e0 proiettato al Cineteatro Don Bosco di Carugate domenica 18 febbraio.<\/em><\/strong><\/p>\n<p><strong><em>\u00a0<\/em><\/strong><\/p>\n<p>Occhi cristallini come l\u2019oceano e una bellezza affascinante d\u2019altri tempi. Lei \u00e8 <strong>Donatella Bartoli<\/strong>, prossimamente al cinema come protagonista nel film opera prima di <strong>Giovanni Bedeschi<\/strong> \u201cPane dal Cielo\u201d, girato a Milano che punta i riflettori sul tema dei \u201cSenza Dimora\u201d. Una pellicola che racconta il ritrovamento improvviso di un neonato da parte di due \u201csenza dimora\u201d (<strong>Donatella Bartoli e Sergio Leone<\/strong>) che alcune persone riescono a vedere e altre no. Una metafora che vuole simbolizzare una difficile realt\u00e0 che ha come protagonisti delle persone \u201cdisperate\u201d che spesso non vogliamo vedere. Il film, \u00e8 stato proiettato la scorsa settimana al <strong>Cinema San Fedele<\/strong> di Milano durante il <strong>Festival Aquer\u00f2<\/strong>, riscuotendo un grande successo di pubblico. Nel cast anche <strong>Paola Pitagora<\/strong>.<\/p>\n<p><strong>Donatella Bartoli<\/strong>, attrice poliedrica ha alle spalle una lunga carriera teatrale, televisiva e cinematografica.<\/p>\n<p>Tra i suoi lavori televisivi la ricordiamo nelle serie \u201c<strong>Questo nostro amore<\/strong>\u201d e \u201c<strong>Questo nostro amore 70<\/strong>\u201d di Luca Ribuoli, \u201c<strong>The Young Pope<\/strong>\u201d di Paolo Sorrentino, \u201c<strong>Fuoriclasse<\/strong>\u201d di Riccardo Donna.<\/p>\n<p>Per il cinema, invece, \u00e8 stata protagonista del film \u201c<strong>Morituri<\/strong>\u201d di Daniele Segre (presentato al 33\u00b0 Torino Film Festival), nel cast de \u201c<strong>L\u2019Intrepido<\/strong>\u201d di Gianni Amelio, \u201c<strong>Il Pretore<\/strong>\u201d di Giulio Base, \u201c<strong>L\u2019uomo perfetto<\/strong>\u201d di Luca Lucini e \u201c<strong>L\u2019aria del lago<\/strong>\u201d di Alberto Rondalli.<\/p>\n<p>&nbsp;<\/p>\n<p>Un\u2019ultima curiosit\u00e0 su Donatella Bartoli: \u00e8 attualmente la voce istituzionale della pubblicit\u00e0 televisiva del Mulino Bianco.<\/p>\n<p>&nbsp;<\/p>\n<p>Link al trailer di \u201cPane dal Cielo\u201d<\/p>\n<p><a href=\"https:\/\/www.youtube.com\/watch?v=E-W5fNvy0zc&amp;sns=fb\">https:\/\/www.youtube.com\/watch?v=E-W5fNvy0zc&amp;sns=fb<\/a><\/p>\n","protected":false},"excerpt":{"rendered":"<p>Donatella Bartoli torna sul grande schermo protagonista nel film \u201cPane dal Cielo\u201d con la regia di Giovanni Bedeschi che sar\u00e0 proiettato al Cineteatro Don Bosco di Carugate domenica 18 febbraio. \u00a0 Occhi cristallini come l\u2019oceano e una bellezza affascinante d\u2019altri tempi. Lei \u00e8 Donatella Bartoli, prossimamente al cinema come protagonista nel film opera prima di Giovanni Bedeschi \u201cPane dal Cielo\u201d, girato a Milano che punta i riflettori sul tema dei<\/p>\n<p><a class=\"continue-reading\" href=\"https:\/\/www.article-marketing.eu\/comunicatistampa\/donatella-bartoli-protagonista-pane-dal-cielo\/\">Continue reading&#8230;<\/a><\/p>\n","protected":false},"author":48,"featured_media":0,"comment_status":"open","ping_status":"open","sticky":false,"template":"","format":"standard","meta":{"_monsterinsights_skip_tracking":false,"_monsterinsights_sitenote_active":false,"_monsterinsights_sitenote_note":"","_monsterinsights_sitenote_category":0,"footnotes":""},"categories":[408],"tags":[3832,3831],"class_list":["post-9163","post","type-post","status-publish","format-standard","hentry","category-cinema","tag-donatella-bartoli","tag-pane-dal-cielo"],"yoast_head":"<!-- This site is optimized with the Yoast SEO plugin v27.3 - https:\/\/yoast.com\/product\/yoast-seo-wordpress\/ -->\n<title>Donatella Bartoli protagonista in &quot;Pane dal Cielo&quot; - Article Marketing<\/title>\n<meta name=\"robots\" content=\"index, follow, max-snippet:-1, max-image-preview:large, max-video-preview:-1\" \/>\n<link rel=\"canonical\" href=\"https:\/\/www.article-marketing.eu\/comunicatistampa\/donatella-bartoli-protagonista-pane-dal-cielo\/\" \/>\n<meta property=\"og:locale\" content=\"it_IT\" \/>\n<meta property=\"og:type\" content=\"article\" \/>\n<meta property=\"og:title\" content=\"Donatella Bartoli protagonista in &quot;Pane dal Cielo&quot; - Article Marketing\" \/>\n<meta property=\"og:description\" content=\"Donatella Bartoli torna sul grande schermo protagonista nel film \u201cPane dal Cielo\u201d con la regia di Giovanni Bedeschi che sar\u00e0 proiettato al Cineteatro Don Bosco di Carugate domenica 18 febbraio. \u00a0 Occhi cristallini come l\u2019oceano e una bellezza affascinante d\u2019altri tempi. Lei \u00e8 Donatella Bartoli, prossimamente al cinema come protagonista nel film opera prima di Giovanni Bedeschi \u201cPane dal Cielo\u201d, girato a Milano che punta i riflettori sul tema deiContinue reading...\" \/>\n<meta property=\"og:url\" content=\"https:\/\/www.article-marketing.eu\/comunicatistampa\/donatella-bartoli-protagonista-pane-dal-cielo\/\" \/>\n<meta property=\"og:site_name\" content=\"Article Marketing\" \/>\n<meta property=\"article:published_time\" content=\"2018-02-19T14:23:58+00:00\" \/>\n<meta name=\"author\" content=\"Uff Stampa\" \/>\n<meta name=\"twitter:card\" content=\"summary_large_image\" \/>\n<meta name=\"twitter:label1\" content=\"Scritto da\" \/>\n\t<meta name=\"twitter:data1\" content=\"Uff Stampa\" \/>\n\t<meta name=\"twitter:label2\" content=\"Tempo di lettura stimato\" \/>\n\t<meta name=\"twitter:data2\" content=\"1 minuto\" \/>\n<script type=\"application\/ld+json\" class=\"yoast-schema-graph\">{\"@context\":\"https:\\\/\\\/schema.org\",\"@graph\":[{\"@type\":\"Article\",\"@id\":\"https:\\\/\\\/www.article-marketing.eu\\\/comunicatistampa\\\/donatella-bartoli-protagonista-pane-dal-cielo\\\/#article\",\"isPartOf\":{\"@id\":\"https:\\\/\\\/www.article-marketing.eu\\\/comunicatistampa\\\/donatella-bartoli-protagonista-pane-dal-cielo\\\/\"},\"author\":{\"name\":\"Uff Stampa\",\"@id\":\"https:\\\/\\\/www.article-marketing.eu\\\/comunicatistampa\\\/#\\\/schema\\\/person\\\/22d81e7c04e93611ddcda888b65438d8\"},\"headline\":\"Donatella Bartoli protagonista in &#8220;Pane dal Cielo&#8221;\",\"datePublished\":\"2018-02-19T14:23:58+00:00\",\"mainEntityOfPage\":{\"@id\":\"https:\\\/\\\/www.article-marketing.eu\\\/comunicatistampa\\\/donatella-bartoli-protagonista-pane-dal-cielo\\\/\"},\"wordCount\":280,\"commentCount\":0,\"keywords\":[\"Donatella Bartoli\",\"Pane dal Cielo\"],\"articleSection\":[\"Cinema\"],\"inLanguage\":\"it-IT\",\"potentialAction\":[{\"@type\":\"CommentAction\",\"name\":\"Comment\",\"target\":[\"https:\\\/\\\/www.article-marketing.eu\\\/comunicatistampa\\\/donatella-bartoli-protagonista-pane-dal-cielo\\\/#respond\"]}]},{\"@type\":\"WebPage\",\"@id\":\"https:\\\/\\\/www.article-marketing.eu\\\/comunicatistampa\\\/donatella-bartoli-protagonista-pane-dal-cielo\\\/\",\"url\":\"https:\\\/\\\/www.article-marketing.eu\\\/comunicatistampa\\\/donatella-bartoli-protagonista-pane-dal-cielo\\\/\",\"name\":\"Donatella Bartoli protagonista in \\\"Pane dal Cielo\\\" - Article Marketing\",\"isPartOf\":{\"@id\":\"https:\\\/\\\/www.article-marketing.eu\\\/comunicatistampa\\\/#website\"},\"datePublished\":\"2018-02-19T14:23:58+00:00\",\"author\":{\"@id\":\"https:\\\/\\\/www.article-marketing.eu\\\/comunicatistampa\\\/#\\\/schema\\\/person\\\/22d81e7c04e93611ddcda888b65438d8\"},\"breadcrumb\":{\"@id\":\"https:\\\/\\\/www.article-marketing.eu\\\/comunicatistampa\\\/donatella-bartoli-protagonista-pane-dal-cielo\\\/#breadcrumb\"},\"inLanguage\":\"it-IT\",\"potentialAction\":[{\"@type\":\"ReadAction\",\"target\":[\"https:\\\/\\\/www.article-marketing.eu\\\/comunicatistampa\\\/donatella-bartoli-protagonista-pane-dal-cielo\\\/\"]}]},{\"@type\":\"BreadcrumbList\",\"@id\":\"https:\\\/\\\/www.article-marketing.eu\\\/comunicatistampa\\\/donatella-bartoli-protagonista-pane-dal-cielo\\\/#breadcrumb\",\"itemListElement\":[{\"@type\":\"ListItem\",\"position\":1,\"name\":\"Home\",\"item\":\"https:\\\/\\\/www.article-marketing.eu\\\/comunicatistampa\\\/\"},{\"@type\":\"ListItem\",\"position\":2,\"name\":\"Donatella Bartoli protagonista in &#8220;Pane dal Cielo&#8221;\"}]},{\"@type\":\"WebSite\",\"@id\":\"https:\\\/\\\/www.article-marketing.eu\\\/comunicatistampa\\\/#website\",\"url\":\"https:\\\/\\\/www.article-marketing.eu\\\/comunicatistampa\\\/\",\"name\":\"Article Marketing\",\"description\":\"article marketing &amp; press release\",\"potentialAction\":[{\"@type\":\"SearchAction\",\"target\":{\"@type\":\"EntryPoint\",\"urlTemplate\":\"https:\\\/\\\/www.article-marketing.eu\\\/comunicatistampa\\\/?s={search_term_string}\"},\"query-input\":{\"@type\":\"PropertyValueSpecification\",\"valueRequired\":true,\"valueName\":\"search_term_string\"}}],\"inLanguage\":\"it-IT\"},{\"@type\":\"Person\",\"@id\":\"https:\\\/\\\/www.article-marketing.eu\\\/comunicatistampa\\\/#\\\/schema\\\/person\\\/22d81e7c04e93611ddcda888b65438d8\",\"name\":\"Uff Stampa\",\"image\":{\"@type\":\"ImageObject\",\"inLanguage\":\"it-IT\",\"@id\":\"https:\\\/\\\/secure.gravatar.com\\\/avatar\\\/e3e9c5b947f539233b3f740c64e48242313649ff2a529b2191b5577aab6b4c57?s=96&d=mm&r=g\",\"url\":\"https:\\\/\\\/secure.gravatar.com\\\/avatar\\\/e3e9c5b947f539233b3f740c64e48242313649ff2a529b2191b5577aab6b4c57?s=96&d=mm&r=g\",\"contentUrl\":\"https:\\\/\\\/secure.gravatar.com\\\/avatar\\\/e3e9c5b947f539233b3f740c64e48242313649ff2a529b2191b5577aab6b4c57?s=96&d=mm&r=g\",\"caption\":\"Uff Stampa\"},\"url\":\"https:\\\/\\\/www.article-marketing.eu\\\/comunicatistampa\\\/author\\\/uff-stampa\\\/\"}]}<\/script>\n<!-- \/ Yoast SEO plugin. -->","yoast_head_json":{"title":"Donatella Bartoli protagonista in \"Pane dal Cielo\" - Article Marketing","robots":{"index":"index","follow":"follow","max-snippet":"max-snippet:-1","max-image-preview":"max-image-preview:large","max-video-preview":"max-video-preview:-1"},"canonical":"https:\/\/www.article-marketing.eu\/comunicatistampa\/donatella-bartoli-protagonista-pane-dal-cielo\/","og_locale":"it_IT","og_type":"article","og_title":"Donatella Bartoli protagonista in \"Pane dal Cielo\" - Article Marketing","og_description":"Donatella Bartoli torna sul grande schermo protagonista nel film \u201cPane dal Cielo\u201d con la regia di Giovanni Bedeschi che sar\u00e0 proiettato al Cineteatro Don Bosco di Carugate domenica 18 febbraio. \u00a0 Occhi cristallini come l\u2019oceano e una bellezza affascinante d\u2019altri tempi. Lei \u00e8 Donatella Bartoli, prossimamente al cinema come protagonista nel film opera prima di Giovanni Bedeschi \u201cPane dal Cielo\u201d, girato a Milano che punta i riflettori sul tema deiContinue reading...","og_url":"https:\/\/www.article-marketing.eu\/comunicatistampa\/donatella-bartoli-protagonista-pane-dal-cielo\/","og_site_name":"Article Marketing","article_published_time":"2018-02-19T14:23:58+00:00","author":"Uff Stampa","twitter_card":"summary_large_image","twitter_misc":{"Scritto da":"Uff Stampa","Tempo di lettura stimato":"1 minuto"},"schema":{"@context":"https:\/\/schema.org","@graph":[{"@type":"Article","@id":"https:\/\/www.article-marketing.eu\/comunicatistampa\/donatella-bartoli-protagonista-pane-dal-cielo\/#article","isPartOf":{"@id":"https:\/\/www.article-marketing.eu\/comunicatistampa\/donatella-bartoli-protagonista-pane-dal-cielo\/"},"author":{"name":"Uff Stampa","@id":"https:\/\/www.article-marketing.eu\/comunicatistampa\/#\/schema\/person\/22d81e7c04e93611ddcda888b65438d8"},"headline":"Donatella Bartoli protagonista in &#8220;Pane dal Cielo&#8221;","datePublished":"2018-02-19T14:23:58+00:00","mainEntityOfPage":{"@id":"https:\/\/www.article-marketing.eu\/comunicatistampa\/donatella-bartoli-protagonista-pane-dal-cielo\/"},"wordCount":280,"commentCount":0,"keywords":["Donatella Bartoli","Pane dal Cielo"],"articleSection":["Cinema"],"inLanguage":"it-IT","potentialAction":[{"@type":"CommentAction","name":"Comment","target":["https:\/\/www.article-marketing.eu\/comunicatistampa\/donatella-bartoli-protagonista-pane-dal-cielo\/#respond"]}]},{"@type":"WebPage","@id":"https:\/\/www.article-marketing.eu\/comunicatistampa\/donatella-bartoli-protagonista-pane-dal-cielo\/","url":"https:\/\/www.article-marketing.eu\/comunicatistampa\/donatella-bartoli-protagonista-pane-dal-cielo\/","name":"Donatella Bartoli protagonista in \"Pane dal Cielo\" - Article Marketing","isPartOf":{"@id":"https:\/\/www.article-marketing.eu\/comunicatistampa\/#website"},"datePublished":"2018-02-19T14:23:58+00:00","author":{"@id":"https:\/\/www.article-marketing.eu\/comunicatistampa\/#\/schema\/person\/22d81e7c04e93611ddcda888b65438d8"},"breadcrumb":{"@id":"https:\/\/www.article-marketing.eu\/comunicatistampa\/donatella-bartoli-protagonista-pane-dal-cielo\/#breadcrumb"},"inLanguage":"it-IT","potentialAction":[{"@type":"ReadAction","target":["https:\/\/www.article-marketing.eu\/comunicatistampa\/donatella-bartoli-protagonista-pane-dal-cielo\/"]}]},{"@type":"BreadcrumbList","@id":"https:\/\/www.article-marketing.eu\/comunicatistampa\/donatella-bartoli-protagonista-pane-dal-cielo\/#breadcrumb","itemListElement":[{"@type":"ListItem","position":1,"name":"Home","item":"https:\/\/www.article-marketing.eu\/comunicatistampa\/"},{"@type":"ListItem","position":2,"name":"Donatella Bartoli protagonista in &#8220;Pane dal Cielo&#8221;"}]},{"@type":"WebSite","@id":"https:\/\/www.article-marketing.eu\/comunicatistampa\/#website","url":"https:\/\/www.article-marketing.eu\/comunicatistampa\/","name":"Article Marketing","description":"article marketing &amp; press release","potentialAction":[{"@type":"SearchAction","target":{"@type":"EntryPoint","urlTemplate":"https:\/\/www.article-marketing.eu\/comunicatistampa\/?s={search_term_string}"},"query-input":{"@type":"PropertyValueSpecification","valueRequired":true,"valueName":"search_term_string"}}],"inLanguage":"it-IT"},{"@type":"Person","@id":"https:\/\/www.article-marketing.eu\/comunicatistampa\/#\/schema\/person\/22d81e7c04e93611ddcda888b65438d8","name":"Uff Stampa","image":{"@type":"ImageObject","inLanguage":"it-IT","@id":"https:\/\/secure.gravatar.com\/avatar\/e3e9c5b947f539233b3f740c64e48242313649ff2a529b2191b5577aab6b4c57?s=96&d=mm&r=g","url":"https:\/\/secure.gravatar.com\/avatar\/e3e9c5b947f539233b3f740c64e48242313649ff2a529b2191b5577aab6b4c57?s=96&d=mm&r=g","contentUrl":"https:\/\/secure.gravatar.com\/avatar\/e3e9c5b947f539233b3f740c64e48242313649ff2a529b2191b5577aab6b4c57?s=96&d=mm&r=g","caption":"Uff Stampa"},"url":"https:\/\/www.article-marketing.eu\/comunicatistampa\/author\/uff-stampa\/"}]}},"_links":{"self":[{"href":"https:\/\/www.article-marketing.eu\/comunicatistampa\/wp-json\/wp\/v2\/posts\/9163","targetHints":{"allow":["GET"]}}],"collection":[{"href":"https:\/\/www.article-marketing.eu\/comunicatistampa\/wp-json\/wp\/v2\/posts"}],"about":[{"href":"https:\/\/www.article-marketing.eu\/comunicatistampa\/wp-json\/wp\/v2\/types\/post"}],"author":[{"embeddable":true,"href":"https:\/\/www.article-marketing.eu\/comunicatistampa\/wp-json\/wp\/v2\/users\/48"}],"replies":[{"embeddable":true,"href":"https:\/\/www.article-marketing.eu\/comunicatistampa\/wp-json\/wp\/v2\/comments?post=9163"}],"version-history":[{"count":2,"href":"https:\/\/www.article-marketing.eu\/comunicatistampa\/wp-json\/wp\/v2\/posts\/9163\/revisions"}],"predecessor-version":[{"id":9193,"href":"https:\/\/www.article-marketing.eu\/comunicatistampa\/wp-json\/wp\/v2\/posts\/9163\/revisions\/9193"}],"wp:attachment":[{"href":"https:\/\/www.article-marketing.eu\/comunicatistampa\/wp-json\/wp\/v2\/media?parent=9163"}],"wp:term":[{"taxonomy":"category","embeddable":true,"href":"https:\/\/www.article-marketing.eu\/comunicatistampa\/wp-json\/wp\/v2\/categories?post=9163"},{"taxonomy":"post_tag","embeddable":true,"href":"https:\/\/www.article-marketing.eu\/comunicatistampa\/wp-json\/wp\/v2\/tags?post=9163"}],"curies":[{"name":"wp","href":"https:\/\/api.w.org\/{rel}","templated":true}]}}