{"id":9206,"date":"2018-02-20T19:48:37","date_gmt":"2018-02-20T18:48:37","guid":{"rendered":"http:\/\/www.article-marketing.eu\/comunicatistampa\/?p=9206"},"modified":"2018-02-20T19:48:37","modified_gmt":"2018-02-20T18:48:37","slug":"mutui-meno-precari-piu-under-30","status":"publish","type":"post","link":"https:\/\/www.article-marketing.eu\/comunicatistampa\/mutui-meno-precari-piu-under-30\/","title":{"rendered":"Mutui: meno precari e pi\u00f9 under 30"},"content":{"rendered":"<p>Negli ultimi anni la percentuale di\u00a0<strong style=\"font-style: inherit;\">lavoratori con contratto a tempo indeterminato<\/strong>\u00a0e di\u00a0<strong style=\"font-style: inherit;\">Under 30\u00a0<\/strong>che si sono rivolti ad un istituto di credito per richiedere un mutuo \u00e8\u00a0<strong style=\"font-style: inherit;\">aumentata cos\u00ec come l&#8217;attenzione data loro dalle banche<\/strong>.\u00a0\u00c8 questa una delle principali evidenze emerse dall\u2019approfondita analisi realizzata da\u00a0<a style=\"font-style: inherit; font-weight: inherit;\" href=\"https:\/\/www.facile.it\/mutui.html\">Facile.it<\/a>\u00a0e Mutui.it, che hanno voluto fotografare l\u2019evoluzione del settore mutui attraverso l\u2019esame di un campione di 50.000 domande di finanziamento per l\u2019acquisto di un immobile (sia esso prima o seconda casa) presentate tramite i due portali tra l\u20191 gennaio 2013 e il 31 dicembre 2017 e i cui risultati sono stati\u00a0 in parte anticipati da\u00a0Il Sole 24 Ore.<\/p>\n<p><strong>Mutui, aumentano gli indeterminati, calano i precari\u00a0<\/strong><br \/>\nIl primo dato che emerge dall\u2019analisi \u00e8 quello legato ai\u00a0<strong style=\"font-style: inherit;\">lavoratori con contratto a tempo indeterminato<\/strong>, che nel corso dei quattro anni hanno visto\u00a0<strong style=\"font-style: inherit;\">incrementare notevolmente la loro quota percentuale<\/strong>\u00a0sul totale dei richiedenti; se si guarda alle\u00a0<strong style=\"font-style: inherit;\">domande di finanziamento<\/strong>\u00a0la percentuale di aspiranti mutuatari con contratto di lavoro a tempo indeterminato \u00e8 passata dal 77% del 2013 all\u201981<strong style=\"font-style: inherit;\">%<\/strong>\u00a0del 2017. Se si guarda invece ai\u00a0<strong style=\"font-style: inherit;\">mutui erogati<\/strong>, nel 2013 quelli concessi a lavoratori con contratto a tempo indeterminato erano l\u201881% del totale mentre nel 2017 sono diventati l\u2019<strong style=\"font-style: inherit;\">86%<\/strong>.<br \/>\nNello stesso periodo, invece, \u00e8\u00a0<strong style=\"font-style: inherit;\">diminuita la quota percentuale di lavoratori a tempo determinato\u00a0<\/strong>che si sono rivolti alle banche; se si guarda al totale richieste di mutuo, il valore \u00e8 passato dal 3% del 2013 al 2% del 2017, se invece si guarda ai mutui erogati \u00e8 calato dal 2,4% all\u20191,9%.<\/p>\n<p><em style=\"font-weight: inherit;\">\u00abDa un lato i dati indicano che l\u2019aumento generale della fiducia dei consumatori e il miglioramento delle condizioni lavorative hanno contribuito a far crescere la richiesta di mutui da parte di lavoratori dipendenti con contratto a tempo indeterminato\u00bb<\/em>, spiega\u00a0<strong style=\"font-style: inherit;\">Ivano Cresto<\/strong>, responsabile BU mutui di Facile.it. \u00ab<em style=\"font-weight: inherit;\">Dall\u2019altro lato, per\u00f2, fanno pensare ad un atteggiamento pi\u00f9 prudente da parte delle banche, che considerano la stabilit\u00e0 lavorativa ormai come elemento fondamentale per concedere un mutuo. Fattore che, in assenza di garanti terzi, limita fortemente la possibilit\u00e0 che un lavoratore precario riesca ad ottenere un prestito.\u00bb.<\/em><strong style=\"font-style: inherit;\">\u00a0<\/strong><\/p>\n<p><strong>Aumentano gli Under 30 con contratto a tempo indeterminato. Effetto Jobs Act?<\/strong><br \/>\nAltro importante cambiamento nella domanda di mutui \u00e8 stato fotografato nel segmento degli\u00a0<strong style=\"font-style: inherit;\">Under 30\u00a0<\/strong>che si rivolgono ad una banca e, in particolare, di quelli con\u00a0<strong style=\"font-style: inherit;\">contratto e tempo indeterminato<\/strong>, categoria che nel corso dei 4 anni \u00e8\u00a0<strong style=\"font-style: inherit;\">cresciuta<\/strong>\u00a0erodendo sempre di pi\u00f9 la fetta di giovani con contratto a tempo determinato e liberi professionisti.<\/p>\n<p>Analizzando le\u00a0<strong style=\"font-style: inherit;\">richieste di mutuo<\/strong>, la percentuale di\u00a0<strong style=\"font-style: inherit;\">aspiranti mutuatari con meno di trent\u2019anni<\/strong>\u00a0\u00e8\u00a0<strong style=\"font-style: inherit;\">aumentata<\/strong>\u00a0sensibilmente, passando dal\u00a0<strong style=\"font-style: inherit;\">3%<\/strong>\u00a0del 2013 ad addirittura il\u00a0<strong style=\"font-style: inherit;\">31%<\/strong>\u00a0di fine 2017. Per questa categoria di richiedenti sono cambiate anche le condizioni lavorative dichiarate nel momento in cui \u00e8 stata presentata domanda; se nel 2013 solo il 75,55% aveva un contratto a tempo indeterminato, nel 2017 la percentuale \u00e8 salita di oltre 9 punti arrivando all\u201984,66%.<\/p>\n<p>Trend analogo emerge dall\u2019<strong style=\"font-style: inherit;\">analisi dei mutui erogati<\/strong>; la percentuale di\u00a0<strong style=\"font-style: inherit;\">Under 30 che \u00e8 riuscita a ottenere il finanziamento<\/strong>\u00a0\u00e8 passata dal 2% del totale nel 2013 al\u00a0<strong style=\"font-style: inherit;\">12% nel 2017<\/strong>\u00a0e tra questi, la percentuale di giovani con contratto a tempo indeterminato \u00e8 cresciuta dal 70% del 2013 all\u201987,29% del 2017.<\/p>\n<p><em style=\"font-weight: inherit;\">\u00abI dati riflettono i cambiamenti che nel corso degli ultimi anni hanno coinvolto il mercato del lavoro\u00bb<\/em>, continua\u00a0<strong style=\"font-style: inherit;\">Cresto<\/strong>, \u00ab<em style=\"font-weight: inherit;\">La percentuale di mutuatari under 30 con contratto a tempo indeterminato, ad esempio, \u00e8 variata notevolmente a ridosso e subito dopo il Jobs Act; nel 2014 era il 78,57%, \u00e8 diventata l&#8217;82,76% nel 2015, nel 2016 \u00e8 esplosa arrivando al 91,45% e poi \u00e8 calata nuovamente nel 2017 raggiungendo, come detto, l\u201987,29%.\u00bb.<\/em><\/p>\n<p><strong>Aumentano gli importi, diminuisce l\u2019et\u00e0 media<\/strong><br \/>\nIl miglioramento delle condizioni generali insieme ai tassi di interesse da tempo ai minimi storici hanno determinato non solo un aumento percentuale dei lavoratori a tempo indeterminato e degli Under 30 che si sono rivolti alle banche, ma anche una c<strong style=\"font-style: inherit;\">rescita di quanto questi hanno richiesto e ottenuto<\/strong>.<\/p>\n<p>L\u2019importo\u00a0<strong style=\"font-style: inherit;\">medio richiesto dai lavoratori a tempo indeterminato<\/strong>\u00a0\u00e8 passato dai 122.600 euro del 2013 ai 130.237 euro (+<strong style=\"font-style: inherit;\">6,2%<\/strong>); l<strong style=\"font-style: inherit;\">&#8216;erogato<\/strong>, invece, \u00e8 aumentato da 117.700 euro del 2013 ai 128.770 euro del 2017 (<strong style=\"font-style: inherit;\">+9,4%<\/strong>).<br \/>\nAnche gli\u00a0<strong style=\"font-style: inherit;\">Under 30<\/strong>\u00a0hanno chiesto e ottenuto importi pi\u00f9 elevati; la richiesta media \u00e8 passata da 104.623 euro del 2013 a 122.900 euro del 2017 (<strong style=\"font-style: inherit;\">+17,5%<\/strong>), l<strong style=\"font-style: inherit;\">&#8216;erogato<\/strong>\u00a0da 110.900 euro a 121.460 euro (+<strong style=\"font-style: inherit;\">9,5%<\/strong>).<\/p>\n<p>Il progressivo aumento della quota di Under 30 ha determinato, inoltre, una\u00a0<strong style=\"font-style: inherit;\">diminuzione dell\u2019et\u00e0 media dei lavoratori con contratto a tempo indeterminato<\/strong>\u00a0che si sono rivolti a un istituto di credito; tra coloro che hanno ottenuto il mutuo, l\u2019et\u00e0 media \u00e8 passata da 42 a 39 anni (- 7%), mentre se ci si limita ai richiedenti la riduzione \u00e8 stata del 9%.<\/p>\n","protected":false},"excerpt":{"rendered":"<p>Negli ultimi anni la percentuale di\u00a0lavoratori con contratto a tempo indeterminato\u00a0e di\u00a0Under 30\u00a0che si sono rivolti ad un istituto di credito per richiedere un mutuo \u00e8\u00a0aumentata cos\u00ec come l&#8217;attenzione data loro dalle banche.\u00a0\u00c8 questa una delle principali evidenze emerse dall\u2019approfondita analisi realizzata da\u00a0Facile.it\u00a0e Mutui.it, che hanno voluto fotografare l\u2019evoluzione del settore mutui attraverso l\u2019esame di un campione di 50.000 domande di finanziamento per l\u2019acquisto di un immobile (sia esso prima<\/p>\n<p><a class=\"continue-reading\" href=\"https:\/\/www.article-marketing.eu\/comunicatistampa\/mutui-meno-precari-piu-under-30\/\">Continue reading&#8230;<\/a><\/p>\n","protected":false},"author":62,"featured_media":0,"comment_status":"open","ping_status":"open","sticky":false,"template":"","format":"standard","meta":{"_monsterinsights_skip_tracking":false,"_monsterinsights_sitenote_active":false,"_monsterinsights_sitenote_note":"","_monsterinsights_sitenote_category":0,"footnotes":""},"categories":[386],"tags":[555,563,3843,3842],"class_list":["post-9206","post","type-post","status-publish","format-standard","hentry","category-economia-e-lavoro","tag-facile-it","tag-mutui-it","tag-precari","tag-under-30"],"yoast_head":"<!-- This site is optimized with the Yoast SEO plugin v27.3 - https:\/\/yoast.com\/product\/yoast-seo-wordpress\/ -->\n<title>Mutui: meno precari e pi\u00f9 under 30 - Article Marketing<\/title>\n<meta name=\"robots\" content=\"index, follow, max-snippet:-1, max-image-preview:large, max-video-preview:-1\" \/>\n<link rel=\"canonical\" href=\"https:\/\/www.article-marketing.eu\/comunicatistampa\/mutui-meno-precari-piu-under-30\/\" \/>\n<meta property=\"og:locale\" content=\"it_IT\" \/>\n<meta property=\"og:type\" content=\"article\" \/>\n<meta property=\"og:title\" content=\"Mutui: meno precari e pi\u00f9 under 30 - Article Marketing\" \/>\n<meta property=\"og:description\" content=\"Negli ultimi anni la percentuale di\u00a0lavoratori con contratto a tempo indeterminato\u00a0e di\u00a0Under 30\u00a0che si sono rivolti ad un istituto di credito per richiedere un mutuo \u00e8\u00a0aumentata cos\u00ec come l&#8217;attenzione data loro dalle banche.\u00a0\u00c8 questa una delle principali evidenze emerse dall\u2019approfondita analisi realizzata da\u00a0Facile.it\u00a0e Mutui.it, che hanno voluto fotografare l\u2019evoluzione del settore mutui attraverso l\u2019esame di un campione di 50.000 domande di finanziamento per l\u2019acquisto di un immobile (sia esso primaContinue reading...\" \/>\n<meta property=\"og:url\" content=\"https:\/\/www.article-marketing.eu\/comunicatistampa\/mutui-meno-precari-piu-under-30\/\" \/>\n<meta property=\"og:site_name\" content=\"Article Marketing\" \/>\n<meta property=\"article:published_time\" content=\"2018-02-20T18:48:37+00:00\" \/>\n<meta name=\"author\" content=\"Facile.it\" \/>\n<meta name=\"twitter:card\" content=\"summary_large_image\" \/>\n<meta name=\"twitter:label1\" content=\"Scritto da\" \/>\n\t<meta name=\"twitter:data1\" content=\"Facile.it\" \/>\n\t<meta name=\"twitter:label2\" content=\"Tempo di lettura stimato\" \/>\n\t<meta name=\"twitter:data2\" content=\"4 minuti\" \/>\n<script type=\"application\/ld+json\" class=\"yoast-schema-graph\">{\"@context\":\"https:\\\/\\\/schema.org\",\"@graph\":[{\"@type\":\"Article\",\"@id\":\"https:\\\/\\\/www.article-marketing.eu\\\/comunicatistampa\\\/mutui-meno-precari-piu-under-30\\\/#article\",\"isPartOf\":{\"@id\":\"https:\\\/\\\/www.article-marketing.eu\\\/comunicatistampa\\\/mutui-meno-precari-piu-under-30\\\/\"},\"author\":{\"name\":\"Facile.it\",\"@id\":\"https:\\\/\\\/www.article-marketing.eu\\\/comunicatistampa\\\/#\\\/schema\\\/person\\\/1deca6d9e0cf173abfe76a90ef261a2a\"},\"headline\":\"Mutui: meno precari e pi\u00f9 under 30\",\"datePublished\":\"2018-02-20T18:48:37+00:00\",\"mainEntityOfPage\":{\"@id\":\"https:\\\/\\\/www.article-marketing.eu\\\/comunicatistampa\\\/mutui-meno-precari-piu-under-30\\\/\"},\"wordCount\":732,\"commentCount\":0,\"keywords\":[\"facile.it\",\"mutui.it\",\"precari\",\"Under 30\"],\"articleSection\":[\"Economia e lavoro\"],\"inLanguage\":\"it-IT\",\"potentialAction\":[{\"@type\":\"CommentAction\",\"name\":\"Comment\",\"target\":[\"https:\\\/\\\/www.article-marketing.eu\\\/comunicatistampa\\\/mutui-meno-precari-piu-under-30\\\/#respond\"]}]},{\"@type\":\"WebPage\",\"@id\":\"https:\\\/\\\/www.article-marketing.eu\\\/comunicatistampa\\\/mutui-meno-precari-piu-under-30\\\/\",\"url\":\"https:\\\/\\\/www.article-marketing.eu\\\/comunicatistampa\\\/mutui-meno-precari-piu-under-30\\\/\",\"name\":\"Mutui: meno precari e pi\u00f9 under 30 - Article Marketing\",\"isPartOf\":{\"@id\":\"https:\\\/\\\/www.article-marketing.eu\\\/comunicatistampa\\\/#website\"},\"datePublished\":\"2018-02-20T18:48:37+00:00\",\"author\":{\"@id\":\"https:\\\/\\\/www.article-marketing.eu\\\/comunicatistampa\\\/#\\\/schema\\\/person\\\/1deca6d9e0cf173abfe76a90ef261a2a\"},\"breadcrumb\":{\"@id\":\"https:\\\/\\\/www.article-marketing.eu\\\/comunicatistampa\\\/mutui-meno-precari-piu-under-30\\\/#breadcrumb\"},\"inLanguage\":\"it-IT\",\"potentialAction\":[{\"@type\":\"ReadAction\",\"target\":[\"https:\\\/\\\/www.article-marketing.eu\\\/comunicatistampa\\\/mutui-meno-precari-piu-under-30\\\/\"]}]},{\"@type\":\"BreadcrumbList\",\"@id\":\"https:\\\/\\\/www.article-marketing.eu\\\/comunicatistampa\\\/mutui-meno-precari-piu-under-30\\\/#breadcrumb\",\"itemListElement\":[{\"@type\":\"ListItem\",\"position\":1,\"name\":\"Home\",\"item\":\"https:\\\/\\\/www.article-marketing.eu\\\/comunicatistampa\\\/\"},{\"@type\":\"ListItem\",\"position\":2,\"name\":\"Mutui: meno precari e pi\u00f9 under 30\"}]},{\"@type\":\"WebSite\",\"@id\":\"https:\\\/\\\/www.article-marketing.eu\\\/comunicatistampa\\\/#website\",\"url\":\"https:\\\/\\\/www.article-marketing.eu\\\/comunicatistampa\\\/\",\"name\":\"Article Marketing\",\"description\":\"article marketing &amp; press release\",\"potentialAction\":[{\"@type\":\"SearchAction\",\"target\":{\"@type\":\"EntryPoint\",\"urlTemplate\":\"https:\\\/\\\/www.article-marketing.eu\\\/comunicatistampa\\\/?s={search_term_string}\"},\"query-input\":{\"@type\":\"PropertyValueSpecification\",\"valueRequired\":true,\"valueName\":\"search_term_string\"}}],\"inLanguage\":\"it-IT\"},{\"@type\":\"Person\",\"@id\":\"https:\\\/\\\/www.article-marketing.eu\\\/comunicatistampa\\\/#\\\/schema\\\/person\\\/1deca6d9e0cf173abfe76a90ef261a2a\",\"name\":\"Facile.it\",\"image\":{\"@type\":\"ImageObject\",\"inLanguage\":\"it-IT\",\"@id\":\"https:\\\/\\\/secure.gravatar.com\\\/avatar\\\/2623775dfcd174bde1a788a4bc028e9035747fa40886953f4954f56c45cf4b34?s=96&d=mm&r=g\",\"url\":\"https:\\\/\\\/secure.gravatar.com\\\/avatar\\\/2623775dfcd174bde1a788a4bc028e9035747fa40886953f4954f56c45cf4b34?s=96&d=mm&r=g\",\"contentUrl\":\"https:\\\/\\\/secure.gravatar.com\\\/avatar\\\/2623775dfcd174bde1a788a4bc028e9035747fa40886953f4954f56c45cf4b34?s=96&d=mm&r=g\",\"caption\":\"Facile.it\"},\"url\":\"https:\\\/\\\/www.article-marketing.eu\\\/comunicatistampa\\\/author\\\/facile-it\\\/\"}]}<\/script>\n<!-- \/ Yoast SEO plugin. -->","yoast_head_json":{"title":"Mutui: meno precari e pi\u00f9 under 30 - Article Marketing","robots":{"index":"index","follow":"follow","max-snippet":"max-snippet:-1","max-image-preview":"max-image-preview:large","max-video-preview":"max-video-preview:-1"},"canonical":"https:\/\/www.article-marketing.eu\/comunicatistampa\/mutui-meno-precari-piu-under-30\/","og_locale":"it_IT","og_type":"article","og_title":"Mutui: meno precari e pi\u00f9 under 30 - Article Marketing","og_description":"Negli ultimi anni la percentuale di\u00a0lavoratori con contratto a tempo indeterminato\u00a0e di\u00a0Under 30\u00a0che si sono rivolti ad un istituto di credito per richiedere un mutuo \u00e8\u00a0aumentata cos\u00ec come l&#8217;attenzione data loro dalle banche.\u00a0\u00c8 questa una delle principali evidenze emerse dall\u2019approfondita analisi realizzata da\u00a0Facile.it\u00a0e Mutui.it, che hanno voluto fotografare l\u2019evoluzione del settore mutui attraverso l\u2019esame di un campione di 50.000 domande di finanziamento per l\u2019acquisto di un immobile (sia esso primaContinue reading...","og_url":"https:\/\/www.article-marketing.eu\/comunicatistampa\/mutui-meno-precari-piu-under-30\/","og_site_name":"Article Marketing","article_published_time":"2018-02-20T18:48:37+00:00","author":"Facile.it","twitter_card":"summary_large_image","twitter_misc":{"Scritto da":"Facile.it","Tempo di lettura stimato":"4 minuti"},"schema":{"@context":"https:\/\/schema.org","@graph":[{"@type":"Article","@id":"https:\/\/www.article-marketing.eu\/comunicatistampa\/mutui-meno-precari-piu-under-30\/#article","isPartOf":{"@id":"https:\/\/www.article-marketing.eu\/comunicatistampa\/mutui-meno-precari-piu-under-30\/"},"author":{"name":"Facile.it","@id":"https:\/\/www.article-marketing.eu\/comunicatistampa\/#\/schema\/person\/1deca6d9e0cf173abfe76a90ef261a2a"},"headline":"Mutui: meno precari e pi\u00f9 under 30","datePublished":"2018-02-20T18:48:37+00:00","mainEntityOfPage":{"@id":"https:\/\/www.article-marketing.eu\/comunicatistampa\/mutui-meno-precari-piu-under-30\/"},"wordCount":732,"commentCount":0,"keywords":["facile.it","mutui.it","precari","Under 30"],"articleSection":["Economia e lavoro"],"inLanguage":"it-IT","potentialAction":[{"@type":"CommentAction","name":"Comment","target":["https:\/\/www.article-marketing.eu\/comunicatistampa\/mutui-meno-precari-piu-under-30\/#respond"]}]},{"@type":"WebPage","@id":"https:\/\/www.article-marketing.eu\/comunicatistampa\/mutui-meno-precari-piu-under-30\/","url":"https:\/\/www.article-marketing.eu\/comunicatistampa\/mutui-meno-precari-piu-under-30\/","name":"Mutui: meno precari e pi\u00f9 under 30 - Article Marketing","isPartOf":{"@id":"https:\/\/www.article-marketing.eu\/comunicatistampa\/#website"},"datePublished":"2018-02-20T18:48:37+00:00","author":{"@id":"https:\/\/www.article-marketing.eu\/comunicatistampa\/#\/schema\/person\/1deca6d9e0cf173abfe76a90ef261a2a"},"breadcrumb":{"@id":"https:\/\/www.article-marketing.eu\/comunicatistampa\/mutui-meno-precari-piu-under-30\/#breadcrumb"},"inLanguage":"it-IT","potentialAction":[{"@type":"ReadAction","target":["https:\/\/www.article-marketing.eu\/comunicatistampa\/mutui-meno-precari-piu-under-30\/"]}]},{"@type":"BreadcrumbList","@id":"https:\/\/www.article-marketing.eu\/comunicatistampa\/mutui-meno-precari-piu-under-30\/#breadcrumb","itemListElement":[{"@type":"ListItem","position":1,"name":"Home","item":"https:\/\/www.article-marketing.eu\/comunicatistampa\/"},{"@type":"ListItem","position":2,"name":"Mutui: meno precari e pi\u00f9 under 30"}]},{"@type":"WebSite","@id":"https:\/\/www.article-marketing.eu\/comunicatistampa\/#website","url":"https:\/\/www.article-marketing.eu\/comunicatistampa\/","name":"Article Marketing","description":"article marketing &amp; press release","potentialAction":[{"@type":"SearchAction","target":{"@type":"EntryPoint","urlTemplate":"https:\/\/www.article-marketing.eu\/comunicatistampa\/?s={search_term_string}"},"query-input":{"@type":"PropertyValueSpecification","valueRequired":true,"valueName":"search_term_string"}}],"inLanguage":"it-IT"},{"@type":"Person","@id":"https:\/\/www.article-marketing.eu\/comunicatistampa\/#\/schema\/person\/1deca6d9e0cf173abfe76a90ef261a2a","name":"Facile.it","image":{"@type":"ImageObject","inLanguage":"it-IT","@id":"https:\/\/secure.gravatar.com\/avatar\/2623775dfcd174bde1a788a4bc028e9035747fa40886953f4954f56c45cf4b34?s=96&d=mm&r=g","url":"https:\/\/secure.gravatar.com\/avatar\/2623775dfcd174bde1a788a4bc028e9035747fa40886953f4954f56c45cf4b34?s=96&d=mm&r=g","contentUrl":"https:\/\/secure.gravatar.com\/avatar\/2623775dfcd174bde1a788a4bc028e9035747fa40886953f4954f56c45cf4b34?s=96&d=mm&r=g","caption":"Facile.it"},"url":"https:\/\/www.article-marketing.eu\/comunicatistampa\/author\/facile-it\/"}]}},"_links":{"self":[{"href":"https:\/\/www.article-marketing.eu\/comunicatistampa\/wp-json\/wp\/v2\/posts\/9206","targetHints":{"allow":["GET"]}}],"collection":[{"href":"https:\/\/www.article-marketing.eu\/comunicatistampa\/wp-json\/wp\/v2\/posts"}],"about":[{"href":"https:\/\/www.article-marketing.eu\/comunicatistampa\/wp-json\/wp\/v2\/types\/post"}],"author":[{"embeddable":true,"href":"https:\/\/www.article-marketing.eu\/comunicatistampa\/wp-json\/wp\/v2\/users\/62"}],"replies":[{"embeddable":true,"href":"https:\/\/www.article-marketing.eu\/comunicatistampa\/wp-json\/wp\/v2\/comments?post=9206"}],"version-history":[{"count":2,"href":"https:\/\/www.article-marketing.eu\/comunicatistampa\/wp-json\/wp\/v2\/posts\/9206\/revisions"}],"predecessor-version":[{"id":9208,"href":"https:\/\/www.article-marketing.eu\/comunicatistampa\/wp-json\/wp\/v2\/posts\/9206\/revisions\/9208"}],"wp:attachment":[{"href":"https:\/\/www.article-marketing.eu\/comunicatistampa\/wp-json\/wp\/v2\/media?parent=9206"}],"wp:term":[{"taxonomy":"category","embeddable":true,"href":"https:\/\/www.article-marketing.eu\/comunicatistampa\/wp-json\/wp\/v2\/categories?post=9206"},{"taxonomy":"post_tag","embeddable":true,"href":"https:\/\/www.article-marketing.eu\/comunicatistampa\/wp-json\/wp\/v2\/tags?post=9206"}],"curies":[{"name":"wp","href":"https:\/\/api.w.org\/{rel}","templated":true}]}}