{"id":9281,"date":"2018-03-02T11:22:44","date_gmt":"2018-03-02T10:22:44","guid":{"rendered":"http:\/\/www.article-marketing.eu\/comunicatistampa\/?p=9281"},"modified":"2018-03-02T11:22:44","modified_gmt":"2018-03-02T10:22:44","slug":"prezzo-oro-quale-sara-la-quotazione-nel-2018","status":"publish","type":"post","link":"https:\/\/www.article-marketing.eu\/comunicatistampa\/prezzo-oro-quale-sara-la-quotazione-nel-2018\/","title":{"rendered":"Prezzo oro, quale sar\u00e0 la quotazione nel 2018 ?"},"content":{"rendered":"<p>Per quanto riguarda il prezzo oro anche nel 2018 molti analisti ritengono che il prezioso metallo giallo dovr\u00e0 vedersela con i vari accadimenti che inevitabilmente si verificano.<br \/>\nPer quanto riguarda il 2017 gli eventi considerati negativi per il prezzo dell&#8217;oro sono stati i pi\u00f9 vari e disparati, si va dall&#8217;elezione di Trump come presidente, alle tensioni con la Corea del Nord per arrivare alle pi\u00f9 giustificabili politiche monetarie delle banche centrali, con i tassi di interesse sempre pi\u00f9 indirizzati sulla via dell\u2019aumento.<br \/>\nAnche il 2018 potrebbe essere caratterizzato da dissesti e incertezze di carattere geopolitico che potrebbero influenzare l&#8217;andamento dell&#8217;oro.<br \/>\nIn realt\u00e0 eventi destabilizzanti sono una costante fissa alla quale i mercati azionari si sono da tempo abituati e che cominciano ad avere il loro effetto solo quando questi eventi sono pi\u00f9 che semplici ma possibilit\u00e0 ma scenari reali.<br \/>\nPer questo motivo l&#8217;incertezza per possibili scenari negativi futuri possono influire solo temporaneamente il prezzo oro che recupererebbe in poco tempo una volta che questi non si concretizzino.<br \/>\nCi\u00f2 che in realt\u00e0 potrebbe influenzare in modo pi\u00f9 concreto l&#8217;andamento della quotazione dell&#8217;oro sono le decisioni economiche finanziarie dei grossi investitori che muovendo cifre enormi di denaro possono determinare il prezzo degli asset di investimento.<br \/>\nNel caso di una decisione da parte della Fed di un rialzo dei tassi di interesse il prezzo oro potrebbe subire un deprezzamento a fronte di un dollaro pi\u00f9 forte che garantirebbe una maggiore sicurezza e convenienza.<br \/>\nNonostante ci\u00f2 l&#8217;andamento della quotazione dell&#8217;oro non \u00e8 influenzata solo dal dollaro ma potrebbe essere sostenuta sia da eventi reali negativi sia dalle persistenti strategie <a title=\"compro\" href=\"https:\/\/www.comproorotoscana.it\">compro<\/a> oro che ormai sembrano essere un trend al quale gli stati pi\u00f9 ricchi difficilmente rinunceranno anche per rendere le proprie riserve finanziarie meno vincolate dalle politiche della Fed.<br \/>\nSpesso le stesse banche centrali dei paesi pi\u00f9 ricchi e potenti sono tra i protagonisti di questi movimenti finanziari.<br \/>\nLe politiche da parte della fed possono influire sull&#8217;andamento del prezzo dell&#8217;oro in quanto si riferiscono al mercato usa.<br \/>\nIl ruolo dell&#8217;america attualmente pesa per lo pi\u00f9 per la grande diffusione del dollaro, la valuta americana per gran parte del 20\u00b0 secolo si \u00e8 diffusa in tutte le economie entrando a far parte delle riserve finanziarie di tutti gli stati del mondo.<br \/>\nLa presenza costante e consistente del dollaro nelle riserve finanziarie dei pi\u00f9 ricchi e potenti stati del mondo determina un suo ruolo attivo come valuta di investimento e pone la Fed come un fattore di rilievo nell&#8217;economia mondiale.<\/p>\n","protected":false},"excerpt":{"rendered":"<p>Per quanto riguarda il prezzo oro anche nel 2018 molti analisti ritengono che il prezioso metallo giallo dovr\u00e0 vedersela con i vari accadimenti che inevitabilmente si verificano. Per quanto riguarda il 2017 gli eventi considerati negativi per il prezzo dell&#8217;oro sono stati i pi\u00f9 vari e disparati, si va dall&#8217;elezione di Trump come presidente, alle tensioni con la Corea del Nord per arrivare alle pi\u00f9 giustificabili politiche monetarie delle banche<\/p>\n<p><a class=\"continue-reading\" href=\"https:\/\/www.article-marketing.eu\/comunicatistampa\/prezzo-oro-quale-sara-la-quotazione-nel-2018\/\">Continue reading&#8230;<\/a><\/p>\n","protected":false},"author":895,"featured_media":0,"comment_status":"open","ping_status":"open","sticky":false,"template":"","format":"standard","meta":{"_monsterinsights_skip_tracking":false,"_monsterinsights_sitenote_active":false,"_monsterinsights_sitenote_note":"","_monsterinsights_sitenote_category":0,"footnotes":""},"categories":[386,367],"tags":[3876,3874,3875,591,3873,984],"class_list":["post-9281","post","type-post","status-publish","format-standard","hentry","category-economia-e-lavoro","category-news-e-attualita","tag-banche-centrali","tag-dollari","tag-fed","tag-oro","tag-prezzo-oro","tag-quotazione-oro"],"yoast_head":"<!-- This site is optimized with the Yoast SEO plugin v27.3 - https:\/\/yoast.com\/product\/yoast-seo-wordpress\/ -->\n<title>Prezzo oro, quale sar\u00e0 la quotazione nel 2018 ?<\/title>\n<meta name=\"description\" content=\"Nel caso di una decisione da parte della Fed di un rialzo dei tassi di interesse il prezzo oro potrebbe subire un deprezzamento a fronte di un dollaro pi\u00f9 forte che garantirebbe una maggiore sicurezza.\" \/>\n<meta name=\"robots\" content=\"index, follow, max-snippet:-1, max-image-preview:large, max-video-preview:-1\" \/>\n<link rel=\"canonical\" href=\"https:\/\/www.article-marketing.eu\/comunicatistampa\/prezzo-oro-quale-sara-la-quotazione-nel-2018\/\" \/>\n<meta property=\"og:locale\" content=\"it_IT\" \/>\n<meta property=\"og:type\" content=\"article\" \/>\n<meta property=\"og:title\" content=\"Prezzo oro, quale sar\u00e0 la quotazione nel 2018 ?\" \/>\n<meta property=\"og:description\" content=\"Nel caso di una decisione da parte della Fed di un rialzo dei tassi di interesse il prezzo oro potrebbe subire un deprezzamento a fronte di un dollaro pi\u00f9 forte che garantirebbe una maggiore sicurezza.\" \/>\n<meta property=\"og:url\" content=\"https:\/\/www.article-marketing.eu\/comunicatistampa\/prezzo-oro-quale-sara-la-quotazione-nel-2018\/\" \/>\n<meta property=\"og:site_name\" content=\"Article Marketing\" \/>\n<meta property=\"article:published_time\" content=\"2018-03-02T10:22:44+00:00\" \/>\n<meta name=\"author\" content=\"comproorotoscana\" \/>\n<meta name=\"twitter:card\" content=\"summary_large_image\" \/>\n<meta name=\"twitter:label1\" content=\"Scritto da\" \/>\n\t<meta name=\"twitter:data1\" content=\"comproorotoscana\" \/>\n\t<meta name=\"twitter:label2\" content=\"Tempo di lettura stimato\" \/>\n\t<meta name=\"twitter:data2\" content=\"2 minuti\" \/>\n<script type=\"application\/ld+json\" class=\"yoast-schema-graph\">{\"@context\":\"https:\\\/\\\/schema.org\",\"@graph\":[{\"@type\":\"Article\",\"@id\":\"https:\\\/\\\/www.article-marketing.eu\\\/comunicatistampa\\\/prezzo-oro-quale-sara-la-quotazione-nel-2018\\\/#article\",\"isPartOf\":{\"@id\":\"https:\\\/\\\/www.article-marketing.eu\\\/comunicatistampa\\\/prezzo-oro-quale-sara-la-quotazione-nel-2018\\\/\"},\"author\":{\"name\":\"comproorotoscana\",\"@id\":\"https:\\\/\\\/www.article-marketing.eu\\\/comunicatistampa\\\/#\\\/schema\\\/person\\\/bdbe99005f4c388d8a32f6c8b4f36cc0\"},\"headline\":\"Prezzo oro, quale sar\u00e0 la quotazione nel 2018 ?\",\"datePublished\":\"2018-03-02T10:22:44+00:00\",\"mainEntityOfPage\":{\"@id\":\"https:\\\/\\\/www.article-marketing.eu\\\/comunicatistampa\\\/prezzo-oro-quale-sara-la-quotazione-nel-2018\\\/\"},\"wordCount\":415,\"commentCount\":0,\"keywords\":[\"banche centrali\",\"dollari\",\"fed\",\"oro\",\"prezzo oro\",\"quotazione oro\"],\"articleSection\":[\"Economia e lavoro\",\"News e Attualit\u00e0\"],\"inLanguage\":\"it-IT\",\"potentialAction\":[{\"@type\":\"CommentAction\",\"name\":\"Comment\",\"target\":[\"https:\\\/\\\/www.article-marketing.eu\\\/comunicatistampa\\\/prezzo-oro-quale-sara-la-quotazione-nel-2018\\\/#respond\"]}]},{\"@type\":\"WebPage\",\"@id\":\"https:\\\/\\\/www.article-marketing.eu\\\/comunicatistampa\\\/prezzo-oro-quale-sara-la-quotazione-nel-2018\\\/\",\"url\":\"https:\\\/\\\/www.article-marketing.eu\\\/comunicatistampa\\\/prezzo-oro-quale-sara-la-quotazione-nel-2018\\\/\",\"name\":\"Prezzo oro, quale sar\u00e0 la quotazione nel 2018 ?\",\"isPartOf\":{\"@id\":\"https:\\\/\\\/www.article-marketing.eu\\\/comunicatistampa\\\/#website\"},\"datePublished\":\"2018-03-02T10:22:44+00:00\",\"author\":{\"@id\":\"https:\\\/\\\/www.article-marketing.eu\\\/comunicatistampa\\\/#\\\/schema\\\/person\\\/bdbe99005f4c388d8a32f6c8b4f36cc0\"},\"description\":\"Nel caso di una decisione da parte della Fed di un rialzo dei tassi di interesse il prezzo oro potrebbe subire un deprezzamento a fronte di un dollaro pi\u00f9 forte che garantirebbe una maggiore sicurezza.\",\"breadcrumb\":{\"@id\":\"https:\\\/\\\/www.article-marketing.eu\\\/comunicatistampa\\\/prezzo-oro-quale-sara-la-quotazione-nel-2018\\\/#breadcrumb\"},\"inLanguage\":\"it-IT\",\"potentialAction\":[{\"@type\":\"ReadAction\",\"target\":[\"https:\\\/\\\/www.article-marketing.eu\\\/comunicatistampa\\\/prezzo-oro-quale-sara-la-quotazione-nel-2018\\\/\"]}]},{\"@type\":\"BreadcrumbList\",\"@id\":\"https:\\\/\\\/www.article-marketing.eu\\\/comunicatistampa\\\/prezzo-oro-quale-sara-la-quotazione-nel-2018\\\/#breadcrumb\",\"itemListElement\":[{\"@type\":\"ListItem\",\"position\":1,\"name\":\"Home\",\"item\":\"https:\\\/\\\/www.article-marketing.eu\\\/comunicatistampa\\\/\"},{\"@type\":\"ListItem\",\"position\":2,\"name\":\"Prezzo oro, quale sar\u00e0 la quotazione nel 2018 ?\"}]},{\"@type\":\"WebSite\",\"@id\":\"https:\\\/\\\/www.article-marketing.eu\\\/comunicatistampa\\\/#website\",\"url\":\"https:\\\/\\\/www.article-marketing.eu\\\/comunicatistampa\\\/\",\"name\":\"Article Marketing\",\"description\":\"article marketing &amp; press release\",\"potentialAction\":[{\"@type\":\"SearchAction\",\"target\":{\"@type\":\"EntryPoint\",\"urlTemplate\":\"https:\\\/\\\/www.article-marketing.eu\\\/comunicatistampa\\\/?s={search_term_string}\"},\"query-input\":{\"@type\":\"PropertyValueSpecification\",\"valueRequired\":true,\"valueName\":\"search_term_string\"}}],\"inLanguage\":\"it-IT\"},{\"@type\":\"Person\",\"@id\":\"https:\\\/\\\/www.article-marketing.eu\\\/comunicatistampa\\\/#\\\/schema\\\/person\\\/bdbe99005f4c388d8a32f6c8b4f36cc0\",\"name\":\"comproorotoscana\",\"image\":{\"@type\":\"ImageObject\",\"inLanguage\":\"it-IT\",\"@id\":\"https:\\\/\\\/secure.gravatar.com\\\/avatar\\\/376be8a5bef569b5e726aba240012777e0e0f59ffc415189bb96ec7a2c127033?s=96&d=mm&r=g\",\"url\":\"https:\\\/\\\/secure.gravatar.com\\\/avatar\\\/376be8a5bef569b5e726aba240012777e0e0f59ffc415189bb96ec7a2c127033?s=96&d=mm&r=g\",\"contentUrl\":\"https:\\\/\\\/secure.gravatar.com\\\/avatar\\\/376be8a5bef569b5e726aba240012777e0e0f59ffc415189bb96ec7a2c127033?s=96&d=mm&r=g\",\"caption\":\"comproorotoscana\"},\"sameAs\":[\"https:\\\/\\\/www.comproorotoscana.it\"],\"url\":\"https:\\\/\\\/www.article-marketing.eu\\\/comunicatistampa\\\/author\\\/comproorotoscana\\\/\"}]}<\/script>\n<!-- \/ Yoast SEO plugin. -->","yoast_head_json":{"title":"Prezzo oro, quale sar\u00e0 la quotazione nel 2018 ?","description":"Nel caso di una decisione da parte della Fed di un rialzo dei tassi di interesse il prezzo oro potrebbe subire un deprezzamento a fronte di un dollaro pi\u00f9 forte che garantirebbe una maggiore sicurezza.","robots":{"index":"index","follow":"follow","max-snippet":"max-snippet:-1","max-image-preview":"max-image-preview:large","max-video-preview":"max-video-preview:-1"},"canonical":"https:\/\/www.article-marketing.eu\/comunicatistampa\/prezzo-oro-quale-sara-la-quotazione-nel-2018\/","og_locale":"it_IT","og_type":"article","og_title":"Prezzo oro, quale sar\u00e0 la quotazione nel 2018 ?","og_description":"Nel caso di una decisione da parte della Fed di un rialzo dei tassi di interesse il prezzo oro potrebbe subire un deprezzamento a fronte di un dollaro pi\u00f9 forte che garantirebbe una maggiore sicurezza.","og_url":"https:\/\/www.article-marketing.eu\/comunicatistampa\/prezzo-oro-quale-sara-la-quotazione-nel-2018\/","og_site_name":"Article Marketing","article_published_time":"2018-03-02T10:22:44+00:00","author":"comproorotoscana","twitter_card":"summary_large_image","twitter_misc":{"Scritto da":"comproorotoscana","Tempo di lettura stimato":"2 minuti"},"schema":{"@context":"https:\/\/schema.org","@graph":[{"@type":"Article","@id":"https:\/\/www.article-marketing.eu\/comunicatistampa\/prezzo-oro-quale-sara-la-quotazione-nel-2018\/#article","isPartOf":{"@id":"https:\/\/www.article-marketing.eu\/comunicatistampa\/prezzo-oro-quale-sara-la-quotazione-nel-2018\/"},"author":{"name":"comproorotoscana","@id":"https:\/\/www.article-marketing.eu\/comunicatistampa\/#\/schema\/person\/bdbe99005f4c388d8a32f6c8b4f36cc0"},"headline":"Prezzo oro, quale sar\u00e0 la quotazione nel 2018 ?","datePublished":"2018-03-02T10:22:44+00:00","mainEntityOfPage":{"@id":"https:\/\/www.article-marketing.eu\/comunicatistampa\/prezzo-oro-quale-sara-la-quotazione-nel-2018\/"},"wordCount":415,"commentCount":0,"keywords":["banche centrali","dollari","fed","oro","prezzo oro","quotazione oro"],"articleSection":["Economia e lavoro","News e Attualit\u00e0"],"inLanguage":"it-IT","potentialAction":[{"@type":"CommentAction","name":"Comment","target":["https:\/\/www.article-marketing.eu\/comunicatistampa\/prezzo-oro-quale-sara-la-quotazione-nel-2018\/#respond"]}]},{"@type":"WebPage","@id":"https:\/\/www.article-marketing.eu\/comunicatistampa\/prezzo-oro-quale-sara-la-quotazione-nel-2018\/","url":"https:\/\/www.article-marketing.eu\/comunicatistampa\/prezzo-oro-quale-sara-la-quotazione-nel-2018\/","name":"Prezzo oro, quale sar\u00e0 la quotazione nel 2018 ?","isPartOf":{"@id":"https:\/\/www.article-marketing.eu\/comunicatistampa\/#website"},"datePublished":"2018-03-02T10:22:44+00:00","author":{"@id":"https:\/\/www.article-marketing.eu\/comunicatistampa\/#\/schema\/person\/bdbe99005f4c388d8a32f6c8b4f36cc0"},"description":"Nel caso di una decisione da parte della Fed di un rialzo dei tassi di interesse il prezzo oro potrebbe subire un deprezzamento a fronte di un dollaro pi\u00f9 forte che garantirebbe una maggiore sicurezza.","breadcrumb":{"@id":"https:\/\/www.article-marketing.eu\/comunicatistampa\/prezzo-oro-quale-sara-la-quotazione-nel-2018\/#breadcrumb"},"inLanguage":"it-IT","potentialAction":[{"@type":"ReadAction","target":["https:\/\/www.article-marketing.eu\/comunicatistampa\/prezzo-oro-quale-sara-la-quotazione-nel-2018\/"]}]},{"@type":"BreadcrumbList","@id":"https:\/\/www.article-marketing.eu\/comunicatistampa\/prezzo-oro-quale-sara-la-quotazione-nel-2018\/#breadcrumb","itemListElement":[{"@type":"ListItem","position":1,"name":"Home","item":"https:\/\/www.article-marketing.eu\/comunicatistampa\/"},{"@type":"ListItem","position":2,"name":"Prezzo oro, quale sar\u00e0 la quotazione nel 2018 ?"}]},{"@type":"WebSite","@id":"https:\/\/www.article-marketing.eu\/comunicatistampa\/#website","url":"https:\/\/www.article-marketing.eu\/comunicatistampa\/","name":"Article Marketing","description":"article marketing &amp; press release","potentialAction":[{"@type":"SearchAction","target":{"@type":"EntryPoint","urlTemplate":"https:\/\/www.article-marketing.eu\/comunicatistampa\/?s={search_term_string}"},"query-input":{"@type":"PropertyValueSpecification","valueRequired":true,"valueName":"search_term_string"}}],"inLanguage":"it-IT"},{"@type":"Person","@id":"https:\/\/www.article-marketing.eu\/comunicatistampa\/#\/schema\/person\/bdbe99005f4c388d8a32f6c8b4f36cc0","name":"comproorotoscana","image":{"@type":"ImageObject","inLanguage":"it-IT","@id":"https:\/\/secure.gravatar.com\/avatar\/376be8a5bef569b5e726aba240012777e0e0f59ffc415189bb96ec7a2c127033?s=96&d=mm&r=g","url":"https:\/\/secure.gravatar.com\/avatar\/376be8a5bef569b5e726aba240012777e0e0f59ffc415189bb96ec7a2c127033?s=96&d=mm&r=g","contentUrl":"https:\/\/secure.gravatar.com\/avatar\/376be8a5bef569b5e726aba240012777e0e0f59ffc415189bb96ec7a2c127033?s=96&d=mm&r=g","caption":"comproorotoscana"},"sameAs":["https:\/\/www.comproorotoscana.it"],"url":"https:\/\/www.article-marketing.eu\/comunicatistampa\/author\/comproorotoscana\/"}]}},"_links":{"self":[{"href":"https:\/\/www.article-marketing.eu\/comunicatistampa\/wp-json\/wp\/v2\/posts\/9281","targetHints":{"allow":["GET"]}}],"collection":[{"href":"https:\/\/www.article-marketing.eu\/comunicatistampa\/wp-json\/wp\/v2\/posts"}],"about":[{"href":"https:\/\/www.article-marketing.eu\/comunicatistampa\/wp-json\/wp\/v2\/types\/post"}],"author":[{"embeddable":true,"href":"https:\/\/www.article-marketing.eu\/comunicatistampa\/wp-json\/wp\/v2\/users\/895"}],"replies":[{"embeddable":true,"href":"https:\/\/www.article-marketing.eu\/comunicatistampa\/wp-json\/wp\/v2\/comments?post=9281"}],"version-history":[{"count":3,"href":"https:\/\/www.article-marketing.eu\/comunicatistampa\/wp-json\/wp\/v2\/posts\/9281\/revisions"}],"predecessor-version":[{"id":9287,"href":"https:\/\/www.article-marketing.eu\/comunicatistampa\/wp-json\/wp\/v2\/posts\/9281\/revisions\/9287"}],"wp:attachment":[{"href":"https:\/\/www.article-marketing.eu\/comunicatistampa\/wp-json\/wp\/v2\/media?parent=9281"}],"wp:term":[{"taxonomy":"category","embeddable":true,"href":"https:\/\/www.article-marketing.eu\/comunicatistampa\/wp-json\/wp\/v2\/categories?post=9281"},{"taxonomy":"post_tag","embeddable":true,"href":"https:\/\/www.article-marketing.eu\/comunicatistampa\/wp-json\/wp\/v2\/tags?post=9281"}],"curies":[{"name":"wp","href":"https:\/\/api.w.org\/{rel}","templated":true}]}}