{"id":9332,"date":"2018-03-09T21:58:35","date_gmt":"2018-03-09T20:58:35","guid":{"rendered":"http:\/\/www.article-marketing.eu\/comunicatistampa\/?p=9332"},"modified":"2018-03-09T21:58:35","modified_gmt":"2018-03-09T20:58:35","slug":"mce-2018-icim-festeggia-suoi-30-anni-attivita","status":"publish","type":"post","link":"https:\/\/www.article-marketing.eu\/comunicatistampa\/mce-2018-icim-festeggia-suoi-30-anni-attivita\/","title":{"rendered":"A MCE 2018 ICIM FESTEGGIA I SUOI 30 ANNI DI ATTIVIT\u00c0"},"content":{"rendered":"<p><strong>ICIM festeggia i suoi 30 anni di attivit\u00e0 alla 41^ edizione di<\/strong> <strong>MCE-Mostra Convegno Expocomfort<\/strong>, in <strong>FieraMilano a Rho dal 13 al 16 marzo 2018<\/strong>, con uno<strong> spazio all\u2019interno della<\/strong> <strong>Lounge ANIMA<\/strong> e numerose iniziative dedicate ai partecipanti e ai visitatori del principale appuntamento dedicato alla <em>Global Comfort Technology<\/em>.<\/p>\n<p>La pi\u00f9 importante \u00e8 prevista per <strong>m<\/strong><strong>ercoled\u00ec 14 marzo, <\/strong>quando<strong> ICIM<\/strong> dar\u00e0 vita a un grande <strong>convegno<\/strong> dal titolo: <strong><em>Imprese e Mercati. Evoluzione o Rivoluzione? Ambiente, acqua, energia e Industria 4.0: le nuove regole del gioco<\/em>.<\/strong> Rappresentanti istituzionali, dirigenti aziendali e importanti relatori si confronteranno sulla definizione delle nuove regole imposte dalle tematiche ambientali, dal mercato e dalla tecnologia e di come il rispetto, ma anche l\u2019interpretazione, delle stesse siano fondamentali per garantire il successo impenditoriale in un contesto di mercato in continua evoluzione.<\/p>\n<p><strong>\u00a0<\/strong><\/p>\n<p><strong>ICIM 1988 \u2013 2018: 30 anni di attivit\u00e0 tra innovazione e tradizione.<\/strong><\/p>\n<p><strong>ICIM<\/strong> nasce a Milano nel 1988 come <strong>Istituto di Certificazione Italiano per la Meccanica<\/strong>, <strong>voluto e fondato da ANIMA<\/strong>, la <strong>Federazione della Meccanica Varia di Confindustria<\/strong>, socio di maggioranza, che in ICIM trova il riferimento tecnico e di supporto specialistico per tutte le aziende associate che intendono la certificazione come strumento di sviluppo e differenziazione nei mercati di riferimento. <strong>ICIM, accreditato per oltre 110 schemi di certificazione<\/strong>, si distingue per dinamismo in Italia e all\u2019estero, anche attraverso lo sviluppo di nuovi schemi certificativi, e vanta numerosi primati nel nostro Paese.<\/p>\n<p>Negli ultimi due anni, in particolare, <strong>ICIM ha fornito supporto alle aziende <\/strong>che, in ogni comparto,<strong> hanno capito l\u2019importanza di applicare i principi dell\u2019industria 4.0, accelerando l\u2019innovazione e beneficiando degli incentivi fiscali previsti dal piano.<\/strong><\/p>\n<p>&nbsp;<\/p>\n<p>A MCE, <strong>ICIM<\/strong> si pone quale <strong>interlocutore <\/strong>privilegiato per tutte le esigenze di <strong>sostenibilit\u00e0 ed efficienza energetica<\/strong> nelle macro-aree del <strong>caldo, freddo, acqua ed energia<\/strong>, con un\u2019ampia gamma di servizi per tutti gli attori della filiera. In evidenza, in fiera, \u00e8 il nuovo <em>schema di<\/em> <em>certificazione per prodotti e componenti a contatto con<\/em> <em>l\u2019acqua destinata al consumo umano<\/em>.<\/p>\n<p>&nbsp;<\/p>\n<p><strong>I 30 anni di ICIM: uno \u201cstargate\u201d in Lounge Anima<\/strong><\/p>\n<p><strong>ICIM celebra i suoi 30 anni<\/strong> con una coinvolgente <strong>installazione interattiva in Lounge ANIMA,<\/strong> dove la realt\u00e0 aumentata consentir\u00e0 di inserire i <strong>fatti salienti dell\u2019esperienza di ICIM<\/strong> sulla linea temporale della storia dal 1988 a oggi. Grazie a un IPad e a un\u2019applicazione di realt\u00e0 virtuale, i <strong>visitatori potranno letteralmente fare un salto nel tempo<\/strong>, avendo la sensazione di trovarsi in spazi diversi, <strong>uno per ogni decennio di storia ICIM<\/strong>: varcando uno dei tre portali spazio temporali gli oggetti si animeranno a descrivere i primati e i servizi ICIM, mentre un video suggestivo proporr\u00e0 gli avvenimenti pi\u00f9 significativi di quegli anni. Non ci sar\u00e0 bisogno di indossare visori e anche il pubblico potr\u00e0 vedere quanto viene visualizzato sull\u2019IPad attraverso 2 grandi monitor posizionati nello spazio apparentemente \u201cvuoto\u201d dello stand.<\/p>\n<p>&nbsp;<\/p>\n<p><strong>\u00a0<\/strong><\/p>\n<p><strong>I seminari nella Lounge ANIMA <\/strong><\/p>\n<p>Anche quest\u2019anno il programma dei <strong>seminari <\/strong><strong>di approfondimento ICIM presso la Lounge ANIMA<\/strong> \u00e8 ampio: si va dall\u2019interesse scaturito nei riguardi dell\u2019<strong>Industria 4.0 alla certificazione HP Keymark<\/strong> per le pompe di calore, alla <strong>certificazione dei materiali a contatto con l\u2019acqua potabile<\/strong>, fino alle <strong>nuove certificazioni professionali per l\u2019installatore che utilizza gas fluorurati <\/strong><em>(Info dettagliate e orari: http:\/\/www.icim.it\/mce-2018-icim-organizza-4-seminari-di-approfondimento-presso-la-lounge-anima\/).<\/em><\/p>\n<p>&nbsp;<\/p>\n<p><strong>A Saldamente: per la prima volta il rilascio della certificazione di saldobrasatore direttamente in fiera<\/strong><\/p>\n<p>Grazie all<strong>\u2019accordo tra ICIM e CASTOLIN-Gruppo Salteco<\/strong>, all\u2019interno dell\u2019<strong>area \u201cSaldamente<\/strong>\u201d, sempre al <strong>Padiglione 18<\/strong>, gli operatori del comparto possono <strong>eseguire la prova pratica di brasatura <\/strong>(prova richiesta anche per la certificazione di operatore F-Gas) alla presenza di <strong>un esaminatore ICIM<\/strong>, che verifica le competenze nell\u2019eseguire l\u2019attivit\u00e0 e la qualit\u00e0 nel rispetto della norma dei saggi saldati durante l\u2019esame. A <strong>conclusione positiva dell\u2019esame<\/strong>, il <strong>professionista potr\u00e0 ritirare la certificazione<\/strong> di figura professionale di <strong>saldobrasatore <em>per la prima volta direttamente in Fiera<\/em><\/strong><em>.<\/em><\/p>\n<p>&nbsp;<\/p>\n<p>ICIM a MCE 2018 \u2013 FieraMilano Rho, 13 &#8211; 16 marzo<\/p>\n<p>Lounge ANIMA, Pad. 14-18<\/p>\n<p><a href=\"http:\/\/www.icim.it\"><strong>www.icim.it<\/strong><\/a> <a href=\"http:\/\/www.anima.it\"><strong>www.anima.it<\/strong><\/a><\/p>\n","protected":false},"excerpt":{"rendered":"<p>Tra le iniziative, un grande convegno sul tema delle nuove regole del gioco tra evoluzione e rivoluzione dello scenario competitivo per i comparti di ambiente, acqua, energia e Industria 4.0. In FieraMilano Rho dal 13 al 16 marzo, presso la Lounge ANIMA, Pad. 14-18 <\/p>\n","protected":false},"author":49,"featured_media":0,"comment_status":"open","ping_status":"open","sticky":false,"template":"","format":"standard","meta":{"_monsterinsights_skip_tracking":false,"_monsterinsights_sitenote_active":false,"_monsterinsights_sitenote_note":"","_monsterinsights_sitenote_category":0,"footnotes":""},"categories":[416],"tags":[328,323,275,608,279,3895,3894,1995],"class_list":["post-9332","post","type-post","status-publish","format-standard","hentry","category-ambiente","tag-acqua","tag-ambiente","tag-efficienza-energetica","tag-energia","tag-icim","tag-industria4-0","tag-mce","tag-sostenibilita"],"yoast_head":"<!-- This site is optimized with the Yoast SEO plugin v27.3 - https:\/\/yoast.com\/product\/yoast-seo-wordpress\/ -->\n<title>A MCE 2018 ICIM FESTEGGIA I SUOI 30 ANNI DI ATTIVIT\u00c0 - Article Marketing<\/title>\n<meta name=\"robots\" content=\"index, follow, max-snippet:-1, max-image-preview:large, max-video-preview:-1\" \/>\n<link rel=\"canonical\" href=\"https:\/\/www.article-marketing.eu\/comunicatistampa\/mce-2018-icim-festeggia-suoi-30-anni-attivita\/\" \/>\n<meta property=\"og:locale\" content=\"it_IT\" \/>\n<meta property=\"og:type\" content=\"article\" \/>\n<meta property=\"og:title\" content=\"A MCE 2018 ICIM FESTEGGIA I SUOI 30 ANNI DI ATTIVIT\u00c0 - Article Marketing\" \/>\n<meta property=\"og:description\" content=\"Tra le iniziative, un grande convegno sul tema delle nuove regole del gioco tra evoluzione e rivoluzione dello scenario competitivo per i comparti di ambiente, acqua, energia e Industria 4.0. In FieraMilano Rho dal 13 al 16 marzo, presso la Lounge ANIMA, Pad. 14-18\" \/>\n<meta property=\"og:url\" content=\"https:\/\/www.article-marketing.eu\/comunicatistampa\/mce-2018-icim-festeggia-suoi-30-anni-attivita\/\" \/>\n<meta property=\"og:site_name\" content=\"Article Marketing\" \/>\n<meta property=\"article:published_time\" content=\"2018-03-09T20:58:35+00:00\" \/>\n<meta name=\"author\" content=\"montefusco\" \/>\n<meta name=\"twitter:card\" content=\"summary_large_image\" \/>\n<meta name=\"twitter:label1\" content=\"Scritto da\" \/>\n\t<meta name=\"twitter:data1\" content=\"montefusco\" \/>\n\t<meta name=\"twitter:label2\" content=\"Tempo di lettura stimato\" \/>\n\t<meta name=\"twitter:data2\" content=\"3 minuti\" \/>\n<script type=\"application\/ld+json\" class=\"yoast-schema-graph\">{\"@context\":\"https:\\\/\\\/schema.org\",\"@graph\":[{\"@type\":\"Article\",\"@id\":\"https:\\\/\\\/www.article-marketing.eu\\\/comunicatistampa\\\/mce-2018-icim-festeggia-suoi-30-anni-attivita\\\/#article\",\"isPartOf\":{\"@id\":\"https:\\\/\\\/www.article-marketing.eu\\\/comunicatistampa\\\/mce-2018-icim-festeggia-suoi-30-anni-attivita\\\/\"},\"author\":{\"name\":\"montefusco\",\"@id\":\"https:\\\/\\\/www.article-marketing.eu\\\/comunicatistampa\\\/#\\\/schema\\\/person\\\/b981bc1786c420f8e7fc770698b6f2fc\"},\"headline\":\"A MCE 2018 ICIM FESTEGGIA I SUOI 30 ANNI DI ATTIVIT\u00c0\",\"datePublished\":\"2018-03-09T20:58:35+00:00\",\"mainEntityOfPage\":{\"@id\":\"https:\\\/\\\/www.article-marketing.eu\\\/comunicatistampa\\\/mce-2018-icim-festeggia-suoi-30-anni-attivita\\\/\"},\"wordCount\":662,\"commentCount\":0,\"keywords\":[\"acqua\",\"ambiente\",\"efficienza energetica\",\"energia\",\"ICIM\",\"industria4.0\",\"MCE\",\"sostenibilit\u00e0\"],\"articleSection\":[\"Ambiente\"],\"inLanguage\":\"it-IT\",\"potentialAction\":[{\"@type\":\"CommentAction\",\"name\":\"Comment\",\"target\":[\"https:\\\/\\\/www.article-marketing.eu\\\/comunicatistampa\\\/mce-2018-icim-festeggia-suoi-30-anni-attivita\\\/#respond\"]}]},{\"@type\":\"WebPage\",\"@id\":\"https:\\\/\\\/www.article-marketing.eu\\\/comunicatistampa\\\/mce-2018-icim-festeggia-suoi-30-anni-attivita\\\/\",\"url\":\"https:\\\/\\\/www.article-marketing.eu\\\/comunicatistampa\\\/mce-2018-icim-festeggia-suoi-30-anni-attivita\\\/\",\"name\":\"A MCE 2018 ICIM FESTEGGIA I SUOI 30 ANNI DI ATTIVIT\u00c0 - Article Marketing\",\"isPartOf\":{\"@id\":\"https:\\\/\\\/www.article-marketing.eu\\\/comunicatistampa\\\/#website\"},\"datePublished\":\"2018-03-09T20:58:35+00:00\",\"author\":{\"@id\":\"https:\\\/\\\/www.article-marketing.eu\\\/comunicatistampa\\\/#\\\/schema\\\/person\\\/b981bc1786c420f8e7fc770698b6f2fc\"},\"breadcrumb\":{\"@id\":\"https:\\\/\\\/www.article-marketing.eu\\\/comunicatistampa\\\/mce-2018-icim-festeggia-suoi-30-anni-attivita\\\/#breadcrumb\"},\"inLanguage\":\"it-IT\",\"potentialAction\":[{\"@type\":\"ReadAction\",\"target\":[\"https:\\\/\\\/www.article-marketing.eu\\\/comunicatistampa\\\/mce-2018-icim-festeggia-suoi-30-anni-attivita\\\/\"]}]},{\"@type\":\"BreadcrumbList\",\"@id\":\"https:\\\/\\\/www.article-marketing.eu\\\/comunicatistampa\\\/mce-2018-icim-festeggia-suoi-30-anni-attivita\\\/#breadcrumb\",\"itemListElement\":[{\"@type\":\"ListItem\",\"position\":1,\"name\":\"Home\",\"item\":\"https:\\\/\\\/www.article-marketing.eu\\\/comunicatistampa\\\/\"},{\"@type\":\"ListItem\",\"position\":2,\"name\":\"A MCE 2018 ICIM FESTEGGIA I SUOI 30 ANNI DI ATTIVIT\u00c0\"}]},{\"@type\":\"WebSite\",\"@id\":\"https:\\\/\\\/www.article-marketing.eu\\\/comunicatistampa\\\/#website\",\"url\":\"https:\\\/\\\/www.article-marketing.eu\\\/comunicatistampa\\\/\",\"name\":\"Article Marketing\",\"description\":\"article marketing &amp; press release\",\"potentialAction\":[{\"@type\":\"SearchAction\",\"target\":{\"@type\":\"EntryPoint\",\"urlTemplate\":\"https:\\\/\\\/www.article-marketing.eu\\\/comunicatistampa\\\/?s={search_term_string}\"},\"query-input\":{\"@type\":\"PropertyValueSpecification\",\"valueRequired\":true,\"valueName\":\"search_term_string\"}}],\"inLanguage\":\"it-IT\"},{\"@type\":\"Person\",\"@id\":\"https:\\\/\\\/www.article-marketing.eu\\\/comunicatistampa\\\/#\\\/schema\\\/person\\\/b981bc1786c420f8e7fc770698b6f2fc\",\"name\":\"montefusco\",\"image\":{\"@type\":\"ImageObject\",\"inLanguage\":\"it-IT\",\"@id\":\"https:\\\/\\\/secure.gravatar.com\\\/avatar\\\/d3087b03655a8ef722008dbaf183ec109f95eba8a88acb67c86c5776dedcb8c9?s=96&d=mm&r=g\",\"url\":\"https:\\\/\\\/secure.gravatar.com\\\/avatar\\\/d3087b03655a8ef722008dbaf183ec109f95eba8a88acb67c86c5776dedcb8c9?s=96&d=mm&r=g\",\"contentUrl\":\"https:\\\/\\\/secure.gravatar.com\\\/avatar\\\/d3087b03655a8ef722008dbaf183ec109f95eba8a88acb67c86c5776dedcb8c9?s=96&d=mm&r=g\",\"caption\":\"montefusco\"},\"url\":\"https:\\\/\\\/www.article-marketing.eu\\\/comunicatistampa\\\/author\\\/montefusco\\\/\"}]}<\/script>\n<!-- \/ Yoast SEO plugin. -->","yoast_head_json":{"title":"A MCE 2018 ICIM FESTEGGIA I SUOI 30 ANNI DI ATTIVIT\u00c0 - Article Marketing","robots":{"index":"index","follow":"follow","max-snippet":"max-snippet:-1","max-image-preview":"max-image-preview:large","max-video-preview":"max-video-preview:-1"},"canonical":"https:\/\/www.article-marketing.eu\/comunicatistampa\/mce-2018-icim-festeggia-suoi-30-anni-attivita\/","og_locale":"it_IT","og_type":"article","og_title":"A MCE 2018 ICIM FESTEGGIA I SUOI 30 ANNI DI ATTIVIT\u00c0 - Article Marketing","og_description":"Tra le iniziative, un grande convegno sul tema delle nuove regole del gioco tra evoluzione e rivoluzione dello scenario competitivo per i comparti di ambiente, acqua, energia e Industria 4.0. In FieraMilano Rho dal 13 al 16 marzo, presso la Lounge ANIMA, Pad. 14-18","og_url":"https:\/\/www.article-marketing.eu\/comunicatistampa\/mce-2018-icim-festeggia-suoi-30-anni-attivita\/","og_site_name":"Article Marketing","article_published_time":"2018-03-09T20:58:35+00:00","author":"montefusco","twitter_card":"summary_large_image","twitter_misc":{"Scritto da":"montefusco","Tempo di lettura stimato":"3 minuti"},"schema":{"@context":"https:\/\/schema.org","@graph":[{"@type":"Article","@id":"https:\/\/www.article-marketing.eu\/comunicatistampa\/mce-2018-icim-festeggia-suoi-30-anni-attivita\/#article","isPartOf":{"@id":"https:\/\/www.article-marketing.eu\/comunicatistampa\/mce-2018-icim-festeggia-suoi-30-anni-attivita\/"},"author":{"name":"montefusco","@id":"https:\/\/www.article-marketing.eu\/comunicatistampa\/#\/schema\/person\/b981bc1786c420f8e7fc770698b6f2fc"},"headline":"A MCE 2018 ICIM FESTEGGIA I SUOI 30 ANNI DI ATTIVIT\u00c0","datePublished":"2018-03-09T20:58:35+00:00","mainEntityOfPage":{"@id":"https:\/\/www.article-marketing.eu\/comunicatistampa\/mce-2018-icim-festeggia-suoi-30-anni-attivita\/"},"wordCount":662,"commentCount":0,"keywords":["acqua","ambiente","efficienza energetica","energia","ICIM","industria4.0","MCE","sostenibilit\u00e0"],"articleSection":["Ambiente"],"inLanguage":"it-IT","potentialAction":[{"@type":"CommentAction","name":"Comment","target":["https:\/\/www.article-marketing.eu\/comunicatistampa\/mce-2018-icim-festeggia-suoi-30-anni-attivita\/#respond"]}]},{"@type":"WebPage","@id":"https:\/\/www.article-marketing.eu\/comunicatistampa\/mce-2018-icim-festeggia-suoi-30-anni-attivita\/","url":"https:\/\/www.article-marketing.eu\/comunicatistampa\/mce-2018-icim-festeggia-suoi-30-anni-attivita\/","name":"A MCE 2018 ICIM FESTEGGIA I SUOI 30 ANNI DI ATTIVIT\u00c0 - Article Marketing","isPartOf":{"@id":"https:\/\/www.article-marketing.eu\/comunicatistampa\/#website"},"datePublished":"2018-03-09T20:58:35+00:00","author":{"@id":"https:\/\/www.article-marketing.eu\/comunicatistampa\/#\/schema\/person\/b981bc1786c420f8e7fc770698b6f2fc"},"breadcrumb":{"@id":"https:\/\/www.article-marketing.eu\/comunicatistampa\/mce-2018-icim-festeggia-suoi-30-anni-attivita\/#breadcrumb"},"inLanguage":"it-IT","potentialAction":[{"@type":"ReadAction","target":["https:\/\/www.article-marketing.eu\/comunicatistampa\/mce-2018-icim-festeggia-suoi-30-anni-attivita\/"]}]},{"@type":"BreadcrumbList","@id":"https:\/\/www.article-marketing.eu\/comunicatistampa\/mce-2018-icim-festeggia-suoi-30-anni-attivita\/#breadcrumb","itemListElement":[{"@type":"ListItem","position":1,"name":"Home","item":"https:\/\/www.article-marketing.eu\/comunicatistampa\/"},{"@type":"ListItem","position":2,"name":"A MCE 2018 ICIM FESTEGGIA I SUOI 30 ANNI DI ATTIVIT\u00c0"}]},{"@type":"WebSite","@id":"https:\/\/www.article-marketing.eu\/comunicatistampa\/#website","url":"https:\/\/www.article-marketing.eu\/comunicatistampa\/","name":"Article Marketing","description":"article marketing &amp; press release","potentialAction":[{"@type":"SearchAction","target":{"@type":"EntryPoint","urlTemplate":"https:\/\/www.article-marketing.eu\/comunicatistampa\/?s={search_term_string}"},"query-input":{"@type":"PropertyValueSpecification","valueRequired":true,"valueName":"search_term_string"}}],"inLanguage":"it-IT"},{"@type":"Person","@id":"https:\/\/www.article-marketing.eu\/comunicatistampa\/#\/schema\/person\/b981bc1786c420f8e7fc770698b6f2fc","name":"montefusco","image":{"@type":"ImageObject","inLanguage":"it-IT","@id":"https:\/\/secure.gravatar.com\/avatar\/d3087b03655a8ef722008dbaf183ec109f95eba8a88acb67c86c5776dedcb8c9?s=96&d=mm&r=g","url":"https:\/\/secure.gravatar.com\/avatar\/d3087b03655a8ef722008dbaf183ec109f95eba8a88acb67c86c5776dedcb8c9?s=96&d=mm&r=g","contentUrl":"https:\/\/secure.gravatar.com\/avatar\/d3087b03655a8ef722008dbaf183ec109f95eba8a88acb67c86c5776dedcb8c9?s=96&d=mm&r=g","caption":"montefusco"},"url":"https:\/\/www.article-marketing.eu\/comunicatistampa\/author\/montefusco\/"}]}},"_links":{"self":[{"href":"https:\/\/www.article-marketing.eu\/comunicatistampa\/wp-json\/wp\/v2\/posts\/9332","targetHints":{"allow":["GET"]}}],"collection":[{"href":"https:\/\/www.article-marketing.eu\/comunicatistampa\/wp-json\/wp\/v2\/posts"}],"about":[{"href":"https:\/\/www.article-marketing.eu\/comunicatistampa\/wp-json\/wp\/v2\/types\/post"}],"author":[{"embeddable":true,"href":"https:\/\/www.article-marketing.eu\/comunicatistampa\/wp-json\/wp\/v2\/users\/49"}],"replies":[{"embeddable":true,"href":"https:\/\/www.article-marketing.eu\/comunicatistampa\/wp-json\/wp\/v2\/comments?post=9332"}],"version-history":[{"count":2,"href":"https:\/\/www.article-marketing.eu\/comunicatistampa\/wp-json\/wp\/v2\/posts\/9332\/revisions"}],"predecessor-version":[{"id":9390,"href":"https:\/\/www.article-marketing.eu\/comunicatistampa\/wp-json\/wp\/v2\/posts\/9332\/revisions\/9390"}],"wp:attachment":[{"href":"https:\/\/www.article-marketing.eu\/comunicatistampa\/wp-json\/wp\/v2\/media?parent=9332"}],"wp:term":[{"taxonomy":"category","embeddable":true,"href":"https:\/\/www.article-marketing.eu\/comunicatistampa\/wp-json\/wp\/v2\/categories?post=9332"},{"taxonomy":"post_tag","embeddable":true,"href":"https:\/\/www.article-marketing.eu\/comunicatistampa\/wp-json\/wp\/v2\/tags?post=9332"}],"curies":[{"name":"wp","href":"https:\/\/api.w.org\/{rel}","templated":true}]}}