{"id":9421,"date":"2018-03-13T20:29:37","date_gmt":"2018-03-13T19:29:37","guid":{"rendered":"http:\/\/www.article-marketing.eu\/comunicatistampa\/?p=9421"},"modified":"2018-03-13T20:29:37","modified_gmt":"2018-03-13T19:29:37","slug":"con-i-set-foto-e-riprese-professionali-allinsegna-della-circular-economy","status":"publish","type":"post","link":"https:\/\/www.article-marketing.eu\/comunicatistampa\/con-i-set-foto-e-riprese-professionali-allinsegna-della-circular-economy\/","title":{"rendered":"CON I-SET FOTO E RIPRESE PROFESSIONALI ALL\u2019INSEGNA  DELLA CIRCULAR ECONOMY"},"content":{"rendered":"<p><strong>Foto, video ed economia circolare<\/strong>. C\u2019\u00e8 un intreccio importante tra questi tre elementi: \u00e8 infatti in arrivo sul mercato italiano un dispositivo che permette di utilizzare le foto e videocamere gi\u00e0 in possesso potenziandone le funzioni.<\/p>\n<p>Economia circolare\u00a0\u00e8 il termine che definisce un\u00a0sistema economico\u00a0progettato per potersi rigenerare da solo. Nasce dal concetto secondo cui i rifiuti non esistono e che modularit\u00e0, versatilit\u00e0 e adattabilit\u00e0 sono da privilegiare in un mondo in veloce evoluzione. \u00c8 in questo contesto che si va a porre <a href=\"http:\/\/www.i-set.it\/\">I-Set<\/a>, un kit componibile a seconda delle esigenze, che si aggiunge e si adatta ad attrezzature video gi\u00e0 in possesso, ne permette il <strong>controllo da remoto attraverso <a href=\"http:\/\/www.i-set.it\/\">l\u2019app<\/a><\/strong>, e <strong>automatizza compiti di regia<\/strong>, come far ruotare con precisione la telecamera, azionare e spegnere la registrazione, regolare la messa a fuoco, visualizzare un&#8217;anteprima delle riprese, scattare foto e motorizzare uno slider, controllando direttamente la velocit\u00e0 di movimento. Il risultato \u00e8 una <strong>ripresa professionale con l\u2019apparecchiatura gi\u00e0 in possesso.<\/strong><\/p>\n<p>Come prevede la circular economy, si va ad innovare qualcosa che c\u2019\u00e8 gi\u00e0. \u00a0Portando a nuova vita le attrezzature foto e video, I-Set punta infatti a <strong>ridurre i costi di produzione<\/strong> e cercare soluzioni a prezzi ragionevoli per ottimizzare le proprie risorse. Le case di produzione indipendenti e i <em>videomaker <\/em>non professionisti (come <em>youtubers, bloggers, coach<\/em>), infatti, hanno sempre pi\u00f9 bisogno di produrre video di alta qualit\u00e0 a prezzi contenuti.<\/p>\n<p>I-Set consente cos\u00ec di rispondere a due esigenze: <strong>rendere pi\u00f9 performanti attrezzature video senza dover rinnovare il proprio hardware e contestualmente contribuire all\u2019economia circolare ed alla sostenibilit\u00e0 ambientale prolungando la durata di attrezzature esistenti<\/strong>; questo perch\u00e9 si propone come soluzione <em>low cost <\/em>all\u2019interno di un mercato caratterizzato da prezzi molto elevati.<\/p>\n<p><em>\u00abCi rivolgiamo \u2013 <\/em>spiega Ilaria Chiesa, ideatrice di I Set e fondatrice di Rec Tv Produzioni<em> &#8211;\u00a0 a quella grande fetta di mercato rappresentata da un\u2019utenza di appassionati e semiprofessionisti che, scegliendo I-Set non solo potranno fare un upgrade delle loro attrezzature spendendo un terzo di quanto spenderebbero per cambiare hardware, ma potranno anche incidere sensibilmente sulla circolarit\u00e0 dell\u2019economia continuando ad utilizzare le proprie attrezzature\u00bb.<\/em><\/p>\n<p>Il kit I-Set \u00e8 formato da <strong>1 dispositivo core che permette tutti i movimenti e le funzioni e<\/strong> <strong>2 adattatori <\/strong>per camere e slider. Le funzioni sono completamente e facilmente controllate da smartphone, sia per Android che per Ios. Sar\u00e0 <strong>disponibile sul mercato a partire dal 30 marzo in pre-order sul sito <\/strong><a href=\"http:\/\/www.i-set.it\"><strong>www.i-set.it<\/strong><\/a><strong> . Il costo finale \u00e8 di 799 euro<\/strong>, ma per alle prime 100 prenotazioni \u00e8 riservato uno sconto pari all\u2019IVA.<\/p>\n<p>Le azioni che I-Set fornisce per le telecamere sono:<\/p>\n<ul>\n<li>Scatta foto<\/li>\n<li>Anteprima foto (se previsto dal produttore della telecamera)<\/li>\n<li>Imposta <em>timelapse <\/em>in rotazione<\/li>\n<li>Gira motore<\/li>\n<li>Inizia video<\/li>\n<li>Fine video<\/li>\n<li>zoom ottico (dipende dal produttore della telecamera).<\/li>\n<\/ul>\n<p>I-Set permette inoltre di motorizzare uno <em>slider<\/em>, ovvero un\u2019asta o un binario orizzontale su cui scivola la telecamera, aggiungendo la possibilit\u00e0 di programmare dei movimenti in autonomia e controllare direttamente la velocit\u00e0 di movimento.<\/p>\n<p>&nbsp;<\/p>\n","protected":false},"excerpt":{"rendered":"<p>Foto, video ed economia circolare. C\u2019\u00e8 un intreccio importante tra questi tre elementi: \u00e8 infatti in arrivo sul mercato italiano un dispositivo che permette di utilizzare le foto e videocamere gi\u00e0 in possesso potenziandone le funzioni. Economia circolare\u00a0\u00e8 il termine che definisce un\u00a0sistema economico\u00a0progettato per potersi rigenerare da solo. Nasce dal concetto secondo cui i rifiuti non esistono e che modularit\u00e0, versatilit\u00e0 e adattabilit\u00e0 sono da privilegiare in un mondo<\/p>\n<p><a class=\"continue-reading\" href=\"https:\/\/www.article-marketing.eu\/comunicatistampa\/con-i-set-foto-e-riprese-professionali-allinsegna-della-circular-economy\/\">Continue reading&#8230;<\/a><\/p>\n","protected":false},"author":1153,"featured_media":0,"comment_status":"open","ping_status":"open","sticky":false,"template":"","format":"standard","meta":{"_monsterinsights_skip_tracking":false,"_monsterinsights_sitenote_active":false,"_monsterinsights_sitenote_note":"","_monsterinsights_sitenote_category":0,"footnotes":""},"categories":[407,78,352,355,351],"tags":[3927,3929,3925,1474,3926,1464,2863,1213,48,174,3928],"class_list":["post-9421","post","type-post","status-publish","format-standard","hentry","category-arte-e-cultura","category-comunicati-stampa","category-hobbies","category-telecomunicazioni","category-tempo-libero","tag-amatoriale","tag-blogger","tag-economia-circolare","tag-foto","tag-professionale","tag-professionisti","tag-startup","tag-tecnologia","tag-torino","tag-video","tag-youtuber"],"yoast_head":"<!-- This site is optimized with the Yoast SEO plugin v27.3 - https:\/\/yoast.com\/product\/yoast-seo-wordpress\/ -->\n<title>CON I-SET FOTO E RIPRESE PROFESSIONALI ALL\u2019INSEGNA DELLA CIRCULAR ECONOMY - Article Marketing<\/title>\n<meta name=\"robots\" content=\"index, follow, max-snippet:-1, max-image-preview:large, max-video-preview:-1\" \/>\n<link rel=\"canonical\" href=\"https:\/\/www.article-marketing.eu\/comunicatistampa\/con-i-set-foto-e-riprese-professionali-allinsegna-della-circular-economy\/\" \/>\n<meta property=\"og:locale\" content=\"it_IT\" \/>\n<meta property=\"og:type\" content=\"article\" \/>\n<meta property=\"og:title\" content=\"CON I-SET FOTO E RIPRESE PROFESSIONALI ALL\u2019INSEGNA DELLA CIRCULAR ECONOMY - Article Marketing\" \/>\n<meta property=\"og:description\" content=\"Foto, video ed economia circolare. C\u2019\u00e8 un intreccio importante tra questi tre elementi: \u00e8 infatti in arrivo sul mercato italiano un dispositivo che permette di utilizzare le foto e videocamere gi\u00e0 in possesso potenziandone le funzioni. Economia circolare\u00a0\u00e8 il termine che definisce un\u00a0sistema economico\u00a0progettato per potersi rigenerare da solo. Nasce dal concetto secondo cui i rifiuti non esistono e che modularit\u00e0, versatilit\u00e0 e adattabilit\u00e0 sono da privilegiare in un mondoContinue reading...\" \/>\n<meta property=\"og:url\" content=\"https:\/\/www.article-marketing.eu\/comunicatistampa\/con-i-set-foto-e-riprese-professionali-allinsegna-della-circular-economy\/\" \/>\n<meta property=\"og:site_name\" content=\"Article Marketing\" \/>\n<meta property=\"article:published_time\" content=\"2018-03-13T19:29:37+00:00\" \/>\n<meta name=\"author\" content=\"news\" \/>\n<meta name=\"twitter:card\" content=\"summary_large_image\" \/>\n<meta name=\"twitter:label1\" content=\"Scritto da\" \/>\n\t<meta name=\"twitter:data1\" content=\"news\" \/>\n\t<meta name=\"twitter:label2\" content=\"Tempo di lettura stimato\" \/>\n\t<meta name=\"twitter:data2\" content=\"2 minuti\" \/>\n<script type=\"application\/ld+json\" class=\"yoast-schema-graph\">{\"@context\":\"https:\\\/\\\/schema.org\",\"@graph\":[{\"@type\":\"Article\",\"@id\":\"https:\\\/\\\/www.article-marketing.eu\\\/comunicatistampa\\\/con-i-set-foto-e-riprese-professionali-allinsegna-della-circular-economy\\\/#article\",\"isPartOf\":{\"@id\":\"https:\\\/\\\/www.article-marketing.eu\\\/comunicatistampa\\\/con-i-set-foto-e-riprese-professionali-allinsegna-della-circular-economy\\\/\"},\"author\":{\"name\":\"news\",\"@id\":\"https:\\\/\\\/www.article-marketing.eu\\\/comunicatistampa\\\/#\\\/schema\\\/person\\\/5f139d6a05a4b27244b1999873dc8f46\"},\"headline\":\"CON I-SET FOTO E RIPRESE PROFESSIONALI ALL\u2019INSEGNA DELLA CIRCULAR ECONOMY\",\"datePublished\":\"2018-03-13T19:29:37+00:00\",\"mainEntityOfPage\":{\"@id\":\"https:\\\/\\\/www.article-marketing.eu\\\/comunicatistampa\\\/con-i-set-foto-e-riprese-professionali-allinsegna-della-circular-economy\\\/\"},\"wordCount\":499,\"commentCount\":0,\"keywords\":[\"amatoriale\",\"blogger\",\"economia circolare\",\"foto\",\"professionale\",\"Professionisti\",\"startup\",\"tecnologia\",\"torino\",\"Video\",\"youtuber\"],\"articleSection\":[\"Arte e cultura\",\"Comunicati stampa\",\"Hobbies\",\"Telecomunicazioni\",\"Tempo libero\"],\"inLanguage\":\"it-IT\",\"potentialAction\":[{\"@type\":\"CommentAction\",\"name\":\"Comment\",\"target\":[\"https:\\\/\\\/www.article-marketing.eu\\\/comunicatistampa\\\/con-i-set-foto-e-riprese-professionali-allinsegna-della-circular-economy\\\/#respond\"]}]},{\"@type\":\"WebPage\",\"@id\":\"https:\\\/\\\/www.article-marketing.eu\\\/comunicatistampa\\\/con-i-set-foto-e-riprese-professionali-allinsegna-della-circular-economy\\\/\",\"url\":\"https:\\\/\\\/www.article-marketing.eu\\\/comunicatistampa\\\/con-i-set-foto-e-riprese-professionali-allinsegna-della-circular-economy\\\/\",\"name\":\"CON I-SET FOTO E RIPRESE PROFESSIONALI ALL\u2019INSEGNA DELLA CIRCULAR ECONOMY - Article Marketing\",\"isPartOf\":{\"@id\":\"https:\\\/\\\/www.article-marketing.eu\\\/comunicatistampa\\\/#website\"},\"datePublished\":\"2018-03-13T19:29:37+00:00\",\"author\":{\"@id\":\"https:\\\/\\\/www.article-marketing.eu\\\/comunicatistampa\\\/#\\\/schema\\\/person\\\/5f139d6a05a4b27244b1999873dc8f46\"},\"breadcrumb\":{\"@id\":\"https:\\\/\\\/www.article-marketing.eu\\\/comunicatistampa\\\/con-i-set-foto-e-riprese-professionali-allinsegna-della-circular-economy\\\/#breadcrumb\"},\"inLanguage\":\"it-IT\",\"potentialAction\":[{\"@type\":\"ReadAction\",\"target\":[\"https:\\\/\\\/www.article-marketing.eu\\\/comunicatistampa\\\/con-i-set-foto-e-riprese-professionali-allinsegna-della-circular-economy\\\/\"]}]},{\"@type\":\"BreadcrumbList\",\"@id\":\"https:\\\/\\\/www.article-marketing.eu\\\/comunicatistampa\\\/con-i-set-foto-e-riprese-professionali-allinsegna-della-circular-economy\\\/#breadcrumb\",\"itemListElement\":[{\"@type\":\"ListItem\",\"position\":1,\"name\":\"Home\",\"item\":\"https:\\\/\\\/www.article-marketing.eu\\\/comunicatistampa\\\/\"},{\"@type\":\"ListItem\",\"position\":2,\"name\":\"CON I-SET FOTO E RIPRESE PROFESSIONALI ALL\u2019INSEGNA DELLA CIRCULAR ECONOMY\"}]},{\"@type\":\"WebSite\",\"@id\":\"https:\\\/\\\/www.article-marketing.eu\\\/comunicatistampa\\\/#website\",\"url\":\"https:\\\/\\\/www.article-marketing.eu\\\/comunicatistampa\\\/\",\"name\":\"Article Marketing\",\"description\":\"article marketing &amp; press release\",\"potentialAction\":[{\"@type\":\"SearchAction\",\"target\":{\"@type\":\"EntryPoint\",\"urlTemplate\":\"https:\\\/\\\/www.article-marketing.eu\\\/comunicatistampa\\\/?s={search_term_string}\"},\"query-input\":{\"@type\":\"PropertyValueSpecification\",\"valueRequired\":true,\"valueName\":\"search_term_string\"}}],\"inLanguage\":\"it-IT\"},{\"@type\":\"Person\",\"@id\":\"https:\\\/\\\/www.article-marketing.eu\\\/comunicatistampa\\\/#\\\/schema\\\/person\\\/5f139d6a05a4b27244b1999873dc8f46\",\"name\":\"news\",\"image\":{\"@type\":\"ImageObject\",\"inLanguage\":\"it-IT\",\"@id\":\"https:\\\/\\\/secure.gravatar.com\\\/avatar\\\/c65b6b01cdb8e2be29bb7207a56f3790d0fad45b70b2b9a66df9448289d3a9be?s=96&d=mm&r=g\",\"url\":\"https:\\\/\\\/secure.gravatar.com\\\/avatar\\\/c65b6b01cdb8e2be29bb7207a56f3790d0fad45b70b2b9a66df9448289d3a9be?s=96&d=mm&r=g\",\"contentUrl\":\"https:\\\/\\\/secure.gravatar.com\\\/avatar\\\/c65b6b01cdb8e2be29bb7207a56f3790d0fad45b70b2b9a66df9448289d3a9be?s=96&d=mm&r=g\",\"caption\":\"news\"},\"url\":\"https:\\\/\\\/www.article-marketing.eu\\\/comunicatistampa\\\/author\\\/news\\\/\"}]}<\/script>\n<!-- \/ Yoast SEO plugin. -->","yoast_head_json":{"title":"CON I-SET FOTO E RIPRESE PROFESSIONALI ALL\u2019INSEGNA DELLA CIRCULAR ECONOMY - Article Marketing","robots":{"index":"index","follow":"follow","max-snippet":"max-snippet:-1","max-image-preview":"max-image-preview:large","max-video-preview":"max-video-preview:-1"},"canonical":"https:\/\/www.article-marketing.eu\/comunicatistampa\/con-i-set-foto-e-riprese-professionali-allinsegna-della-circular-economy\/","og_locale":"it_IT","og_type":"article","og_title":"CON I-SET FOTO E RIPRESE PROFESSIONALI ALL\u2019INSEGNA DELLA CIRCULAR ECONOMY - Article Marketing","og_description":"Foto, video ed economia circolare. C\u2019\u00e8 un intreccio importante tra questi tre elementi: \u00e8 infatti in arrivo sul mercato italiano un dispositivo che permette di utilizzare le foto e videocamere gi\u00e0 in possesso potenziandone le funzioni. Economia circolare\u00a0\u00e8 il termine che definisce un\u00a0sistema economico\u00a0progettato per potersi rigenerare da solo. Nasce dal concetto secondo cui i rifiuti non esistono e che modularit\u00e0, versatilit\u00e0 e adattabilit\u00e0 sono da privilegiare in un mondoContinue reading...","og_url":"https:\/\/www.article-marketing.eu\/comunicatistampa\/con-i-set-foto-e-riprese-professionali-allinsegna-della-circular-economy\/","og_site_name":"Article Marketing","article_published_time":"2018-03-13T19:29:37+00:00","author":"news","twitter_card":"summary_large_image","twitter_misc":{"Scritto da":"news","Tempo di lettura stimato":"2 minuti"},"schema":{"@context":"https:\/\/schema.org","@graph":[{"@type":"Article","@id":"https:\/\/www.article-marketing.eu\/comunicatistampa\/con-i-set-foto-e-riprese-professionali-allinsegna-della-circular-economy\/#article","isPartOf":{"@id":"https:\/\/www.article-marketing.eu\/comunicatistampa\/con-i-set-foto-e-riprese-professionali-allinsegna-della-circular-economy\/"},"author":{"name":"news","@id":"https:\/\/www.article-marketing.eu\/comunicatistampa\/#\/schema\/person\/5f139d6a05a4b27244b1999873dc8f46"},"headline":"CON I-SET FOTO E RIPRESE PROFESSIONALI ALL\u2019INSEGNA DELLA CIRCULAR ECONOMY","datePublished":"2018-03-13T19:29:37+00:00","mainEntityOfPage":{"@id":"https:\/\/www.article-marketing.eu\/comunicatistampa\/con-i-set-foto-e-riprese-professionali-allinsegna-della-circular-economy\/"},"wordCount":499,"commentCount":0,"keywords":["amatoriale","blogger","economia circolare","foto","professionale","Professionisti","startup","tecnologia","torino","Video","youtuber"],"articleSection":["Arte e cultura","Comunicati stampa","Hobbies","Telecomunicazioni","Tempo libero"],"inLanguage":"it-IT","potentialAction":[{"@type":"CommentAction","name":"Comment","target":["https:\/\/www.article-marketing.eu\/comunicatistampa\/con-i-set-foto-e-riprese-professionali-allinsegna-della-circular-economy\/#respond"]}]},{"@type":"WebPage","@id":"https:\/\/www.article-marketing.eu\/comunicatistampa\/con-i-set-foto-e-riprese-professionali-allinsegna-della-circular-economy\/","url":"https:\/\/www.article-marketing.eu\/comunicatistampa\/con-i-set-foto-e-riprese-professionali-allinsegna-della-circular-economy\/","name":"CON I-SET FOTO E RIPRESE PROFESSIONALI ALL\u2019INSEGNA DELLA CIRCULAR ECONOMY - Article Marketing","isPartOf":{"@id":"https:\/\/www.article-marketing.eu\/comunicatistampa\/#website"},"datePublished":"2018-03-13T19:29:37+00:00","author":{"@id":"https:\/\/www.article-marketing.eu\/comunicatistampa\/#\/schema\/person\/5f139d6a05a4b27244b1999873dc8f46"},"breadcrumb":{"@id":"https:\/\/www.article-marketing.eu\/comunicatistampa\/con-i-set-foto-e-riprese-professionali-allinsegna-della-circular-economy\/#breadcrumb"},"inLanguage":"it-IT","potentialAction":[{"@type":"ReadAction","target":["https:\/\/www.article-marketing.eu\/comunicatistampa\/con-i-set-foto-e-riprese-professionali-allinsegna-della-circular-economy\/"]}]},{"@type":"BreadcrumbList","@id":"https:\/\/www.article-marketing.eu\/comunicatistampa\/con-i-set-foto-e-riprese-professionali-allinsegna-della-circular-economy\/#breadcrumb","itemListElement":[{"@type":"ListItem","position":1,"name":"Home","item":"https:\/\/www.article-marketing.eu\/comunicatistampa\/"},{"@type":"ListItem","position":2,"name":"CON I-SET FOTO E RIPRESE PROFESSIONALI ALL\u2019INSEGNA DELLA CIRCULAR ECONOMY"}]},{"@type":"WebSite","@id":"https:\/\/www.article-marketing.eu\/comunicatistampa\/#website","url":"https:\/\/www.article-marketing.eu\/comunicatistampa\/","name":"Article Marketing","description":"article marketing &amp; press release","potentialAction":[{"@type":"SearchAction","target":{"@type":"EntryPoint","urlTemplate":"https:\/\/www.article-marketing.eu\/comunicatistampa\/?s={search_term_string}"},"query-input":{"@type":"PropertyValueSpecification","valueRequired":true,"valueName":"search_term_string"}}],"inLanguage":"it-IT"},{"@type":"Person","@id":"https:\/\/www.article-marketing.eu\/comunicatistampa\/#\/schema\/person\/5f139d6a05a4b27244b1999873dc8f46","name":"news","image":{"@type":"ImageObject","inLanguage":"it-IT","@id":"https:\/\/secure.gravatar.com\/avatar\/c65b6b01cdb8e2be29bb7207a56f3790d0fad45b70b2b9a66df9448289d3a9be?s=96&d=mm&r=g","url":"https:\/\/secure.gravatar.com\/avatar\/c65b6b01cdb8e2be29bb7207a56f3790d0fad45b70b2b9a66df9448289d3a9be?s=96&d=mm&r=g","contentUrl":"https:\/\/secure.gravatar.com\/avatar\/c65b6b01cdb8e2be29bb7207a56f3790d0fad45b70b2b9a66df9448289d3a9be?s=96&d=mm&r=g","caption":"news"},"url":"https:\/\/www.article-marketing.eu\/comunicatistampa\/author\/news\/"}]}},"_links":{"self":[{"href":"https:\/\/www.article-marketing.eu\/comunicatistampa\/wp-json\/wp\/v2\/posts\/9421","targetHints":{"allow":["GET"]}}],"collection":[{"href":"https:\/\/www.article-marketing.eu\/comunicatistampa\/wp-json\/wp\/v2\/posts"}],"about":[{"href":"https:\/\/www.article-marketing.eu\/comunicatistampa\/wp-json\/wp\/v2\/types\/post"}],"author":[{"embeddable":true,"href":"https:\/\/www.article-marketing.eu\/comunicatistampa\/wp-json\/wp\/v2\/users\/1153"}],"replies":[{"embeddable":true,"href":"https:\/\/www.article-marketing.eu\/comunicatistampa\/wp-json\/wp\/v2\/comments?post=9421"}],"version-history":[{"count":4,"href":"https:\/\/www.article-marketing.eu\/comunicatistampa\/wp-json\/wp\/v2\/posts\/9421\/revisions"}],"predecessor-version":[{"id":9428,"href":"https:\/\/www.article-marketing.eu\/comunicatistampa\/wp-json\/wp\/v2\/posts\/9421\/revisions\/9428"}],"wp:attachment":[{"href":"https:\/\/www.article-marketing.eu\/comunicatistampa\/wp-json\/wp\/v2\/media?parent=9421"}],"wp:term":[{"taxonomy":"category","embeddable":true,"href":"https:\/\/www.article-marketing.eu\/comunicatistampa\/wp-json\/wp\/v2\/categories?post=9421"},{"taxonomy":"post_tag","embeddable":true,"href":"https:\/\/www.article-marketing.eu\/comunicatistampa\/wp-json\/wp\/v2\/tags?post=9421"}],"curies":[{"name":"wp","href":"https:\/\/api.w.org\/{rel}","templated":true}]}}