{"id":9445,"date":"2018-03-16T05:53:07","date_gmt":"2018-03-16T04:53:07","guid":{"rendered":"http:\/\/www.article-marketing.eu\/comunicatistampa\/?p=9445"},"modified":"2018-03-16T05:53:07","modified_gmt":"2018-03-16T04:53:07","slug":"allarme-garage-la-protezione-inizia-da-qui","status":"publish","type":"post","link":"https:\/\/www.article-marketing.eu\/comunicatistampa\/allarme-garage-la-protezione-inizia-da-qui\/","title":{"rendered":"Allarme garage: la protezione inizia da qui!"},"content":{"rendered":"<p>Un sistema di allarme da installare per tutelare il proprio garage, \u00e8 un valido alleato per debellare, in modo sicuro e definitivo, tenativi di furto e di effrazione. Molte volte il garage rappresenta l\u2019avanposto di accesso all\u2019abitazione, che magari \u00e8 ad esso connessa attraverso una scala interna o comunque un passaggio con diretto accesso in casa. E questo, di certo, non passa inosservato ad eventuali malintenzionati! Installare un antifurto a protezione del garage \u00e8 la scelta definitiva che andr\u00e0 a debellare la spiacevole possibilit\u00e0 di ritrovarsi intrusi in casa, tanto in nostra presenza che quando siamo assenti.<\/p>\n<p>&nbsp;<\/p>\n<p><strong>Allarme garage: diverse tipologie per far fronte ad ogni esigenza<\/strong><\/p>\n<p>Il garage \u00e8 quel luogo deputato ad accogliere oggetti molto grandi o di grande valore. Mezzi di trasporto in primis: automobile, moto, motorino, bicicletta. E poi ancora, tutto ci\u00f2 che \u00e8 di grande ingombro: quadri, magari anche di un certo valore; mobili in disuso o momentaneamente in <em>stand by<\/em>; e ancora, valige, bauli, elettrodomestici e attrezzatura da giardino o sportiva. Tutte cose che hanno un importante consistenza in termini economici. E se il luogo che accoglie e stipa tutto questo materiale non risulta essere degnamente tutelato, pu\u00f2 facilmente divenire preda di malviventi.<\/p>\n<p>Quando il garage \u00e8 annesso allo stesso luogo in cui si vive, la soluzione migliore, in termini di sistemi di allarme, risiede nell\u2019antifurto dotato di sensori ambientali, un innovativo ritrovato tecnologico in grado di presidiare i punti di accesso (siano essi porte, finestre, grate, saracinesche) ed emettere, all\u2019occorrenza, segnale sonoro.<\/p>\n<p>In caso, invece, di garage discosto dalla propria casa, una valida scelta \u00e8 sicuramente il sistema di videoprotezione, un sistema di allarme dotato di telecamere a circuito chiuso che filmano tutto ci\u00f2 che avviene in un determinato ambiente, generando immagini da ben 8 differenti angolazioni. Il <a href=\"https:\/\/gruppoitl.it\/sistemi-sicurezza-roma\/\">sistema di allarme<\/a> dotato di videoprotezione \u00e8 gestibile da remoto e permette, quindi, di avere una panoramica costante e completa, anche se, fisicamente, non ci si trova <em>in loco<\/em>.<\/p>\n<p>Entrambi i sistemi di allarme sono installabili in modalit\u00e0 wireless, senza, quindi, la necessit\u00e0 di modifiche strutturali e lavori di muratura.<\/p>\n<p>&nbsp;<\/p>\n<p><strong>Allarme garage: a chi rivolgersi<\/strong><\/p>\n<p>A fornire soluzioni su misura per entrambe le alternative (sistema di allarme a sensori e videoprotezione), \u00e8 sicuramente il Gruppo ITL (www.gruppoitl.i<a href=\"http:\/\/www.gruppoitl.it\">t<\/a>), attivo nell\u2019intera regione Lazio e in molte altre regioni italiane. Richiedendo una consulenza assolutamente gratuita, gli specialisto del Gruppo ITL sapranno consigliare all\u2019utente il miglior sistema, appositamente studiato su specifiche necessit\u00e0.<\/p>\n<p>Il Gruppo ITL da, inoltre, ai propri clienti, la possibilit\u00e0 di provare gratuitamente il sistema di allarme a cui si \u00e8 interessati, per testare realmente, nella fattibilit\u00e0, quanto un antifurto sia determinante nella gestione della quotidianit\u00e0<\/p>\n<p>Allarme garage: come non averci pensato prima!<\/p>\n","protected":false},"excerpt":{"rendered":"<p>Un sistema di allarme da installare per tutelare il proprio garage, \u00e8 un valido alleato per debellare, in modo sicuro e definitivo, tenativi di furto e di effrazione. Molte volte il garage rappresenta l\u2019avanposto di accesso all\u2019abitazione, che magari \u00e8 ad esso connessa attraverso una scala interna o comunque un passaggio con diretto accesso in casa. E questo, di certo, non passa inosservato ad eventuali malintenzionati! Installare un antifurto a<\/p>\n<p><a class=\"continue-reading\" href=\"https:\/\/www.article-marketing.eu\/comunicatistampa\/allarme-garage-la-protezione-inizia-da-qui\/\">Continue reading&#8230;<\/a><\/p>\n","protected":false},"author":436,"featured_media":0,"comment_status":"open","ping_status":"open","sticky":false,"template":"","format":"standard","meta":{"_monsterinsights_skip_tracking":false,"_monsterinsights_sitenote_active":false,"_monsterinsights_sitenote_note":"","_monsterinsights_sitenote_category":0,"footnotes":""},"categories":[394],"tags":[3932],"class_list":["post-9445","post","type-post","status-publish","format-standard","hentry","category-servizi","tag-sistemi-di-allarme"],"yoast_head":"<!-- This site is optimized with the Yoast SEO plugin v27.3 - https:\/\/yoast.com\/product\/yoast-seo-wordpress\/ -->\n<title>Allarme garage: la protezione inizia da qui! - Article Marketing<\/title>\n<meta name=\"robots\" content=\"index, follow, max-snippet:-1, max-image-preview:large, max-video-preview:-1\" \/>\n<link rel=\"canonical\" href=\"https:\/\/www.article-marketing.eu\/comunicatistampa\/allarme-garage-la-protezione-inizia-da-qui\/\" \/>\n<meta property=\"og:locale\" content=\"it_IT\" \/>\n<meta property=\"og:type\" content=\"article\" \/>\n<meta property=\"og:title\" content=\"Allarme garage: la protezione inizia da qui! - Article Marketing\" \/>\n<meta property=\"og:description\" content=\"Un sistema di allarme da installare per tutelare il proprio garage, \u00e8 un valido alleato per debellare, in modo sicuro e definitivo, tenativi di furto e di effrazione. Molte volte il garage rappresenta l\u2019avanposto di accesso all\u2019abitazione, che magari \u00e8 ad esso connessa attraverso una scala interna o comunque un passaggio con diretto accesso in casa. E questo, di certo, non passa inosservato ad eventuali malintenzionati! Installare un antifurto aContinue reading...\" \/>\n<meta property=\"og:url\" content=\"https:\/\/www.article-marketing.eu\/comunicatistampa\/allarme-garage-la-protezione-inizia-da-qui\/\" \/>\n<meta property=\"og:site_name\" content=\"Article Marketing\" \/>\n<meta property=\"article:published_time\" content=\"2018-03-16T04:53:07+00:00\" \/>\n<meta name=\"author\" content=\"seoseverini\" \/>\n<meta name=\"twitter:card\" content=\"summary_large_image\" \/>\n<meta name=\"twitter:label1\" content=\"Scritto da\" \/>\n\t<meta name=\"twitter:data1\" content=\"seoseverini\" \/>\n\t<meta name=\"twitter:label2\" content=\"Tempo di lettura stimato\" \/>\n\t<meta name=\"twitter:data2\" content=\"2 minuti\" \/>\n<script type=\"application\/ld+json\" class=\"yoast-schema-graph\">{\"@context\":\"https:\\\/\\\/schema.org\",\"@graph\":[{\"@type\":\"Article\",\"@id\":\"https:\\\/\\\/www.article-marketing.eu\\\/comunicatistampa\\\/allarme-garage-la-protezione-inizia-da-qui\\\/#article\",\"isPartOf\":{\"@id\":\"https:\\\/\\\/www.article-marketing.eu\\\/comunicatistampa\\\/allarme-garage-la-protezione-inizia-da-qui\\\/\"},\"author\":{\"name\":\"seoseverini\",\"@id\":\"https:\\\/\\\/www.article-marketing.eu\\\/comunicatistampa\\\/#\\\/schema\\\/person\\\/4123b09ba5b5e42091f2389476421254\"},\"headline\":\"Allarme garage: la protezione inizia da qui!\",\"datePublished\":\"2018-03-16T04:53:07+00:00\",\"mainEntityOfPage\":{\"@id\":\"https:\\\/\\\/www.article-marketing.eu\\\/comunicatistampa\\\/allarme-garage-la-protezione-inizia-da-qui\\\/\"},\"wordCount\":452,\"commentCount\":0,\"keywords\":[\"sistemi di allarme\"],\"articleSection\":[\"Servizi\"],\"inLanguage\":\"it-IT\",\"potentialAction\":[{\"@type\":\"CommentAction\",\"name\":\"Comment\",\"target\":[\"https:\\\/\\\/www.article-marketing.eu\\\/comunicatistampa\\\/allarme-garage-la-protezione-inizia-da-qui\\\/#respond\"]}]},{\"@type\":\"WebPage\",\"@id\":\"https:\\\/\\\/www.article-marketing.eu\\\/comunicatistampa\\\/allarme-garage-la-protezione-inizia-da-qui\\\/\",\"url\":\"https:\\\/\\\/www.article-marketing.eu\\\/comunicatistampa\\\/allarme-garage-la-protezione-inizia-da-qui\\\/\",\"name\":\"Allarme garage: la protezione inizia da qui! - Article Marketing\",\"isPartOf\":{\"@id\":\"https:\\\/\\\/www.article-marketing.eu\\\/comunicatistampa\\\/#website\"},\"datePublished\":\"2018-03-16T04:53:07+00:00\",\"author\":{\"@id\":\"https:\\\/\\\/www.article-marketing.eu\\\/comunicatistampa\\\/#\\\/schema\\\/person\\\/4123b09ba5b5e42091f2389476421254\"},\"breadcrumb\":{\"@id\":\"https:\\\/\\\/www.article-marketing.eu\\\/comunicatistampa\\\/allarme-garage-la-protezione-inizia-da-qui\\\/#breadcrumb\"},\"inLanguage\":\"it-IT\",\"potentialAction\":[{\"@type\":\"ReadAction\",\"target\":[\"https:\\\/\\\/www.article-marketing.eu\\\/comunicatistampa\\\/allarme-garage-la-protezione-inizia-da-qui\\\/\"]}]},{\"@type\":\"BreadcrumbList\",\"@id\":\"https:\\\/\\\/www.article-marketing.eu\\\/comunicatistampa\\\/allarme-garage-la-protezione-inizia-da-qui\\\/#breadcrumb\",\"itemListElement\":[{\"@type\":\"ListItem\",\"position\":1,\"name\":\"Home\",\"item\":\"https:\\\/\\\/www.article-marketing.eu\\\/comunicatistampa\\\/\"},{\"@type\":\"ListItem\",\"position\":2,\"name\":\"Allarme garage: la protezione inizia da qui!\"}]},{\"@type\":\"WebSite\",\"@id\":\"https:\\\/\\\/www.article-marketing.eu\\\/comunicatistampa\\\/#website\",\"url\":\"https:\\\/\\\/www.article-marketing.eu\\\/comunicatistampa\\\/\",\"name\":\"Article Marketing\",\"description\":\"article marketing &amp; press release\",\"potentialAction\":[{\"@type\":\"SearchAction\",\"target\":{\"@type\":\"EntryPoint\",\"urlTemplate\":\"https:\\\/\\\/www.article-marketing.eu\\\/comunicatistampa\\\/?s={search_term_string}\"},\"query-input\":{\"@type\":\"PropertyValueSpecification\",\"valueRequired\":true,\"valueName\":\"search_term_string\"}}],\"inLanguage\":\"it-IT\"},{\"@type\":\"Person\",\"@id\":\"https:\\\/\\\/www.article-marketing.eu\\\/comunicatistampa\\\/#\\\/schema\\\/person\\\/4123b09ba5b5e42091f2389476421254\",\"name\":\"seoseverini\",\"image\":{\"@type\":\"ImageObject\",\"inLanguage\":\"it-IT\",\"@id\":\"https:\\\/\\\/secure.gravatar.com\\\/avatar\\\/199a2e63e9614dc83afe5b2605213f3e70299de8d4fca9c3608bbc9c02de997b?s=96&d=mm&r=g\",\"url\":\"https:\\\/\\\/secure.gravatar.com\\\/avatar\\\/199a2e63e9614dc83afe5b2605213f3e70299de8d4fca9c3608bbc9c02de997b?s=96&d=mm&r=g\",\"contentUrl\":\"https:\\\/\\\/secure.gravatar.com\\\/avatar\\\/199a2e63e9614dc83afe5b2605213f3e70299de8d4fca9c3608bbc9c02de997b?s=96&d=mm&r=g\",\"caption\":\"seoseverini\"},\"sameAs\":[\"http:\\\/\\\/www.seoperseo.eu\"],\"url\":\"https:\\\/\\\/www.article-marketing.eu\\\/comunicatistampa\\\/author\\\/seoseverini\\\/\"}]}<\/script>\n<!-- \/ Yoast SEO plugin. -->","yoast_head_json":{"title":"Allarme garage: la protezione inizia da qui! - Article Marketing","robots":{"index":"index","follow":"follow","max-snippet":"max-snippet:-1","max-image-preview":"max-image-preview:large","max-video-preview":"max-video-preview:-1"},"canonical":"https:\/\/www.article-marketing.eu\/comunicatistampa\/allarme-garage-la-protezione-inizia-da-qui\/","og_locale":"it_IT","og_type":"article","og_title":"Allarme garage: la protezione inizia da qui! - Article Marketing","og_description":"Un sistema di allarme da installare per tutelare il proprio garage, \u00e8 un valido alleato per debellare, in modo sicuro e definitivo, tenativi di furto e di effrazione. Molte volte il garage rappresenta l\u2019avanposto di accesso all\u2019abitazione, che magari \u00e8 ad esso connessa attraverso una scala interna o comunque un passaggio con diretto accesso in casa. E questo, di certo, non passa inosservato ad eventuali malintenzionati! Installare un antifurto aContinue reading...","og_url":"https:\/\/www.article-marketing.eu\/comunicatistampa\/allarme-garage-la-protezione-inizia-da-qui\/","og_site_name":"Article Marketing","article_published_time":"2018-03-16T04:53:07+00:00","author":"seoseverini","twitter_card":"summary_large_image","twitter_misc":{"Scritto da":"seoseverini","Tempo di lettura stimato":"2 minuti"},"schema":{"@context":"https:\/\/schema.org","@graph":[{"@type":"Article","@id":"https:\/\/www.article-marketing.eu\/comunicatistampa\/allarme-garage-la-protezione-inizia-da-qui\/#article","isPartOf":{"@id":"https:\/\/www.article-marketing.eu\/comunicatistampa\/allarme-garage-la-protezione-inizia-da-qui\/"},"author":{"name":"seoseverini","@id":"https:\/\/www.article-marketing.eu\/comunicatistampa\/#\/schema\/person\/4123b09ba5b5e42091f2389476421254"},"headline":"Allarme garage: la protezione inizia da qui!","datePublished":"2018-03-16T04:53:07+00:00","mainEntityOfPage":{"@id":"https:\/\/www.article-marketing.eu\/comunicatistampa\/allarme-garage-la-protezione-inizia-da-qui\/"},"wordCount":452,"commentCount":0,"keywords":["sistemi di allarme"],"articleSection":["Servizi"],"inLanguage":"it-IT","potentialAction":[{"@type":"CommentAction","name":"Comment","target":["https:\/\/www.article-marketing.eu\/comunicatistampa\/allarme-garage-la-protezione-inizia-da-qui\/#respond"]}]},{"@type":"WebPage","@id":"https:\/\/www.article-marketing.eu\/comunicatistampa\/allarme-garage-la-protezione-inizia-da-qui\/","url":"https:\/\/www.article-marketing.eu\/comunicatistampa\/allarme-garage-la-protezione-inizia-da-qui\/","name":"Allarme garage: la protezione inizia da qui! - Article Marketing","isPartOf":{"@id":"https:\/\/www.article-marketing.eu\/comunicatistampa\/#website"},"datePublished":"2018-03-16T04:53:07+00:00","author":{"@id":"https:\/\/www.article-marketing.eu\/comunicatistampa\/#\/schema\/person\/4123b09ba5b5e42091f2389476421254"},"breadcrumb":{"@id":"https:\/\/www.article-marketing.eu\/comunicatistampa\/allarme-garage-la-protezione-inizia-da-qui\/#breadcrumb"},"inLanguage":"it-IT","potentialAction":[{"@type":"ReadAction","target":["https:\/\/www.article-marketing.eu\/comunicatistampa\/allarme-garage-la-protezione-inizia-da-qui\/"]}]},{"@type":"BreadcrumbList","@id":"https:\/\/www.article-marketing.eu\/comunicatistampa\/allarme-garage-la-protezione-inizia-da-qui\/#breadcrumb","itemListElement":[{"@type":"ListItem","position":1,"name":"Home","item":"https:\/\/www.article-marketing.eu\/comunicatistampa\/"},{"@type":"ListItem","position":2,"name":"Allarme garage: la protezione inizia da qui!"}]},{"@type":"WebSite","@id":"https:\/\/www.article-marketing.eu\/comunicatistampa\/#website","url":"https:\/\/www.article-marketing.eu\/comunicatistampa\/","name":"Article Marketing","description":"article marketing &amp; press release","potentialAction":[{"@type":"SearchAction","target":{"@type":"EntryPoint","urlTemplate":"https:\/\/www.article-marketing.eu\/comunicatistampa\/?s={search_term_string}"},"query-input":{"@type":"PropertyValueSpecification","valueRequired":true,"valueName":"search_term_string"}}],"inLanguage":"it-IT"},{"@type":"Person","@id":"https:\/\/www.article-marketing.eu\/comunicatistampa\/#\/schema\/person\/4123b09ba5b5e42091f2389476421254","name":"seoseverini","image":{"@type":"ImageObject","inLanguage":"it-IT","@id":"https:\/\/secure.gravatar.com\/avatar\/199a2e63e9614dc83afe5b2605213f3e70299de8d4fca9c3608bbc9c02de997b?s=96&d=mm&r=g","url":"https:\/\/secure.gravatar.com\/avatar\/199a2e63e9614dc83afe5b2605213f3e70299de8d4fca9c3608bbc9c02de997b?s=96&d=mm&r=g","contentUrl":"https:\/\/secure.gravatar.com\/avatar\/199a2e63e9614dc83afe5b2605213f3e70299de8d4fca9c3608bbc9c02de997b?s=96&d=mm&r=g","caption":"seoseverini"},"sameAs":["http:\/\/www.seoperseo.eu"],"url":"https:\/\/www.article-marketing.eu\/comunicatistampa\/author\/seoseverini\/"}]}},"_links":{"self":[{"href":"https:\/\/www.article-marketing.eu\/comunicatistampa\/wp-json\/wp\/v2\/posts\/9445","targetHints":{"allow":["GET"]}}],"collection":[{"href":"https:\/\/www.article-marketing.eu\/comunicatistampa\/wp-json\/wp\/v2\/posts"}],"about":[{"href":"https:\/\/www.article-marketing.eu\/comunicatistampa\/wp-json\/wp\/v2\/types\/post"}],"author":[{"embeddable":true,"href":"https:\/\/www.article-marketing.eu\/comunicatistampa\/wp-json\/wp\/v2\/users\/436"}],"replies":[{"embeddable":true,"href":"https:\/\/www.article-marketing.eu\/comunicatistampa\/wp-json\/wp\/v2\/comments?post=9445"}],"version-history":[{"count":2,"href":"https:\/\/www.article-marketing.eu\/comunicatistampa\/wp-json\/wp\/v2\/posts\/9445\/revisions"}],"predecessor-version":[{"id":9450,"href":"https:\/\/www.article-marketing.eu\/comunicatistampa\/wp-json\/wp\/v2\/posts\/9445\/revisions\/9450"}],"wp:attachment":[{"href":"https:\/\/www.article-marketing.eu\/comunicatistampa\/wp-json\/wp\/v2\/media?parent=9445"}],"wp:term":[{"taxonomy":"category","embeddable":true,"href":"https:\/\/www.article-marketing.eu\/comunicatistampa\/wp-json\/wp\/v2\/categories?post=9445"},{"taxonomy":"post_tag","embeddable":true,"href":"https:\/\/www.article-marketing.eu\/comunicatistampa\/wp-json\/wp\/v2\/tags?post=9445"}],"curies":[{"name":"wp","href":"https:\/\/api.w.org\/{rel}","templated":true}]}}