{"id":9463,"date":"2018-03-20T02:04:58","date_gmt":"2018-03-20T01:04:58","guid":{"rendered":"http:\/\/www.article-marketing.eu\/comunicatistampa\/?p=9463"},"modified":"2018-03-20T02:04:58","modified_gmt":"2018-03-20T01:04:58","slug":"la-formazione-imprenditoriale-per-la-prima-volta-al-cosmoprof-lele-canavero-presenta-gli-imprenditori-della-bellezza","status":"publish","type":"post","link":"https:\/\/www.article-marketing.eu\/comunicatistampa\/la-formazione-imprenditoriale-per-la-prima-volta-al-cosmoprof-lele-canavero-presenta-gli-imprenditori-della-bellezza\/","title":{"rendered":"LA FORMAZIONE IMPRENDITORIALE PER LA PRIMA VOLTA AL COSMOPROF.  LELE CANAVERO PRESENTA GLI IMPRENDITORI DELLA BELLEZZA"},"content":{"rendered":"<p>Spazzola e marketing, taglio e comunicazione, phon e social media management, piega e gestione del team, ovvero <strong>porre sullo stesso piano competenze tecniche e capacit\u00e0 imprenditoriali<\/strong>: \u00e8 questa la ricetta che sta portando sempre pi\u00f9 parrucchieri al successo e arriva <strong>per la prima volta al Cosmoprof<\/strong> di Bologna (la fiera dedicata al settore hair&amp;beauty, che si svolge dal 15 al 19 marzo 2018) con il programma formativo \u201c<strong><a href=\"http:\/\/imprenditoridellabellezza.it\/\">Imprenditori della Bellezza<\/a><\/strong>\u201d di Lelio \u201clele\u201d Canavero, il trainer di impresa specializzato in hair&amp;beauty da oltre vent\u2019anni al fianco di migliaia di acconciatori. \u00ab<em>Finito il tempo del \u2018tutto per tutti\u2019, oggi \u00e8 necessario avere una differenza forte, ovvero una specializzazione \u2013 <\/em>spiega Canavero<em> &#8211;\u00a0 bisogna poi essere bravi a comunicarla, sia internamente sia esternamente, occorre definire e attirare la clientela in target, ed infine occorre gestire il team e il salone con attitudine e capacit\u00e0 imprenditoriali\u00bb. <\/em><\/p>\n<p>Presente nella sezione Spot on Beauty, padiglione 35 stand A71, Canavero porta in fiera il suo <a href=\"http:\/\/imprenditoridellabellezza.it\/\">programma formativo<\/a> che promette di <strong>evolvere i parrucchieri da \u201cartigiani\u201d a \u201cimprenditori della bellezza\u201d<\/strong> e di sviluppare il business con la stessa sicurezza, la stessa passione, gli stessi risultati con cui si esegue un taglio o una piega, a patto di trasformare la propria <strong>mentalit\u00e0 in direzione imprenditoriale<\/strong>. Ci sar\u00e0 anche occasione di conoscere \u201c<strong><a href=\"https:\/\/creatoridiautostima.it\/\">Creatori di autostima<\/a><\/strong>\u201d, il secondo libro di Canavero, le cui tappe di presentazione stanno facendo il sold out in tutta Italia: 9 capitoli per 472 pagine, l\u2019unico testo cos\u00ec corposo dedicato esclusivamente ai parrucchieri, che approfondisce il percorso evolutivo necessario per affrontare le sfide del mercato e che prende il via con l\u2019individuazione della propria \u2018differenza\u2019, ovvero <strong>la specializzazione. <\/strong>Il libro accompagna il lettore lungo quello che l\u2019autore definisce il <strong>Marketing Progressivo<\/strong>\u2122, ovvero la sequenza di strategie ed azioni che il parrucchiere deve mettere in campo per rendersi riconoscibile sul mercato e trasformare, fase dopo fase, gli sconosciuti in clienti.<\/p>\n<p>&nbsp;<\/p>\n<p><strong>Cosmoprof, a<\/strong>ccogliendo nei suoi spazi il percorso formativo che sta letteralmente rivoluzionando il mondo dei parrucchieri e dei barbieri, <strong>conferma la propria vocazione di vetrina innovativa<\/strong> del settore hair&amp;beauty, ponendo accanto al prodotto la crescita professionale e imprenditoriale della categoria. Categoria che negli ultimi anni sta soffrendo di una preoccupante stagnazione. Secondo i dati pi\u00f9 recenti forniti da UnionCamere (dicembre 2017) sono infatti 102.841 imprese registrate a fine novembre 2017 contro le 102.509 del 2016 (+0,3%) e le 103.092 del 2012 (0,2%), in un periodo in cui i consumi si sono ridimensionati con forti riduzioni di incassi e margini di guadagno.<\/p>\n<p>Inoltre una recente analisi di Canavero sui saloni italiani restituisce un\u2019immagine del settore sintetizzabile in tre numeri: <strong>sei, tre, uno<\/strong>. Ovvero, su dieci saloni di acconciature sei sono in forte difficolt\u00e0, tre sono quelli che \u2018vanno avanti\u2019 e uno \u00e8 il salone che, a dispetto del periodo, continua a prosperare, a conquistare clienti, e a crescere per scontrino medio e profitti. La stessa analisi rivela che <strong>l\u201985% dei parrucchieri realizza solo il 15% dei profitti, mentre il 15% di essi ne realizza l\u201985%.<\/strong><\/p>\n<p>&nbsp;<\/p>\n<p>Per ribaltare la situazione e tornare a far crescere l\u2019intero settore \u00e8 necessario un cambio di pelle, che <strong>trasformi il parrucchiere in \u2018imprenditore della bellezza\u2019. <\/strong>Non sono pochi quanti hanno gi\u00e0 intrapreso, con successo questa trasformazione<strong>: <\/strong>soltanto negli ultimi sei anni Canavero ha formato oltre <strong>5 mila tra parrucchieri e collaboratori<\/strong>. Nel 2017 sono stati circa 1.000 i parrucchieri italiani che hanno intrapreso il percorso. Oltre il 20% ha <strong>duplicato o triplicato il fatturato<\/strong>, met\u00e0 di loro presentano incrementi a doppia cifra (media superiore al 22%); in alcuni casi i saloni sono passati da 3 a 8 dipendenti, gli scontrini medi sono cresciuti di 11 euro in meno di un anno e ogni mese i clienti sono spesso raddoppiati, senza contare che di pari passo \u00e8 cresciuto anche il tasso di fidelizzazione.<\/p>\n","protected":false},"excerpt":{"rendered":"<p>Spazzola e marketing, taglio e comunicazione, phon e social media management, piega e gestione del team, ovvero porre sullo stesso piano competenze tecniche e capacit\u00e0 imprenditoriali: \u00e8 questa la ricetta che sta portando sempre pi\u00f9 parrucchieri al successo e arriva per la prima volta al Cosmoprof di Bologna (la fiera dedicata al settore hair&amp;beauty, che si svolge dal 15 al 19 marzo 2018) con il programma formativo \u201cImprenditori della Bellezza\u201d<\/p>\n<p><a class=\"continue-reading\" href=\"https:\/\/www.article-marketing.eu\/comunicatistampa\/la-formazione-imprenditoriale-per-la-prima-volta-al-cosmoprof-lele-canavero-presenta-gli-imprenditori-della-bellezza\/\">Continue reading&#8230;<\/a><\/p>\n","protected":false},"author":1153,"featured_media":0,"comment_status":"open","ping_status":"open","sticky":false,"template":"","format":"standard","meta":{"_monsterinsights_skip_tracking":false,"_monsterinsights_sitenote_active":false,"_monsterinsights_sitenote_note":"","_monsterinsights_sitenote_category":0,"footnotes":""},"categories":[388,78,379,386,392,389,390,412,369,362],"tags":[3132,3938,261,82,3937,193,3935,3936,721,3939,3940,3934],"class_list":["post-9463","post","type-post","status-publish","format-standard","hentry","category-aziende","category-comunicati-stampa","category-corsi","category-economia-e-lavoro","category-eventi","category-marketing","category-professionisti","category-ricerca-e-sviluppo","category-salute-e-benessere","category-societa","tag-artigiani","tag-atteggiamento","tag-autostima","tag-cosmoprof","tag-creatori","tag-formazione","tag-hair-stylist","tag-imprenditori","tag-lavoro","tag-metodo","tag-occupazione","tag-parrucchieri"],"yoast_head":"<!-- This site is optimized with the Yoast SEO plugin v27.3 - https:\/\/yoast.com\/product\/yoast-seo-wordpress\/ -->\n<title>LA FORMAZIONE IMPRENDITORIALE PER LA PRIMA VOLTA AL COSMOPROF. LELE CANAVERO PRESENTA GLI IMPRENDITORI DELLA BELLEZZA - Article Marketing<\/title>\n<meta name=\"robots\" content=\"index, follow, max-snippet:-1, max-image-preview:large, max-video-preview:-1\" \/>\n<link rel=\"canonical\" href=\"https:\/\/www.article-marketing.eu\/comunicatistampa\/la-formazione-imprenditoriale-per-la-prima-volta-al-cosmoprof-lele-canavero-presenta-gli-imprenditori-della-bellezza\/\" \/>\n<meta property=\"og:locale\" content=\"it_IT\" \/>\n<meta property=\"og:type\" content=\"article\" \/>\n<meta property=\"og:title\" content=\"LA FORMAZIONE IMPRENDITORIALE PER LA PRIMA VOLTA AL COSMOPROF. LELE CANAVERO PRESENTA GLI IMPRENDITORI DELLA BELLEZZA - Article Marketing\" \/>\n<meta property=\"og:description\" content=\"Spazzola e marketing, taglio e comunicazione, phon e social media management, piega e gestione del team, ovvero porre sullo stesso piano competenze tecniche e capacit\u00e0 imprenditoriali: \u00e8 questa la ricetta che sta portando sempre pi\u00f9 parrucchieri al successo e arriva per la prima volta al Cosmoprof di Bologna (la fiera dedicata al settore hair&amp;beauty, che si svolge dal 15 al 19 marzo 2018) con il programma formativo \u201cImprenditori della Bellezza\u201dContinue reading...\" \/>\n<meta property=\"og:url\" content=\"https:\/\/www.article-marketing.eu\/comunicatistampa\/la-formazione-imprenditoriale-per-la-prima-volta-al-cosmoprof-lele-canavero-presenta-gli-imprenditori-della-bellezza\/\" \/>\n<meta property=\"og:site_name\" content=\"Article Marketing\" \/>\n<meta property=\"article:published_time\" content=\"2018-03-20T01:04:58+00:00\" \/>\n<meta name=\"author\" content=\"news\" \/>\n<meta name=\"twitter:card\" content=\"summary_large_image\" \/>\n<meta name=\"twitter:label1\" content=\"Scritto da\" \/>\n\t<meta name=\"twitter:data1\" content=\"news\" \/>\n\t<meta name=\"twitter:label2\" content=\"Tempo di lettura stimato\" \/>\n\t<meta name=\"twitter:data2\" content=\"3 minuti\" \/>\n<script type=\"application\/ld+json\" class=\"yoast-schema-graph\">{\"@context\":\"https:\\\/\\\/schema.org\",\"@graph\":[{\"@type\":\"Article\",\"@id\":\"https:\\\/\\\/www.article-marketing.eu\\\/comunicatistampa\\\/la-formazione-imprenditoriale-per-la-prima-volta-al-cosmoprof-lele-canavero-presenta-gli-imprenditori-della-bellezza\\\/#article\",\"isPartOf\":{\"@id\":\"https:\\\/\\\/www.article-marketing.eu\\\/comunicatistampa\\\/la-formazione-imprenditoriale-per-la-prima-volta-al-cosmoprof-lele-canavero-presenta-gli-imprenditori-della-bellezza\\\/\"},\"author\":{\"name\":\"news\",\"@id\":\"https:\\\/\\\/www.article-marketing.eu\\\/comunicatistampa\\\/#\\\/schema\\\/person\\\/5f139d6a05a4b27244b1999873dc8f46\"},\"headline\":\"LA FORMAZIONE IMPRENDITORIALE PER LA PRIMA VOLTA AL COSMOPROF. LELE CANAVERO PRESENTA GLI IMPRENDITORI DELLA BELLEZZA\",\"datePublished\":\"2018-03-20T01:04:58+00:00\",\"mainEntityOfPage\":{\"@id\":\"https:\\\/\\\/www.article-marketing.eu\\\/comunicatistampa\\\/la-formazione-imprenditoriale-per-la-prima-volta-al-cosmoprof-lele-canavero-presenta-gli-imprenditori-della-bellezza\\\/\"},\"wordCount\":628,\"commentCount\":0,\"keywords\":[\"artigiani\",\"atteggiamento\",\"autostima\",\"cosmoprof\",\"creatori\",\"formazione\",\"hair stylist\",\"imprenditori\",\"lavoro\",\"metodo\",\"occupazione\",\"parrucchieri\"],\"articleSection\":[\"Aziende\",\"Comunicati stampa\",\"Corsi\",\"Economia e lavoro\",\"Eventi\",\"Marketing\",\"Professionisti\",\"Ricerca e sviluppo\",\"Salute e benessere\",\"Societ\u00e0\"],\"inLanguage\":\"it-IT\",\"potentialAction\":[{\"@type\":\"CommentAction\",\"name\":\"Comment\",\"target\":[\"https:\\\/\\\/www.article-marketing.eu\\\/comunicatistampa\\\/la-formazione-imprenditoriale-per-la-prima-volta-al-cosmoprof-lele-canavero-presenta-gli-imprenditori-della-bellezza\\\/#respond\"]}]},{\"@type\":\"WebPage\",\"@id\":\"https:\\\/\\\/www.article-marketing.eu\\\/comunicatistampa\\\/la-formazione-imprenditoriale-per-la-prima-volta-al-cosmoprof-lele-canavero-presenta-gli-imprenditori-della-bellezza\\\/\",\"url\":\"https:\\\/\\\/www.article-marketing.eu\\\/comunicatistampa\\\/la-formazione-imprenditoriale-per-la-prima-volta-al-cosmoprof-lele-canavero-presenta-gli-imprenditori-della-bellezza\\\/\",\"name\":\"LA FORMAZIONE IMPRENDITORIALE PER LA PRIMA VOLTA AL COSMOPROF. LELE CANAVERO PRESENTA GLI IMPRENDITORI DELLA BELLEZZA - Article Marketing\",\"isPartOf\":{\"@id\":\"https:\\\/\\\/www.article-marketing.eu\\\/comunicatistampa\\\/#website\"},\"datePublished\":\"2018-03-20T01:04:58+00:00\",\"author\":{\"@id\":\"https:\\\/\\\/www.article-marketing.eu\\\/comunicatistampa\\\/#\\\/schema\\\/person\\\/5f139d6a05a4b27244b1999873dc8f46\"},\"breadcrumb\":{\"@id\":\"https:\\\/\\\/www.article-marketing.eu\\\/comunicatistampa\\\/la-formazione-imprenditoriale-per-la-prima-volta-al-cosmoprof-lele-canavero-presenta-gli-imprenditori-della-bellezza\\\/#breadcrumb\"},\"inLanguage\":\"it-IT\",\"potentialAction\":[{\"@type\":\"ReadAction\",\"target\":[\"https:\\\/\\\/www.article-marketing.eu\\\/comunicatistampa\\\/la-formazione-imprenditoriale-per-la-prima-volta-al-cosmoprof-lele-canavero-presenta-gli-imprenditori-della-bellezza\\\/\"]}]},{\"@type\":\"BreadcrumbList\",\"@id\":\"https:\\\/\\\/www.article-marketing.eu\\\/comunicatistampa\\\/la-formazione-imprenditoriale-per-la-prima-volta-al-cosmoprof-lele-canavero-presenta-gli-imprenditori-della-bellezza\\\/#breadcrumb\",\"itemListElement\":[{\"@type\":\"ListItem\",\"position\":1,\"name\":\"Home\",\"item\":\"https:\\\/\\\/www.article-marketing.eu\\\/comunicatistampa\\\/\"},{\"@type\":\"ListItem\",\"position\":2,\"name\":\"LA FORMAZIONE IMPRENDITORIALE PER LA PRIMA VOLTA AL COSMOPROF. LELE CANAVERO PRESENTA GLI IMPRENDITORI DELLA BELLEZZA\"}]},{\"@type\":\"WebSite\",\"@id\":\"https:\\\/\\\/www.article-marketing.eu\\\/comunicatistampa\\\/#website\",\"url\":\"https:\\\/\\\/www.article-marketing.eu\\\/comunicatistampa\\\/\",\"name\":\"Article Marketing\",\"description\":\"article marketing &amp; press release\",\"potentialAction\":[{\"@type\":\"SearchAction\",\"target\":{\"@type\":\"EntryPoint\",\"urlTemplate\":\"https:\\\/\\\/www.article-marketing.eu\\\/comunicatistampa\\\/?s={search_term_string}\"},\"query-input\":{\"@type\":\"PropertyValueSpecification\",\"valueRequired\":true,\"valueName\":\"search_term_string\"}}],\"inLanguage\":\"it-IT\"},{\"@type\":\"Person\",\"@id\":\"https:\\\/\\\/www.article-marketing.eu\\\/comunicatistampa\\\/#\\\/schema\\\/person\\\/5f139d6a05a4b27244b1999873dc8f46\",\"name\":\"news\",\"image\":{\"@type\":\"ImageObject\",\"inLanguage\":\"it-IT\",\"@id\":\"https:\\\/\\\/secure.gravatar.com\\\/avatar\\\/c65b6b01cdb8e2be29bb7207a56f3790d0fad45b70b2b9a66df9448289d3a9be?s=96&d=mm&r=g\",\"url\":\"https:\\\/\\\/secure.gravatar.com\\\/avatar\\\/c65b6b01cdb8e2be29bb7207a56f3790d0fad45b70b2b9a66df9448289d3a9be?s=96&d=mm&r=g\",\"contentUrl\":\"https:\\\/\\\/secure.gravatar.com\\\/avatar\\\/c65b6b01cdb8e2be29bb7207a56f3790d0fad45b70b2b9a66df9448289d3a9be?s=96&d=mm&r=g\",\"caption\":\"news\"},\"url\":\"https:\\\/\\\/www.article-marketing.eu\\\/comunicatistampa\\\/author\\\/news\\\/\"}]}<\/script>\n<!-- \/ Yoast SEO plugin. -->","yoast_head_json":{"title":"LA FORMAZIONE IMPRENDITORIALE PER LA PRIMA VOLTA AL COSMOPROF. LELE CANAVERO PRESENTA GLI IMPRENDITORI DELLA BELLEZZA - Article Marketing","robots":{"index":"index","follow":"follow","max-snippet":"max-snippet:-1","max-image-preview":"max-image-preview:large","max-video-preview":"max-video-preview:-1"},"canonical":"https:\/\/www.article-marketing.eu\/comunicatistampa\/la-formazione-imprenditoriale-per-la-prima-volta-al-cosmoprof-lele-canavero-presenta-gli-imprenditori-della-bellezza\/","og_locale":"it_IT","og_type":"article","og_title":"LA FORMAZIONE IMPRENDITORIALE PER LA PRIMA VOLTA AL COSMOPROF. LELE CANAVERO PRESENTA GLI IMPRENDITORI DELLA BELLEZZA - Article Marketing","og_description":"Spazzola e marketing, taglio e comunicazione, phon e social media management, piega e gestione del team, ovvero porre sullo stesso piano competenze tecniche e capacit\u00e0 imprenditoriali: \u00e8 questa la ricetta che sta portando sempre pi\u00f9 parrucchieri al successo e arriva per la prima volta al Cosmoprof di Bologna (la fiera dedicata al settore hair&amp;beauty, che si svolge dal 15 al 19 marzo 2018) con il programma formativo \u201cImprenditori della Bellezza\u201dContinue reading...","og_url":"https:\/\/www.article-marketing.eu\/comunicatistampa\/la-formazione-imprenditoriale-per-la-prima-volta-al-cosmoprof-lele-canavero-presenta-gli-imprenditori-della-bellezza\/","og_site_name":"Article Marketing","article_published_time":"2018-03-20T01:04:58+00:00","author":"news","twitter_card":"summary_large_image","twitter_misc":{"Scritto da":"news","Tempo di lettura stimato":"3 minuti"},"schema":{"@context":"https:\/\/schema.org","@graph":[{"@type":"Article","@id":"https:\/\/www.article-marketing.eu\/comunicatistampa\/la-formazione-imprenditoriale-per-la-prima-volta-al-cosmoprof-lele-canavero-presenta-gli-imprenditori-della-bellezza\/#article","isPartOf":{"@id":"https:\/\/www.article-marketing.eu\/comunicatistampa\/la-formazione-imprenditoriale-per-la-prima-volta-al-cosmoprof-lele-canavero-presenta-gli-imprenditori-della-bellezza\/"},"author":{"name":"news","@id":"https:\/\/www.article-marketing.eu\/comunicatistampa\/#\/schema\/person\/5f139d6a05a4b27244b1999873dc8f46"},"headline":"LA FORMAZIONE IMPRENDITORIALE PER LA PRIMA VOLTA AL COSMOPROF. LELE CANAVERO PRESENTA GLI IMPRENDITORI DELLA BELLEZZA","datePublished":"2018-03-20T01:04:58+00:00","mainEntityOfPage":{"@id":"https:\/\/www.article-marketing.eu\/comunicatistampa\/la-formazione-imprenditoriale-per-la-prima-volta-al-cosmoprof-lele-canavero-presenta-gli-imprenditori-della-bellezza\/"},"wordCount":628,"commentCount":0,"keywords":["artigiani","atteggiamento","autostima","cosmoprof","creatori","formazione","hair stylist","imprenditori","lavoro","metodo","occupazione","parrucchieri"],"articleSection":["Aziende","Comunicati stampa","Corsi","Economia e lavoro","Eventi","Marketing","Professionisti","Ricerca e sviluppo","Salute e benessere","Societ\u00e0"],"inLanguage":"it-IT","potentialAction":[{"@type":"CommentAction","name":"Comment","target":["https:\/\/www.article-marketing.eu\/comunicatistampa\/la-formazione-imprenditoriale-per-la-prima-volta-al-cosmoprof-lele-canavero-presenta-gli-imprenditori-della-bellezza\/#respond"]}]},{"@type":"WebPage","@id":"https:\/\/www.article-marketing.eu\/comunicatistampa\/la-formazione-imprenditoriale-per-la-prima-volta-al-cosmoprof-lele-canavero-presenta-gli-imprenditori-della-bellezza\/","url":"https:\/\/www.article-marketing.eu\/comunicatistampa\/la-formazione-imprenditoriale-per-la-prima-volta-al-cosmoprof-lele-canavero-presenta-gli-imprenditori-della-bellezza\/","name":"LA FORMAZIONE IMPRENDITORIALE PER LA PRIMA VOLTA AL COSMOPROF. LELE CANAVERO PRESENTA GLI IMPRENDITORI DELLA BELLEZZA - Article Marketing","isPartOf":{"@id":"https:\/\/www.article-marketing.eu\/comunicatistampa\/#website"},"datePublished":"2018-03-20T01:04:58+00:00","author":{"@id":"https:\/\/www.article-marketing.eu\/comunicatistampa\/#\/schema\/person\/5f139d6a05a4b27244b1999873dc8f46"},"breadcrumb":{"@id":"https:\/\/www.article-marketing.eu\/comunicatistampa\/la-formazione-imprenditoriale-per-la-prima-volta-al-cosmoprof-lele-canavero-presenta-gli-imprenditori-della-bellezza\/#breadcrumb"},"inLanguage":"it-IT","potentialAction":[{"@type":"ReadAction","target":["https:\/\/www.article-marketing.eu\/comunicatistampa\/la-formazione-imprenditoriale-per-la-prima-volta-al-cosmoprof-lele-canavero-presenta-gli-imprenditori-della-bellezza\/"]}]},{"@type":"BreadcrumbList","@id":"https:\/\/www.article-marketing.eu\/comunicatistampa\/la-formazione-imprenditoriale-per-la-prima-volta-al-cosmoprof-lele-canavero-presenta-gli-imprenditori-della-bellezza\/#breadcrumb","itemListElement":[{"@type":"ListItem","position":1,"name":"Home","item":"https:\/\/www.article-marketing.eu\/comunicatistampa\/"},{"@type":"ListItem","position":2,"name":"LA FORMAZIONE IMPRENDITORIALE PER LA PRIMA VOLTA AL COSMOPROF. LELE CANAVERO PRESENTA GLI IMPRENDITORI DELLA BELLEZZA"}]},{"@type":"WebSite","@id":"https:\/\/www.article-marketing.eu\/comunicatistampa\/#website","url":"https:\/\/www.article-marketing.eu\/comunicatistampa\/","name":"Article Marketing","description":"article marketing &amp; press release","potentialAction":[{"@type":"SearchAction","target":{"@type":"EntryPoint","urlTemplate":"https:\/\/www.article-marketing.eu\/comunicatistampa\/?s={search_term_string}"},"query-input":{"@type":"PropertyValueSpecification","valueRequired":true,"valueName":"search_term_string"}}],"inLanguage":"it-IT"},{"@type":"Person","@id":"https:\/\/www.article-marketing.eu\/comunicatistampa\/#\/schema\/person\/5f139d6a05a4b27244b1999873dc8f46","name":"news","image":{"@type":"ImageObject","inLanguage":"it-IT","@id":"https:\/\/secure.gravatar.com\/avatar\/c65b6b01cdb8e2be29bb7207a56f3790d0fad45b70b2b9a66df9448289d3a9be?s=96&d=mm&r=g","url":"https:\/\/secure.gravatar.com\/avatar\/c65b6b01cdb8e2be29bb7207a56f3790d0fad45b70b2b9a66df9448289d3a9be?s=96&d=mm&r=g","contentUrl":"https:\/\/secure.gravatar.com\/avatar\/c65b6b01cdb8e2be29bb7207a56f3790d0fad45b70b2b9a66df9448289d3a9be?s=96&d=mm&r=g","caption":"news"},"url":"https:\/\/www.article-marketing.eu\/comunicatistampa\/author\/news\/"}]}},"_links":{"self":[{"href":"https:\/\/www.article-marketing.eu\/comunicatistampa\/wp-json\/wp\/v2\/posts\/9463","targetHints":{"allow":["GET"]}}],"collection":[{"href":"https:\/\/www.article-marketing.eu\/comunicatistampa\/wp-json\/wp\/v2\/posts"}],"about":[{"href":"https:\/\/www.article-marketing.eu\/comunicatistampa\/wp-json\/wp\/v2\/types\/post"}],"author":[{"embeddable":true,"href":"https:\/\/www.article-marketing.eu\/comunicatistampa\/wp-json\/wp\/v2\/users\/1153"}],"replies":[{"embeddable":true,"href":"https:\/\/www.article-marketing.eu\/comunicatistampa\/wp-json\/wp\/v2\/comments?post=9463"}],"version-history":[{"count":1,"href":"https:\/\/www.article-marketing.eu\/comunicatistampa\/wp-json\/wp\/v2\/posts\/9463\/revisions"}],"predecessor-version":[{"id":9464,"href":"https:\/\/www.article-marketing.eu\/comunicatistampa\/wp-json\/wp\/v2\/posts\/9463\/revisions\/9464"}],"wp:attachment":[{"href":"https:\/\/www.article-marketing.eu\/comunicatistampa\/wp-json\/wp\/v2\/media?parent=9463"}],"wp:term":[{"taxonomy":"category","embeddable":true,"href":"https:\/\/www.article-marketing.eu\/comunicatistampa\/wp-json\/wp\/v2\/categories?post=9463"},{"taxonomy":"post_tag","embeddable":true,"href":"https:\/\/www.article-marketing.eu\/comunicatistampa\/wp-json\/wp\/v2\/tags?post=9463"}],"curies":[{"name":"wp","href":"https:\/\/api.w.org\/{rel}","templated":true}]}}