{"id":952,"date":"2017-03-10T23:21:56","date_gmt":"2017-03-10T22:21:56","guid":{"rendered":"http:\/\/www.article-marketing.eu\/comunicatistampa\/?p=952"},"modified":"2017-03-10T23:21:56","modified_gmt":"2017-03-10T22:21:56","slug":"noi-siamo-pronti-fondazione-vento-da-mesi-si-offre-per-la-rinascita-e-la-riqualificazione-del-porto-di-vallugola-pesaro-inserendo-nel-progetto-anche-ragazzi-ex-tossicodipendenti-usciti-da-una","status":"publish","type":"post","link":"https:\/\/www.article-marketing.eu\/comunicatistampa\/noi-siamo-pronti-fondazione-vento-da-mesi-si-offre-per-la-rinascita-e-la-riqualificazione-del-porto-di-vallugola-pesaro-inserendo-nel-progetto-anche-ragazzi-ex-tossicodipendenti-usciti-da-una\/","title":{"rendered":"&#8220;NOI SIAMO PRONTI&#8221;: FONDAZIONE VENTO DA MESI SI OFFRE PER LA RINASCITA E LA RIQUALIFICAZIONE DEL PORTO DI VALLUGOLA (PESARO) INSERENDO NEL PROGETTO ANCHE RAGAZZI EX TOSSICODIPENDENTI, USCITI DA UNA&#8230;"},"content":{"rendered":"<p>&nbsp;<\/p>\n<p><strong><em>A maggio 2016<\/em><\/strong><em> \u00e8 scaduta la concessione per la gestione del <strong>Porto di Vallugola<\/strong> (Pesaro), tra Cattolica e Gabicce Mare. A fine dicembre 2016 doveva essere definito il nuovo &#8220;capitano&#8221;. Ma ad oggi dall&#8217;amministrazione di Gabicce Mare nessuna risposta alla richiesta di gestione (anche temporanea) fatta dall&#8217;associazione &#8220;Voci nel vento&#8221;. Ed intanto le 140 barche che erano presenti se ne stanno andando a causa dei disservizi sempre pi\u00f9 evidenti.<\/em><\/p>\n<p><a href=\"http:\/\/www.bluwom-milano.com\/wp-content\/uploads\/2017\/03\/logo-Fondazione-Vento.jpg\" rel=\"attachment wp-att-1585\"><img loading=\"lazy\" decoding=\"async\" class=\"size-medium wp-image-1585 alignleft\" src=\"http:\/\/www.bluwom-milano.com\/wp-content\/uploads\/2017\/03\/logo-Fondazione-Vento-300x260.jpg\" alt=\"logo Fondazione Vento\" width=\"300\" height=\"260\" \/><\/a><\/p>\n<p><strong>Fondazione Vento<\/strong> con <strong>l&#8217;associazione dilettantistica &#8220;Voci nel vento&#8221; presieduta da Mario Zamboni<\/strong> gi\u00e0 dalla scadenza della vecchia concessione aveva presentato all&#8217;amministrazione di Gabicce Mare una richiesta per la gestione del <strong>porto di Vallugola<\/strong> offrendosi nel caso anche per un&#8217;assegnazione temporanea di 1 anno in attesa della gara ufficiale (che ad oggi non \u00e8 ancora stata indetta). Certi lavori di manutenzione e custodia come si sa in un porto sono oltre che necessari ad oggi improrogabili ed \u00e8 sempre pi\u00f9 evidente la necessit\u00e0 di una decisione immediata per risanare e far rivivere al pi\u00f9 presto la struttura.<\/p>\n<p><strong>Obiettivo unico dell&#8217;associazione<\/strong> era ed \u00e8 quello dare continuit\u00e0 al porto: attualmente per\u00f2 visti i ritardi di scelta del nuovo gestore \u00e8 anche quello di farlo rivivere velocemente. L&#8217;associazione &#8220;Voci nel vento&#8221; in caso di assegnazione <strong>offrirebbe opportunit\u00e0 di reinserimento lavorativo a ragazzi ex tossicodipendenti, usciti da una Comunit\u00e0 di recupero<\/strong>.<\/p>\n<p>Ma ad oggi tutto \u00e8 fermo e la situazione del porto sta diventando di giorno in giorno sempre pi\u00f9 grave: pi\u00f9 il tempo passa e sempre di pi\u00f9 barche si spostano a causa dei disservizi sempre pi\u00f9 evidenti.<\/p>\n<p>Oltre ad un progetto importante di risanamento e di riqualifica di una struttura in evidente decadenza, la Fondazione Vento vorrebbe tramite il porto di Vallugola sviluppare un importante progetto a fine sociale tramite l&#8217;inserimento nel mondo del lavoro di ragazzi ex tossicodipendenti, usciti da una Comunit\u00e0 di recupero.<\/p>\n<p>Da sottolineare che attualmente la <strong>Fondazione Vento<\/strong> \u00e8 sostenuta da importanti Gruppi imprenditoriali e bancari che grazie anche al loro supporto garantiscono la veridicit\u00e0 e la bont\u00e0 del fine sociale perseguito dalla Fondazione.<\/p>\n<p>&nbsp;<\/p>\n<p><strong><span style=\"font-family: Times;\">Per ulteriori informazioni:<\/span><\/strong><\/p>\n<p><strong><span style=\"font-family: Times;\"><a href=\"http:\/\/www.fondazionevento.it\/\">www.fondazionevento.it<\/a><\/span><\/strong><\/p>\n<p>Digital PR a cura di Blu Wom Milano<br \/>\nwww.bluwom-milano.com<br \/>\np.fabretti@bluwom-milano.com<\/p>\n","protected":false},"excerpt":{"rendered":"<p>&nbsp; A maggio 2016 \u00e8 scaduta la concessione per la gestione del Porto di Vallugola (Pesaro), tra Cattolica e Gabicce Mare. A fine dicembre 2016 doveva essere definito il nuovo &#8220;capitano&#8221;. Ma ad oggi dall&#8217;amministrazione di Gabicce Mare nessuna risposta alla richiesta di gestione (anche temporanea) fatta dall&#8217;associazione &#8220;Voci nel vento&#8221;. Ed intanto le 140 barche che erano presenti se ne stanno andando a causa dei disservizi sempre pi\u00f9 evidenti.<\/p>\n<p><a class=\"continue-reading\" href=\"https:\/\/www.article-marketing.eu\/comunicatistampa\/noi-siamo-pronti-fondazione-vento-da-mesi-si-offre-per-la-rinascita-e-la-riqualificazione-del-porto-di-vallugola-pesaro-inserendo-nel-progetto-anche-ragazzi-ex-tossicodipendenti-usciti-da-una\/\">Continue reading&#8230;<\/a><\/p>\n","protected":false},"author":12,"featured_media":0,"comment_status":"open","ping_status":"open","sticky":false,"template":"","format":"standard","meta":{"_monsterinsights_skip_tracking":false,"_monsterinsights_sitenote_active":false,"_monsterinsights_sitenote_note":"","_monsterinsights_sitenote_category":0,"footnotes":""},"categories":[78],"tags":[628],"class_list":["post-952","post","type-post","status-publish","format-standard","hentry","category-comunicati-stampa","tag-fondazioneventoportovallugolapesarovocinelventomariozamboniassociazione"],"yoast_head":"<!-- This site is optimized with the Yoast SEO plugin v27.3 - https:\/\/yoast.com\/product\/yoast-seo-wordpress\/ -->\n<title>&quot;NOI SIAMO PRONTI&quot;: FONDAZIONE VENTO DA MESI SI OFFRE PER LA RINASCITA E LA RIQUALIFICAZIONE DEL PORTO DI VALLUGOLA (PESARO) INSERENDO NEL PROGETTO ANCHE RAGAZZI EX TOSSICODIPENDENTI, USCITI DA UNA... - Article Marketing<\/title>\n<meta name=\"robots\" content=\"index, follow, max-snippet:-1, max-image-preview:large, max-video-preview:-1\" \/>\n<link rel=\"canonical\" href=\"https:\/\/www.article-marketing.eu\/comunicatistampa\/noi-siamo-pronti-fondazione-vento-da-mesi-si-offre-per-la-rinascita-e-la-riqualificazione-del-porto-di-vallugola-pesaro-inserendo-nel-progetto-anche-ragazzi-ex-tossicodipendenti-usciti-da-una\/\" \/>\n<meta property=\"og:locale\" content=\"it_IT\" \/>\n<meta property=\"og:type\" content=\"article\" \/>\n<meta property=\"og:title\" content=\"&quot;NOI SIAMO PRONTI&quot;: FONDAZIONE VENTO DA MESI SI OFFRE PER LA RINASCITA E LA RIQUALIFICAZIONE DEL PORTO DI VALLUGOLA (PESARO) INSERENDO NEL PROGETTO ANCHE RAGAZZI EX TOSSICODIPENDENTI, USCITI DA UNA... - Article Marketing\" \/>\n<meta property=\"og:description\" content=\"&nbsp; A maggio 2016 \u00e8 scaduta la concessione per la gestione del Porto di Vallugola (Pesaro), tra Cattolica e Gabicce Mare. A fine dicembre 2016 doveva essere definito il nuovo &#8220;capitano&#8221;. Ma ad oggi dall&#8217;amministrazione di Gabicce Mare nessuna risposta alla richiesta di gestione (anche temporanea) fatta dall&#8217;associazione &#8220;Voci nel vento&#8221;. Ed intanto le 140 barche che erano presenti se ne stanno andando a causa dei disservizi sempre pi\u00f9 evidenti.Continue reading...\" \/>\n<meta property=\"og:url\" content=\"https:\/\/www.article-marketing.eu\/comunicatistampa\/noi-siamo-pronti-fondazione-vento-da-mesi-si-offre-per-la-rinascita-e-la-riqualificazione-del-porto-di-vallugola-pesaro-inserendo-nel-progetto-anche-ragazzi-ex-tossicodipendenti-usciti-da-una\/\" \/>\n<meta property=\"og:site_name\" content=\"Article Marketing\" \/>\n<meta property=\"article:published_time\" content=\"2017-03-10T22:21:56+00:00\" \/>\n<meta property=\"og:image\" content=\"http:\/\/www.bluwom-milano.com\/wp-content\/uploads\/2017\/03\/logo-Fondazione-Vento-300x260.jpg\" \/>\n<meta name=\"author\" content=\"bluwommilano\" \/>\n<meta name=\"twitter:card\" content=\"summary_large_image\" \/>\n<meta name=\"twitter:label1\" content=\"Scritto da\" \/>\n\t<meta name=\"twitter:data1\" content=\"bluwommilano\" \/>\n\t<meta name=\"twitter:label2\" content=\"Tempo di lettura stimato\" \/>\n\t<meta name=\"twitter:data2\" content=\"2 minuti\" \/>\n<script type=\"application\/ld+json\" class=\"yoast-schema-graph\">{\"@context\":\"https:\\\/\\\/schema.org\",\"@graph\":[{\"@type\":\"Article\",\"@id\":\"https:\\\/\\\/www.article-marketing.eu\\\/comunicatistampa\\\/noi-siamo-pronti-fondazione-vento-da-mesi-si-offre-per-la-rinascita-e-la-riqualificazione-del-porto-di-vallugola-pesaro-inserendo-nel-progetto-anche-ragazzi-ex-tossicodipendenti-usciti-da-una\\\/#article\",\"isPartOf\":{\"@id\":\"https:\\\/\\\/www.article-marketing.eu\\\/comunicatistampa\\\/noi-siamo-pronti-fondazione-vento-da-mesi-si-offre-per-la-rinascita-e-la-riqualificazione-del-porto-di-vallugola-pesaro-inserendo-nel-progetto-anche-ragazzi-ex-tossicodipendenti-usciti-da-una\\\/\"},\"author\":{\"name\":\"bluwommilano\",\"@id\":\"https:\\\/\\\/www.article-marketing.eu\\\/comunicatistampa\\\/#\\\/schema\\\/person\\\/75a8cec9b0e554e822d3cf8a7d9bc185\"},\"headline\":\"&#8220;NOI SIAMO PRONTI&#8221;: FONDAZIONE VENTO DA MESI SI OFFRE PER LA RINASCITA E LA RIQUALIFICAZIONE DEL PORTO DI VALLUGOLA (PESARO) INSERENDO NEL PROGETTO ANCHE RAGAZZI EX TOSSICODIPENDENTI, USCITI DA UNA&#8230;\",\"datePublished\":\"2017-03-10T22:21:56+00:00\",\"mainEntityOfPage\":{\"@id\":\"https:\\\/\\\/www.article-marketing.eu\\\/comunicatistampa\\\/noi-siamo-pronti-fondazione-vento-da-mesi-si-offre-per-la-rinascita-e-la-riqualificazione-del-porto-di-vallugola-pesaro-inserendo-nel-progetto-anche-ragazzi-ex-tossicodipendenti-usciti-da-una\\\/\"},\"wordCount\":377,\"commentCount\":0,\"image\":{\"@id\":\"https:\\\/\\\/www.article-marketing.eu\\\/comunicatistampa\\\/noi-siamo-pronti-fondazione-vento-da-mesi-si-offre-per-la-rinascita-e-la-riqualificazione-del-porto-di-vallugola-pesaro-inserendo-nel-progetto-anche-ragazzi-ex-tossicodipendenti-usciti-da-una\\\/#primaryimage\"},\"thumbnailUrl\":\"http:\\\/\\\/www.bluwom-milano.com\\\/wp-content\\\/uploads\\\/2017\\\/03\\\/logo-Fondazione-Vento-300x260.jpg\",\"keywords\":[\"#Fondazionevento#PortoVallugola#Pesaro#Vocinelvento#MarioZamboni#Associazione\"],\"articleSection\":[\"Comunicati stampa\"],\"inLanguage\":\"it-IT\",\"potentialAction\":[{\"@type\":\"CommentAction\",\"name\":\"Comment\",\"target\":[\"https:\\\/\\\/www.article-marketing.eu\\\/comunicatistampa\\\/noi-siamo-pronti-fondazione-vento-da-mesi-si-offre-per-la-rinascita-e-la-riqualificazione-del-porto-di-vallugola-pesaro-inserendo-nel-progetto-anche-ragazzi-ex-tossicodipendenti-usciti-da-una\\\/#respond\"]}]},{\"@type\":\"WebPage\",\"@id\":\"https:\\\/\\\/www.article-marketing.eu\\\/comunicatistampa\\\/noi-siamo-pronti-fondazione-vento-da-mesi-si-offre-per-la-rinascita-e-la-riqualificazione-del-porto-di-vallugola-pesaro-inserendo-nel-progetto-anche-ragazzi-ex-tossicodipendenti-usciti-da-una\\\/\",\"url\":\"https:\\\/\\\/www.article-marketing.eu\\\/comunicatistampa\\\/noi-siamo-pronti-fondazione-vento-da-mesi-si-offre-per-la-rinascita-e-la-riqualificazione-del-porto-di-vallugola-pesaro-inserendo-nel-progetto-anche-ragazzi-ex-tossicodipendenti-usciti-da-una\\\/\",\"name\":\"\\\"NOI SIAMO PRONTI\\\": FONDAZIONE VENTO DA MESI SI OFFRE PER LA RINASCITA E LA RIQUALIFICAZIONE DEL PORTO DI VALLUGOLA (PESARO) INSERENDO NEL PROGETTO ANCHE RAGAZZI EX TOSSICODIPENDENTI, USCITI DA UNA... - Article Marketing\",\"isPartOf\":{\"@id\":\"https:\\\/\\\/www.article-marketing.eu\\\/comunicatistampa\\\/#website\"},\"primaryImageOfPage\":{\"@id\":\"https:\\\/\\\/www.article-marketing.eu\\\/comunicatistampa\\\/noi-siamo-pronti-fondazione-vento-da-mesi-si-offre-per-la-rinascita-e-la-riqualificazione-del-porto-di-vallugola-pesaro-inserendo-nel-progetto-anche-ragazzi-ex-tossicodipendenti-usciti-da-una\\\/#primaryimage\"},\"image\":{\"@id\":\"https:\\\/\\\/www.article-marketing.eu\\\/comunicatistampa\\\/noi-siamo-pronti-fondazione-vento-da-mesi-si-offre-per-la-rinascita-e-la-riqualificazione-del-porto-di-vallugola-pesaro-inserendo-nel-progetto-anche-ragazzi-ex-tossicodipendenti-usciti-da-una\\\/#primaryimage\"},\"thumbnailUrl\":\"http:\\\/\\\/www.bluwom-milano.com\\\/wp-content\\\/uploads\\\/2017\\\/03\\\/logo-Fondazione-Vento-300x260.jpg\",\"datePublished\":\"2017-03-10T22:21:56+00:00\",\"author\":{\"@id\":\"https:\\\/\\\/www.article-marketing.eu\\\/comunicatistampa\\\/#\\\/schema\\\/person\\\/75a8cec9b0e554e822d3cf8a7d9bc185\"},\"breadcrumb\":{\"@id\":\"https:\\\/\\\/www.article-marketing.eu\\\/comunicatistampa\\\/noi-siamo-pronti-fondazione-vento-da-mesi-si-offre-per-la-rinascita-e-la-riqualificazione-del-porto-di-vallugola-pesaro-inserendo-nel-progetto-anche-ragazzi-ex-tossicodipendenti-usciti-da-una\\\/#breadcrumb\"},\"inLanguage\":\"it-IT\",\"potentialAction\":[{\"@type\":\"ReadAction\",\"target\":[\"https:\\\/\\\/www.article-marketing.eu\\\/comunicatistampa\\\/noi-siamo-pronti-fondazione-vento-da-mesi-si-offre-per-la-rinascita-e-la-riqualificazione-del-porto-di-vallugola-pesaro-inserendo-nel-progetto-anche-ragazzi-ex-tossicodipendenti-usciti-da-una\\\/\"]}]},{\"@type\":\"ImageObject\",\"inLanguage\":\"it-IT\",\"@id\":\"https:\\\/\\\/www.article-marketing.eu\\\/comunicatistampa\\\/noi-siamo-pronti-fondazione-vento-da-mesi-si-offre-per-la-rinascita-e-la-riqualificazione-del-porto-di-vallugola-pesaro-inserendo-nel-progetto-anche-ragazzi-ex-tossicodipendenti-usciti-da-una\\\/#primaryimage\",\"url\":\"http:\\\/\\\/www.bluwom-milano.com\\\/wp-content\\\/uploads\\\/2017\\\/03\\\/logo-Fondazione-Vento-300x260.jpg\",\"contentUrl\":\"http:\\\/\\\/www.bluwom-milano.com\\\/wp-content\\\/uploads\\\/2017\\\/03\\\/logo-Fondazione-Vento-300x260.jpg\"},{\"@type\":\"BreadcrumbList\",\"@id\":\"https:\\\/\\\/www.article-marketing.eu\\\/comunicatistampa\\\/noi-siamo-pronti-fondazione-vento-da-mesi-si-offre-per-la-rinascita-e-la-riqualificazione-del-porto-di-vallugola-pesaro-inserendo-nel-progetto-anche-ragazzi-ex-tossicodipendenti-usciti-da-una\\\/#breadcrumb\",\"itemListElement\":[{\"@type\":\"ListItem\",\"position\":1,\"name\":\"Home\",\"item\":\"https:\\\/\\\/www.article-marketing.eu\\\/comunicatistampa\\\/\"},{\"@type\":\"ListItem\",\"position\":2,\"name\":\"&#8220;NOI SIAMO PRONTI&#8221;: FONDAZIONE VENTO DA MESI SI OFFRE PER LA RINASCITA E LA RIQUALIFICAZIONE DEL PORTO DI VALLUGOLA (PESARO) INSERENDO NEL PROGETTO ANCHE RAGAZZI EX TOSSICODIPENDENTI, USCITI DA UNA&#8230;\"}]},{\"@type\":\"WebSite\",\"@id\":\"https:\\\/\\\/www.article-marketing.eu\\\/comunicatistampa\\\/#website\",\"url\":\"https:\\\/\\\/www.article-marketing.eu\\\/comunicatistampa\\\/\",\"name\":\"Article Marketing\",\"description\":\"article marketing &amp; press release\",\"potentialAction\":[{\"@type\":\"SearchAction\",\"target\":{\"@type\":\"EntryPoint\",\"urlTemplate\":\"https:\\\/\\\/www.article-marketing.eu\\\/comunicatistampa\\\/?s={search_term_string}\"},\"query-input\":{\"@type\":\"PropertyValueSpecification\",\"valueRequired\":true,\"valueName\":\"search_term_string\"}}],\"inLanguage\":\"it-IT\"},{\"@type\":\"Person\",\"@id\":\"https:\\\/\\\/www.article-marketing.eu\\\/comunicatistampa\\\/#\\\/schema\\\/person\\\/75a8cec9b0e554e822d3cf8a7d9bc185\",\"name\":\"bluwommilano\",\"image\":{\"@type\":\"ImageObject\",\"inLanguage\":\"it-IT\",\"@id\":\"https:\\\/\\\/secure.gravatar.com\\\/avatar\\\/3eb7b659ca1198da18cd77dbe226dbaf573febd61155bcb87f4609bc1082e946?s=96&d=mm&r=g\",\"url\":\"https:\\\/\\\/secure.gravatar.com\\\/avatar\\\/3eb7b659ca1198da18cd77dbe226dbaf573febd61155bcb87f4609bc1082e946?s=96&d=mm&r=g\",\"contentUrl\":\"https:\\\/\\\/secure.gravatar.com\\\/avatar\\\/3eb7b659ca1198da18cd77dbe226dbaf573febd61155bcb87f4609bc1082e946?s=96&d=mm&r=g\",\"caption\":\"bluwommilano\"},\"url\":\"https:\\\/\\\/www.article-marketing.eu\\\/comunicatistampa\\\/author\\\/bluwommilano\\\/\"}]}<\/script>\n<!-- \/ Yoast SEO plugin. -->","yoast_head_json":{"title":"\"NOI SIAMO PRONTI\": FONDAZIONE VENTO DA MESI SI OFFRE PER LA RINASCITA E LA RIQUALIFICAZIONE DEL PORTO DI VALLUGOLA (PESARO) INSERENDO NEL PROGETTO ANCHE RAGAZZI EX TOSSICODIPENDENTI, USCITI DA UNA... - Article Marketing","robots":{"index":"index","follow":"follow","max-snippet":"max-snippet:-1","max-image-preview":"max-image-preview:large","max-video-preview":"max-video-preview:-1"},"canonical":"https:\/\/www.article-marketing.eu\/comunicatistampa\/noi-siamo-pronti-fondazione-vento-da-mesi-si-offre-per-la-rinascita-e-la-riqualificazione-del-porto-di-vallugola-pesaro-inserendo-nel-progetto-anche-ragazzi-ex-tossicodipendenti-usciti-da-una\/","og_locale":"it_IT","og_type":"article","og_title":"\"NOI SIAMO PRONTI\": FONDAZIONE VENTO DA MESI SI OFFRE PER LA RINASCITA E LA RIQUALIFICAZIONE DEL PORTO DI VALLUGOLA (PESARO) INSERENDO NEL PROGETTO ANCHE RAGAZZI EX TOSSICODIPENDENTI, USCITI DA UNA... - Article Marketing","og_description":"&nbsp; A maggio 2016 \u00e8 scaduta la concessione per la gestione del Porto di Vallugola (Pesaro), tra Cattolica e Gabicce Mare. A fine dicembre 2016 doveva essere definito il nuovo &#8220;capitano&#8221;. Ma ad oggi dall&#8217;amministrazione di Gabicce Mare nessuna risposta alla richiesta di gestione (anche temporanea) fatta dall&#8217;associazione &#8220;Voci nel vento&#8221;. Ed intanto le 140 barche che erano presenti se ne stanno andando a causa dei disservizi sempre pi\u00f9 evidenti.Continue reading...","og_url":"https:\/\/www.article-marketing.eu\/comunicatistampa\/noi-siamo-pronti-fondazione-vento-da-mesi-si-offre-per-la-rinascita-e-la-riqualificazione-del-porto-di-vallugola-pesaro-inserendo-nel-progetto-anche-ragazzi-ex-tossicodipendenti-usciti-da-una\/","og_site_name":"Article Marketing","article_published_time":"2017-03-10T22:21:56+00:00","og_image":[{"url":"http:\/\/www.bluwom-milano.com\/wp-content\/uploads\/2017\/03\/logo-Fondazione-Vento-300x260.jpg","type":"","width":"","height":""}],"author":"bluwommilano","twitter_card":"summary_large_image","twitter_misc":{"Scritto da":"bluwommilano","Tempo di lettura stimato":"2 minuti"},"schema":{"@context":"https:\/\/schema.org","@graph":[{"@type":"Article","@id":"https:\/\/www.article-marketing.eu\/comunicatistampa\/noi-siamo-pronti-fondazione-vento-da-mesi-si-offre-per-la-rinascita-e-la-riqualificazione-del-porto-di-vallugola-pesaro-inserendo-nel-progetto-anche-ragazzi-ex-tossicodipendenti-usciti-da-una\/#article","isPartOf":{"@id":"https:\/\/www.article-marketing.eu\/comunicatistampa\/noi-siamo-pronti-fondazione-vento-da-mesi-si-offre-per-la-rinascita-e-la-riqualificazione-del-porto-di-vallugola-pesaro-inserendo-nel-progetto-anche-ragazzi-ex-tossicodipendenti-usciti-da-una\/"},"author":{"name":"bluwommilano","@id":"https:\/\/www.article-marketing.eu\/comunicatistampa\/#\/schema\/person\/75a8cec9b0e554e822d3cf8a7d9bc185"},"headline":"&#8220;NOI SIAMO PRONTI&#8221;: FONDAZIONE VENTO DA MESI SI OFFRE PER LA RINASCITA E LA RIQUALIFICAZIONE DEL PORTO DI VALLUGOLA (PESARO) INSERENDO NEL PROGETTO ANCHE RAGAZZI EX TOSSICODIPENDENTI, USCITI DA UNA&#8230;","datePublished":"2017-03-10T22:21:56+00:00","mainEntityOfPage":{"@id":"https:\/\/www.article-marketing.eu\/comunicatistampa\/noi-siamo-pronti-fondazione-vento-da-mesi-si-offre-per-la-rinascita-e-la-riqualificazione-del-porto-di-vallugola-pesaro-inserendo-nel-progetto-anche-ragazzi-ex-tossicodipendenti-usciti-da-una\/"},"wordCount":377,"commentCount":0,"image":{"@id":"https:\/\/www.article-marketing.eu\/comunicatistampa\/noi-siamo-pronti-fondazione-vento-da-mesi-si-offre-per-la-rinascita-e-la-riqualificazione-del-porto-di-vallugola-pesaro-inserendo-nel-progetto-anche-ragazzi-ex-tossicodipendenti-usciti-da-una\/#primaryimage"},"thumbnailUrl":"http:\/\/www.bluwom-milano.com\/wp-content\/uploads\/2017\/03\/logo-Fondazione-Vento-300x260.jpg","keywords":["#Fondazionevento#PortoVallugola#Pesaro#Vocinelvento#MarioZamboni#Associazione"],"articleSection":["Comunicati stampa"],"inLanguage":"it-IT","potentialAction":[{"@type":"CommentAction","name":"Comment","target":["https:\/\/www.article-marketing.eu\/comunicatistampa\/noi-siamo-pronti-fondazione-vento-da-mesi-si-offre-per-la-rinascita-e-la-riqualificazione-del-porto-di-vallugola-pesaro-inserendo-nel-progetto-anche-ragazzi-ex-tossicodipendenti-usciti-da-una\/#respond"]}]},{"@type":"WebPage","@id":"https:\/\/www.article-marketing.eu\/comunicatistampa\/noi-siamo-pronti-fondazione-vento-da-mesi-si-offre-per-la-rinascita-e-la-riqualificazione-del-porto-di-vallugola-pesaro-inserendo-nel-progetto-anche-ragazzi-ex-tossicodipendenti-usciti-da-una\/","url":"https:\/\/www.article-marketing.eu\/comunicatistampa\/noi-siamo-pronti-fondazione-vento-da-mesi-si-offre-per-la-rinascita-e-la-riqualificazione-del-porto-di-vallugola-pesaro-inserendo-nel-progetto-anche-ragazzi-ex-tossicodipendenti-usciti-da-una\/","name":"\"NOI SIAMO PRONTI\": FONDAZIONE VENTO DA MESI SI OFFRE PER LA RINASCITA E LA RIQUALIFICAZIONE DEL PORTO DI VALLUGOLA (PESARO) INSERENDO NEL PROGETTO ANCHE RAGAZZI EX TOSSICODIPENDENTI, USCITI DA UNA... - Article Marketing","isPartOf":{"@id":"https:\/\/www.article-marketing.eu\/comunicatistampa\/#website"},"primaryImageOfPage":{"@id":"https:\/\/www.article-marketing.eu\/comunicatistampa\/noi-siamo-pronti-fondazione-vento-da-mesi-si-offre-per-la-rinascita-e-la-riqualificazione-del-porto-di-vallugola-pesaro-inserendo-nel-progetto-anche-ragazzi-ex-tossicodipendenti-usciti-da-una\/#primaryimage"},"image":{"@id":"https:\/\/www.article-marketing.eu\/comunicatistampa\/noi-siamo-pronti-fondazione-vento-da-mesi-si-offre-per-la-rinascita-e-la-riqualificazione-del-porto-di-vallugola-pesaro-inserendo-nel-progetto-anche-ragazzi-ex-tossicodipendenti-usciti-da-una\/#primaryimage"},"thumbnailUrl":"http:\/\/www.bluwom-milano.com\/wp-content\/uploads\/2017\/03\/logo-Fondazione-Vento-300x260.jpg","datePublished":"2017-03-10T22:21:56+00:00","author":{"@id":"https:\/\/www.article-marketing.eu\/comunicatistampa\/#\/schema\/person\/75a8cec9b0e554e822d3cf8a7d9bc185"},"breadcrumb":{"@id":"https:\/\/www.article-marketing.eu\/comunicatistampa\/noi-siamo-pronti-fondazione-vento-da-mesi-si-offre-per-la-rinascita-e-la-riqualificazione-del-porto-di-vallugola-pesaro-inserendo-nel-progetto-anche-ragazzi-ex-tossicodipendenti-usciti-da-una\/#breadcrumb"},"inLanguage":"it-IT","potentialAction":[{"@type":"ReadAction","target":["https:\/\/www.article-marketing.eu\/comunicatistampa\/noi-siamo-pronti-fondazione-vento-da-mesi-si-offre-per-la-rinascita-e-la-riqualificazione-del-porto-di-vallugola-pesaro-inserendo-nel-progetto-anche-ragazzi-ex-tossicodipendenti-usciti-da-una\/"]}]},{"@type":"ImageObject","inLanguage":"it-IT","@id":"https:\/\/www.article-marketing.eu\/comunicatistampa\/noi-siamo-pronti-fondazione-vento-da-mesi-si-offre-per-la-rinascita-e-la-riqualificazione-del-porto-di-vallugola-pesaro-inserendo-nel-progetto-anche-ragazzi-ex-tossicodipendenti-usciti-da-una\/#primaryimage","url":"http:\/\/www.bluwom-milano.com\/wp-content\/uploads\/2017\/03\/logo-Fondazione-Vento-300x260.jpg","contentUrl":"http:\/\/www.bluwom-milano.com\/wp-content\/uploads\/2017\/03\/logo-Fondazione-Vento-300x260.jpg"},{"@type":"BreadcrumbList","@id":"https:\/\/www.article-marketing.eu\/comunicatistampa\/noi-siamo-pronti-fondazione-vento-da-mesi-si-offre-per-la-rinascita-e-la-riqualificazione-del-porto-di-vallugola-pesaro-inserendo-nel-progetto-anche-ragazzi-ex-tossicodipendenti-usciti-da-una\/#breadcrumb","itemListElement":[{"@type":"ListItem","position":1,"name":"Home","item":"https:\/\/www.article-marketing.eu\/comunicatistampa\/"},{"@type":"ListItem","position":2,"name":"&#8220;NOI SIAMO PRONTI&#8221;: FONDAZIONE VENTO DA MESI SI OFFRE PER LA RINASCITA E LA RIQUALIFICAZIONE DEL PORTO DI VALLUGOLA (PESARO) INSERENDO NEL PROGETTO ANCHE RAGAZZI EX TOSSICODIPENDENTI, USCITI DA UNA&#8230;"}]},{"@type":"WebSite","@id":"https:\/\/www.article-marketing.eu\/comunicatistampa\/#website","url":"https:\/\/www.article-marketing.eu\/comunicatistampa\/","name":"Article Marketing","description":"article marketing &amp; press release","potentialAction":[{"@type":"SearchAction","target":{"@type":"EntryPoint","urlTemplate":"https:\/\/www.article-marketing.eu\/comunicatistampa\/?s={search_term_string}"},"query-input":{"@type":"PropertyValueSpecification","valueRequired":true,"valueName":"search_term_string"}}],"inLanguage":"it-IT"},{"@type":"Person","@id":"https:\/\/www.article-marketing.eu\/comunicatistampa\/#\/schema\/person\/75a8cec9b0e554e822d3cf8a7d9bc185","name":"bluwommilano","image":{"@type":"ImageObject","inLanguage":"it-IT","@id":"https:\/\/secure.gravatar.com\/avatar\/3eb7b659ca1198da18cd77dbe226dbaf573febd61155bcb87f4609bc1082e946?s=96&d=mm&r=g","url":"https:\/\/secure.gravatar.com\/avatar\/3eb7b659ca1198da18cd77dbe226dbaf573febd61155bcb87f4609bc1082e946?s=96&d=mm&r=g","contentUrl":"https:\/\/secure.gravatar.com\/avatar\/3eb7b659ca1198da18cd77dbe226dbaf573febd61155bcb87f4609bc1082e946?s=96&d=mm&r=g","caption":"bluwommilano"},"url":"https:\/\/www.article-marketing.eu\/comunicatistampa\/author\/bluwommilano\/"}]}},"_links":{"self":[{"href":"https:\/\/www.article-marketing.eu\/comunicatistampa\/wp-json\/wp\/v2\/posts\/952","targetHints":{"allow":["GET"]}}],"collection":[{"href":"https:\/\/www.article-marketing.eu\/comunicatistampa\/wp-json\/wp\/v2\/posts"}],"about":[{"href":"https:\/\/www.article-marketing.eu\/comunicatistampa\/wp-json\/wp\/v2\/types\/post"}],"author":[{"embeddable":true,"href":"https:\/\/www.article-marketing.eu\/comunicatistampa\/wp-json\/wp\/v2\/users\/12"}],"replies":[{"embeddable":true,"href":"https:\/\/www.article-marketing.eu\/comunicatistampa\/wp-json\/wp\/v2\/comments?post=952"}],"version-history":[{"count":2,"href":"https:\/\/www.article-marketing.eu\/comunicatistampa\/wp-json\/wp\/v2\/posts\/952\/revisions"}],"predecessor-version":[{"id":972,"href":"https:\/\/www.article-marketing.eu\/comunicatistampa\/wp-json\/wp\/v2\/posts\/952\/revisions\/972"}],"wp:attachment":[{"href":"https:\/\/www.article-marketing.eu\/comunicatistampa\/wp-json\/wp\/v2\/media?parent=952"}],"wp:term":[{"taxonomy":"category","embeddable":true,"href":"https:\/\/www.article-marketing.eu\/comunicatistampa\/wp-json\/wp\/v2\/categories?post=952"},{"taxonomy":"post_tag","embeddable":true,"href":"https:\/\/www.article-marketing.eu\/comunicatistampa\/wp-json\/wp\/v2\/tags?post=952"}],"curies":[{"name":"wp","href":"https:\/\/api.w.org\/{rel}","templated":true}]}}