{"id":9672,"date":"2018-04-19T03:04:59","date_gmt":"2018-04-19T01:04:59","guid":{"rendered":"http:\/\/www.article-marketing.eu\/comunicatistampa\/?p=9672"},"modified":"2018-04-19T03:04:59","modified_gmt":"2018-04-19T01:04:59","slug":"record-di-immatricolazioni-primo-trimestre-2018-per-il-noleggio-lungo-termine","status":"publish","type":"post","link":"https:\/\/www.article-marketing.eu\/comunicatistampa\/record-di-immatricolazioni-primo-trimestre-2018-per-il-noleggio-lungo-termine\/","title":{"rendered":"Record di immatricolazioni primo trimestre 2018 per il Noleggio Lungo Termine"},"content":{"rendered":"<p>I dati prodotti da alcune societ\u00e0 specializzate Automotive raccontano inequivocabilmente che il settore <a href=\"https:\/\/www.noleggioclick.it\">Noleggio Auto Lungo Termine<\/a> \u00e8 in forte espansione, anche al sud, dove aveva visto il minor numero di incidenza sin dal suo lancio.<\/p>\n<p>Ma la domanda che tutti si pongono \u00e8 :&#8221;Che cos&#8217;\u00e8 e come funziona il Noleggio lungo termine?&#8221;<br \/>\nAnche abbreviato &#8220;NLT&#8221; \u00e8 una formula per avere un&#8217;auto nuova (da gennaio 2018 anche moto) senza avere l&#8217;incombenza dell&#8217;acquisto e di accedere ad alcun tipo di finanziamento o leasing. Ma le comodit\u00e0 per i clienti NLT non finiscono qui, il monte canone mese che viene stipulato in fase contrattuale contiene una serie di servizi :<\/p>\n<p>1) Bollo<br \/>\n2) Assicurazione RCA<br \/>\n3) Kasko FULL (copertura assicurativa)<br \/>\n4) Soccorso Stradale H24 in tutta Europa<br \/>\n5) Manutenzione Ordinaria<br \/>\n6) Manutenzione Straordinaria<br \/>\n7) Cambio gomme (facoltativo treni estivi ed invernali)<\/p>\n<p>Che tu sia un Privato o Possessore di Partita iva, il tuo unico pensiero sar\u00e0 il costo della rata mensile e il carburante, a tutto il resto ci pensano le societ\u00e0 di noleggio. Sicuramente un bel vantaggio di tempo e di risparmio.<\/p>\n<p>&nbsp;<\/p>\n<p><em>A chi conviene ?<\/em><\/p>\n<p>Grazie ad una serie di vantaggi fiscali e di deducibilit\u00e0, come riportato nella tabella riassuntiva in basso, l&#8217;acquisto, il leasing ed il noleggio prevesenta un&#8217;alta deducibilit\u00e0 e detraibilit\u00e0 di iva :<\/p>\n<p>DAL 1\u00b0 GENNAIO 2013 IMPOSTE DIRETTE DEDUCIBILIT\u00c0<br \/>\nVEICOLI E SERVIZI DETRAIBILIT\u00c0 IVA<br \/>\nVEICOLI E SERVIZI<\/p>\n<p>Esercente Arte o Professione (per non pi\u00f9 di un veicolo o di un veicolo per ciascun socio o associato nel caso di attivit\u00e0 svolta in forma associata)<br \/>\nACQUISTO 20% (era 40%)\u00a0* 40% oppure<br \/>\n100% se dimostrato l\u2019uso esclusivo aziendale<br \/>\nLEASING 20% (era 40%)\u00a0* 40% oppure<br \/>\n100% se dimostrato l\u2019uso esclusivo aziendale<br \/>\nNOLEGGIO 20% (era 40%)\u00a0* 40% oppure<br \/>\n100% se dimostrato l\u2019uso esclusivo aziendale<\/p>\n<p>AZIENDE uso esclusivamente strumentale all&#8217;attivit\u00e0 d&#8217;impresa o adibiti ad uso pubblico<br \/>\nACQUISTO 100% 100%<br \/>\nLEASING 100% 100%<br \/>\nNOLEGGIO 100% 100%<\/p>\n<p>AZIENDE uso non esclusivamente strumentale all&#8217;attivit\u00e0 d&#8217;impresa<br \/>\nACQUISTO 20% (era 40%)\u00a0* 40% oppure<br \/>\n100% se dimostrato l\u2019uso esclusivo aziendale<br \/>\nLEASING 20% (era 40%)\u00a0* 40% oppure<br \/>\n100% se dimostrato l\u2019uso esclusivo aziendale<br \/>\nNOLEGGIO 20% (era 40%)\u00a0* 40% oppure<br \/>\n100% se dimostrato l\u2019uso esclusivo aziendale<\/p>\n<p>Fonte : <a href=\"https:\/\/www.noleggioclick.it\">Noleggioclick<\/a><\/p>\n","protected":false},"excerpt":{"rendered":"<p>I dati prodotti da alcune societ\u00e0 specializzate Automotive raccontano inequivocabilmente che il settore Noleggio Auto Lungo Termine \u00e8 in forte espansione, anche al sud, dove aveva visto il minor numero di incidenza sin dal suo lancio. Ma la domanda che tutti si pongono \u00e8 :&#8221;Che cos&#8217;\u00e8 e come funziona il Noleggio lungo termine?&#8221; Anche abbreviato &#8220;NLT&#8221; \u00e8 una formula per avere un&#8217;auto nuova (da gennaio 2018 anche moto) senza avere<\/p>\n<p><a class=\"continue-reading\" href=\"https:\/\/www.article-marketing.eu\/comunicatistampa\/record-di-immatricolazioni-primo-trimestre-2018-per-il-noleggio-lungo-termine\/\">Continue reading&#8230;<\/a><\/p>\n","protected":false},"author":1328,"featured_media":0,"comment_status":"open","ping_status":"open","sticky":false,"template":"","format":"standard","meta":{"_monsterinsights_skip_tracking":false,"_monsterinsights_sitenote_active":false,"_monsterinsights_sitenote_note":"","_monsterinsights_sitenote_category":0,"footnotes":""},"categories":[78],"tags":[],"class_list":["post-9672","post","type-post","status-publish","format-standard","hentry","category-comunicati-stampa"],"yoast_head":"<!-- This site is optimized with the Yoast SEO plugin v27.3 - https:\/\/yoast.com\/product\/yoast-seo-wordpress\/ -->\n<title>Record di immatricolazioni primo trimestre 2018 per il Noleggio Lungo Termine - Article Marketing<\/title>\n<meta name=\"description\" content=\"Il primo trimestre 2018 dice che il Noleggio lungo termine vola\" \/>\n<meta name=\"robots\" content=\"index, follow, max-snippet:-1, max-image-preview:large, max-video-preview:-1\" \/>\n<link rel=\"canonical\" href=\"https:\/\/www.article-marketing.eu\/comunicatistampa\/record-di-immatricolazioni-primo-trimestre-2018-per-il-noleggio-lungo-termine\/\" \/>\n<meta property=\"og:locale\" content=\"it_IT\" \/>\n<meta property=\"og:type\" content=\"article\" \/>\n<meta property=\"og:title\" content=\"Record di immatricolazioni primo trimestre 2018 per il Noleggio Lungo Termine - Article Marketing\" \/>\n<meta property=\"og:description\" content=\"Il primo trimestre 2018 dice che il Noleggio lungo termine vola\" \/>\n<meta property=\"og:url\" content=\"https:\/\/www.article-marketing.eu\/comunicatistampa\/record-di-immatricolazioni-primo-trimestre-2018-per-il-noleggio-lungo-termine\/\" \/>\n<meta property=\"og:site_name\" content=\"Article Marketing\" \/>\n<meta property=\"article:published_time\" content=\"2018-04-19T01:04:59+00:00\" \/>\n<meta name=\"author\" content=\"luca.martire\" \/>\n<meta name=\"twitter:card\" content=\"summary_large_image\" \/>\n<meta name=\"twitter:label1\" content=\"Scritto da\" \/>\n\t<meta name=\"twitter:data1\" content=\"luca.martire\" \/>\n\t<meta name=\"twitter:label2\" content=\"Tempo di lettura stimato\" \/>\n\t<meta name=\"twitter:data2\" content=\"2 minuti\" \/>\n<script type=\"application\/ld+json\" class=\"yoast-schema-graph\">{\"@context\":\"https:\\\/\\\/schema.org\",\"@graph\":[{\"@type\":\"Article\",\"@id\":\"https:\\\/\\\/www.article-marketing.eu\\\/comunicatistampa\\\/record-di-immatricolazioni-primo-trimestre-2018-per-il-noleggio-lungo-termine\\\/#article\",\"isPartOf\":{\"@id\":\"https:\\\/\\\/www.article-marketing.eu\\\/comunicatistampa\\\/record-di-immatricolazioni-primo-trimestre-2018-per-il-noleggio-lungo-termine\\\/\"},\"author\":{\"name\":\"luca.martire\",\"@id\":\"https:\\\/\\\/www.article-marketing.eu\\\/comunicatistampa\\\/#\\\/schema\\\/person\\\/9c70b9533446c21ebe75007343ae4fd5\"},\"headline\":\"Record di immatricolazioni primo trimestre 2018 per il Noleggio Lungo Termine\",\"datePublished\":\"2018-04-19T01:04:59+00:00\",\"mainEntityOfPage\":{\"@id\":\"https:\\\/\\\/www.article-marketing.eu\\\/comunicatistampa\\\/record-di-immatricolazioni-primo-trimestre-2018-per-il-noleggio-lungo-termine\\\/\"},\"wordCount\":330,\"commentCount\":0,\"articleSection\":[\"Comunicati stampa\"],\"inLanguage\":\"it-IT\",\"potentialAction\":[{\"@type\":\"CommentAction\",\"name\":\"Comment\",\"target\":[\"https:\\\/\\\/www.article-marketing.eu\\\/comunicatistampa\\\/record-di-immatricolazioni-primo-trimestre-2018-per-il-noleggio-lungo-termine\\\/#respond\"]}]},{\"@type\":\"WebPage\",\"@id\":\"https:\\\/\\\/www.article-marketing.eu\\\/comunicatistampa\\\/record-di-immatricolazioni-primo-trimestre-2018-per-il-noleggio-lungo-termine\\\/\",\"url\":\"https:\\\/\\\/www.article-marketing.eu\\\/comunicatistampa\\\/record-di-immatricolazioni-primo-trimestre-2018-per-il-noleggio-lungo-termine\\\/\",\"name\":\"Record di immatricolazioni primo trimestre 2018 per il Noleggio Lungo Termine - Article Marketing\",\"isPartOf\":{\"@id\":\"https:\\\/\\\/www.article-marketing.eu\\\/comunicatistampa\\\/#website\"},\"datePublished\":\"2018-04-19T01:04:59+00:00\",\"author\":{\"@id\":\"https:\\\/\\\/www.article-marketing.eu\\\/comunicatistampa\\\/#\\\/schema\\\/person\\\/9c70b9533446c21ebe75007343ae4fd5\"},\"description\":\"Il primo trimestre 2018 dice che il Noleggio lungo termine vola\",\"breadcrumb\":{\"@id\":\"https:\\\/\\\/www.article-marketing.eu\\\/comunicatistampa\\\/record-di-immatricolazioni-primo-trimestre-2018-per-il-noleggio-lungo-termine\\\/#breadcrumb\"},\"inLanguage\":\"it-IT\",\"potentialAction\":[{\"@type\":\"ReadAction\",\"target\":[\"https:\\\/\\\/www.article-marketing.eu\\\/comunicatistampa\\\/record-di-immatricolazioni-primo-trimestre-2018-per-il-noleggio-lungo-termine\\\/\"]}]},{\"@type\":\"BreadcrumbList\",\"@id\":\"https:\\\/\\\/www.article-marketing.eu\\\/comunicatistampa\\\/record-di-immatricolazioni-primo-trimestre-2018-per-il-noleggio-lungo-termine\\\/#breadcrumb\",\"itemListElement\":[{\"@type\":\"ListItem\",\"position\":1,\"name\":\"Home\",\"item\":\"https:\\\/\\\/www.article-marketing.eu\\\/comunicatistampa\\\/\"},{\"@type\":\"ListItem\",\"position\":2,\"name\":\"Record di immatricolazioni primo trimestre 2018 per il Noleggio Lungo Termine\"}]},{\"@type\":\"WebSite\",\"@id\":\"https:\\\/\\\/www.article-marketing.eu\\\/comunicatistampa\\\/#website\",\"url\":\"https:\\\/\\\/www.article-marketing.eu\\\/comunicatistampa\\\/\",\"name\":\"Article Marketing\",\"description\":\"article marketing &amp; press release\",\"potentialAction\":[{\"@type\":\"SearchAction\",\"target\":{\"@type\":\"EntryPoint\",\"urlTemplate\":\"https:\\\/\\\/www.article-marketing.eu\\\/comunicatistampa\\\/?s={search_term_string}\"},\"query-input\":{\"@type\":\"PropertyValueSpecification\",\"valueRequired\":true,\"valueName\":\"search_term_string\"}}],\"inLanguage\":\"it-IT\"},{\"@type\":\"Person\",\"@id\":\"https:\\\/\\\/www.article-marketing.eu\\\/comunicatistampa\\\/#\\\/schema\\\/person\\\/9c70b9533446c21ebe75007343ae4fd5\",\"name\":\"luca.martire\",\"image\":{\"@type\":\"ImageObject\",\"inLanguage\":\"it-IT\",\"@id\":\"https:\\\/\\\/secure.gravatar.com\\\/avatar\\\/1c07b7bc580ecfb6be140d38b9301a165e7342d8b48ee82ca2f322d2ff3d494d?s=96&d=mm&r=g\",\"url\":\"https:\\\/\\\/secure.gravatar.com\\\/avatar\\\/1c07b7bc580ecfb6be140d38b9301a165e7342d8b48ee82ca2f322d2ff3d494d?s=96&d=mm&r=g\",\"contentUrl\":\"https:\\\/\\\/secure.gravatar.com\\\/avatar\\\/1c07b7bc580ecfb6be140d38b9301a165e7342d8b48ee82ca2f322d2ff3d494d?s=96&d=mm&r=g\",\"caption\":\"luca.martire\"},\"url\":\"https:\\\/\\\/www.article-marketing.eu\\\/comunicatistampa\\\/author\\\/luca-martire\\\/\"}]}<\/script>\n<!-- \/ Yoast SEO plugin. -->","yoast_head_json":{"title":"Record di immatricolazioni primo trimestre 2018 per il Noleggio Lungo Termine - Article Marketing","description":"Il primo trimestre 2018 dice che il Noleggio lungo termine vola","robots":{"index":"index","follow":"follow","max-snippet":"max-snippet:-1","max-image-preview":"max-image-preview:large","max-video-preview":"max-video-preview:-1"},"canonical":"https:\/\/www.article-marketing.eu\/comunicatistampa\/record-di-immatricolazioni-primo-trimestre-2018-per-il-noleggio-lungo-termine\/","og_locale":"it_IT","og_type":"article","og_title":"Record di immatricolazioni primo trimestre 2018 per il Noleggio Lungo Termine - Article Marketing","og_description":"Il primo trimestre 2018 dice che il Noleggio lungo termine vola","og_url":"https:\/\/www.article-marketing.eu\/comunicatistampa\/record-di-immatricolazioni-primo-trimestre-2018-per-il-noleggio-lungo-termine\/","og_site_name":"Article Marketing","article_published_time":"2018-04-19T01:04:59+00:00","author":"luca.martire","twitter_card":"summary_large_image","twitter_misc":{"Scritto da":"luca.martire","Tempo di lettura stimato":"2 minuti"},"schema":{"@context":"https:\/\/schema.org","@graph":[{"@type":"Article","@id":"https:\/\/www.article-marketing.eu\/comunicatistampa\/record-di-immatricolazioni-primo-trimestre-2018-per-il-noleggio-lungo-termine\/#article","isPartOf":{"@id":"https:\/\/www.article-marketing.eu\/comunicatistampa\/record-di-immatricolazioni-primo-trimestre-2018-per-il-noleggio-lungo-termine\/"},"author":{"name":"luca.martire","@id":"https:\/\/www.article-marketing.eu\/comunicatistampa\/#\/schema\/person\/9c70b9533446c21ebe75007343ae4fd5"},"headline":"Record di immatricolazioni primo trimestre 2018 per il Noleggio Lungo Termine","datePublished":"2018-04-19T01:04:59+00:00","mainEntityOfPage":{"@id":"https:\/\/www.article-marketing.eu\/comunicatistampa\/record-di-immatricolazioni-primo-trimestre-2018-per-il-noleggio-lungo-termine\/"},"wordCount":330,"commentCount":0,"articleSection":["Comunicati stampa"],"inLanguage":"it-IT","potentialAction":[{"@type":"CommentAction","name":"Comment","target":["https:\/\/www.article-marketing.eu\/comunicatistampa\/record-di-immatricolazioni-primo-trimestre-2018-per-il-noleggio-lungo-termine\/#respond"]}]},{"@type":"WebPage","@id":"https:\/\/www.article-marketing.eu\/comunicatistampa\/record-di-immatricolazioni-primo-trimestre-2018-per-il-noleggio-lungo-termine\/","url":"https:\/\/www.article-marketing.eu\/comunicatistampa\/record-di-immatricolazioni-primo-trimestre-2018-per-il-noleggio-lungo-termine\/","name":"Record di immatricolazioni primo trimestre 2018 per il Noleggio Lungo Termine - Article Marketing","isPartOf":{"@id":"https:\/\/www.article-marketing.eu\/comunicatistampa\/#website"},"datePublished":"2018-04-19T01:04:59+00:00","author":{"@id":"https:\/\/www.article-marketing.eu\/comunicatistampa\/#\/schema\/person\/9c70b9533446c21ebe75007343ae4fd5"},"description":"Il primo trimestre 2018 dice che il Noleggio lungo termine vola","breadcrumb":{"@id":"https:\/\/www.article-marketing.eu\/comunicatistampa\/record-di-immatricolazioni-primo-trimestre-2018-per-il-noleggio-lungo-termine\/#breadcrumb"},"inLanguage":"it-IT","potentialAction":[{"@type":"ReadAction","target":["https:\/\/www.article-marketing.eu\/comunicatistampa\/record-di-immatricolazioni-primo-trimestre-2018-per-il-noleggio-lungo-termine\/"]}]},{"@type":"BreadcrumbList","@id":"https:\/\/www.article-marketing.eu\/comunicatistampa\/record-di-immatricolazioni-primo-trimestre-2018-per-il-noleggio-lungo-termine\/#breadcrumb","itemListElement":[{"@type":"ListItem","position":1,"name":"Home","item":"https:\/\/www.article-marketing.eu\/comunicatistampa\/"},{"@type":"ListItem","position":2,"name":"Record di immatricolazioni primo trimestre 2018 per il Noleggio Lungo Termine"}]},{"@type":"WebSite","@id":"https:\/\/www.article-marketing.eu\/comunicatistampa\/#website","url":"https:\/\/www.article-marketing.eu\/comunicatistampa\/","name":"Article Marketing","description":"article marketing &amp; press release","potentialAction":[{"@type":"SearchAction","target":{"@type":"EntryPoint","urlTemplate":"https:\/\/www.article-marketing.eu\/comunicatistampa\/?s={search_term_string}"},"query-input":{"@type":"PropertyValueSpecification","valueRequired":true,"valueName":"search_term_string"}}],"inLanguage":"it-IT"},{"@type":"Person","@id":"https:\/\/www.article-marketing.eu\/comunicatistampa\/#\/schema\/person\/9c70b9533446c21ebe75007343ae4fd5","name":"luca.martire","image":{"@type":"ImageObject","inLanguage":"it-IT","@id":"https:\/\/secure.gravatar.com\/avatar\/1c07b7bc580ecfb6be140d38b9301a165e7342d8b48ee82ca2f322d2ff3d494d?s=96&d=mm&r=g","url":"https:\/\/secure.gravatar.com\/avatar\/1c07b7bc580ecfb6be140d38b9301a165e7342d8b48ee82ca2f322d2ff3d494d?s=96&d=mm&r=g","contentUrl":"https:\/\/secure.gravatar.com\/avatar\/1c07b7bc580ecfb6be140d38b9301a165e7342d8b48ee82ca2f322d2ff3d494d?s=96&d=mm&r=g","caption":"luca.martire"},"url":"https:\/\/www.article-marketing.eu\/comunicatistampa\/author\/luca-martire\/"}]}},"_links":{"self":[{"href":"https:\/\/www.article-marketing.eu\/comunicatistampa\/wp-json\/wp\/v2\/posts\/9672","targetHints":{"allow":["GET"]}}],"collection":[{"href":"https:\/\/www.article-marketing.eu\/comunicatistampa\/wp-json\/wp\/v2\/posts"}],"about":[{"href":"https:\/\/www.article-marketing.eu\/comunicatistampa\/wp-json\/wp\/v2\/types\/post"}],"author":[{"embeddable":true,"href":"https:\/\/www.article-marketing.eu\/comunicatistampa\/wp-json\/wp\/v2\/users\/1328"}],"replies":[{"embeddable":true,"href":"https:\/\/www.article-marketing.eu\/comunicatistampa\/wp-json\/wp\/v2\/comments?post=9672"}],"version-history":[{"count":6,"href":"https:\/\/www.article-marketing.eu\/comunicatistampa\/wp-json\/wp\/v2\/posts\/9672\/revisions"}],"predecessor-version":[{"id":9679,"href":"https:\/\/www.article-marketing.eu\/comunicatistampa\/wp-json\/wp\/v2\/posts\/9672\/revisions\/9679"}],"wp:attachment":[{"href":"https:\/\/www.article-marketing.eu\/comunicatistampa\/wp-json\/wp\/v2\/media?parent=9672"}],"wp:term":[{"taxonomy":"category","embeddable":true,"href":"https:\/\/www.article-marketing.eu\/comunicatistampa\/wp-json\/wp\/v2\/categories?post=9672"},{"taxonomy":"post_tag","embeddable":true,"href":"https:\/\/www.article-marketing.eu\/comunicatistampa\/wp-json\/wp\/v2\/tags?post=9672"}],"curies":[{"name":"wp","href":"https:\/\/api.w.org\/{rel}","templated":true}]}}