{"id":970,"date":"2017-03-10T23:23:34","date_gmt":"2017-03-10T22:23:34","guid":{"rendered":"http:\/\/www.article-marketing.eu\/comunicatistampa\/?p=970"},"modified":"2017-03-10T23:23:34","modified_gmt":"2017-03-10T22:23:34","slug":"la-gengivite-ligiene-orale-e-le-false-credenze","status":"publish","type":"post","link":"https:\/\/www.article-marketing.eu\/comunicatistampa\/la-gengivite-ligiene-orale-e-le-false-credenze\/","title":{"rendered":"La Gengivite, l&#8217;Igiene Orale e le False Credenze"},"content":{"rendered":"<p><!-- @page { margin: 2cm } P { margin-bottom: 0.21cm } A:link { color: #0563c1; so-language: zxx } --><\/p>\n<p><span style=\"font-size: medium;\">Come si puo\u2019 facilmente dedurre dal suffisso -ITE, si parla di gengivite in presenza di una infiammazione del tessuto gengivale, tale fenomeno puo\u2019 derivare da diversi fattori, primo dei quali una igiene orale non corretta. Una pulizia inadeguata della bocca infetti determina un accumulo di agenti estranei tra i denti (placca batterica), che attaccandosi ai tessuti ne provocano l\u2019arrossamento, in questa fase si innalza la sensibilit\u00e0 delle gengive, arrecando alla persona dolore e difficolt\u00e0 nell\u2019alimentarsi normalmente. Tuttavia, per stati infiammatori lievi, non e\u2019 necessaria alcuna terapia particolare se non una pulizia approfondita e costante (spazzolamento, uso del filo interdentale o dello scovolino) che in pochi giorni ristabilir\u00e0 lo stato di salute del nostro cavo orale.<\/span><\/p>\n<p><span style=\"font-size: medium;\">Una perdurante trascuratezza del fenomeno progredisce verso forme invasive di placca batterica, trasformandosi in tartaro, alla comparsa del tartaro non e\u2019 piu\u2019 sufficiente un approccio domestico, in quanto troppo resistente alla pulizia meccanica dello spazzolino, ma bisogna ricorrere ad una seduta di igiene orale professionale dal nostro dentista di fiducia<\/span><\/p>\n<p><span style=\"font-size: medium;\">Lo studio dentistico, oltre a rimuovere il tartaro, vi istruir\u00e0 sulle abitudini da adottare al fine di non far ripresentare il problema. Naturalmente i primi consigli sono dedicati all\u2019uso dello spazzolino, la prima regola aurea in merito e\u2019 \u201cdal rosso al bianco\u201d, cioe\u2019 dalle gengive al dente e quindi con un movimento dall\u2019alto verso il basso per l\u2019arcata superiore e dal basso verso l\u2019alto per quella inferiore. D\u2019altronde dovrebbe esserne comprensibile il motivo anche ai non addetti ai lavori, quando laviamo una forchetta o liberiamo dalla polvere una scopa appena usata, naturalmente agiremo partendo dalla parte prossimale verso la parte distale dell\u2019oggetto. Ma andiamo pi\u00f9 a monte: \u00e8 vulgata comune che sia pi\u00f9 efficace uno spazzolamento energico e magari con uno strumento (setole) duro, ma non e\u2019 corretto. I batteri che si depositano tra le gengive ed i denti si rimuovono assai agevolmente, senza bisogno di applicare particolare forza, che invece pu\u00f2 danneggiare il tessuto gengivale e deteriorare lo smalto dei denti. Dunque \u201cdurezza\u201d e \u201cforza\u201d dovrebbero lasciare spazio ad una buona tecnica ed una ben riposta pazienza. Lo spazzolino da denti adatto allo scopo sar\u00e0 dunque con le setole morbide ma soprattutto\u2026cambiato di frequente!<\/span><\/p>\n<p><span style=\"font-size: medium;\">A questo punto vi starete chiedendo\u2026spazzolino elettrico o tradizionale? Come tutti gli strumenti di umana concezione quasi mai sono di per se giusti o sbagliati, dipende l\u2019uso che se ne fa. Uno spazzolino elettrico con testina rotante se utilizzato come un comune spazzolino ha un effetto deleterio. Per come e\u2019 congeniato infatti viene meno il fattore \u201cmovimento\u201d (generato in automatico), la tecnica da utilizzare in questo caso \u00e8 soffermarsi su ogni singola parte ed aspettare che la testina compia delicatamente il suo lavoro sulla singola porzione di superficie dentale. Altro mito da sfatare \u00e8 sicuramente il numero esatto di volte in cui tocca lavarsi i denti: non c\u2019e\u2019 il numero giusto (due, tre) ma il momento giusto. Lo sporco (placca) tra i denti va rimosso quando se ne rischia l\u2019accumulo, e cio\u00e8 quando si mangia. Soprattutto vanno rimossi gli zuccheri, che attribuiscono ai batteri dei tempi di stratificazione, con rischio tartaro, assai pi\u00f9 brevi rispetto agli altri componenti alimentari, dunque meglio lavarsi i denti una volta in pi\u00f9 durante il giorno se si e\u2019 soliti spizzicare e fare spuntini che invece lavarsi i denti appena svegli prima della colazione quando magari si e\u2019 effettuata l\u2019operazione di pulizia la sera prima di andare a letto.<\/span><\/p>\n<p><span style=\"font-size: medium;\">Vi rimandiamo al sito <\/span><span style=\"color: #0563c1;\"><span lang=\"zxx\"><u><a href=\"http:\/\/www.dentista-in-croazia.net\/\"><span style=\"font-size: medium;\">www.dentista-in-croazia.net<\/span><\/a><\/u><\/span><\/span><span style=\"font-size: medium;\"> per approfondire questi ed altri aspetti dell\u2019igiene orale, non prima per\u00f2 di sciogliere un ulteriore qui pro quo, la connessione tra il tabagismo ed il tartaro. Banalmente si immagina e si sente dire che fumare favorisce la formazione della placca batterica e del tartaro, ma non e\u2019 cosi neanche in questo caso. E\u2019 verissimo, ed in molti casi evidente, che il vizio del fumo porta ad un annerimento della dentatura, tuttavia le parti che si scuriscono perdendo lucentezza sono porzioni di denti dove si e\u2019gi\u00e0 formato del tartaro. Il tartaro avrebbe di per se un colore giallognolo, ma con l\u2019azione di alcuni agenti (ad esempio caffeina o catrame) cambia colore, diventando marroncino e persino nero. Dunque fumare non porta di per s\u00e8 placca o tartaro, ma li evidenzia scurendone il colore.<\/span><\/p>\n","protected":false},"excerpt":{"rendered":"<p>Come si puo\u2019 facilmente dedurre dal suffisso -ITE, si parla di gengivite in presenza di una infiammazione del tessuto gengivale, tale fenomeno puo\u2019 derivare da diversi fattori, primo dei quali una igiene orale non corretta. Una pulizia inadeguata della bocca infetti determina un accumulo di agenti estranei tra i denti (placca batterica), che attaccandosi ai tessuti ne provocano l\u2019arrossamento, in questa fase si innalza la sensibilit\u00e0 delle gengive, arrecando alla<\/p>\n<p><a class=\"continue-reading\" href=\"https:\/\/www.article-marketing.eu\/comunicatistampa\/la-gengivite-ligiene-orale-e-le-false-credenze\/\">Continue reading&#8230;<\/a><\/p>\n","protected":false},"author":58,"featured_media":0,"comment_status":"open","ping_status":"open","sticky":false,"template":"","format":"standard","meta":{"_monsterinsights_skip_tracking":false,"_monsterinsights_sitenote_active":false,"_monsterinsights_sitenote_note":"","_monsterinsights_sitenote_category":0,"footnotes":""},"categories":[371,369],"tags":[642,641,643],"class_list":["post-970","post","type-post","status-publish","format-standard","hentry","category-medicina","category-salute-e-benessere","tag-gengivite","tag-igiene-orale","tag-turismo-dentale"],"yoast_head":"<!-- This site is optimized with the Yoast SEO plugin v27.3 - https:\/\/yoast.com\/product\/yoast-seo-wordpress\/ -->\n<title>La Gengivite, l&#039;Igiene Orale e le False Credenze - Article Marketing<\/title>\n<meta name=\"robots\" content=\"index, follow, max-snippet:-1, max-image-preview:large, max-video-preview:-1\" \/>\n<link rel=\"canonical\" href=\"https:\/\/www.article-marketing.eu\/comunicatistampa\/la-gengivite-ligiene-orale-e-le-false-credenze\/\" \/>\n<meta property=\"og:locale\" content=\"it_IT\" \/>\n<meta property=\"og:type\" content=\"article\" \/>\n<meta property=\"og:title\" content=\"La Gengivite, l&#039;Igiene Orale e le False Credenze - Article Marketing\" \/>\n<meta property=\"og:description\" content=\"Come si puo\u2019 facilmente dedurre dal suffisso -ITE, si parla di gengivite in presenza di una infiammazione del tessuto gengivale, tale fenomeno puo\u2019 derivare da diversi fattori, primo dei quali una igiene orale non corretta. Una pulizia inadeguata della bocca infetti determina un accumulo di agenti estranei tra i denti (placca batterica), che attaccandosi ai tessuti ne provocano l\u2019arrossamento, in questa fase si innalza la sensibilit\u00e0 delle gengive, arrecando allaContinue reading...\" \/>\n<meta property=\"og:url\" content=\"https:\/\/www.article-marketing.eu\/comunicatistampa\/la-gengivite-ligiene-orale-e-le-false-credenze\/\" \/>\n<meta property=\"og:site_name\" content=\"Article Marketing\" \/>\n<meta property=\"article:published_time\" content=\"2017-03-10T22:23:34+00:00\" \/>\n<meta name=\"author\" content=\"mimmo16\" \/>\n<meta name=\"twitter:card\" content=\"summary_large_image\" \/>\n<meta name=\"twitter:label1\" content=\"Scritto da\" \/>\n\t<meta name=\"twitter:data1\" content=\"mimmo16\" \/>\n\t<meta name=\"twitter:label2\" content=\"Tempo di lettura stimato\" \/>\n\t<meta name=\"twitter:data2\" content=\"4 minuti\" \/>\n<script type=\"application\/ld+json\" class=\"yoast-schema-graph\">{\"@context\":\"https:\\\/\\\/schema.org\",\"@graph\":[{\"@type\":\"Article\",\"@id\":\"https:\\\/\\\/www.article-marketing.eu\\\/comunicatistampa\\\/la-gengivite-ligiene-orale-e-le-false-credenze\\\/#article\",\"isPartOf\":{\"@id\":\"https:\\\/\\\/www.article-marketing.eu\\\/comunicatistampa\\\/la-gengivite-ligiene-orale-e-le-false-credenze\\\/\"},\"author\":{\"name\":\"mimmo16\",\"@id\":\"https:\\\/\\\/www.article-marketing.eu\\\/comunicatistampa\\\/#\\\/schema\\\/person\\\/81c9f656af6814eb521ce04986e4e2a8\"},\"headline\":\"La Gengivite, l&#8217;Igiene Orale e le False Credenze\",\"datePublished\":\"2017-03-10T22:23:34+00:00\",\"mainEntityOfPage\":{\"@id\":\"https:\\\/\\\/www.article-marketing.eu\\\/comunicatistampa\\\/la-gengivite-ligiene-orale-e-le-false-credenze\\\/\"},\"wordCount\":724,\"commentCount\":0,\"keywords\":[\"gengivite\",\"igiene orale\",\"turismo dentale\"],\"articleSection\":[\"Medicina\",\"Salute e benessere\"],\"inLanguage\":\"it-IT\",\"potentialAction\":[{\"@type\":\"CommentAction\",\"name\":\"Comment\",\"target\":[\"https:\\\/\\\/www.article-marketing.eu\\\/comunicatistampa\\\/la-gengivite-ligiene-orale-e-le-false-credenze\\\/#respond\"]}]},{\"@type\":\"WebPage\",\"@id\":\"https:\\\/\\\/www.article-marketing.eu\\\/comunicatistampa\\\/la-gengivite-ligiene-orale-e-le-false-credenze\\\/\",\"url\":\"https:\\\/\\\/www.article-marketing.eu\\\/comunicatistampa\\\/la-gengivite-ligiene-orale-e-le-false-credenze\\\/\",\"name\":\"La Gengivite, l'Igiene Orale e le False Credenze - Article Marketing\",\"isPartOf\":{\"@id\":\"https:\\\/\\\/www.article-marketing.eu\\\/comunicatistampa\\\/#website\"},\"datePublished\":\"2017-03-10T22:23:34+00:00\",\"author\":{\"@id\":\"https:\\\/\\\/www.article-marketing.eu\\\/comunicatistampa\\\/#\\\/schema\\\/person\\\/81c9f656af6814eb521ce04986e4e2a8\"},\"breadcrumb\":{\"@id\":\"https:\\\/\\\/www.article-marketing.eu\\\/comunicatistampa\\\/la-gengivite-ligiene-orale-e-le-false-credenze\\\/#breadcrumb\"},\"inLanguage\":\"it-IT\",\"potentialAction\":[{\"@type\":\"ReadAction\",\"target\":[\"https:\\\/\\\/www.article-marketing.eu\\\/comunicatistampa\\\/la-gengivite-ligiene-orale-e-le-false-credenze\\\/\"]}]},{\"@type\":\"BreadcrumbList\",\"@id\":\"https:\\\/\\\/www.article-marketing.eu\\\/comunicatistampa\\\/la-gengivite-ligiene-orale-e-le-false-credenze\\\/#breadcrumb\",\"itemListElement\":[{\"@type\":\"ListItem\",\"position\":1,\"name\":\"Home\",\"item\":\"https:\\\/\\\/www.article-marketing.eu\\\/comunicatistampa\\\/\"},{\"@type\":\"ListItem\",\"position\":2,\"name\":\"La Gengivite, l&#8217;Igiene Orale e le False Credenze\"}]},{\"@type\":\"WebSite\",\"@id\":\"https:\\\/\\\/www.article-marketing.eu\\\/comunicatistampa\\\/#website\",\"url\":\"https:\\\/\\\/www.article-marketing.eu\\\/comunicatistampa\\\/\",\"name\":\"Article Marketing\",\"description\":\"article marketing &amp; press release\",\"potentialAction\":[{\"@type\":\"SearchAction\",\"target\":{\"@type\":\"EntryPoint\",\"urlTemplate\":\"https:\\\/\\\/www.article-marketing.eu\\\/comunicatistampa\\\/?s={search_term_string}\"},\"query-input\":{\"@type\":\"PropertyValueSpecification\",\"valueRequired\":true,\"valueName\":\"search_term_string\"}}],\"inLanguage\":\"it-IT\"},{\"@type\":\"Person\",\"@id\":\"https:\\\/\\\/www.article-marketing.eu\\\/comunicatistampa\\\/#\\\/schema\\\/person\\\/81c9f656af6814eb521ce04986e4e2a8\",\"name\":\"mimmo16\",\"image\":{\"@type\":\"ImageObject\",\"inLanguage\":\"it-IT\",\"@id\":\"https:\\\/\\\/secure.gravatar.com\\\/avatar\\\/f910293de8e522869051f9faf71c139064e9055e8a08418ac9560de47267ee96?s=96&d=mm&r=g\",\"url\":\"https:\\\/\\\/secure.gravatar.com\\\/avatar\\\/f910293de8e522869051f9faf71c139064e9055e8a08418ac9560de47267ee96?s=96&d=mm&r=g\",\"contentUrl\":\"https:\\\/\\\/secure.gravatar.com\\\/avatar\\\/f910293de8e522869051f9faf71c139064e9055e8a08418ac9560de47267ee96?s=96&d=mm&r=g\",\"caption\":\"mimmo16\"},\"url\":\"https:\\\/\\\/www.article-marketing.eu\\\/comunicatistampa\\\/author\\\/mimmo16\\\/\"}]}<\/script>\n<!-- \/ Yoast SEO plugin. -->","yoast_head_json":{"title":"La Gengivite, l'Igiene Orale e le False Credenze - Article Marketing","robots":{"index":"index","follow":"follow","max-snippet":"max-snippet:-1","max-image-preview":"max-image-preview:large","max-video-preview":"max-video-preview:-1"},"canonical":"https:\/\/www.article-marketing.eu\/comunicatistampa\/la-gengivite-ligiene-orale-e-le-false-credenze\/","og_locale":"it_IT","og_type":"article","og_title":"La Gengivite, l'Igiene Orale e le False Credenze - Article Marketing","og_description":"Come si puo\u2019 facilmente dedurre dal suffisso -ITE, si parla di gengivite in presenza di una infiammazione del tessuto gengivale, tale fenomeno puo\u2019 derivare da diversi fattori, primo dei quali una igiene orale non corretta. Una pulizia inadeguata della bocca infetti determina un accumulo di agenti estranei tra i denti (placca batterica), che attaccandosi ai tessuti ne provocano l\u2019arrossamento, in questa fase si innalza la sensibilit\u00e0 delle gengive, arrecando allaContinue reading...","og_url":"https:\/\/www.article-marketing.eu\/comunicatistampa\/la-gengivite-ligiene-orale-e-le-false-credenze\/","og_site_name":"Article Marketing","article_published_time":"2017-03-10T22:23:34+00:00","author":"mimmo16","twitter_card":"summary_large_image","twitter_misc":{"Scritto da":"mimmo16","Tempo di lettura stimato":"4 minuti"},"schema":{"@context":"https:\/\/schema.org","@graph":[{"@type":"Article","@id":"https:\/\/www.article-marketing.eu\/comunicatistampa\/la-gengivite-ligiene-orale-e-le-false-credenze\/#article","isPartOf":{"@id":"https:\/\/www.article-marketing.eu\/comunicatistampa\/la-gengivite-ligiene-orale-e-le-false-credenze\/"},"author":{"name":"mimmo16","@id":"https:\/\/www.article-marketing.eu\/comunicatistampa\/#\/schema\/person\/81c9f656af6814eb521ce04986e4e2a8"},"headline":"La Gengivite, l&#8217;Igiene Orale e le False Credenze","datePublished":"2017-03-10T22:23:34+00:00","mainEntityOfPage":{"@id":"https:\/\/www.article-marketing.eu\/comunicatistampa\/la-gengivite-ligiene-orale-e-le-false-credenze\/"},"wordCount":724,"commentCount":0,"keywords":["gengivite","igiene orale","turismo dentale"],"articleSection":["Medicina","Salute e benessere"],"inLanguage":"it-IT","potentialAction":[{"@type":"CommentAction","name":"Comment","target":["https:\/\/www.article-marketing.eu\/comunicatistampa\/la-gengivite-ligiene-orale-e-le-false-credenze\/#respond"]}]},{"@type":"WebPage","@id":"https:\/\/www.article-marketing.eu\/comunicatistampa\/la-gengivite-ligiene-orale-e-le-false-credenze\/","url":"https:\/\/www.article-marketing.eu\/comunicatistampa\/la-gengivite-ligiene-orale-e-le-false-credenze\/","name":"La Gengivite, l'Igiene Orale e le False Credenze - Article Marketing","isPartOf":{"@id":"https:\/\/www.article-marketing.eu\/comunicatistampa\/#website"},"datePublished":"2017-03-10T22:23:34+00:00","author":{"@id":"https:\/\/www.article-marketing.eu\/comunicatistampa\/#\/schema\/person\/81c9f656af6814eb521ce04986e4e2a8"},"breadcrumb":{"@id":"https:\/\/www.article-marketing.eu\/comunicatistampa\/la-gengivite-ligiene-orale-e-le-false-credenze\/#breadcrumb"},"inLanguage":"it-IT","potentialAction":[{"@type":"ReadAction","target":["https:\/\/www.article-marketing.eu\/comunicatistampa\/la-gengivite-ligiene-orale-e-le-false-credenze\/"]}]},{"@type":"BreadcrumbList","@id":"https:\/\/www.article-marketing.eu\/comunicatistampa\/la-gengivite-ligiene-orale-e-le-false-credenze\/#breadcrumb","itemListElement":[{"@type":"ListItem","position":1,"name":"Home","item":"https:\/\/www.article-marketing.eu\/comunicatistampa\/"},{"@type":"ListItem","position":2,"name":"La Gengivite, l&#8217;Igiene Orale e le False Credenze"}]},{"@type":"WebSite","@id":"https:\/\/www.article-marketing.eu\/comunicatistampa\/#website","url":"https:\/\/www.article-marketing.eu\/comunicatistampa\/","name":"Article Marketing","description":"article marketing &amp; press release","potentialAction":[{"@type":"SearchAction","target":{"@type":"EntryPoint","urlTemplate":"https:\/\/www.article-marketing.eu\/comunicatistampa\/?s={search_term_string}"},"query-input":{"@type":"PropertyValueSpecification","valueRequired":true,"valueName":"search_term_string"}}],"inLanguage":"it-IT"},{"@type":"Person","@id":"https:\/\/www.article-marketing.eu\/comunicatistampa\/#\/schema\/person\/81c9f656af6814eb521ce04986e4e2a8","name":"mimmo16","image":{"@type":"ImageObject","inLanguage":"it-IT","@id":"https:\/\/secure.gravatar.com\/avatar\/f910293de8e522869051f9faf71c139064e9055e8a08418ac9560de47267ee96?s=96&d=mm&r=g","url":"https:\/\/secure.gravatar.com\/avatar\/f910293de8e522869051f9faf71c139064e9055e8a08418ac9560de47267ee96?s=96&d=mm&r=g","contentUrl":"https:\/\/secure.gravatar.com\/avatar\/f910293de8e522869051f9faf71c139064e9055e8a08418ac9560de47267ee96?s=96&d=mm&r=g","caption":"mimmo16"},"url":"https:\/\/www.article-marketing.eu\/comunicatistampa\/author\/mimmo16\/"}]}},"_links":{"self":[{"href":"https:\/\/www.article-marketing.eu\/comunicatistampa\/wp-json\/wp\/v2\/posts\/970","targetHints":{"allow":["GET"]}}],"collection":[{"href":"https:\/\/www.article-marketing.eu\/comunicatistampa\/wp-json\/wp\/v2\/posts"}],"about":[{"href":"https:\/\/www.article-marketing.eu\/comunicatistampa\/wp-json\/wp\/v2\/types\/post"}],"author":[{"embeddable":true,"href":"https:\/\/www.article-marketing.eu\/comunicatistampa\/wp-json\/wp\/v2\/users\/58"}],"replies":[{"embeddable":true,"href":"https:\/\/www.article-marketing.eu\/comunicatistampa\/wp-json\/wp\/v2\/comments?post=970"}],"version-history":[{"count":3,"href":"https:\/\/www.article-marketing.eu\/comunicatistampa\/wp-json\/wp\/v2\/posts\/970\/revisions"}],"predecessor-version":[{"id":977,"href":"https:\/\/www.article-marketing.eu\/comunicatistampa\/wp-json\/wp\/v2\/posts\/970\/revisions\/977"}],"wp:attachment":[{"href":"https:\/\/www.article-marketing.eu\/comunicatistampa\/wp-json\/wp\/v2\/media?parent=970"}],"wp:term":[{"taxonomy":"category","embeddable":true,"href":"https:\/\/www.article-marketing.eu\/comunicatistampa\/wp-json\/wp\/v2\/categories?post=970"},{"taxonomy":"post_tag","embeddable":true,"href":"https:\/\/www.article-marketing.eu\/comunicatistampa\/wp-json\/wp\/v2\/tags?post=970"}],"curies":[{"name":"wp","href":"https:\/\/api.w.org\/{rel}","templated":true}]}}