{"id":9769,"date":"2018-04-28T01:22:38","date_gmt":"2018-04-27T23:22:38","guid":{"rendered":"http:\/\/www.article-marketing.eu\/comunicatistampa\/?p=9769"},"modified":"2020-08-10T01:47:58","modified_gmt":"2020-08-09T23:47:58","slug":"i-modi-per-partecipare-all-europride-di-stoccolma","status":"publish","type":"post","link":"https:\/\/www.article-marketing.eu\/comunicatistampa\/i-modi-per-partecipare-all-europride-di-stoccolma\/","title":{"rendered":"I Modi per partecipare all\u2019 Europride di Stoccolma"},"content":{"rendered":"<p>Avete voglia di pensare a qualcosa di allegro? Di immeggervi fuori stagione in un oceano di musica e arcobaleni? Sappiamo benissimo che il Carnevale \u00e8 fuori stagione ma se per il mese entrante potrete partecipare ad una piacevole alternativa nella bellissima Stoccolma.<br \/>\nPer buona parte di Luglio 2018 infatti, secondo le <a href=\"https:\/\/www.notizieoggi24.it\">ultime notizie<\/a>, la capitale svedese si riempir\u00e0 di gruppi di ragazzi che arriveranno da ogni zona del\u2019Europa per festeggiare e manifestare tutti insieme la scelta di vivere un momento di visibilit\u00e0 ad ampio spettro di gay, lesbiche, trans e bsx. Per chi \u00e8 gi\u00e0 stato ad un evento simile, che negli scorsi anni si \u00e8 tenuta in molte altre parti d\u2019Europa, tra cui Varsavia, Parigi e tante altre.<br \/>\nAnche se il Pride, stando alle notizie di oggi, \u00e8 sempre chiacchierato, ovunque esso si viva, non essere all\u2019appuntamento, che siate parte o meno in causa, rimane una occasione di intrattenimento e, sicuramente, di consapevolezza nei confronti di un fenomeno sociale sempre pi\u00f9 vivo oggi. Confermato dalle ultime notizie la manifestazione \u00e8 coordinata e seguita dalle associazioni di categoria, e ci tiene a nonospitare forti simpatizzanti di partito. Cos\u00ec facendo risulta sempre completamente politically correct.<br \/>\nLa settimana dell\u2019Europride \u00e8 ricolma di eventi di ogni tipologia, sia legati alla cultura che di puro divertimento e la tanto attesa parata, per cui il Pride \u00e8 tanto allegramente famoso si svolger\u00e0 lungo le strade di Stoccolma dalla fine di luglio.<br \/>\nE vi diremo di pi\u00f9: se anche non appoggiate il fervore della comunit\u00e0 GLBT vi invitiamo comunque a visitare Stoccolma nelle date sopra riportate dato che, in concomitanza con l\u2019Europride, sembra ci sar\u00e0 un corteo di contrariet\u00e0 per l\u2019organizzazione di una tale manifestazione nella capitale, che sar\u00e0 coordinato da tante personalit\u00e0 cristiane e che dovrebbe servire a manifestare la testimonianza di coloro che, con lo stesso metodo utilizzato dalle associazioni gay e gay friendly, si dichiarano apertamente contro questo stile di vita.<br \/>\nDunque non ci sono motivazioni che tengano, qualsiasi sia il vostro orientamento e qualsiasi siano i vostri ideali nell\u2019ambito, essere a Stoccolma in occasione dell\u2019Europride tutto italiano dovrebbe essere uno stimolo adeguato.<\/p>\n","protected":false},"excerpt":{"rendered":"<p>Avete voglia di pensare a qualcosa di allegro? Di immeggervi fuori stagione in un oceano di musica e arcobaleni? Sappiamo benissimo che il Carnevale \u00e8 fuori stagione ma se per il mese entrante potrete partecipare ad una piacevole alternativa nella bellissima Stoccolma. Per buona parte di Luglio 2018 infatti, secondo le ultime notizie, la capitale svedese si riempir\u00e0 di gruppi di ragazzi che arriveranno da ogni zona del\u2019Europa per festeggiare<\/p>\n<p><a class=\"continue-reading\" href=\"https:\/\/www.article-marketing.eu\/comunicatistampa\/i-modi-per-partecipare-all-europride-di-stoccolma\/\">Continue reading&#8230;<\/a><\/p>\n","protected":false},"author":1190,"featured_media":0,"comment_status":"open","ping_status":"open","sticky":false,"template":"","format":"standard","meta":{"_monsterinsights_skip_tracking":false,"_monsterinsights_sitenote_active":false,"_monsterinsights_sitenote_note":"","_monsterinsights_sitenote_category":0,"footnotes":""},"categories":[392],"tags":[4024,4077],"class_list":["post-9769","post","type-post","status-publish","format-standard","hentry","category-eventi","tag-notizie","tag-notizie-di-oggi"],"yoast_head":"<!-- This site is optimized with the Yoast SEO plugin v27.3 - https:\/\/yoast.com\/product\/yoast-seo-wordpress\/ -->\n<title>I Modi per partecipare all\u2019 Europride di Stoccolma - Article Marketing<\/title>\n<meta name=\"robots\" content=\"index, follow, max-snippet:-1, max-image-preview:large, max-video-preview:-1\" \/>\n<link rel=\"canonical\" href=\"https:\/\/www.article-marketing.eu\/comunicatistampa\/i-modi-per-partecipare-all-europride-di-stoccolma\/\" \/>\n<meta property=\"og:locale\" content=\"it_IT\" \/>\n<meta property=\"og:type\" content=\"article\" \/>\n<meta property=\"og:title\" content=\"I Modi per partecipare all\u2019 Europride di Stoccolma - Article Marketing\" \/>\n<meta property=\"og:description\" content=\"Avete voglia di pensare a qualcosa di allegro? Di immeggervi fuori stagione in un oceano di musica e arcobaleni? Sappiamo benissimo che il Carnevale \u00e8 fuori stagione ma se per il mese entrante potrete partecipare ad una piacevole alternativa nella bellissima Stoccolma. Per buona parte di Luglio 2018 infatti, secondo le ultime notizie, la capitale svedese si riempir\u00e0 di gruppi di ragazzi che arriveranno da ogni zona del\u2019Europa per festeggiareContinue reading...\" \/>\n<meta property=\"og:url\" content=\"https:\/\/www.article-marketing.eu\/comunicatistampa\/i-modi-per-partecipare-all-europride-di-stoccolma\/\" \/>\n<meta property=\"og:site_name\" content=\"Article Marketing\" \/>\n<meta property=\"article:published_time\" content=\"2018-04-27T23:22:38+00:00\" \/>\n<meta property=\"article:modified_time\" content=\"2020-08-09T23:47:58+00:00\" \/>\n<meta name=\"author\" content=\"notizie881\" \/>\n<meta name=\"twitter:card\" content=\"summary_large_image\" \/>\n<meta name=\"twitter:label1\" content=\"Scritto da\" \/>\n\t<meta name=\"twitter:data1\" content=\"notizie881\" \/>\n\t<meta name=\"twitter:label2\" content=\"Tempo di lettura stimato\" \/>\n\t<meta name=\"twitter:data2\" content=\"2 minuti\" \/>\n<script type=\"application\/ld+json\" class=\"yoast-schema-graph\">{\"@context\":\"https:\\\/\\\/schema.org\",\"@graph\":[{\"@type\":\"Article\",\"@id\":\"https:\\\/\\\/www.article-marketing.eu\\\/comunicatistampa\\\/i-modi-per-partecipare-all-europride-di-stoccolma\\\/#article\",\"isPartOf\":{\"@id\":\"https:\\\/\\\/www.article-marketing.eu\\\/comunicatistampa\\\/i-modi-per-partecipare-all-europride-di-stoccolma\\\/\"},\"author\":{\"name\":\"notizie881\",\"@id\":\"https:\\\/\\\/www.article-marketing.eu\\\/comunicatistampa\\\/#\\\/schema\\\/person\\\/5ddcc71f69790f1f441b761cf026d56b\"},\"headline\":\"I Modi per partecipare all\u2019 Europride di Stoccolma\",\"datePublished\":\"2018-04-27T23:22:38+00:00\",\"dateModified\":\"2020-08-09T23:47:58+00:00\",\"mainEntityOfPage\":{\"@id\":\"https:\\\/\\\/www.article-marketing.eu\\\/comunicatistampa\\\/i-modi-per-partecipare-all-europride-di-stoccolma\\\/\"},\"wordCount\":358,\"commentCount\":0,\"keywords\":[\"notizie\",\"notizie di oggi\"],\"articleSection\":[\"Eventi\"],\"inLanguage\":\"it-IT\",\"potentialAction\":[{\"@type\":\"CommentAction\",\"name\":\"Comment\",\"target\":[\"https:\\\/\\\/www.article-marketing.eu\\\/comunicatistampa\\\/i-modi-per-partecipare-all-europride-di-stoccolma\\\/#respond\"]}]},{\"@type\":\"WebPage\",\"@id\":\"https:\\\/\\\/www.article-marketing.eu\\\/comunicatistampa\\\/i-modi-per-partecipare-all-europride-di-stoccolma\\\/\",\"url\":\"https:\\\/\\\/www.article-marketing.eu\\\/comunicatistampa\\\/i-modi-per-partecipare-all-europride-di-stoccolma\\\/\",\"name\":\"I Modi per partecipare all\u2019 Europride di Stoccolma - Article Marketing\",\"isPartOf\":{\"@id\":\"https:\\\/\\\/www.article-marketing.eu\\\/comunicatistampa\\\/#website\"},\"datePublished\":\"2018-04-27T23:22:38+00:00\",\"dateModified\":\"2020-08-09T23:47:58+00:00\",\"author\":{\"@id\":\"https:\\\/\\\/www.article-marketing.eu\\\/comunicatistampa\\\/#\\\/schema\\\/person\\\/5ddcc71f69790f1f441b761cf026d56b\"},\"breadcrumb\":{\"@id\":\"https:\\\/\\\/www.article-marketing.eu\\\/comunicatistampa\\\/i-modi-per-partecipare-all-europride-di-stoccolma\\\/#breadcrumb\"},\"inLanguage\":\"it-IT\",\"potentialAction\":[{\"@type\":\"ReadAction\",\"target\":[\"https:\\\/\\\/www.article-marketing.eu\\\/comunicatistampa\\\/i-modi-per-partecipare-all-europride-di-stoccolma\\\/\"]}]},{\"@type\":\"BreadcrumbList\",\"@id\":\"https:\\\/\\\/www.article-marketing.eu\\\/comunicatistampa\\\/i-modi-per-partecipare-all-europride-di-stoccolma\\\/#breadcrumb\",\"itemListElement\":[{\"@type\":\"ListItem\",\"position\":1,\"name\":\"Home\",\"item\":\"https:\\\/\\\/www.article-marketing.eu\\\/comunicatistampa\\\/\"},{\"@type\":\"ListItem\",\"position\":2,\"name\":\"I Modi per partecipare all\u2019 Europride di Stoccolma\"}]},{\"@type\":\"WebSite\",\"@id\":\"https:\\\/\\\/www.article-marketing.eu\\\/comunicatistampa\\\/#website\",\"url\":\"https:\\\/\\\/www.article-marketing.eu\\\/comunicatistampa\\\/\",\"name\":\"Article Marketing\",\"description\":\"article marketing &amp; press release\",\"potentialAction\":[{\"@type\":\"SearchAction\",\"target\":{\"@type\":\"EntryPoint\",\"urlTemplate\":\"https:\\\/\\\/www.article-marketing.eu\\\/comunicatistampa\\\/?s={search_term_string}\"},\"query-input\":{\"@type\":\"PropertyValueSpecification\",\"valueRequired\":true,\"valueName\":\"search_term_string\"}}],\"inLanguage\":\"it-IT\"},{\"@type\":\"Person\",\"@id\":\"https:\\\/\\\/www.article-marketing.eu\\\/comunicatistampa\\\/#\\\/schema\\\/person\\\/5ddcc71f69790f1f441b761cf026d56b\",\"name\":\"notizie881\",\"image\":{\"@type\":\"ImageObject\",\"inLanguage\":\"it-IT\",\"@id\":\"https:\\\/\\\/secure.gravatar.com\\\/avatar\\\/ea01d801ad073795301bd3aa86316b1447748abf8c356fb5b813d237a8fa7247?s=96&d=mm&r=g\",\"url\":\"https:\\\/\\\/secure.gravatar.com\\\/avatar\\\/ea01d801ad073795301bd3aa86316b1447748abf8c356fb5b813d237a8fa7247?s=96&d=mm&r=g\",\"contentUrl\":\"https:\\\/\\\/secure.gravatar.com\\\/avatar\\\/ea01d801ad073795301bd3aa86316b1447748abf8c356fb5b813d237a8fa7247?s=96&d=mm&r=g\",\"caption\":\"notizie881\"},\"url\":\"https:\\\/\\\/www.article-marketing.eu\\\/comunicatistampa\\\/author\\\/notizie881\\\/\"}]}<\/script>\n<!-- \/ Yoast SEO plugin. -->","yoast_head_json":{"title":"I Modi per partecipare all\u2019 Europride di Stoccolma - Article Marketing","robots":{"index":"index","follow":"follow","max-snippet":"max-snippet:-1","max-image-preview":"max-image-preview:large","max-video-preview":"max-video-preview:-1"},"canonical":"https:\/\/www.article-marketing.eu\/comunicatistampa\/i-modi-per-partecipare-all-europride-di-stoccolma\/","og_locale":"it_IT","og_type":"article","og_title":"I Modi per partecipare all\u2019 Europride di Stoccolma - Article Marketing","og_description":"Avete voglia di pensare a qualcosa di allegro? Di immeggervi fuori stagione in un oceano di musica e arcobaleni? Sappiamo benissimo che il Carnevale \u00e8 fuori stagione ma se per il mese entrante potrete partecipare ad una piacevole alternativa nella bellissima Stoccolma. Per buona parte di Luglio 2018 infatti, secondo le ultime notizie, la capitale svedese si riempir\u00e0 di gruppi di ragazzi che arriveranno da ogni zona del\u2019Europa per festeggiareContinue reading...","og_url":"https:\/\/www.article-marketing.eu\/comunicatistampa\/i-modi-per-partecipare-all-europride-di-stoccolma\/","og_site_name":"Article Marketing","article_published_time":"2018-04-27T23:22:38+00:00","article_modified_time":"2020-08-09T23:47:58+00:00","author":"notizie881","twitter_card":"summary_large_image","twitter_misc":{"Scritto da":"notizie881","Tempo di lettura stimato":"2 minuti"},"schema":{"@context":"https:\/\/schema.org","@graph":[{"@type":"Article","@id":"https:\/\/www.article-marketing.eu\/comunicatistampa\/i-modi-per-partecipare-all-europride-di-stoccolma\/#article","isPartOf":{"@id":"https:\/\/www.article-marketing.eu\/comunicatistampa\/i-modi-per-partecipare-all-europride-di-stoccolma\/"},"author":{"name":"notizie881","@id":"https:\/\/www.article-marketing.eu\/comunicatistampa\/#\/schema\/person\/5ddcc71f69790f1f441b761cf026d56b"},"headline":"I Modi per partecipare all\u2019 Europride di Stoccolma","datePublished":"2018-04-27T23:22:38+00:00","dateModified":"2020-08-09T23:47:58+00:00","mainEntityOfPage":{"@id":"https:\/\/www.article-marketing.eu\/comunicatistampa\/i-modi-per-partecipare-all-europride-di-stoccolma\/"},"wordCount":358,"commentCount":0,"keywords":["notizie","notizie di oggi"],"articleSection":["Eventi"],"inLanguage":"it-IT","potentialAction":[{"@type":"CommentAction","name":"Comment","target":["https:\/\/www.article-marketing.eu\/comunicatistampa\/i-modi-per-partecipare-all-europride-di-stoccolma\/#respond"]}]},{"@type":"WebPage","@id":"https:\/\/www.article-marketing.eu\/comunicatistampa\/i-modi-per-partecipare-all-europride-di-stoccolma\/","url":"https:\/\/www.article-marketing.eu\/comunicatistampa\/i-modi-per-partecipare-all-europride-di-stoccolma\/","name":"I Modi per partecipare all\u2019 Europride di Stoccolma - Article Marketing","isPartOf":{"@id":"https:\/\/www.article-marketing.eu\/comunicatistampa\/#website"},"datePublished":"2018-04-27T23:22:38+00:00","dateModified":"2020-08-09T23:47:58+00:00","author":{"@id":"https:\/\/www.article-marketing.eu\/comunicatistampa\/#\/schema\/person\/5ddcc71f69790f1f441b761cf026d56b"},"breadcrumb":{"@id":"https:\/\/www.article-marketing.eu\/comunicatistampa\/i-modi-per-partecipare-all-europride-di-stoccolma\/#breadcrumb"},"inLanguage":"it-IT","potentialAction":[{"@type":"ReadAction","target":["https:\/\/www.article-marketing.eu\/comunicatistampa\/i-modi-per-partecipare-all-europride-di-stoccolma\/"]}]},{"@type":"BreadcrumbList","@id":"https:\/\/www.article-marketing.eu\/comunicatistampa\/i-modi-per-partecipare-all-europride-di-stoccolma\/#breadcrumb","itemListElement":[{"@type":"ListItem","position":1,"name":"Home","item":"https:\/\/www.article-marketing.eu\/comunicatistampa\/"},{"@type":"ListItem","position":2,"name":"I Modi per partecipare all\u2019 Europride di Stoccolma"}]},{"@type":"WebSite","@id":"https:\/\/www.article-marketing.eu\/comunicatistampa\/#website","url":"https:\/\/www.article-marketing.eu\/comunicatistampa\/","name":"Article Marketing","description":"article marketing &amp; press release","potentialAction":[{"@type":"SearchAction","target":{"@type":"EntryPoint","urlTemplate":"https:\/\/www.article-marketing.eu\/comunicatistampa\/?s={search_term_string}"},"query-input":{"@type":"PropertyValueSpecification","valueRequired":true,"valueName":"search_term_string"}}],"inLanguage":"it-IT"},{"@type":"Person","@id":"https:\/\/www.article-marketing.eu\/comunicatistampa\/#\/schema\/person\/5ddcc71f69790f1f441b761cf026d56b","name":"notizie881","image":{"@type":"ImageObject","inLanguage":"it-IT","@id":"https:\/\/secure.gravatar.com\/avatar\/ea01d801ad073795301bd3aa86316b1447748abf8c356fb5b813d237a8fa7247?s=96&d=mm&r=g","url":"https:\/\/secure.gravatar.com\/avatar\/ea01d801ad073795301bd3aa86316b1447748abf8c356fb5b813d237a8fa7247?s=96&d=mm&r=g","contentUrl":"https:\/\/secure.gravatar.com\/avatar\/ea01d801ad073795301bd3aa86316b1447748abf8c356fb5b813d237a8fa7247?s=96&d=mm&r=g","caption":"notizie881"},"url":"https:\/\/www.article-marketing.eu\/comunicatistampa\/author\/notizie881\/"}]}},"_links":{"self":[{"href":"https:\/\/www.article-marketing.eu\/comunicatistampa\/wp-json\/wp\/v2\/posts\/9769","targetHints":{"allow":["GET"]}}],"collection":[{"href":"https:\/\/www.article-marketing.eu\/comunicatistampa\/wp-json\/wp\/v2\/posts"}],"about":[{"href":"https:\/\/www.article-marketing.eu\/comunicatistampa\/wp-json\/wp\/v2\/types\/post"}],"author":[{"embeddable":true,"href":"https:\/\/www.article-marketing.eu\/comunicatistampa\/wp-json\/wp\/v2\/users\/1190"}],"replies":[{"embeddable":true,"href":"https:\/\/www.article-marketing.eu\/comunicatistampa\/wp-json\/wp\/v2\/comments?post=9769"}],"version-history":[{"count":2,"href":"https:\/\/www.article-marketing.eu\/comunicatistampa\/wp-json\/wp\/v2\/posts\/9769\/revisions"}],"predecessor-version":[{"id":9801,"href":"https:\/\/www.article-marketing.eu\/comunicatistampa\/wp-json\/wp\/v2\/posts\/9769\/revisions\/9801"}],"wp:attachment":[{"href":"https:\/\/www.article-marketing.eu\/comunicatistampa\/wp-json\/wp\/v2\/media?parent=9769"}],"wp:term":[{"taxonomy":"category","embeddable":true,"href":"https:\/\/www.article-marketing.eu\/comunicatistampa\/wp-json\/wp\/v2\/categories?post=9769"},{"taxonomy":"post_tag","embeddable":true,"href":"https:\/\/www.article-marketing.eu\/comunicatistampa\/wp-json\/wp\/v2\/tags?post=9769"}],"curies":[{"name":"wp","href":"https:\/\/api.w.org\/{rel}","templated":true}]}}