{"id":9867,"date":"2018-05-08T12:17:20","date_gmt":"2018-05-08T10:17:20","guid":{"rendered":"http:\/\/www.article-marketing.eu\/comunicatistampa\/?p=9867"},"modified":"2018-05-08T12:17:20","modified_gmt":"2018-05-08T10:17:20","slug":"bergader-italia-novita-di-prodotto-e-concept-inedito-a-cibus-2018","status":"publish","type":"post","link":"https:\/\/www.article-marketing.eu\/comunicatistampa\/bergader-italia-novita-di-prodotto-e-concept-inedito-a-cibus-2018\/","title":{"rendered":"Bergader Italia: novit\u00e0 di prodotto e concept inedito a Cibus 2018"},"content":{"rendered":"<p><em>L\u2019eccellenza bavarese torna al Salone Internazionale dell\u2019Alimentazione portando con s\u00e9 una ventata di nuovo: eventi, degustazioni fusion, stand evocativo e una presentazione di prodotto in anteprima nazionale.<\/em><\/p>\n<p>Un\u2019attesa riconferma, quella che porter\u00e0 <strong>Bergader Italia<\/strong> a partecipare alla kermesse di riferimento per il settore agroalimentare italiano e internazionale. <strong>Dal 7 al 10 maggio<\/strong> <strong>(Padiglione 02 \u2013 Stand A 074)<\/strong> l\u2019azienda alimentare con oltre cent\u2019anni di storia \u2013 ancora oggi, dopo 4 generazioni, a conduzione familiare \u2013 sveler\u00e0 al pubblico della fiera la <strong>nuova veste del suo stand<\/strong>: un ambiente ampio, pensato per coniugare la tradizione bavarese con la modernit\u00e0 in continua evoluzione. Da un lato il legno chiaro sinonimo di calore, origini e sicurezza garantita da una lunga e consolidata storia familiare; dall\u2019altro la grande lavagna del futuro, da personalizzare e riscrivere continuamente per fondere gestualit\u00e0 antica e innovazione di prodotto.<\/p>\n<p>Al centro, una cucina a vista a disposizione di uno chef professionista, che preparer\u00e0 ogni giorno \u2013 dalle 11.00 alle 17.00 \u2013 dei ricercati finger food accomunati dalla presenza di un fondamentale ingrediente \u201csegreto\u201d: il formaggio made in Bergader. Il modo pi\u00f9 gustoso ed efficace per offrire a buyer e visitatori le ghiotte novit\u00e0 di prodotto e dimostrare le sconfinate possibilit\u00e0 di utilizzo delle referenze Bergader nelle ricette della cucina italiana.<\/p>\n<p><strong>Luned\u00ec 7 maggio alle 16.30<\/strong> (Cibus Innovation Corner \u2013 Pad. 4.1) il <strong>Direttore Vendite Bergader Italia Luca Fontana<\/strong> interverr\u00e0 nel dibattito sul <strong>\u201cFormaggio: prodotto di servizio o prodotto di Marca\u201d<\/strong>: un\u2019importante occasione di scambio \u2013 alla presenza del noto sociologo e sondaggista Renato Mannheimer \u2013 per trasmettere l\u2019orientamento interculturale dell\u2019azienda bavarese e darne diretta testimonianza.<\/p>\n<p><strong>Marted\u00ec 8 maggio, alle 12.00<\/strong>, l\u2019azienda accoglier\u00e0 in stand stampa, buyer e visitatori per la <strong>presentazione ufficiale della nuova referenza<\/strong>, risultato di un\u2019approfondita indagine di mercato di taglio quantitativo e, soprattutto, qualitativo, presto disponibile negli scaffali della Gdo.<\/p>\n<p>Una nuova sfida per l\u2019eccellenza bavarese, che da sempre fa della materia prima e della filiera corta e controllata un elemento distintivo e caratterizzante. Grazie al latte fresco degli alpeggi della Baviera e alle 1800 piccole fattorie che ospitano non pi\u00f9 di 35 capi bestiame ciascuna, Bergader garantisce la qualit\u00e0 e la tracciabilit\u00e0 dei propri formaggi, ancora oggi lavorati a mano da maestri casari esperti, a pochi km dalle malghe.<\/p>\n<p>A Cibus 2018 Bergader mostrer\u00e0 agli operatori del settore un prodotto pratico, versatile e vicino alle esigenze del consumatore moderno. Un formaggio che sa farsi interprete delle rinnovate preferenze d\u2019acquisto degli italiani, senza rinunciare al plus valore della qualit\u00e0 e della tradizione che hanno reso il marchio bavarese apprezzato e riconoscibile in tutto il mondo.<\/p>\n<p><a href=\"http:\/\/www.bergader.it\">www.bergader.it<\/a><\/p>\n","protected":false},"excerpt":{"rendered":"<p>L\u2019eccellenza bavarese torna al Salone Internazionale dell\u2019Alimentazione portando con s\u00e9 una ventata di nuovo: eventi, degustazioni fusion, stand evocativo e una presentazione di prodotto in anteprima nazionale. Un\u2019attesa riconferma, quella che porter\u00e0 Bergader Italia a partecipare alla kermesse di riferimento per il settore agroalimentare italiano e internazionale. Dal 7 al 10 maggio (Padiglione 02 \u2013 Stand A 074) l\u2019azienda alimentare con oltre cent\u2019anni di storia \u2013 ancora oggi, dopo 4<\/p>\n<p><a class=\"continue-reading\" href=\"https:\/\/www.article-marketing.eu\/comunicatistampa\/bergader-italia-novita-di-prodotto-e-concept-inedito-a-cibus-2018\/\">Continue reading&#8230;<\/a><\/p>\n","protected":false},"author":397,"featured_media":0,"comment_status":"open","ping_status":"open","sticky":false,"template":"","format":"standard","meta":{"_monsterinsights_skip_tracking":false,"_monsterinsights_sitenote_active":false,"_monsterinsights_sitenote_note":"","_monsterinsights_sitenote_category":0,"footnotes":""},"categories":[388,78,392,393],"tags":[1988,4121,1173,3571,4122],"class_list":["post-9867","post","type-post","status-publish","format-standard","hentry","category-aziende","category-comunicati-stampa","category-eventi","category-prodotti","tag-azienda-casearia","tag-cibus","tag-fiere","tag-formaggi-bavaresi","tag-nuove-referenze"],"yoast_head":"<!-- This site is optimized with the Yoast SEO plugin v27.3 - https:\/\/yoast.com\/product\/yoast-seo-wordpress\/ -->\n<title>Bergader Italia: novit\u00e0 di prodotto e concept inedito a Cibus 2018 - Article Marketing<\/title>\n<meta name=\"robots\" content=\"index, follow, max-snippet:-1, max-image-preview:large, max-video-preview:-1\" \/>\n<link rel=\"canonical\" href=\"https:\/\/www.article-marketing.eu\/comunicatistampa\/bergader-italia-novita-di-prodotto-e-concept-inedito-a-cibus-2018\/\" \/>\n<meta property=\"og:locale\" content=\"it_IT\" \/>\n<meta property=\"og:type\" content=\"article\" \/>\n<meta property=\"og:title\" content=\"Bergader Italia: novit\u00e0 di prodotto e concept inedito a Cibus 2018 - Article Marketing\" \/>\n<meta property=\"og:description\" content=\"L\u2019eccellenza bavarese torna al Salone Internazionale dell\u2019Alimentazione portando con s\u00e9 una ventata di nuovo: eventi, degustazioni fusion, stand evocativo e una presentazione di prodotto in anteprima nazionale. Un\u2019attesa riconferma, quella che porter\u00e0 Bergader Italia a partecipare alla kermesse di riferimento per il settore agroalimentare italiano e internazionale. Dal 7 al 10 maggio (Padiglione 02 \u2013 Stand A 074) l\u2019azienda alimentare con oltre cent\u2019anni di storia \u2013 ancora oggi, dopo 4Continue reading...\" \/>\n<meta property=\"og:url\" content=\"https:\/\/www.article-marketing.eu\/comunicatistampa\/bergader-italia-novita-di-prodotto-e-concept-inedito-a-cibus-2018\/\" \/>\n<meta property=\"og:site_name\" content=\"Article Marketing\" \/>\n<meta property=\"article:published_time\" content=\"2018-05-08T10:17:20+00:00\" \/>\n<meta name=\"author\" content=\"Borderline Agency\" \/>\n<meta name=\"twitter:card\" content=\"summary_large_image\" \/>\n<meta name=\"twitter:label1\" content=\"Scritto da\" \/>\n\t<meta name=\"twitter:data1\" content=\"Borderline Agency\" \/>\n\t<meta name=\"twitter:label2\" content=\"Tempo di lettura stimato\" \/>\n\t<meta name=\"twitter:data2\" content=\"2 minuti\" \/>\n<script type=\"application\/ld+json\" class=\"yoast-schema-graph\">{\"@context\":\"https:\\\/\\\/schema.org\",\"@graph\":[{\"@type\":\"Article\",\"@id\":\"https:\\\/\\\/www.article-marketing.eu\\\/comunicatistampa\\\/bergader-italia-novita-di-prodotto-e-concept-inedito-a-cibus-2018\\\/#article\",\"isPartOf\":{\"@id\":\"https:\\\/\\\/www.article-marketing.eu\\\/comunicatistampa\\\/bergader-italia-novita-di-prodotto-e-concept-inedito-a-cibus-2018\\\/\"},\"author\":{\"name\":\"Borderline Agency\",\"@id\":\"https:\\\/\\\/www.article-marketing.eu\\\/comunicatistampa\\\/#\\\/schema\\\/person\\\/1c4ab1c7aad84347e26e78235da6ff1b\"},\"headline\":\"Bergader Italia: novit\u00e0 di prodotto e concept inedito a Cibus 2018\",\"datePublished\":\"2018-05-08T10:17:20+00:00\",\"mainEntityOfPage\":{\"@id\":\"https:\\\/\\\/www.article-marketing.eu\\\/comunicatistampa\\\/bergader-italia-novita-di-prodotto-e-concept-inedito-a-cibus-2018\\\/\"},\"wordCount\":432,\"commentCount\":0,\"keywords\":[\"azienda casearia\",\"Cibus\",\"fiere\",\"Formaggi bavaresi\",\"nuove referenze\"],\"articleSection\":[\"Aziende\",\"Comunicati stampa\",\"Eventi\",\"Prodotti\"],\"inLanguage\":\"it-IT\",\"potentialAction\":[{\"@type\":\"CommentAction\",\"name\":\"Comment\",\"target\":[\"https:\\\/\\\/www.article-marketing.eu\\\/comunicatistampa\\\/bergader-italia-novita-di-prodotto-e-concept-inedito-a-cibus-2018\\\/#respond\"]}]},{\"@type\":\"WebPage\",\"@id\":\"https:\\\/\\\/www.article-marketing.eu\\\/comunicatistampa\\\/bergader-italia-novita-di-prodotto-e-concept-inedito-a-cibus-2018\\\/\",\"url\":\"https:\\\/\\\/www.article-marketing.eu\\\/comunicatistampa\\\/bergader-italia-novita-di-prodotto-e-concept-inedito-a-cibus-2018\\\/\",\"name\":\"Bergader Italia: novit\u00e0 di prodotto e concept inedito a Cibus 2018 - Article Marketing\",\"isPartOf\":{\"@id\":\"https:\\\/\\\/www.article-marketing.eu\\\/comunicatistampa\\\/#website\"},\"datePublished\":\"2018-05-08T10:17:20+00:00\",\"author\":{\"@id\":\"https:\\\/\\\/www.article-marketing.eu\\\/comunicatistampa\\\/#\\\/schema\\\/person\\\/1c4ab1c7aad84347e26e78235da6ff1b\"},\"breadcrumb\":{\"@id\":\"https:\\\/\\\/www.article-marketing.eu\\\/comunicatistampa\\\/bergader-italia-novita-di-prodotto-e-concept-inedito-a-cibus-2018\\\/#breadcrumb\"},\"inLanguage\":\"it-IT\",\"potentialAction\":[{\"@type\":\"ReadAction\",\"target\":[\"https:\\\/\\\/www.article-marketing.eu\\\/comunicatistampa\\\/bergader-italia-novita-di-prodotto-e-concept-inedito-a-cibus-2018\\\/\"]}]},{\"@type\":\"BreadcrumbList\",\"@id\":\"https:\\\/\\\/www.article-marketing.eu\\\/comunicatistampa\\\/bergader-italia-novita-di-prodotto-e-concept-inedito-a-cibus-2018\\\/#breadcrumb\",\"itemListElement\":[{\"@type\":\"ListItem\",\"position\":1,\"name\":\"Home\",\"item\":\"https:\\\/\\\/www.article-marketing.eu\\\/comunicatistampa\\\/\"},{\"@type\":\"ListItem\",\"position\":2,\"name\":\"Bergader Italia: novit\u00e0 di prodotto e concept inedito a Cibus 2018\"}]},{\"@type\":\"WebSite\",\"@id\":\"https:\\\/\\\/www.article-marketing.eu\\\/comunicatistampa\\\/#website\",\"url\":\"https:\\\/\\\/www.article-marketing.eu\\\/comunicatistampa\\\/\",\"name\":\"Article Marketing\",\"description\":\"article marketing &amp; press release\",\"potentialAction\":[{\"@type\":\"SearchAction\",\"target\":{\"@type\":\"EntryPoint\",\"urlTemplate\":\"https:\\\/\\\/www.article-marketing.eu\\\/comunicatistampa\\\/?s={search_term_string}\"},\"query-input\":{\"@type\":\"PropertyValueSpecification\",\"valueRequired\":true,\"valueName\":\"search_term_string\"}}],\"inLanguage\":\"it-IT\"},{\"@type\":\"Person\",\"@id\":\"https:\\\/\\\/www.article-marketing.eu\\\/comunicatistampa\\\/#\\\/schema\\\/person\\\/1c4ab1c7aad84347e26e78235da6ff1b\",\"name\":\"Borderline Agency\",\"image\":{\"@type\":\"ImageObject\",\"inLanguage\":\"it-IT\",\"@id\":\"https:\\\/\\\/secure.gravatar.com\\\/avatar\\\/741fa053101610cb0be7dc835c116926549ae4ae2142ff35eac04d78fda61461?s=96&d=mm&r=g\",\"url\":\"https:\\\/\\\/secure.gravatar.com\\\/avatar\\\/741fa053101610cb0be7dc835c116926549ae4ae2142ff35eac04d78fda61461?s=96&d=mm&r=g\",\"contentUrl\":\"https:\\\/\\\/secure.gravatar.com\\\/avatar\\\/741fa053101610cb0be7dc835c116926549ae4ae2142ff35eac04d78fda61461?s=96&d=mm&r=g\",\"caption\":\"Borderline Agency\"},\"url\":\"https:\\\/\\\/www.article-marketing.eu\\\/comunicatistampa\\\/author\\\/borderline-agency\\\/\"}]}<\/script>\n<!-- \/ Yoast SEO plugin. -->","yoast_head_json":{"title":"Bergader Italia: novit\u00e0 di prodotto e concept inedito a Cibus 2018 - Article Marketing","robots":{"index":"index","follow":"follow","max-snippet":"max-snippet:-1","max-image-preview":"max-image-preview:large","max-video-preview":"max-video-preview:-1"},"canonical":"https:\/\/www.article-marketing.eu\/comunicatistampa\/bergader-italia-novita-di-prodotto-e-concept-inedito-a-cibus-2018\/","og_locale":"it_IT","og_type":"article","og_title":"Bergader Italia: novit\u00e0 di prodotto e concept inedito a Cibus 2018 - Article Marketing","og_description":"L\u2019eccellenza bavarese torna al Salone Internazionale dell\u2019Alimentazione portando con s\u00e9 una ventata di nuovo: eventi, degustazioni fusion, stand evocativo e una presentazione di prodotto in anteprima nazionale. Un\u2019attesa riconferma, quella che porter\u00e0 Bergader Italia a partecipare alla kermesse di riferimento per il settore agroalimentare italiano e internazionale. Dal 7 al 10 maggio (Padiglione 02 \u2013 Stand A 074) l\u2019azienda alimentare con oltre cent\u2019anni di storia \u2013 ancora oggi, dopo 4Continue reading...","og_url":"https:\/\/www.article-marketing.eu\/comunicatistampa\/bergader-italia-novita-di-prodotto-e-concept-inedito-a-cibus-2018\/","og_site_name":"Article Marketing","article_published_time":"2018-05-08T10:17:20+00:00","author":"Borderline Agency","twitter_card":"summary_large_image","twitter_misc":{"Scritto da":"Borderline Agency","Tempo di lettura stimato":"2 minuti"},"schema":{"@context":"https:\/\/schema.org","@graph":[{"@type":"Article","@id":"https:\/\/www.article-marketing.eu\/comunicatistampa\/bergader-italia-novita-di-prodotto-e-concept-inedito-a-cibus-2018\/#article","isPartOf":{"@id":"https:\/\/www.article-marketing.eu\/comunicatistampa\/bergader-italia-novita-di-prodotto-e-concept-inedito-a-cibus-2018\/"},"author":{"name":"Borderline Agency","@id":"https:\/\/www.article-marketing.eu\/comunicatistampa\/#\/schema\/person\/1c4ab1c7aad84347e26e78235da6ff1b"},"headline":"Bergader Italia: novit\u00e0 di prodotto e concept inedito a Cibus 2018","datePublished":"2018-05-08T10:17:20+00:00","mainEntityOfPage":{"@id":"https:\/\/www.article-marketing.eu\/comunicatistampa\/bergader-italia-novita-di-prodotto-e-concept-inedito-a-cibus-2018\/"},"wordCount":432,"commentCount":0,"keywords":["azienda casearia","Cibus","fiere","Formaggi bavaresi","nuove referenze"],"articleSection":["Aziende","Comunicati stampa","Eventi","Prodotti"],"inLanguage":"it-IT","potentialAction":[{"@type":"CommentAction","name":"Comment","target":["https:\/\/www.article-marketing.eu\/comunicatistampa\/bergader-italia-novita-di-prodotto-e-concept-inedito-a-cibus-2018\/#respond"]}]},{"@type":"WebPage","@id":"https:\/\/www.article-marketing.eu\/comunicatistampa\/bergader-italia-novita-di-prodotto-e-concept-inedito-a-cibus-2018\/","url":"https:\/\/www.article-marketing.eu\/comunicatistampa\/bergader-italia-novita-di-prodotto-e-concept-inedito-a-cibus-2018\/","name":"Bergader Italia: novit\u00e0 di prodotto e concept inedito a Cibus 2018 - Article Marketing","isPartOf":{"@id":"https:\/\/www.article-marketing.eu\/comunicatistampa\/#website"},"datePublished":"2018-05-08T10:17:20+00:00","author":{"@id":"https:\/\/www.article-marketing.eu\/comunicatistampa\/#\/schema\/person\/1c4ab1c7aad84347e26e78235da6ff1b"},"breadcrumb":{"@id":"https:\/\/www.article-marketing.eu\/comunicatistampa\/bergader-italia-novita-di-prodotto-e-concept-inedito-a-cibus-2018\/#breadcrumb"},"inLanguage":"it-IT","potentialAction":[{"@type":"ReadAction","target":["https:\/\/www.article-marketing.eu\/comunicatistampa\/bergader-italia-novita-di-prodotto-e-concept-inedito-a-cibus-2018\/"]}]},{"@type":"BreadcrumbList","@id":"https:\/\/www.article-marketing.eu\/comunicatistampa\/bergader-italia-novita-di-prodotto-e-concept-inedito-a-cibus-2018\/#breadcrumb","itemListElement":[{"@type":"ListItem","position":1,"name":"Home","item":"https:\/\/www.article-marketing.eu\/comunicatistampa\/"},{"@type":"ListItem","position":2,"name":"Bergader Italia: novit\u00e0 di prodotto e concept inedito a Cibus 2018"}]},{"@type":"WebSite","@id":"https:\/\/www.article-marketing.eu\/comunicatistampa\/#website","url":"https:\/\/www.article-marketing.eu\/comunicatistampa\/","name":"Article Marketing","description":"article marketing &amp; press release","potentialAction":[{"@type":"SearchAction","target":{"@type":"EntryPoint","urlTemplate":"https:\/\/www.article-marketing.eu\/comunicatistampa\/?s={search_term_string}"},"query-input":{"@type":"PropertyValueSpecification","valueRequired":true,"valueName":"search_term_string"}}],"inLanguage":"it-IT"},{"@type":"Person","@id":"https:\/\/www.article-marketing.eu\/comunicatistampa\/#\/schema\/person\/1c4ab1c7aad84347e26e78235da6ff1b","name":"Borderline Agency","image":{"@type":"ImageObject","inLanguage":"it-IT","@id":"https:\/\/secure.gravatar.com\/avatar\/741fa053101610cb0be7dc835c116926549ae4ae2142ff35eac04d78fda61461?s=96&d=mm&r=g","url":"https:\/\/secure.gravatar.com\/avatar\/741fa053101610cb0be7dc835c116926549ae4ae2142ff35eac04d78fda61461?s=96&d=mm&r=g","contentUrl":"https:\/\/secure.gravatar.com\/avatar\/741fa053101610cb0be7dc835c116926549ae4ae2142ff35eac04d78fda61461?s=96&d=mm&r=g","caption":"Borderline Agency"},"url":"https:\/\/www.article-marketing.eu\/comunicatistampa\/author\/borderline-agency\/"}]}},"_links":{"self":[{"href":"https:\/\/www.article-marketing.eu\/comunicatistampa\/wp-json\/wp\/v2\/posts\/9867","targetHints":{"allow":["GET"]}}],"collection":[{"href":"https:\/\/www.article-marketing.eu\/comunicatistampa\/wp-json\/wp\/v2\/posts"}],"about":[{"href":"https:\/\/www.article-marketing.eu\/comunicatistampa\/wp-json\/wp\/v2\/types\/post"}],"author":[{"embeddable":true,"href":"https:\/\/www.article-marketing.eu\/comunicatistampa\/wp-json\/wp\/v2\/users\/397"}],"replies":[{"embeddable":true,"href":"https:\/\/www.article-marketing.eu\/comunicatistampa\/wp-json\/wp\/v2\/comments?post=9867"}],"version-history":[{"count":3,"href":"https:\/\/www.article-marketing.eu\/comunicatistampa\/wp-json\/wp\/v2\/posts\/9867\/revisions"}],"predecessor-version":[{"id":9888,"href":"https:\/\/www.article-marketing.eu\/comunicatistampa\/wp-json\/wp\/v2\/posts\/9867\/revisions\/9888"}],"wp:attachment":[{"href":"https:\/\/www.article-marketing.eu\/comunicatistampa\/wp-json\/wp\/v2\/media?parent=9867"}],"wp:term":[{"taxonomy":"category","embeddable":true,"href":"https:\/\/www.article-marketing.eu\/comunicatistampa\/wp-json\/wp\/v2\/categories?post=9867"},{"taxonomy":"post_tag","embeddable":true,"href":"https:\/\/www.article-marketing.eu\/comunicatistampa\/wp-json\/wp\/v2\/tags?post=9867"}],"curies":[{"name":"wp","href":"https:\/\/api.w.org\/{rel}","templated":true}]}}