{"id":9870,"date":"2018-05-08T12:18:36","date_gmt":"2018-05-08T10:18:36","guid":{"rendered":"http:\/\/www.article-marketing.eu\/comunicatistampa\/?p=9870"},"modified":"2018-05-08T12:18:36","modified_gmt":"2018-05-08T10:18:36","slug":"il-gruppo-fini-a-cibus-2018","status":"publish","type":"post","link":"https:\/\/www.article-marketing.eu\/comunicatistampa\/il-gruppo-fini-a-cibus-2018\/","title":{"rendered":"Il Gruppo Fini a CIBUS 2018"},"content":{"rendered":"<p style=\"font-weight: 400;\"><em>L\u2019azienda emiliana torna al Salone Internazionale dell\u2019Alimentazione per rappresentare come sempre il connubio tra la tradizione italiana e l\u2019innovazione del mercato contemporaneo<\/em><\/p>\n<p style=\"font-weight: 400;\">Il\u00a0<strong>Gruppo Fini SpA<\/strong>, societ\u00e0 a socio unico di propriet\u00e0 del fondo 100% italiano Paladin Capital Partners, titolare dei marchi\u00a0<strong>Fini<\/strong>, brand di pasta fresca ripiena nato a Modena nel 1912, e\u00a0<strong>Le Conserve della Nonna<\/strong>, storica azienda alimentare italiana, torna ad incontrare il pubblico italiano e internazionale in occasione di\u00a0<strong>CIBUS, il Salone Internazionale dell\u2019Alimentazione<\/strong>\u00a0che si terr\u00e0 a Parma dal 7 al 10 maggio, appuntamento imperdibile per i protagonisti della Food Industry.<\/p>\n<p style=\"font-weight: 400;\">L\u2019azienda emiliana sar\u00e0 presso il\u00a0<strong>Padiglione 3<\/strong>,\u00a0<strong>Stand G14<\/strong>, con uno spazio di oltre 100 mq dotato di una cucina sempre operativa e\u00a0<strong>show cooking dal vivo<\/strong>, con la possibilit\u00e0 di offrire assaggi di primi piatti con la pasta fresca Fini e ricette realizzate con i prodotti Le Conserve della Nonna.<\/p>\n<p style=\"font-weight: 400;\">Il Gruppo approfitta di Cibus per presentare a tutti i protagonisti della filiera le numerose novit\u00e0 del 2018.<\/p>\n<p style=\"font-weight: 400;\">Per la\u00a0<strong>pasta fresca Fini<\/strong>, evoluzione a tutto tondo: novit\u00e0 di prodotto e di identit\u00e0. La linea premium\u00a0<strong>\u201cI Granripieni\u201d<\/strong>, sull\u2019onda del successo ottenuto nel 2017, \u00e8 stata ulteriormente ampliata con due nuove referenze create per rispondere sempre meglio alle richieste di gusto e genuinit\u00e0 da parte dei consumatori. Da alcune settimane sono presenti sullo scaffale i\u00a0<strong>Ravioli Salsiccia e Funghi<\/strong>, una ricetta che celebra i gusti tipici della gastronomia italiana. In anteprima a Cibus verr\u00e0 presentata anche la prima referenza di pasta fresca integrale, i\u00a0<strong>Ravioli Patate e Rosmarino<\/strong>: un primo dal sapore intenso, ricco e rustico, all\u2019insegna del benessere.<\/p>\n<p style=\"font-weight: 400;\">Inoltre, in occasione della manifestazione verr\u00e0 presentata al pubblico e al mercato la nuova immagine della gamma di base\u00a0<strong>\u201cGli Autentici\u201d<\/strong>, con ricette migliorate e nuove confezioni.<\/p>\n<p style=\"font-weight: 400;\">Per\u00a0<strong>Le Conserve della Nonna<\/strong>\u00a0Cibus \u00e8 l\u2019occasione per il lancio del\u00a0<strong>nuovo marchio<\/strong>\u00a0e del\u00a0<strong>restyling del packaging<\/strong>, frutto di mesi di collaborazione con l\u2019istituto di ricerche IPSOS per l\u2019analisi del posizionamento del brand e della riconoscibilit\u00e0 delle confezioni. Presso lo stand sar\u00e0 anche possibile assaggiare l\u2019ultima novit\u00e0 a scaffale: la\u00a0<strong>linea di zuppe e le vellutate Le Conserve della Nonna<\/strong>, proposta innovativa e dall\u2019elevato contenuto di servizio. Quest\u2019anno, presso lo spazio\u00a0<strong>Cibus Innovation Corner<\/strong>, nel Padiglione 4.1, tra i prodotti pi\u00f9 innovativi del 2018 \u00e8 presente anche la\u00a0<strong>crema Pere e Cacao<\/strong>\u00a0della linea\u00a0<strong>Gusto&amp;Equilibrio<\/strong>\u00a0di Le Conserve della Nonna, una novit\u00e0 assoluta nel mercato, dedicata a chi cerca leggerezza senza rinunciare al piacere del cacao.<\/p>\n<p style=\"font-weight: 400;\">Infine, dalle 14 alle 16 del 7 maggio, il Gruppo Fini promuove il convegno dal titolo\u00a0<em>\u201cLa cucina del benessere: nuovi ingredienti, tendenze emergenti e responsabilit\u00e0 sociale\u201d<\/em>, temi di responsabilit\u00e0 sociale d\u2019impresa da sempre ritenuti fondamentali dalla realt\u00e0 emiliana, ancora prima che il trend salutistico diventasse una delle tendenze dominanti del mercato.<\/p>\n<p style=\"font-weight: 400;\">A Cibus il Gruppo Fini torna per riaffermare l\u2019identit\u00e0 distintiva dei due marchi che rappresentano la grande tradizione &#8211; emiliana e italiana &#8211; e la capacit\u00e0 di innovare nel rispetto della qualit\u00e0 per la soddisfazione del consumatore contemporaneo.<\/p>\n<p style=\"font-weight: 400;\"><a href=\"http:\/\/www.nonsolobuono.it\">www.nonsolobuono.it\u00a0<\/a><\/p>\n","protected":false},"excerpt":{"rendered":"<p>L\u2019azienda emiliana torna al Salone Internazionale dell\u2019Alimentazione per rappresentare come sempre il connubio tra la tradizione italiana e l\u2019innovazione del mercato contemporaneo Il\u00a0Gruppo Fini SpA, societ\u00e0 a socio unico di propriet\u00e0 del fondo 100% italiano Paladin Capital Partners, titolare dei marchi\u00a0Fini, brand di pasta fresca ripiena nato a Modena nel 1912, e\u00a0Le Conserve della Nonna, storica azienda alimentare italiana, torna ad incontrare il pubblico italiano e internazionale in occasione di\u00a0CIBUS,<\/p>\n<p><a class=\"continue-reading\" href=\"https:\/\/www.article-marketing.eu\/comunicatistampa\/il-gruppo-fini-a-cibus-2018\/\">Continue reading&#8230;<\/a><\/p>\n","protected":false},"author":397,"featured_media":0,"comment_status":"open","ping_status":"open","sticky":false,"template":"","format":"standard","meta":{"_monsterinsights_skip_tracking":false,"_monsterinsights_sitenote_active":false,"_monsterinsights_sitenote_note":"","_monsterinsights_sitenote_category":0,"footnotes":""},"categories":[78],"tags":[4123,3213,3821,1141],"class_list":["post-9870","post","type-post","status-publish","format-standard","hentry","category-comunicati-stampa","tag-cibus-2018","tag-gruppo-fini","tag-le-conserve-della-nonna","tag-made-in-italy"],"yoast_head":"<!-- This site is optimized with the Yoast SEO plugin v27.3 - https:\/\/yoast.com\/product\/yoast-seo-wordpress\/ -->\n<title>Il Gruppo Fini a CIBUS 2018 - Article Marketing<\/title>\n<meta name=\"robots\" content=\"index, follow, max-snippet:-1, max-image-preview:large, max-video-preview:-1\" \/>\n<link rel=\"canonical\" href=\"https:\/\/www.article-marketing.eu\/comunicatistampa\/il-gruppo-fini-a-cibus-2018\/\" \/>\n<meta property=\"og:locale\" content=\"it_IT\" \/>\n<meta property=\"og:type\" content=\"article\" \/>\n<meta property=\"og:title\" content=\"Il Gruppo Fini a CIBUS 2018 - Article Marketing\" \/>\n<meta property=\"og:description\" content=\"L\u2019azienda emiliana torna al Salone Internazionale dell\u2019Alimentazione per rappresentare come sempre il connubio tra la tradizione italiana e l\u2019innovazione del mercato contemporaneo Il\u00a0Gruppo Fini SpA, societ\u00e0 a socio unico di propriet\u00e0 del fondo 100% italiano Paladin Capital Partners, titolare dei marchi\u00a0Fini, brand di pasta fresca ripiena nato a Modena nel 1912, e\u00a0Le Conserve della Nonna, storica azienda alimentare italiana, torna ad incontrare il pubblico italiano e internazionale in occasione di\u00a0CIBUS,Continue reading...\" \/>\n<meta property=\"og:url\" content=\"https:\/\/www.article-marketing.eu\/comunicatistampa\/il-gruppo-fini-a-cibus-2018\/\" \/>\n<meta property=\"og:site_name\" content=\"Article Marketing\" \/>\n<meta property=\"article:published_time\" content=\"2018-05-08T10:18:36+00:00\" \/>\n<meta name=\"author\" content=\"Borderline Agency\" \/>\n<meta name=\"twitter:card\" content=\"summary_large_image\" \/>\n<meta name=\"twitter:label1\" content=\"Scritto da\" \/>\n\t<meta name=\"twitter:data1\" content=\"Borderline Agency\" \/>\n\t<meta name=\"twitter:label2\" content=\"Tempo di lettura stimato\" \/>\n\t<meta name=\"twitter:data2\" content=\"3 minuti\" \/>\n<script type=\"application\/ld+json\" class=\"yoast-schema-graph\">{\"@context\":\"https:\\\/\\\/schema.org\",\"@graph\":[{\"@type\":\"Article\",\"@id\":\"https:\\\/\\\/www.article-marketing.eu\\\/comunicatistampa\\\/il-gruppo-fini-a-cibus-2018\\\/#article\",\"isPartOf\":{\"@id\":\"https:\\\/\\\/www.article-marketing.eu\\\/comunicatistampa\\\/il-gruppo-fini-a-cibus-2018\\\/\"},\"author\":{\"name\":\"Borderline Agency\",\"@id\":\"https:\\\/\\\/www.article-marketing.eu\\\/comunicatistampa\\\/#\\\/schema\\\/person\\\/1c4ab1c7aad84347e26e78235da6ff1b\"},\"headline\":\"Il Gruppo Fini a CIBUS 2018\",\"datePublished\":\"2018-05-08T10:18:36+00:00\",\"mainEntityOfPage\":{\"@id\":\"https:\\\/\\\/www.article-marketing.eu\\\/comunicatistampa\\\/il-gruppo-fini-a-cibus-2018\\\/\"},\"wordCount\":510,\"commentCount\":0,\"keywords\":[\"Cibus 2018\",\"Gruppo Fini\",\"Le Conserve della Nonna\",\"made in Italy\"],\"articleSection\":[\"Comunicati stampa\"],\"inLanguage\":\"it-IT\",\"potentialAction\":[{\"@type\":\"CommentAction\",\"name\":\"Comment\",\"target\":[\"https:\\\/\\\/www.article-marketing.eu\\\/comunicatistampa\\\/il-gruppo-fini-a-cibus-2018\\\/#respond\"]}]},{\"@type\":\"WebPage\",\"@id\":\"https:\\\/\\\/www.article-marketing.eu\\\/comunicatistampa\\\/il-gruppo-fini-a-cibus-2018\\\/\",\"url\":\"https:\\\/\\\/www.article-marketing.eu\\\/comunicatistampa\\\/il-gruppo-fini-a-cibus-2018\\\/\",\"name\":\"Il Gruppo Fini a CIBUS 2018 - Article Marketing\",\"isPartOf\":{\"@id\":\"https:\\\/\\\/www.article-marketing.eu\\\/comunicatistampa\\\/#website\"},\"datePublished\":\"2018-05-08T10:18:36+00:00\",\"author\":{\"@id\":\"https:\\\/\\\/www.article-marketing.eu\\\/comunicatistampa\\\/#\\\/schema\\\/person\\\/1c4ab1c7aad84347e26e78235da6ff1b\"},\"breadcrumb\":{\"@id\":\"https:\\\/\\\/www.article-marketing.eu\\\/comunicatistampa\\\/il-gruppo-fini-a-cibus-2018\\\/#breadcrumb\"},\"inLanguage\":\"it-IT\",\"potentialAction\":[{\"@type\":\"ReadAction\",\"target\":[\"https:\\\/\\\/www.article-marketing.eu\\\/comunicatistampa\\\/il-gruppo-fini-a-cibus-2018\\\/\"]}]},{\"@type\":\"BreadcrumbList\",\"@id\":\"https:\\\/\\\/www.article-marketing.eu\\\/comunicatistampa\\\/il-gruppo-fini-a-cibus-2018\\\/#breadcrumb\",\"itemListElement\":[{\"@type\":\"ListItem\",\"position\":1,\"name\":\"Home\",\"item\":\"https:\\\/\\\/www.article-marketing.eu\\\/comunicatistampa\\\/\"},{\"@type\":\"ListItem\",\"position\":2,\"name\":\"Il Gruppo Fini a CIBUS 2018\"}]},{\"@type\":\"WebSite\",\"@id\":\"https:\\\/\\\/www.article-marketing.eu\\\/comunicatistampa\\\/#website\",\"url\":\"https:\\\/\\\/www.article-marketing.eu\\\/comunicatistampa\\\/\",\"name\":\"Article Marketing\",\"description\":\"article marketing &amp; press release\",\"potentialAction\":[{\"@type\":\"SearchAction\",\"target\":{\"@type\":\"EntryPoint\",\"urlTemplate\":\"https:\\\/\\\/www.article-marketing.eu\\\/comunicatistampa\\\/?s={search_term_string}\"},\"query-input\":{\"@type\":\"PropertyValueSpecification\",\"valueRequired\":true,\"valueName\":\"search_term_string\"}}],\"inLanguage\":\"it-IT\"},{\"@type\":\"Person\",\"@id\":\"https:\\\/\\\/www.article-marketing.eu\\\/comunicatistampa\\\/#\\\/schema\\\/person\\\/1c4ab1c7aad84347e26e78235da6ff1b\",\"name\":\"Borderline Agency\",\"image\":{\"@type\":\"ImageObject\",\"inLanguage\":\"it-IT\",\"@id\":\"https:\\\/\\\/secure.gravatar.com\\\/avatar\\\/741fa053101610cb0be7dc835c116926549ae4ae2142ff35eac04d78fda61461?s=96&d=mm&r=g\",\"url\":\"https:\\\/\\\/secure.gravatar.com\\\/avatar\\\/741fa053101610cb0be7dc835c116926549ae4ae2142ff35eac04d78fda61461?s=96&d=mm&r=g\",\"contentUrl\":\"https:\\\/\\\/secure.gravatar.com\\\/avatar\\\/741fa053101610cb0be7dc835c116926549ae4ae2142ff35eac04d78fda61461?s=96&d=mm&r=g\",\"caption\":\"Borderline Agency\"},\"url\":\"https:\\\/\\\/www.article-marketing.eu\\\/comunicatistampa\\\/author\\\/borderline-agency\\\/\"}]}<\/script>\n<!-- \/ Yoast SEO plugin. -->","yoast_head_json":{"title":"Il Gruppo Fini a CIBUS 2018 - Article Marketing","robots":{"index":"index","follow":"follow","max-snippet":"max-snippet:-1","max-image-preview":"max-image-preview:large","max-video-preview":"max-video-preview:-1"},"canonical":"https:\/\/www.article-marketing.eu\/comunicatistampa\/il-gruppo-fini-a-cibus-2018\/","og_locale":"it_IT","og_type":"article","og_title":"Il Gruppo Fini a CIBUS 2018 - Article Marketing","og_description":"L\u2019azienda emiliana torna al Salone Internazionale dell\u2019Alimentazione per rappresentare come sempre il connubio tra la tradizione italiana e l\u2019innovazione del mercato contemporaneo Il\u00a0Gruppo Fini SpA, societ\u00e0 a socio unico di propriet\u00e0 del fondo 100% italiano Paladin Capital Partners, titolare dei marchi\u00a0Fini, brand di pasta fresca ripiena nato a Modena nel 1912, e\u00a0Le Conserve della Nonna, storica azienda alimentare italiana, torna ad incontrare il pubblico italiano e internazionale in occasione di\u00a0CIBUS,Continue reading...","og_url":"https:\/\/www.article-marketing.eu\/comunicatistampa\/il-gruppo-fini-a-cibus-2018\/","og_site_name":"Article Marketing","article_published_time":"2018-05-08T10:18:36+00:00","author":"Borderline Agency","twitter_card":"summary_large_image","twitter_misc":{"Scritto da":"Borderline Agency","Tempo di lettura stimato":"3 minuti"},"schema":{"@context":"https:\/\/schema.org","@graph":[{"@type":"Article","@id":"https:\/\/www.article-marketing.eu\/comunicatistampa\/il-gruppo-fini-a-cibus-2018\/#article","isPartOf":{"@id":"https:\/\/www.article-marketing.eu\/comunicatistampa\/il-gruppo-fini-a-cibus-2018\/"},"author":{"name":"Borderline Agency","@id":"https:\/\/www.article-marketing.eu\/comunicatistampa\/#\/schema\/person\/1c4ab1c7aad84347e26e78235da6ff1b"},"headline":"Il Gruppo Fini a CIBUS 2018","datePublished":"2018-05-08T10:18:36+00:00","mainEntityOfPage":{"@id":"https:\/\/www.article-marketing.eu\/comunicatistampa\/il-gruppo-fini-a-cibus-2018\/"},"wordCount":510,"commentCount":0,"keywords":["Cibus 2018","Gruppo Fini","Le Conserve della Nonna","made in Italy"],"articleSection":["Comunicati stampa"],"inLanguage":"it-IT","potentialAction":[{"@type":"CommentAction","name":"Comment","target":["https:\/\/www.article-marketing.eu\/comunicatistampa\/il-gruppo-fini-a-cibus-2018\/#respond"]}]},{"@type":"WebPage","@id":"https:\/\/www.article-marketing.eu\/comunicatistampa\/il-gruppo-fini-a-cibus-2018\/","url":"https:\/\/www.article-marketing.eu\/comunicatistampa\/il-gruppo-fini-a-cibus-2018\/","name":"Il Gruppo Fini a CIBUS 2018 - Article Marketing","isPartOf":{"@id":"https:\/\/www.article-marketing.eu\/comunicatistampa\/#website"},"datePublished":"2018-05-08T10:18:36+00:00","author":{"@id":"https:\/\/www.article-marketing.eu\/comunicatistampa\/#\/schema\/person\/1c4ab1c7aad84347e26e78235da6ff1b"},"breadcrumb":{"@id":"https:\/\/www.article-marketing.eu\/comunicatistampa\/il-gruppo-fini-a-cibus-2018\/#breadcrumb"},"inLanguage":"it-IT","potentialAction":[{"@type":"ReadAction","target":["https:\/\/www.article-marketing.eu\/comunicatistampa\/il-gruppo-fini-a-cibus-2018\/"]}]},{"@type":"BreadcrumbList","@id":"https:\/\/www.article-marketing.eu\/comunicatistampa\/il-gruppo-fini-a-cibus-2018\/#breadcrumb","itemListElement":[{"@type":"ListItem","position":1,"name":"Home","item":"https:\/\/www.article-marketing.eu\/comunicatistampa\/"},{"@type":"ListItem","position":2,"name":"Il Gruppo Fini a CIBUS 2018"}]},{"@type":"WebSite","@id":"https:\/\/www.article-marketing.eu\/comunicatistampa\/#website","url":"https:\/\/www.article-marketing.eu\/comunicatistampa\/","name":"Article Marketing","description":"article marketing &amp; press release","potentialAction":[{"@type":"SearchAction","target":{"@type":"EntryPoint","urlTemplate":"https:\/\/www.article-marketing.eu\/comunicatistampa\/?s={search_term_string}"},"query-input":{"@type":"PropertyValueSpecification","valueRequired":true,"valueName":"search_term_string"}}],"inLanguage":"it-IT"},{"@type":"Person","@id":"https:\/\/www.article-marketing.eu\/comunicatistampa\/#\/schema\/person\/1c4ab1c7aad84347e26e78235da6ff1b","name":"Borderline Agency","image":{"@type":"ImageObject","inLanguage":"it-IT","@id":"https:\/\/secure.gravatar.com\/avatar\/741fa053101610cb0be7dc835c116926549ae4ae2142ff35eac04d78fda61461?s=96&d=mm&r=g","url":"https:\/\/secure.gravatar.com\/avatar\/741fa053101610cb0be7dc835c116926549ae4ae2142ff35eac04d78fda61461?s=96&d=mm&r=g","contentUrl":"https:\/\/secure.gravatar.com\/avatar\/741fa053101610cb0be7dc835c116926549ae4ae2142ff35eac04d78fda61461?s=96&d=mm&r=g","caption":"Borderline Agency"},"url":"https:\/\/www.article-marketing.eu\/comunicatistampa\/author\/borderline-agency\/"}]}},"_links":{"self":[{"href":"https:\/\/www.article-marketing.eu\/comunicatistampa\/wp-json\/wp\/v2\/posts\/9870","targetHints":{"allow":["GET"]}}],"collection":[{"href":"https:\/\/www.article-marketing.eu\/comunicatistampa\/wp-json\/wp\/v2\/posts"}],"about":[{"href":"https:\/\/www.article-marketing.eu\/comunicatistampa\/wp-json\/wp\/v2\/types\/post"}],"author":[{"embeddable":true,"href":"https:\/\/www.article-marketing.eu\/comunicatistampa\/wp-json\/wp\/v2\/users\/397"}],"replies":[{"embeddable":true,"href":"https:\/\/www.article-marketing.eu\/comunicatistampa\/wp-json\/wp\/v2\/comments?post=9870"}],"version-history":[{"count":3,"href":"https:\/\/www.article-marketing.eu\/comunicatistampa\/wp-json\/wp\/v2\/posts\/9870\/revisions"}],"predecessor-version":[{"id":9889,"href":"https:\/\/www.article-marketing.eu\/comunicatistampa\/wp-json\/wp\/v2\/posts\/9870\/revisions\/9889"}],"wp:attachment":[{"href":"https:\/\/www.article-marketing.eu\/comunicatistampa\/wp-json\/wp\/v2\/media?parent=9870"}],"wp:term":[{"taxonomy":"category","embeddable":true,"href":"https:\/\/www.article-marketing.eu\/comunicatistampa\/wp-json\/wp\/v2\/categories?post=9870"},{"taxonomy":"post_tag","embeddable":true,"href":"https:\/\/www.article-marketing.eu\/comunicatistampa\/wp-json\/wp\/v2\/tags?post=9870"}],"curies":[{"name":"wp","href":"https:\/\/api.w.org\/{rel}","templated":true}]}}