{"id":9903,"date":"2018-05-09T19:52:34","date_gmt":"2018-05-09T17:52:34","guid":{"rendered":"http:\/\/www.article-marketing.eu\/comunicatistampa\/?p=9903"},"modified":"2018-05-09T19:52:34","modified_gmt":"2018-05-09T17:52:34","slug":"i-sequel-horror-piu-attesi-del-2018","status":"publish","type":"post","link":"https:\/\/www.article-marketing.eu\/comunicatistampa\/i-sequel-horror-piu-attesi-del-2018\/","title":{"rendered":"I sequel horror pi\u00f9 attesi del 2018"},"content":{"rendered":"<p>Grandi <a href=\"https:\/\/www.filmquel.it\"><strong>horror news<\/strong><\/a> nel 2018 per gli appassionati di <strong>saghe horror e sci-fi<\/strong>. L\u2019anno \u00e8 iniziato nel modo migliore, sfornando il quarto capitolo della saga di successo <em>Insidious<\/em>, ma riserver\u00e0 fino alla fine non poche chicche. Dopo un 2017 in cui si \u00e8 potuto rivedere <em>Alien<\/em> al cinema, accompagnato dal suo prequel <em>Alien: Covenant<\/em> e in cui finalmente <em>It<\/em> di Stephen King ha avuto la sua trasposizione per il grande schermo, il 2018 si presenta ancora pi\u00f9 ricco. <strong>Insidious: L\u2019ultima chiave<\/strong> (<em>Insidious: The last key<\/em>) di Adam Robitel, \u00e8 uscito in Italia il 18 gennaio. La saga non \u00e8 tuttavia ancora esaurita, in quanto \u00e8 gi\u00e0 stato annunciato un quinto capitolo, in uscita nei prossimi anni, sul quale si attendono aggiornamenti.<br \/>\nIl 31 maggio uscir\u00e0, dopo anni che se ne sente parlare, <b>The strangers 2 &#8211; Prey at night<\/b>, sequel del film con Liv Tyler, <em>The strangers<\/em> (2008).<br \/>\nIl 7 giugno tornano anche i dinosauri, riportati in auge nel 2015 da <em>Jurassic World<\/em> di Colin Trevorrow, presto di nuovo al cinema con il sequel <strong>Jurassic World: Il regno distrutto<\/strong> (<em>Jurassic World: Fallen Kingdom<\/em>) di J.A. Bayona. Da quanto \u00e8 stato finora dichiarato, pare che il quinto film della saga di <em>Jurassic Park<\/em> porter\u00e0 i dinosauri dove non li abbiamo finora ancora visti. L\u2019uscita di <em>Jurassic World 3<\/em> \u00e8 gi\u00e0 stata annunciata per l\u201911 giugno 2021.<br \/>\nIl 4 luglio uscir\u00e0 <b>La prima notte del giudizio<\/b> (<em>The First Purge<\/em>) di Gerard McMurray. Il film \u00e8 un prequel di <em>La notte del giudizio<\/em> (<em>The purge<\/em>, 2013), tendenza di successo degli ultimi anni, che pone l\u2019attenzione su ci\u00f2 che ha portato agli eventi del primo film.<br \/>\nIl 13 settembre arriver\u00e0 inoltre negli USA <b>The predator<\/b>, quarto capitolo della saga di <em>Predator<\/em>, nata nel 1987. Dopo il reboot del 2010 di Nimr\u00f3d Antal, dal titolo <em>Predators<\/em>, il nuovo <em>The predator<\/em> intende tentare un nuovo rilancio del franchise sotto la guida di Shane Black. Non \u00e8 ancora chiara la data d\u2019uscita italiana del film.<br \/>\nIl 20 settembre \u00e8 il turno di <strong>The nun<\/strong>, quinto film del franchise di <em>The conjuring<\/em>, che dopo aver sviluppato la serie di spin-off sulla bambola Annabelle, si prepara ora a raccontare le origini della suora demoniaca di <em>The conjuring &#8211; Il caso Enfield<\/em>. Anche in questo caso \u00e8 stato dichiarato dal regista, Corin Hardy, che il nuovo capitolo porter\u00e0 delle novit\u00e0 nella serie. \u00c8 gi\u00e0 stata annunciata tra l\u2019altro <a href=\"https:\/\/www.filmquel.it\/annabelle-3-annunciato-sara-il-prossimo-film-della-saga\/\"><strong>la produzione di Annabelle 3<\/strong><\/a>, in uscita il 3 luglio 2019. Pare che la saga di <em>The conjuring<\/em> proseguir\u00e0 ancora per molto, visto che oltre ad <em>Annabelle 3<\/em> sono stati annunciati <em>The crooked man<\/em> e <em>The conjuring 3<\/em>.<br \/>\nIl grosso evento per\u00f2 per gli <b>appassionati di film horror di vecchia data<\/b>, \u00e8 il nuovo <strong>Halloween<\/strong> di David Gordon Green, in uscita in Italia il 25 ottobre 2018. Dopo svariati sequel e remake, che si sono susseguiti tra il 1981 ed il 2009, \u00e8 il turno di un nuovo seguito, che si ricollegher\u00e0 stavolta all\u2019<em>Halloween<\/em> originale di John Carpenter del 1978. Pare che il nuovo film non terr\u00e0 conto di quanto \u00e8 accaduto nella storia a partire da <em>Halloween 2: Il signore della morte<\/em> in poi. Molti sono anche in questo 2018 i film horror al 100% originali, come <em>A quiet place di John Krasinski<\/em> e <em>The house that Jack built<\/em> di Lars von Trier. Tuttavia, come dicevamo, saranno probabilmente gli appassionati delle longeve serie horror ad avere le soddisfazioni pi\u00f9 grandi, vista la quantit\u00e0 di mostri sacri che rivedremo sul grande schermo fino a fine anno.<\/p>\n","protected":false},"excerpt":{"rendered":"<p>Grandi horror news nel 2018 per gli appassionati di saghe horror e sci-fi. L\u2019anno \u00e8 iniziato nel modo migliore, sfornando il quarto capitolo della saga di successo Insidious, ma riserver\u00e0 fino alla fine non poche chicche. Dopo un 2017 in cui si \u00e8 potuto rivedere Alien al cinema, accompagnato dal suo prequel Alien: Covenant e in cui finalmente It di Stephen King ha avuto la sua trasposizione per il grande<\/p>\n<p><a class=\"continue-reading\" href=\"https:\/\/www.article-marketing.eu\/comunicatistampa\/i-sequel-horror-piu-attesi-del-2018\/\">Continue reading&#8230;<\/a><\/p>\n","protected":false},"author":804,"featured_media":0,"comment_status":"open","ping_status":"open","sticky":false,"template":"","format":"standard","meta":{"_monsterinsights_skip_tracking":false,"_monsterinsights_sitenote_active":false,"_monsterinsights_sitenote_note":"","_monsterinsights_sitenote_category":0,"footnotes":""},"categories":[408],"tags":[1250,4133],"class_list":["post-9903","post","type-post","status-publish","format-standard","hentry","category-cinema","tag-film","tag-film-horror"],"yoast_head":"<!-- This site is optimized with the Yoast SEO plugin v27.3 - https:\/\/yoast.com\/product\/yoast-seo-wordpress\/ -->\n<title>I sequel horror pi\u00f9 attesi del 2018<\/title>\n<meta name=\"description\" content=\"Una panoramica dei sequel, prequel e remake, di note serie di film horror e sc-fi, pi\u00f9 attesi del 2018.\" \/>\n<meta name=\"robots\" content=\"index, follow, max-snippet:-1, max-image-preview:large, max-video-preview:-1\" \/>\n<link rel=\"canonical\" href=\"https:\/\/www.article-marketing.eu\/comunicatistampa\/i-sequel-horror-piu-attesi-del-2018\/\" \/>\n<meta property=\"og:locale\" content=\"it_IT\" \/>\n<meta property=\"og:type\" content=\"article\" \/>\n<meta property=\"og:title\" content=\"I sequel horror pi\u00f9 attesi del 2018\" \/>\n<meta property=\"og:description\" content=\"Una panoramica dei sequel, prequel e remake, di note serie di film horror e sc-fi, pi\u00f9 attesi del 2018.\" \/>\n<meta property=\"og:url\" content=\"https:\/\/www.article-marketing.eu\/comunicatistampa\/i-sequel-horror-piu-attesi-del-2018\/\" \/>\n<meta property=\"og:site_name\" content=\"Article Marketing\" \/>\n<meta property=\"article:published_time\" content=\"2018-05-09T17:52:34+00:00\" \/>\n<meta name=\"author\" content=\"EnricoFratin\" \/>\n<meta name=\"twitter:card\" content=\"summary_large_image\" \/>\n<meta name=\"twitter:label1\" content=\"Scritto da\" \/>\n\t<meta name=\"twitter:data1\" content=\"EnricoFratin\" \/>\n\t<meta name=\"twitter:label2\" content=\"Tempo di lettura stimato\" \/>\n\t<meta name=\"twitter:data2\" content=\"3 minuti\" \/>\n<script type=\"application\/ld+json\" class=\"yoast-schema-graph\">{\"@context\":\"https:\\\/\\\/schema.org\",\"@graph\":[{\"@type\":\"Article\",\"@id\":\"https:\\\/\\\/www.article-marketing.eu\\\/comunicatistampa\\\/i-sequel-horror-piu-attesi-del-2018\\\/#article\",\"isPartOf\":{\"@id\":\"https:\\\/\\\/www.article-marketing.eu\\\/comunicatistampa\\\/i-sequel-horror-piu-attesi-del-2018\\\/\"},\"author\":{\"name\":\"EnricoFratin\",\"@id\":\"https:\\\/\\\/www.article-marketing.eu\\\/comunicatistampa\\\/#\\\/schema\\\/person\\\/209b7024f0db0421707b0e9d63847cd1\"},\"headline\":\"I sequel horror pi\u00f9 attesi del 2018\",\"datePublished\":\"2018-05-09T17:52:34+00:00\",\"mainEntityOfPage\":{\"@id\":\"https:\\\/\\\/www.article-marketing.eu\\\/comunicatistampa\\\/i-sequel-horror-piu-attesi-del-2018\\\/\"},\"wordCount\":554,\"commentCount\":0,\"keywords\":[\"Film\",\"Film horror\"],\"articleSection\":[\"Cinema\"],\"inLanguage\":\"it-IT\",\"potentialAction\":[{\"@type\":\"CommentAction\",\"name\":\"Comment\",\"target\":[\"https:\\\/\\\/www.article-marketing.eu\\\/comunicatistampa\\\/i-sequel-horror-piu-attesi-del-2018\\\/#respond\"]}]},{\"@type\":\"WebPage\",\"@id\":\"https:\\\/\\\/www.article-marketing.eu\\\/comunicatistampa\\\/i-sequel-horror-piu-attesi-del-2018\\\/\",\"url\":\"https:\\\/\\\/www.article-marketing.eu\\\/comunicatistampa\\\/i-sequel-horror-piu-attesi-del-2018\\\/\",\"name\":\"I sequel horror pi\u00f9 attesi del 2018\",\"isPartOf\":{\"@id\":\"https:\\\/\\\/www.article-marketing.eu\\\/comunicatistampa\\\/#website\"},\"datePublished\":\"2018-05-09T17:52:34+00:00\",\"author\":{\"@id\":\"https:\\\/\\\/www.article-marketing.eu\\\/comunicatistampa\\\/#\\\/schema\\\/person\\\/209b7024f0db0421707b0e9d63847cd1\"},\"description\":\"Una panoramica dei sequel, prequel e remake, di note serie di film horror e sc-fi, pi\u00f9 attesi del 2018.\",\"breadcrumb\":{\"@id\":\"https:\\\/\\\/www.article-marketing.eu\\\/comunicatistampa\\\/i-sequel-horror-piu-attesi-del-2018\\\/#breadcrumb\"},\"inLanguage\":\"it-IT\",\"potentialAction\":[{\"@type\":\"ReadAction\",\"target\":[\"https:\\\/\\\/www.article-marketing.eu\\\/comunicatistampa\\\/i-sequel-horror-piu-attesi-del-2018\\\/\"]}]},{\"@type\":\"BreadcrumbList\",\"@id\":\"https:\\\/\\\/www.article-marketing.eu\\\/comunicatistampa\\\/i-sequel-horror-piu-attesi-del-2018\\\/#breadcrumb\",\"itemListElement\":[{\"@type\":\"ListItem\",\"position\":1,\"name\":\"Home\",\"item\":\"https:\\\/\\\/www.article-marketing.eu\\\/comunicatistampa\\\/\"},{\"@type\":\"ListItem\",\"position\":2,\"name\":\"I sequel horror pi\u00f9 attesi del 2018\"}]},{\"@type\":\"WebSite\",\"@id\":\"https:\\\/\\\/www.article-marketing.eu\\\/comunicatistampa\\\/#website\",\"url\":\"https:\\\/\\\/www.article-marketing.eu\\\/comunicatistampa\\\/\",\"name\":\"Article Marketing\",\"description\":\"article marketing &amp; press release\",\"potentialAction\":[{\"@type\":\"SearchAction\",\"target\":{\"@type\":\"EntryPoint\",\"urlTemplate\":\"https:\\\/\\\/www.article-marketing.eu\\\/comunicatistampa\\\/?s={search_term_string}\"},\"query-input\":{\"@type\":\"PropertyValueSpecification\",\"valueRequired\":true,\"valueName\":\"search_term_string\"}}],\"inLanguage\":\"it-IT\"},{\"@type\":\"Person\",\"@id\":\"https:\\\/\\\/www.article-marketing.eu\\\/comunicatistampa\\\/#\\\/schema\\\/person\\\/209b7024f0db0421707b0e9d63847cd1\",\"name\":\"EnricoFratin\",\"image\":{\"@type\":\"ImageObject\",\"inLanguage\":\"it-IT\",\"@id\":\"https:\\\/\\\/secure.gravatar.com\\\/avatar\\\/788acf734ad2c7d348fe94ca7e83eee422944c1b3c57f3140981d205c65885fb?s=96&d=mm&r=g\",\"url\":\"https:\\\/\\\/secure.gravatar.com\\\/avatar\\\/788acf734ad2c7d348fe94ca7e83eee422944c1b3c57f3140981d205c65885fb?s=96&d=mm&r=g\",\"contentUrl\":\"https:\\\/\\\/secure.gravatar.com\\\/avatar\\\/788acf734ad2c7d348fe94ca7e83eee422944c1b3c57f3140981d205c65885fb?s=96&d=mm&r=g\",\"caption\":\"EnricoFratin\"},\"url\":\"https:\\\/\\\/www.article-marketing.eu\\\/comunicatistampa\\\/author\\\/enricofratin\\\/\"}]}<\/script>\n<!-- \/ Yoast SEO plugin. -->","yoast_head_json":{"title":"I sequel horror pi\u00f9 attesi del 2018","description":"Una panoramica dei sequel, prequel e remake, di note serie di film horror e sc-fi, pi\u00f9 attesi del 2018.","robots":{"index":"index","follow":"follow","max-snippet":"max-snippet:-1","max-image-preview":"max-image-preview:large","max-video-preview":"max-video-preview:-1"},"canonical":"https:\/\/www.article-marketing.eu\/comunicatistampa\/i-sequel-horror-piu-attesi-del-2018\/","og_locale":"it_IT","og_type":"article","og_title":"I sequel horror pi\u00f9 attesi del 2018","og_description":"Una panoramica dei sequel, prequel e remake, di note serie di film horror e sc-fi, pi\u00f9 attesi del 2018.","og_url":"https:\/\/www.article-marketing.eu\/comunicatistampa\/i-sequel-horror-piu-attesi-del-2018\/","og_site_name":"Article Marketing","article_published_time":"2018-05-09T17:52:34+00:00","author":"EnricoFratin","twitter_card":"summary_large_image","twitter_misc":{"Scritto da":"EnricoFratin","Tempo di lettura stimato":"3 minuti"},"schema":{"@context":"https:\/\/schema.org","@graph":[{"@type":"Article","@id":"https:\/\/www.article-marketing.eu\/comunicatistampa\/i-sequel-horror-piu-attesi-del-2018\/#article","isPartOf":{"@id":"https:\/\/www.article-marketing.eu\/comunicatistampa\/i-sequel-horror-piu-attesi-del-2018\/"},"author":{"name":"EnricoFratin","@id":"https:\/\/www.article-marketing.eu\/comunicatistampa\/#\/schema\/person\/209b7024f0db0421707b0e9d63847cd1"},"headline":"I sequel horror pi\u00f9 attesi del 2018","datePublished":"2018-05-09T17:52:34+00:00","mainEntityOfPage":{"@id":"https:\/\/www.article-marketing.eu\/comunicatistampa\/i-sequel-horror-piu-attesi-del-2018\/"},"wordCount":554,"commentCount":0,"keywords":["Film","Film horror"],"articleSection":["Cinema"],"inLanguage":"it-IT","potentialAction":[{"@type":"CommentAction","name":"Comment","target":["https:\/\/www.article-marketing.eu\/comunicatistampa\/i-sequel-horror-piu-attesi-del-2018\/#respond"]}]},{"@type":"WebPage","@id":"https:\/\/www.article-marketing.eu\/comunicatistampa\/i-sequel-horror-piu-attesi-del-2018\/","url":"https:\/\/www.article-marketing.eu\/comunicatistampa\/i-sequel-horror-piu-attesi-del-2018\/","name":"I sequel horror pi\u00f9 attesi del 2018","isPartOf":{"@id":"https:\/\/www.article-marketing.eu\/comunicatistampa\/#website"},"datePublished":"2018-05-09T17:52:34+00:00","author":{"@id":"https:\/\/www.article-marketing.eu\/comunicatistampa\/#\/schema\/person\/209b7024f0db0421707b0e9d63847cd1"},"description":"Una panoramica dei sequel, prequel e remake, di note serie di film horror e sc-fi, pi\u00f9 attesi del 2018.","breadcrumb":{"@id":"https:\/\/www.article-marketing.eu\/comunicatistampa\/i-sequel-horror-piu-attesi-del-2018\/#breadcrumb"},"inLanguage":"it-IT","potentialAction":[{"@type":"ReadAction","target":["https:\/\/www.article-marketing.eu\/comunicatistampa\/i-sequel-horror-piu-attesi-del-2018\/"]}]},{"@type":"BreadcrumbList","@id":"https:\/\/www.article-marketing.eu\/comunicatistampa\/i-sequel-horror-piu-attesi-del-2018\/#breadcrumb","itemListElement":[{"@type":"ListItem","position":1,"name":"Home","item":"https:\/\/www.article-marketing.eu\/comunicatistampa\/"},{"@type":"ListItem","position":2,"name":"I sequel horror pi\u00f9 attesi del 2018"}]},{"@type":"WebSite","@id":"https:\/\/www.article-marketing.eu\/comunicatistampa\/#website","url":"https:\/\/www.article-marketing.eu\/comunicatistampa\/","name":"Article Marketing","description":"article marketing &amp; press release","potentialAction":[{"@type":"SearchAction","target":{"@type":"EntryPoint","urlTemplate":"https:\/\/www.article-marketing.eu\/comunicatistampa\/?s={search_term_string}"},"query-input":{"@type":"PropertyValueSpecification","valueRequired":true,"valueName":"search_term_string"}}],"inLanguage":"it-IT"},{"@type":"Person","@id":"https:\/\/www.article-marketing.eu\/comunicatistampa\/#\/schema\/person\/209b7024f0db0421707b0e9d63847cd1","name":"EnricoFratin","image":{"@type":"ImageObject","inLanguage":"it-IT","@id":"https:\/\/secure.gravatar.com\/avatar\/788acf734ad2c7d348fe94ca7e83eee422944c1b3c57f3140981d205c65885fb?s=96&d=mm&r=g","url":"https:\/\/secure.gravatar.com\/avatar\/788acf734ad2c7d348fe94ca7e83eee422944c1b3c57f3140981d205c65885fb?s=96&d=mm&r=g","contentUrl":"https:\/\/secure.gravatar.com\/avatar\/788acf734ad2c7d348fe94ca7e83eee422944c1b3c57f3140981d205c65885fb?s=96&d=mm&r=g","caption":"EnricoFratin"},"url":"https:\/\/www.article-marketing.eu\/comunicatistampa\/author\/enricofratin\/"}]}},"_links":{"self":[{"href":"https:\/\/www.article-marketing.eu\/comunicatistampa\/wp-json\/wp\/v2\/posts\/9903","targetHints":{"allow":["GET"]}}],"collection":[{"href":"https:\/\/www.article-marketing.eu\/comunicatistampa\/wp-json\/wp\/v2\/posts"}],"about":[{"href":"https:\/\/www.article-marketing.eu\/comunicatistampa\/wp-json\/wp\/v2\/types\/post"}],"author":[{"embeddable":true,"href":"https:\/\/www.article-marketing.eu\/comunicatistampa\/wp-json\/wp\/v2\/users\/804"}],"replies":[{"embeddable":true,"href":"https:\/\/www.article-marketing.eu\/comunicatistampa\/wp-json\/wp\/v2\/comments?post=9903"}],"version-history":[{"count":2,"href":"https:\/\/www.article-marketing.eu\/comunicatistampa\/wp-json\/wp\/v2\/posts\/9903\/revisions"}],"predecessor-version":[{"id":9914,"href":"https:\/\/www.article-marketing.eu\/comunicatistampa\/wp-json\/wp\/v2\/posts\/9903\/revisions\/9914"}],"wp:attachment":[{"href":"https:\/\/www.article-marketing.eu\/comunicatistampa\/wp-json\/wp\/v2\/media?parent=9903"}],"wp:term":[{"taxonomy":"category","embeddable":true,"href":"https:\/\/www.article-marketing.eu\/comunicatistampa\/wp-json\/wp\/v2\/categories?post=9903"},{"taxonomy":"post_tag","embeddable":true,"href":"https:\/\/www.article-marketing.eu\/comunicatistampa\/wp-json\/wp\/v2\/tags?post=9903"}],"curies":[{"name":"wp","href":"https:\/\/api.w.org\/{rel}","templated":true}]}}