{"id":9907,"date":"2018-05-09T19:49:46","date_gmt":"2018-05-09T17:49:46","guid":{"rendered":"http:\/\/www.article-marketing.eu\/comunicatistampa\/?p=9907"},"modified":"2018-05-09T19:49:46","modified_gmt":"2018-05-09T17:49:46","slug":"trasformare-lo-spazio-in-pura-tendenza-francesco-pasi-presenta-la-cabina-armadio-ellipse","status":"publish","type":"post","link":"https:\/\/www.article-marketing.eu\/comunicatistampa\/trasformare-lo-spazio-in-pura-tendenza-francesco-pasi-presenta-la-cabina-armadio-ellipse\/","title":{"rendered":"Trasformare lo spazio in pura tendenza: Francesco Pasi presenta la Cabina Armadio Ellipse"},"content":{"rendered":"<p class=\"p1\"><span class=\"s1\"><i>Verona, Maggio 2018<\/i> &#8211; Personale, flessibile, di tendenza. Se c\u2019\u00e8 uno spazio che qualunque amante dello stile desidera nella propria abitazione, \u00e8 la <b>cabina armadio<\/b>: un ambiente intimo e modulare, in grado di trasformare la praticit\u00e0 in pura emozione. Lo sa bene <b>Francesco Pasi<\/b> che nella nuovissima <b>Collezione Ellipse<\/b>, svelata in anteprima al Salone del Mobile 2018, ha presentato una <b>cabina armadio<\/b> iperaccessoriata e dal design moderno e luminoso.<\/span><\/p>\n<p class=\"p1\"><span class=\"s1\">Una vera e propria stanza dedicata al luxury living, perfetta per rispecchiare le funzionalit\u00e0 del guardaroba e soddisfare ogni gusto individuale, grazie alle infinite possibilit\u00e0 di personalizzazione attraverso varie essenze, finiture ed accessori. Portapantaloni, portascarpe estraibili con guide ammortizzate Blum, specchi e ripiani illuminati da luci Led dimmerabili, cassetti per gioielli e vani portacinture\/cravatte rivestiti internamente in pelle Nabuk rendono unica e preziosa la <b>cabina armadio Ellipse di Francesco Pasi.<\/b><\/span><\/p>\n<p class=\"p1\"><span class=\"s1\">La nuova <b>Collezione Ellipse<\/b> porta il design ad un altro livello, abbracciando un mood contemporaneo e chic: per questo anche la <b>cabina armadio<\/b> diventa non solo un contenitore di abiti e accessori, ma una vera e propria ispirazione creativa, in linea con una proposta ricercata total home. <\/span><\/p>\n<p class=\"p2\"><span class=\"s1\">Gli elementi decorativi che esaltano i legni pregiati &#8211; <i>come il listellare di noce ed il palissandro<\/i> &#8211; sono disponibili in numerose nuance cromatiche opache o lucide, quali cromo, nichel ed oro.<\/span><\/p>\n<p class=\"p1\"><span class=\"s1\">Spazio all\u2019immaginazione dunque, in cui sono protagonisti l\u2019ordine e la praticit\u00e0, senza tralasciare un\u2019estetica di rara raffinatezza, dove ogni oggetto trova il proprio posto ed ogni richiesta diventa realt\u00e0.<\/span><\/p>\n<p class=\"p1\"><span class=\"s1\"><i>\u201cLa cabina armadio della Collezione Ellipse non vuole essere solo una stanza in pi\u00f9\u201d<\/i> ha affermato <b>Francesco Pasi, titolare dell\u2019azienda<\/b>. <i>\u201cIl nostro scopo \u00e8 quello di realizzare un ambiente su misura per il benessere della persona, un\u2019area della casa in cui trascorrere il proprio tempo, coniugando l\u2019esigenza di ordine e spazio con il desiderio di unicit\u00e0.\u201d<\/i><\/span><\/p>\n<p class=\"p4\"><span class=\"s1\"><b>Francesco Pasi S.r.l.<\/b><\/span><\/p>\n<p class=\"p4\"><span class=\"s1\">Via Farfusola, 10 <\/span><\/p>\n<p class=\"p4\"><span class=\"s1\">Bonavicina (VR)<\/span><\/p>\n<p class=\"p4\"><span class=\"s1\">pasi@francescopasi.it <\/span><\/p>\n<p class=\"p4\"><span class=\"s1\">T. 045 7103432<\/span><\/p>\n<p class=\"p4\"><span class=\"s1\"><a href=\"http:\/\/www.francescopasi.it\">www.francescopasi.it<\/a><\/span><\/p>\n<p>&nbsp;<\/p>\n<p class=\"p4\"><span class=\"s1\"><b>Press office Terzomillennium<\/b><\/span><\/p>\n<p class=\"p4\"><span class=\"s1\"><a href=\"mailto:barbara@terzomillennium.net\">barbara@terzomillennium.net<\/a><\/span><\/p>\n<p class=\"p4\"><span class=\"s1\">info@terzomillennium.net<\/span><\/p>\n<p class=\"p4\"><span class=\"s1\">T. 045 6050601<\/span><\/p>\n<p class=\"p4\"><span class=\"s1\">www.terzomillennium.net<\/span><\/p>\n","protected":false},"excerpt":{"rendered":"<p>Verona, Maggio 2018 &#8211; Personale, flessibile, di tendenza. Se c\u2019\u00e8 uno spazio che qualunque amante dello stile desidera nella propria abitazione, \u00e8 la cabina armadio: un ambiente intimo e modulare, in grado di trasformare la praticit\u00e0 in pura emozione. Lo sa bene Francesco Pasi che nella nuovissima Collezione Ellipse, svelata in anteprima al Salone del Mobile 2018, ha presentato una cabina armadio iperaccessoriata e dal design moderno e luminoso. Una<\/p>\n<p><a class=\"continue-reading\" href=\"https:\/\/www.article-marketing.eu\/comunicatistampa\/trasformare-lo-spazio-in-pura-tendenza-francesco-pasi-presenta-la-cabina-armadio-ellipse\/\">Continue reading&#8230;<\/a><\/p>\n","protected":false},"author":344,"featured_media":0,"comment_status":"open","ping_status":"open","sticky":false,"template":"","format":"standard","meta":{"_monsterinsights_skip_tracking":false,"_monsterinsights_sitenote_active":false,"_monsterinsights_sitenote_note":"","_monsterinsights_sitenote_category":0,"footnotes":""},"categories":[403,406],"tags":[1771,4134,248,1691,1692],"class_list":["post-9907","post","type-post","status-publish","format-standard","hentry","category-casa","category-interni","tag-cabina-armadio","tag-collezione-ellipse","tag-design","tag-francesco-pasi","tag-luxury"],"yoast_head":"<!-- This site is optimized with the Yoast SEO plugin v27.3 - https:\/\/yoast.com\/product\/yoast-seo-wordpress\/ -->\n<title>Trasformare lo spazio in pura tendenza: Francesco Pasi presenta la Cabina Armadio Ellipse - Article Marketing<\/title>\n<meta name=\"robots\" content=\"index, follow, max-snippet:-1, max-image-preview:large, max-video-preview:-1\" \/>\n<link rel=\"canonical\" href=\"https:\/\/www.article-marketing.eu\/comunicatistampa\/trasformare-lo-spazio-in-pura-tendenza-francesco-pasi-presenta-la-cabina-armadio-ellipse\/\" \/>\n<meta property=\"og:locale\" content=\"it_IT\" \/>\n<meta property=\"og:type\" content=\"article\" \/>\n<meta property=\"og:title\" content=\"Trasformare lo spazio in pura tendenza: Francesco Pasi presenta la Cabina Armadio Ellipse - Article Marketing\" \/>\n<meta property=\"og:description\" content=\"Verona, Maggio 2018 &#8211; Personale, flessibile, di tendenza. Se c\u2019\u00e8 uno spazio che qualunque amante dello stile desidera nella propria abitazione, \u00e8 la cabina armadio: un ambiente intimo e modulare, in grado di trasformare la praticit\u00e0 in pura emozione. Lo sa bene Francesco Pasi che nella nuovissima Collezione Ellipse, svelata in anteprima al Salone del Mobile 2018, ha presentato una cabina armadio iperaccessoriata e dal design moderno e luminoso. UnaContinue reading...\" \/>\n<meta property=\"og:url\" content=\"https:\/\/www.article-marketing.eu\/comunicatistampa\/trasformare-lo-spazio-in-pura-tendenza-francesco-pasi-presenta-la-cabina-armadio-ellipse\/\" \/>\n<meta property=\"og:site_name\" content=\"Article Marketing\" \/>\n<meta property=\"article:published_time\" content=\"2018-05-09T17:49:46+00:00\" \/>\n<meta name=\"author\" content=\"terzomillennium\" \/>\n<meta name=\"twitter:card\" content=\"summary_large_image\" \/>\n<meta name=\"twitter:label1\" content=\"Scritto da\" \/>\n\t<meta name=\"twitter:data1\" content=\"terzomillennium\" \/>\n\t<meta name=\"twitter:label2\" content=\"Tempo di lettura stimato\" \/>\n\t<meta name=\"twitter:data2\" content=\"2 minuti\" \/>\n<script type=\"application\/ld+json\" class=\"yoast-schema-graph\">{\"@context\":\"https:\\\/\\\/schema.org\",\"@graph\":[{\"@type\":\"Article\",\"@id\":\"https:\\\/\\\/www.article-marketing.eu\\\/comunicatistampa\\\/trasformare-lo-spazio-in-pura-tendenza-francesco-pasi-presenta-la-cabina-armadio-ellipse\\\/#article\",\"isPartOf\":{\"@id\":\"https:\\\/\\\/www.article-marketing.eu\\\/comunicatistampa\\\/trasformare-lo-spazio-in-pura-tendenza-francesco-pasi-presenta-la-cabina-armadio-ellipse\\\/\"},\"author\":{\"name\":\"terzomillennium\",\"@id\":\"https:\\\/\\\/www.article-marketing.eu\\\/comunicatistampa\\\/#\\\/schema\\\/person\\\/dbe4c5d399df926e2213f28673797307\"},\"headline\":\"Trasformare lo spazio in pura tendenza: Francesco Pasi presenta la Cabina Armadio Ellipse\",\"datePublished\":\"2018-05-09T17:49:46+00:00\",\"mainEntityOfPage\":{\"@id\":\"https:\\\/\\\/www.article-marketing.eu\\\/comunicatistampa\\\/trasformare-lo-spazio-in-pura-tendenza-francesco-pasi-presenta-la-cabina-armadio-ellipse\\\/\"},\"wordCount\":349,\"commentCount\":0,\"keywords\":[\"cabina armadio\",\"Collezione Ellipse\",\"design\",\"Francesco Pasi\",\"luxury\"],\"articleSection\":[\"Casa\",\"Interni\"],\"inLanguage\":\"it-IT\",\"potentialAction\":[{\"@type\":\"CommentAction\",\"name\":\"Comment\",\"target\":[\"https:\\\/\\\/www.article-marketing.eu\\\/comunicatistampa\\\/trasformare-lo-spazio-in-pura-tendenza-francesco-pasi-presenta-la-cabina-armadio-ellipse\\\/#respond\"]}]},{\"@type\":\"WebPage\",\"@id\":\"https:\\\/\\\/www.article-marketing.eu\\\/comunicatistampa\\\/trasformare-lo-spazio-in-pura-tendenza-francesco-pasi-presenta-la-cabina-armadio-ellipse\\\/\",\"url\":\"https:\\\/\\\/www.article-marketing.eu\\\/comunicatistampa\\\/trasformare-lo-spazio-in-pura-tendenza-francesco-pasi-presenta-la-cabina-armadio-ellipse\\\/\",\"name\":\"Trasformare lo spazio in pura tendenza: Francesco Pasi presenta la Cabina Armadio Ellipse - Article Marketing\",\"isPartOf\":{\"@id\":\"https:\\\/\\\/www.article-marketing.eu\\\/comunicatistampa\\\/#website\"},\"datePublished\":\"2018-05-09T17:49:46+00:00\",\"author\":{\"@id\":\"https:\\\/\\\/www.article-marketing.eu\\\/comunicatistampa\\\/#\\\/schema\\\/person\\\/dbe4c5d399df926e2213f28673797307\"},\"breadcrumb\":{\"@id\":\"https:\\\/\\\/www.article-marketing.eu\\\/comunicatistampa\\\/trasformare-lo-spazio-in-pura-tendenza-francesco-pasi-presenta-la-cabina-armadio-ellipse\\\/#breadcrumb\"},\"inLanguage\":\"it-IT\",\"potentialAction\":[{\"@type\":\"ReadAction\",\"target\":[\"https:\\\/\\\/www.article-marketing.eu\\\/comunicatistampa\\\/trasformare-lo-spazio-in-pura-tendenza-francesco-pasi-presenta-la-cabina-armadio-ellipse\\\/\"]}]},{\"@type\":\"BreadcrumbList\",\"@id\":\"https:\\\/\\\/www.article-marketing.eu\\\/comunicatistampa\\\/trasformare-lo-spazio-in-pura-tendenza-francesco-pasi-presenta-la-cabina-armadio-ellipse\\\/#breadcrumb\",\"itemListElement\":[{\"@type\":\"ListItem\",\"position\":1,\"name\":\"Home\",\"item\":\"https:\\\/\\\/www.article-marketing.eu\\\/comunicatistampa\\\/\"},{\"@type\":\"ListItem\",\"position\":2,\"name\":\"Trasformare lo spazio in pura tendenza: Francesco Pasi presenta la Cabina Armadio Ellipse\"}]},{\"@type\":\"WebSite\",\"@id\":\"https:\\\/\\\/www.article-marketing.eu\\\/comunicatistampa\\\/#website\",\"url\":\"https:\\\/\\\/www.article-marketing.eu\\\/comunicatistampa\\\/\",\"name\":\"Article Marketing\",\"description\":\"article marketing &amp; press release\",\"potentialAction\":[{\"@type\":\"SearchAction\",\"target\":{\"@type\":\"EntryPoint\",\"urlTemplate\":\"https:\\\/\\\/www.article-marketing.eu\\\/comunicatistampa\\\/?s={search_term_string}\"},\"query-input\":{\"@type\":\"PropertyValueSpecification\",\"valueRequired\":true,\"valueName\":\"search_term_string\"}}],\"inLanguage\":\"it-IT\"},{\"@type\":\"Person\",\"@id\":\"https:\\\/\\\/www.article-marketing.eu\\\/comunicatistampa\\\/#\\\/schema\\\/person\\\/dbe4c5d399df926e2213f28673797307\",\"name\":\"terzomillennium\",\"image\":{\"@type\":\"ImageObject\",\"inLanguage\":\"it-IT\",\"@id\":\"https:\\\/\\\/secure.gravatar.com\\\/avatar\\\/05fbb0856efe8321f9a676f0e98cc114b824c8fb0f82a087cc91ec92770cbec7?s=96&d=mm&r=g\",\"url\":\"https:\\\/\\\/secure.gravatar.com\\\/avatar\\\/05fbb0856efe8321f9a676f0e98cc114b824c8fb0f82a087cc91ec92770cbec7?s=96&d=mm&r=g\",\"contentUrl\":\"https:\\\/\\\/secure.gravatar.com\\\/avatar\\\/05fbb0856efe8321f9a676f0e98cc114b824c8fb0f82a087cc91ec92770cbec7?s=96&d=mm&r=g\",\"caption\":\"terzomillennium\"},\"url\":\"https:\\\/\\\/www.article-marketing.eu\\\/comunicatistampa\\\/author\\\/terzomillennium\\\/\"}]}<\/script>\n<!-- \/ Yoast SEO plugin. -->","yoast_head_json":{"title":"Trasformare lo spazio in pura tendenza: Francesco Pasi presenta la Cabina Armadio Ellipse - Article Marketing","robots":{"index":"index","follow":"follow","max-snippet":"max-snippet:-1","max-image-preview":"max-image-preview:large","max-video-preview":"max-video-preview:-1"},"canonical":"https:\/\/www.article-marketing.eu\/comunicatistampa\/trasformare-lo-spazio-in-pura-tendenza-francesco-pasi-presenta-la-cabina-armadio-ellipse\/","og_locale":"it_IT","og_type":"article","og_title":"Trasformare lo spazio in pura tendenza: Francesco Pasi presenta la Cabina Armadio Ellipse - Article Marketing","og_description":"Verona, Maggio 2018 &#8211; Personale, flessibile, di tendenza. Se c\u2019\u00e8 uno spazio che qualunque amante dello stile desidera nella propria abitazione, \u00e8 la cabina armadio: un ambiente intimo e modulare, in grado di trasformare la praticit\u00e0 in pura emozione. Lo sa bene Francesco Pasi che nella nuovissima Collezione Ellipse, svelata in anteprima al Salone del Mobile 2018, ha presentato una cabina armadio iperaccessoriata e dal design moderno e luminoso. UnaContinue reading...","og_url":"https:\/\/www.article-marketing.eu\/comunicatistampa\/trasformare-lo-spazio-in-pura-tendenza-francesco-pasi-presenta-la-cabina-armadio-ellipse\/","og_site_name":"Article Marketing","article_published_time":"2018-05-09T17:49:46+00:00","author":"terzomillennium","twitter_card":"summary_large_image","twitter_misc":{"Scritto da":"terzomillennium","Tempo di lettura stimato":"2 minuti"},"schema":{"@context":"https:\/\/schema.org","@graph":[{"@type":"Article","@id":"https:\/\/www.article-marketing.eu\/comunicatistampa\/trasformare-lo-spazio-in-pura-tendenza-francesco-pasi-presenta-la-cabina-armadio-ellipse\/#article","isPartOf":{"@id":"https:\/\/www.article-marketing.eu\/comunicatistampa\/trasformare-lo-spazio-in-pura-tendenza-francesco-pasi-presenta-la-cabina-armadio-ellipse\/"},"author":{"name":"terzomillennium","@id":"https:\/\/www.article-marketing.eu\/comunicatistampa\/#\/schema\/person\/dbe4c5d399df926e2213f28673797307"},"headline":"Trasformare lo spazio in pura tendenza: Francesco Pasi presenta la Cabina Armadio Ellipse","datePublished":"2018-05-09T17:49:46+00:00","mainEntityOfPage":{"@id":"https:\/\/www.article-marketing.eu\/comunicatistampa\/trasformare-lo-spazio-in-pura-tendenza-francesco-pasi-presenta-la-cabina-armadio-ellipse\/"},"wordCount":349,"commentCount":0,"keywords":["cabina armadio","Collezione Ellipse","design","Francesco Pasi","luxury"],"articleSection":["Casa","Interni"],"inLanguage":"it-IT","potentialAction":[{"@type":"CommentAction","name":"Comment","target":["https:\/\/www.article-marketing.eu\/comunicatistampa\/trasformare-lo-spazio-in-pura-tendenza-francesco-pasi-presenta-la-cabina-armadio-ellipse\/#respond"]}]},{"@type":"WebPage","@id":"https:\/\/www.article-marketing.eu\/comunicatistampa\/trasformare-lo-spazio-in-pura-tendenza-francesco-pasi-presenta-la-cabina-armadio-ellipse\/","url":"https:\/\/www.article-marketing.eu\/comunicatistampa\/trasformare-lo-spazio-in-pura-tendenza-francesco-pasi-presenta-la-cabina-armadio-ellipse\/","name":"Trasformare lo spazio in pura tendenza: Francesco Pasi presenta la Cabina Armadio Ellipse - Article Marketing","isPartOf":{"@id":"https:\/\/www.article-marketing.eu\/comunicatistampa\/#website"},"datePublished":"2018-05-09T17:49:46+00:00","author":{"@id":"https:\/\/www.article-marketing.eu\/comunicatistampa\/#\/schema\/person\/dbe4c5d399df926e2213f28673797307"},"breadcrumb":{"@id":"https:\/\/www.article-marketing.eu\/comunicatistampa\/trasformare-lo-spazio-in-pura-tendenza-francesco-pasi-presenta-la-cabina-armadio-ellipse\/#breadcrumb"},"inLanguage":"it-IT","potentialAction":[{"@type":"ReadAction","target":["https:\/\/www.article-marketing.eu\/comunicatistampa\/trasformare-lo-spazio-in-pura-tendenza-francesco-pasi-presenta-la-cabina-armadio-ellipse\/"]}]},{"@type":"BreadcrumbList","@id":"https:\/\/www.article-marketing.eu\/comunicatistampa\/trasformare-lo-spazio-in-pura-tendenza-francesco-pasi-presenta-la-cabina-armadio-ellipse\/#breadcrumb","itemListElement":[{"@type":"ListItem","position":1,"name":"Home","item":"https:\/\/www.article-marketing.eu\/comunicatistampa\/"},{"@type":"ListItem","position":2,"name":"Trasformare lo spazio in pura tendenza: Francesco Pasi presenta la Cabina Armadio Ellipse"}]},{"@type":"WebSite","@id":"https:\/\/www.article-marketing.eu\/comunicatistampa\/#website","url":"https:\/\/www.article-marketing.eu\/comunicatistampa\/","name":"Article Marketing","description":"article marketing &amp; press release","potentialAction":[{"@type":"SearchAction","target":{"@type":"EntryPoint","urlTemplate":"https:\/\/www.article-marketing.eu\/comunicatistampa\/?s={search_term_string}"},"query-input":{"@type":"PropertyValueSpecification","valueRequired":true,"valueName":"search_term_string"}}],"inLanguage":"it-IT"},{"@type":"Person","@id":"https:\/\/www.article-marketing.eu\/comunicatistampa\/#\/schema\/person\/dbe4c5d399df926e2213f28673797307","name":"terzomillennium","image":{"@type":"ImageObject","inLanguage":"it-IT","@id":"https:\/\/secure.gravatar.com\/avatar\/05fbb0856efe8321f9a676f0e98cc114b824c8fb0f82a087cc91ec92770cbec7?s=96&d=mm&r=g","url":"https:\/\/secure.gravatar.com\/avatar\/05fbb0856efe8321f9a676f0e98cc114b824c8fb0f82a087cc91ec92770cbec7?s=96&d=mm&r=g","contentUrl":"https:\/\/secure.gravatar.com\/avatar\/05fbb0856efe8321f9a676f0e98cc114b824c8fb0f82a087cc91ec92770cbec7?s=96&d=mm&r=g","caption":"terzomillennium"},"url":"https:\/\/www.article-marketing.eu\/comunicatistampa\/author\/terzomillennium\/"}]}},"_links":{"self":[{"href":"https:\/\/www.article-marketing.eu\/comunicatistampa\/wp-json\/wp\/v2\/posts\/9907","targetHints":{"allow":["GET"]}}],"collection":[{"href":"https:\/\/www.article-marketing.eu\/comunicatistampa\/wp-json\/wp\/v2\/posts"}],"about":[{"href":"https:\/\/www.article-marketing.eu\/comunicatistampa\/wp-json\/wp\/v2\/types\/post"}],"author":[{"embeddable":true,"href":"https:\/\/www.article-marketing.eu\/comunicatistampa\/wp-json\/wp\/v2\/users\/344"}],"replies":[{"embeddable":true,"href":"https:\/\/www.article-marketing.eu\/comunicatistampa\/wp-json\/wp\/v2\/comments?post=9907"}],"version-history":[{"count":2,"href":"https:\/\/www.article-marketing.eu\/comunicatistampa\/wp-json\/wp\/v2\/posts\/9907\/revisions"}],"predecessor-version":[{"id":9912,"href":"https:\/\/www.article-marketing.eu\/comunicatistampa\/wp-json\/wp\/v2\/posts\/9907\/revisions\/9912"}],"wp:attachment":[{"href":"https:\/\/www.article-marketing.eu\/comunicatistampa\/wp-json\/wp\/v2\/media?parent=9907"}],"wp:term":[{"taxonomy":"category","embeddable":true,"href":"https:\/\/www.article-marketing.eu\/comunicatistampa\/wp-json\/wp\/v2\/categories?post=9907"},{"taxonomy":"post_tag","embeddable":true,"href":"https:\/\/www.article-marketing.eu\/comunicatistampa\/wp-json\/wp\/v2\/tags?post=9907"}],"curies":[{"name":"wp","href":"https:\/\/api.w.org\/{rel}","templated":true}]}}