{"id":9931,"date":"2018-05-13T01:31:24","date_gmt":"2018-05-12T23:31:24","guid":{"rendered":"http:\/\/www.article-marketing.eu\/comunicatistampa\/?p=9931"},"modified":"2018-05-13T01:31:24","modified_gmt":"2018-05-12T23:31:24","slug":"global-accessibility-awareness-day-2018-siteimprove-fa-il-punto-sullaccessibilita-dei-siti-aziendali","status":"publish","type":"post","link":"https:\/\/www.article-marketing.eu\/comunicatistampa\/global-accessibility-awareness-day-2018-siteimprove-fa-il-punto-sullaccessibilita-dei-siti-aziendali\/","title":{"rendered":"Global Accessibility Awareness Day 2018: Siteimprove fa il punto sull\u2019accessibilit\u00e0 dei siti aziendali."},"content":{"rendered":"<p>Copenaghen, 11 maggio &#8211; Una persona su cinque in Europa \u00e8 affetta da una disabilit\u00e0 che influenza il modo in cui usa il computer e naviga il web1. Il 17 maggio ricorre la settima edizione del Global Accessibility Awareness Day (GAAD), la giornata internazionale dedicata alla sensibilizzazione sui temi dell\u2019accessibilit\u00e0 e dell\u2019inclusione. In occasione del GAAD 2018, Siteimprove, in collaborazione con il Trade Council della Reale Ambasciata di Danimarca, organizza a Roma il seminario \u201cL&#8217;accessibilit\u00e0 nella trasformazione digitale dei siti aziendali\u201d per discutere degli sviluppi futuri dell&#8217;accessibilit\u00e0 web.<br \/>\nL\u2019evento, rivolto ad aziende e professionisti, sar\u00e0 l\u2019occasione per fare il punto sulle linee guida per l\u2019accessibilit\u00e0, sulla normativa europea e per un confronto sulle strategie pi\u00f9 efficaci per garantire un accesso equo alle tecnologie dell\u2019informazione e della comunicazione. Tra gli interventi in agenda, Roberto Scano, normatore del settore IT vincitore del Premio Fibonacci 2017, illustrer\u00e0 gli obiettivi del programma dell\u2019UE Horizon 2020, mentre la Fondazione ASPHI Onlus, organizzazione che si occupa di informatica e disabilit\u00e0 da oltre trent\u2019anni, presenter\u00e0 le tecnologie digitali per l&#8217;inclusione.<br \/>\nNel corso dell\u2019evento, Siteimprove assegner\u00e0 il Premio per l&#8217;Accessibilit\u00e0 Digitale all\u2019organizzazione che si \u00e8 distinta nella creazione di un sito web accessibile e senza barriere, nel rispetto delle linee guida Web Content Accessibility Guidelines (WCAG) 2.0.<br \/>\nL\u2019evento \u00e8 dedicato ad aziende e professionisti. La partecipazione \u00e8 gratuita, previa iscrizione sul sito entro il 14 maggio 2018.<br \/>\nInformazioni generali sull\u2019evento. \u2022 Titolo: \u201cL&#8217;accessibilit\u00e0 nella trasformazione digitale dei siti aziendali\u201d \u2022 Data e ora: 17 maggio 2018, alle ore 17.30 \u2022 Indirizzo: Residenza dell&#8217;Ambasciatore di Danimarca a Roma, in via Adolfo Cancani n.6. \u2022 Agenda degli interventi e Iscrizione obbligatoria all\u2019indirizzo https:\/\/go.siteimprove.com\/tc-eventregistration-lp<br \/>\nA proposito di Siteimprove. Siteimprove ridefinisce il modo in cui le organizzazioni gestiscono e distribuiscono la propria presenza digitale. Con la Siteimprove Intelligence Platform, le aziende possono ottenere visibilit\u00e0 completa e informazioni dettagliate su ogni aspetto della loro presenza digitale, per permettere ai team di agire con certezza digitale, ogni giorno. Con pi\u00f9 di 6000 clienti in tutto il mondo, Siteimprove serve decine di mercati dai propri uffici ad Amsterdam, Berlino, Copenaghen, Londra, Minneapolis, Oslo, Sydney, Toronto e Vienna. Per maggiori informazioni, \u00e8 possibile visitare il sito siteimprove.com\/it-it<\/p>\n","protected":false},"excerpt":{"rendered":"<p>Copenaghen, 11 maggio &#8211; Una persona su cinque in Europa \u00e8 affetta da una disabilit\u00e0 che influenza il modo in cui usa il computer e naviga il web1. Il 17 maggio ricorre la settima edizione del Global Accessibility Awareness Day (GAAD), la giornata internazionale dedicata alla sensibilizzazione sui temi dell\u2019accessibilit\u00e0 e dell\u2019inclusione. In occasione del GAAD 2018, Siteimprove, in collaborazione con il Trade Council della Reale Ambasciata di Danimarca, organizza<\/p>\n<p><a class=\"continue-reading\" href=\"https:\/\/www.article-marketing.eu\/comunicatistampa\/global-accessibility-awareness-day-2018-siteimprove-fa-il-punto-sullaccessibilita-dei-siti-aziendali\/\">Continue reading&#8230;<\/a><\/p>\n","protected":false},"author":1563,"featured_media":0,"comment_status":"open","ping_status":"open","sticky":false,"template":"","format":"standard","meta":{"_monsterinsights_skip_tracking":false,"_monsterinsights_sitenote_active":false,"_monsterinsights_sitenote_note":"","_monsterinsights_sitenote_category":0,"footnotes":""},"categories":[78],"tags":[],"class_list":["post-9931","post","type-post","status-publish","format-standard","hentry","category-comunicati-stampa"],"yoast_head":"<!-- This site is optimized with the Yoast SEO plugin v27.3 - https:\/\/yoast.com\/product\/yoast-seo-wordpress\/ -->\n<title>Global Accessibility Awareness Day 2018: Siteimprove fa il punto sull\u2019accessibilit\u00e0 dei siti aziendali. - Article Marketing<\/title>\n<meta name=\"robots\" content=\"index, follow, max-snippet:-1, max-image-preview:large, max-video-preview:-1\" \/>\n<link rel=\"canonical\" href=\"https:\/\/www.article-marketing.eu\/comunicatistampa\/global-accessibility-awareness-day-2018-siteimprove-fa-il-punto-sullaccessibilita-dei-siti-aziendali\/\" \/>\n<meta property=\"og:locale\" content=\"it_IT\" \/>\n<meta property=\"og:type\" content=\"article\" \/>\n<meta property=\"og:title\" content=\"Global Accessibility Awareness Day 2018: Siteimprove fa il punto sull\u2019accessibilit\u00e0 dei siti aziendali. - Article Marketing\" \/>\n<meta property=\"og:description\" content=\"Copenaghen, 11 maggio &#8211; Una persona su cinque in Europa \u00e8 affetta da una disabilit\u00e0 che influenza il modo in cui usa il computer e naviga il web1. Il 17 maggio ricorre la settima edizione del Global Accessibility Awareness Day (GAAD), la giornata internazionale dedicata alla sensibilizzazione sui temi dell\u2019accessibilit\u00e0 e dell\u2019inclusione. In occasione del GAAD 2018, Siteimprove, in collaborazione con il Trade Council della Reale Ambasciata di Danimarca, organizzaContinue reading...\" \/>\n<meta property=\"og:url\" content=\"https:\/\/www.article-marketing.eu\/comunicatistampa\/global-accessibility-awareness-day-2018-siteimprove-fa-il-punto-sullaccessibilita-dei-siti-aziendali\/\" \/>\n<meta property=\"og:site_name\" content=\"Article Marketing\" \/>\n<meta property=\"article:published_time\" content=\"2018-05-12T23:31:24+00:00\" \/>\n<meta name=\"author\" content=\"Beatrice Caprini\" \/>\n<meta name=\"twitter:card\" content=\"summary_large_image\" \/>\n<meta name=\"twitter:label1\" content=\"Scritto da\" \/>\n\t<meta name=\"twitter:data1\" content=\"Beatrice Caprini\" \/>\n\t<meta name=\"twitter:label2\" content=\"Tempo di lettura stimato\" \/>\n\t<meta name=\"twitter:data2\" content=\"2 minuti\" \/>\n<script type=\"application\/ld+json\" class=\"yoast-schema-graph\">{\"@context\":\"https:\\\/\\\/schema.org\",\"@graph\":[{\"@type\":\"Article\",\"@id\":\"https:\\\/\\\/www.article-marketing.eu\\\/comunicatistampa\\\/global-accessibility-awareness-day-2018-siteimprove-fa-il-punto-sullaccessibilita-dei-siti-aziendali\\\/#article\",\"isPartOf\":{\"@id\":\"https:\\\/\\\/www.article-marketing.eu\\\/comunicatistampa\\\/global-accessibility-awareness-day-2018-siteimprove-fa-il-punto-sullaccessibilita-dei-siti-aziendali\\\/\"},\"author\":{\"name\":\"Beatrice Caprini\",\"@id\":\"https:\\\/\\\/www.article-marketing.eu\\\/comunicatistampa\\\/#\\\/schema\\\/person\\\/f85d96bf5b62b7d9273b82b214374f55\"},\"headline\":\"Global Accessibility Awareness Day 2018: Siteimprove fa il punto sull\u2019accessibilit\u00e0 dei siti aziendali.\",\"datePublished\":\"2018-05-12T23:31:24+00:00\",\"mainEntityOfPage\":{\"@id\":\"https:\\\/\\\/www.article-marketing.eu\\\/comunicatistampa\\\/global-accessibility-awareness-day-2018-siteimprove-fa-il-punto-sullaccessibilita-dei-siti-aziendali\\\/\"},\"wordCount\":372,\"commentCount\":0,\"articleSection\":[\"Comunicati stampa\"],\"inLanguage\":\"it-IT\",\"potentialAction\":[{\"@type\":\"CommentAction\",\"name\":\"Comment\",\"target\":[\"https:\\\/\\\/www.article-marketing.eu\\\/comunicatistampa\\\/global-accessibility-awareness-day-2018-siteimprove-fa-il-punto-sullaccessibilita-dei-siti-aziendali\\\/#respond\"]}]},{\"@type\":\"WebPage\",\"@id\":\"https:\\\/\\\/www.article-marketing.eu\\\/comunicatistampa\\\/global-accessibility-awareness-day-2018-siteimprove-fa-il-punto-sullaccessibilita-dei-siti-aziendali\\\/\",\"url\":\"https:\\\/\\\/www.article-marketing.eu\\\/comunicatistampa\\\/global-accessibility-awareness-day-2018-siteimprove-fa-il-punto-sullaccessibilita-dei-siti-aziendali\\\/\",\"name\":\"Global Accessibility Awareness Day 2018: Siteimprove fa il punto sull\u2019accessibilit\u00e0 dei siti aziendali. - Article Marketing\",\"isPartOf\":{\"@id\":\"https:\\\/\\\/www.article-marketing.eu\\\/comunicatistampa\\\/#website\"},\"datePublished\":\"2018-05-12T23:31:24+00:00\",\"author\":{\"@id\":\"https:\\\/\\\/www.article-marketing.eu\\\/comunicatistampa\\\/#\\\/schema\\\/person\\\/f85d96bf5b62b7d9273b82b214374f55\"},\"breadcrumb\":{\"@id\":\"https:\\\/\\\/www.article-marketing.eu\\\/comunicatistampa\\\/global-accessibility-awareness-day-2018-siteimprove-fa-il-punto-sullaccessibilita-dei-siti-aziendali\\\/#breadcrumb\"},\"inLanguage\":\"it-IT\",\"potentialAction\":[{\"@type\":\"ReadAction\",\"target\":[\"https:\\\/\\\/www.article-marketing.eu\\\/comunicatistampa\\\/global-accessibility-awareness-day-2018-siteimprove-fa-il-punto-sullaccessibilita-dei-siti-aziendali\\\/\"]}]},{\"@type\":\"BreadcrumbList\",\"@id\":\"https:\\\/\\\/www.article-marketing.eu\\\/comunicatistampa\\\/global-accessibility-awareness-day-2018-siteimprove-fa-il-punto-sullaccessibilita-dei-siti-aziendali\\\/#breadcrumb\",\"itemListElement\":[{\"@type\":\"ListItem\",\"position\":1,\"name\":\"Home\",\"item\":\"https:\\\/\\\/www.article-marketing.eu\\\/comunicatistampa\\\/\"},{\"@type\":\"ListItem\",\"position\":2,\"name\":\"Global Accessibility Awareness Day 2018: Siteimprove fa il punto sull\u2019accessibilit\u00e0 dei siti aziendali.\"}]},{\"@type\":\"WebSite\",\"@id\":\"https:\\\/\\\/www.article-marketing.eu\\\/comunicatistampa\\\/#website\",\"url\":\"https:\\\/\\\/www.article-marketing.eu\\\/comunicatistampa\\\/\",\"name\":\"Article Marketing\",\"description\":\"article marketing &amp; press release\",\"potentialAction\":[{\"@type\":\"SearchAction\",\"target\":{\"@type\":\"EntryPoint\",\"urlTemplate\":\"https:\\\/\\\/www.article-marketing.eu\\\/comunicatistampa\\\/?s={search_term_string}\"},\"query-input\":{\"@type\":\"PropertyValueSpecification\",\"valueRequired\":true,\"valueName\":\"search_term_string\"}}],\"inLanguage\":\"it-IT\"},{\"@type\":\"Person\",\"@id\":\"https:\\\/\\\/www.article-marketing.eu\\\/comunicatistampa\\\/#\\\/schema\\\/person\\\/f85d96bf5b62b7d9273b82b214374f55\",\"name\":\"Beatrice Caprini\",\"image\":{\"@type\":\"ImageObject\",\"inLanguage\":\"it-IT\",\"@id\":\"https:\\\/\\\/secure.gravatar.com\\\/avatar\\\/18a3fbfa2b049562b97ac7eeb115b4bad285f91e742ba38462a6ef34aabfe3d0?s=96&d=mm&r=g\",\"url\":\"https:\\\/\\\/secure.gravatar.com\\\/avatar\\\/18a3fbfa2b049562b97ac7eeb115b4bad285f91e742ba38462a6ef34aabfe3d0?s=96&d=mm&r=g\",\"contentUrl\":\"https:\\\/\\\/secure.gravatar.com\\\/avatar\\\/18a3fbfa2b049562b97ac7eeb115b4bad285f91e742ba38462a6ef34aabfe3d0?s=96&d=mm&r=g\",\"caption\":\"Beatrice Caprini\"},\"url\":\"https:\\\/\\\/www.article-marketing.eu\\\/comunicatistampa\\\/author\\\/beatrice-caprini\\\/\"}]}<\/script>\n<!-- \/ Yoast SEO plugin. -->","yoast_head_json":{"title":"Global Accessibility Awareness Day 2018: Siteimprove fa il punto sull\u2019accessibilit\u00e0 dei siti aziendali. - Article Marketing","robots":{"index":"index","follow":"follow","max-snippet":"max-snippet:-1","max-image-preview":"max-image-preview:large","max-video-preview":"max-video-preview:-1"},"canonical":"https:\/\/www.article-marketing.eu\/comunicatistampa\/global-accessibility-awareness-day-2018-siteimprove-fa-il-punto-sullaccessibilita-dei-siti-aziendali\/","og_locale":"it_IT","og_type":"article","og_title":"Global Accessibility Awareness Day 2018: Siteimprove fa il punto sull\u2019accessibilit\u00e0 dei siti aziendali. - Article Marketing","og_description":"Copenaghen, 11 maggio &#8211; Una persona su cinque in Europa \u00e8 affetta da una disabilit\u00e0 che influenza il modo in cui usa il computer e naviga il web1. Il 17 maggio ricorre la settima edizione del Global Accessibility Awareness Day (GAAD), la giornata internazionale dedicata alla sensibilizzazione sui temi dell\u2019accessibilit\u00e0 e dell\u2019inclusione. In occasione del GAAD 2018, Siteimprove, in collaborazione con il Trade Council della Reale Ambasciata di Danimarca, organizzaContinue reading...","og_url":"https:\/\/www.article-marketing.eu\/comunicatistampa\/global-accessibility-awareness-day-2018-siteimprove-fa-il-punto-sullaccessibilita-dei-siti-aziendali\/","og_site_name":"Article Marketing","article_published_time":"2018-05-12T23:31:24+00:00","author":"Beatrice Caprini","twitter_card":"summary_large_image","twitter_misc":{"Scritto da":"Beatrice Caprini","Tempo di lettura stimato":"2 minuti"},"schema":{"@context":"https:\/\/schema.org","@graph":[{"@type":"Article","@id":"https:\/\/www.article-marketing.eu\/comunicatistampa\/global-accessibility-awareness-day-2018-siteimprove-fa-il-punto-sullaccessibilita-dei-siti-aziendali\/#article","isPartOf":{"@id":"https:\/\/www.article-marketing.eu\/comunicatistampa\/global-accessibility-awareness-day-2018-siteimprove-fa-il-punto-sullaccessibilita-dei-siti-aziendali\/"},"author":{"name":"Beatrice Caprini","@id":"https:\/\/www.article-marketing.eu\/comunicatistampa\/#\/schema\/person\/f85d96bf5b62b7d9273b82b214374f55"},"headline":"Global Accessibility Awareness Day 2018: Siteimprove fa il punto sull\u2019accessibilit\u00e0 dei siti aziendali.","datePublished":"2018-05-12T23:31:24+00:00","mainEntityOfPage":{"@id":"https:\/\/www.article-marketing.eu\/comunicatistampa\/global-accessibility-awareness-day-2018-siteimprove-fa-il-punto-sullaccessibilita-dei-siti-aziendali\/"},"wordCount":372,"commentCount":0,"articleSection":["Comunicati stampa"],"inLanguage":"it-IT","potentialAction":[{"@type":"CommentAction","name":"Comment","target":["https:\/\/www.article-marketing.eu\/comunicatistampa\/global-accessibility-awareness-day-2018-siteimprove-fa-il-punto-sullaccessibilita-dei-siti-aziendali\/#respond"]}]},{"@type":"WebPage","@id":"https:\/\/www.article-marketing.eu\/comunicatistampa\/global-accessibility-awareness-day-2018-siteimprove-fa-il-punto-sullaccessibilita-dei-siti-aziendali\/","url":"https:\/\/www.article-marketing.eu\/comunicatistampa\/global-accessibility-awareness-day-2018-siteimprove-fa-il-punto-sullaccessibilita-dei-siti-aziendali\/","name":"Global Accessibility Awareness Day 2018: Siteimprove fa il punto sull\u2019accessibilit\u00e0 dei siti aziendali. - Article Marketing","isPartOf":{"@id":"https:\/\/www.article-marketing.eu\/comunicatistampa\/#website"},"datePublished":"2018-05-12T23:31:24+00:00","author":{"@id":"https:\/\/www.article-marketing.eu\/comunicatistampa\/#\/schema\/person\/f85d96bf5b62b7d9273b82b214374f55"},"breadcrumb":{"@id":"https:\/\/www.article-marketing.eu\/comunicatistampa\/global-accessibility-awareness-day-2018-siteimprove-fa-il-punto-sullaccessibilita-dei-siti-aziendali\/#breadcrumb"},"inLanguage":"it-IT","potentialAction":[{"@type":"ReadAction","target":["https:\/\/www.article-marketing.eu\/comunicatistampa\/global-accessibility-awareness-day-2018-siteimprove-fa-il-punto-sullaccessibilita-dei-siti-aziendali\/"]}]},{"@type":"BreadcrumbList","@id":"https:\/\/www.article-marketing.eu\/comunicatistampa\/global-accessibility-awareness-day-2018-siteimprove-fa-il-punto-sullaccessibilita-dei-siti-aziendali\/#breadcrumb","itemListElement":[{"@type":"ListItem","position":1,"name":"Home","item":"https:\/\/www.article-marketing.eu\/comunicatistampa\/"},{"@type":"ListItem","position":2,"name":"Global Accessibility Awareness Day 2018: Siteimprove fa il punto sull\u2019accessibilit\u00e0 dei siti aziendali."}]},{"@type":"WebSite","@id":"https:\/\/www.article-marketing.eu\/comunicatistampa\/#website","url":"https:\/\/www.article-marketing.eu\/comunicatistampa\/","name":"Article Marketing","description":"article marketing &amp; press release","potentialAction":[{"@type":"SearchAction","target":{"@type":"EntryPoint","urlTemplate":"https:\/\/www.article-marketing.eu\/comunicatistampa\/?s={search_term_string}"},"query-input":{"@type":"PropertyValueSpecification","valueRequired":true,"valueName":"search_term_string"}}],"inLanguage":"it-IT"},{"@type":"Person","@id":"https:\/\/www.article-marketing.eu\/comunicatistampa\/#\/schema\/person\/f85d96bf5b62b7d9273b82b214374f55","name":"Beatrice Caprini","image":{"@type":"ImageObject","inLanguage":"it-IT","@id":"https:\/\/secure.gravatar.com\/avatar\/18a3fbfa2b049562b97ac7eeb115b4bad285f91e742ba38462a6ef34aabfe3d0?s=96&d=mm&r=g","url":"https:\/\/secure.gravatar.com\/avatar\/18a3fbfa2b049562b97ac7eeb115b4bad285f91e742ba38462a6ef34aabfe3d0?s=96&d=mm&r=g","contentUrl":"https:\/\/secure.gravatar.com\/avatar\/18a3fbfa2b049562b97ac7eeb115b4bad285f91e742ba38462a6ef34aabfe3d0?s=96&d=mm&r=g","caption":"Beatrice Caprini"},"url":"https:\/\/www.article-marketing.eu\/comunicatistampa\/author\/beatrice-caprini\/"}]}},"_links":{"self":[{"href":"https:\/\/www.article-marketing.eu\/comunicatistampa\/wp-json\/wp\/v2\/posts\/9931","targetHints":{"allow":["GET"]}}],"collection":[{"href":"https:\/\/www.article-marketing.eu\/comunicatistampa\/wp-json\/wp\/v2\/posts"}],"about":[{"href":"https:\/\/www.article-marketing.eu\/comunicatistampa\/wp-json\/wp\/v2\/types\/post"}],"author":[{"embeddable":true,"href":"https:\/\/www.article-marketing.eu\/comunicatistampa\/wp-json\/wp\/v2\/users\/1563"}],"replies":[{"embeddable":true,"href":"https:\/\/www.article-marketing.eu\/comunicatistampa\/wp-json\/wp\/v2\/comments?post=9931"}],"version-history":[{"count":2,"href":"https:\/\/www.article-marketing.eu\/comunicatistampa\/wp-json\/wp\/v2\/posts\/9931\/revisions"}],"predecessor-version":[{"id":9949,"href":"https:\/\/www.article-marketing.eu\/comunicatistampa\/wp-json\/wp\/v2\/posts\/9931\/revisions\/9949"}],"wp:attachment":[{"href":"https:\/\/www.article-marketing.eu\/comunicatistampa\/wp-json\/wp\/v2\/media?parent=9931"}],"wp:term":[{"taxonomy":"category","embeddable":true,"href":"https:\/\/www.article-marketing.eu\/comunicatistampa\/wp-json\/wp\/v2\/categories?post=9931"},{"taxonomy":"post_tag","embeddable":true,"href":"https:\/\/www.article-marketing.eu\/comunicatistampa\/wp-json\/wp\/v2\/tags?post=9931"}],"curies":[{"name":"wp","href":"https:\/\/api.w.org\/{rel}","templated":true}]}}