{"id":9937,"date":"2018-05-13T01:32:48","date_gmt":"2018-05-12T23:32:48","guid":{"rendered":"http:\/\/www.article-marketing.eu\/comunicatistampa\/?p=9937"},"modified":"2018-05-13T01:32:48","modified_gmt":"2018-05-12T23:32:48","slug":"fashion-goes-digital-levento-dedicato-alle-tecnologie-del-fashion","status":"publish","type":"post","link":"https:\/\/www.article-marketing.eu\/comunicatistampa\/fashion-goes-digital-levento-dedicato-alle-tecnologie-del-fashion\/","title":{"rendered":"\u201cFashion Goes Digital\u201d, l\u2019evento dedicato alle tecnologie del fashion"},"content":{"rendered":"<p><strong><em>I clienti in processo di conversione all\u2019Industria 4.0 hanno scoperto gli ultimi prodotti Lectra e le novit\u00e0 del settore in un esclusivo evento annuale consacrato al fashion<\/em><\/strong><\/p>\n<p><strong>Parigi, 10 maggio 2018 <\/strong>\u2013 Lectra, partner tecnologico delle aziende che utilizzano pelli e tessuti, ha svelato a oltre 100 fortunati professionisti accorsi al suo recente evento la nuova sala taglio 4.0, esempio pratico per eccellenza di tecnologia applicata al fashion. In occasione del \u201cFashion Goes Digital\u201d, operatori ed esperti del settore di 20 paesi si sono dati appuntamento all\u2019International Advanced Technology Center (IATC) di<br \/>\nBordeaux-Cestas, in Francia, per studiare gli effetti pratici della digitalizzazione nel fashion.<\/p>\n<p>Quest\u2019ultima si \u00e8 contesa il ruolo di protagonista con un altro grande leitmotiv dell\u2019evento. Si \u00e8 infatti molto discusso di come, per rispondere efficacemente alle esigenze in evoluzione dei clienti pi\u00f9 esperti nel digitale, le aziende del fashion debbano necessariamente avvalersi delle tecnologie e dei servizi dell\u2019Industria 4.0. Tra i relatori Nick Chiarelli, client partner presso Foresight Factory, che ha passato in rassegna le nuove opportunit\u00e0 commerciali per il settore fashion. Nora K\u00fchner, fondatrice di Nora K\u00fchner Fashion Design Consulting, ha invece delineato il futuro dello sviluppo prodotto nell\u2019era digitale. Fabrizio Fantini, fondatore di Evo Pricing, ha mostrato ai presenti il potenziale contributo del machine learning per le aziende del fashion, in particolare nel prevedere le richieste dei clienti ed evitare gli sprechi. <em>\u201cGuardando alle sfide e ai trend futuri nel settore fashion e lusso, vediamo gi\u00e0 una tendenza a basare l\u2019intero processo produttivo sull\u2019analisi dei dati\u201d<\/em>, osserva Stephen Taylor, direttore di Kurt Salmon.<\/p>\n<p>Dal canto loro, Waruna Tennakoon, General Manager of Group Cutting presso Brandix, e Ajith Perera, direttore dello stabilimento di Mathliya presso MAS Kreeda, hanno tenuto a raccontare la propria esperienza come clienti Lectra. Entrambe le aziende basate in Sri Lanka si sono affermate come principali esportatrici di abbigliamento del Paese, Brandix nel settore della biancheria intima e dell\u2019activewear, e MAS Kreeda in quello dello sportswear. \u201c<em>Con la rivoluzione digitale, le richieste manifestate dai clienti sono diventate pi\u00f9 specifiche e determineranno una rivoluzione della produzione di massa, con ordinativi pi\u00f9 ridotti ma pi\u00f9 frequenti. Di conseguenza i modelli di produzione del futuro dovranno diventare pi\u00f9 agili<\/em>\u201d, spiega Ajith Perera. E continua: \u201c<em>Noto con piacere che Lectra sta gi\u00e0 guidando questo cambiamento, offrendoci la tecnologia necessaria per rispondere alle attese del mercato.<\/em>\u201d<\/p>\n<p>\u201cFashion Goes Digital\u201d ha offerto la cornice ideale per illustrare le implicazioni concrete della digitalizzazione. Gli ospiti hanno potuto scoprire in anteprima la nuova soluzione interamente automatizzata per sala taglio dedicata al settore fashion e abbigliamento. La sala taglio 4.0 Lectra \u00e8 frutto dell\u2019impegno dell\u2019azienda nel dotare i clienti delle migliori soluzioni, affinch\u00e9 possano prosperare nell\u2019era digitale. Questa innovativa tecnologia sfrutta i principi dell\u2019Industria 4.0 per offrire pi\u00f9 agilit\u00e0, capacit\u00e0 di produzione, redditivit\u00e0 e soprattutto scalabilit\u00e0, per far fronte efficacemente agli ordinativi di piccole quantit\u00e0 e ai brevi tempi di consegna.<\/p>\n<p>Treize Roches Couture, casa produttrice francese di moda femminile di fascia alta, \u00e8 stata una delle prime aziende ad adottare la nuova soluzione. Il CEO della societ\u00e0, Jean-Yves Collet, si dice convinto che la tecnologia Lectra aiuter\u00e0 Treize Roches ad accelerare il processo di produzione artigianale e a mettere in commercio i prodotti in tempi pi\u00f9 brevi. \u201c<em>Quando abbiamo valutato la possibilit\u00e0 di un progetto di produzione su ordinazione, ne abbiamo immediatamente colto i vantaggi, sia in termini di qualit\u00e0 che di produttivit\u00e0.<\/em> <em>Le soluzioni Industry 4.0 non sono ancora all\u2019ordine del giorno nel settore dell\u2019abbigliamento. \u00c8 la ragione che ci ha spinti a sviluppare una sala taglio Industry 4.0, che ci permetter\u00e0 di automatizzare quanto pi\u00f9 possibile le fasi preparatorie, migliorando qualit\u00e0 e produttivit\u00e0, e accorciando i tempi di formazione.\u201d<\/em><\/p>\n<p>\u201c<em>I due grandi principi che guidano la nostra strategia, come rivelato un anno fa, sono l\u2019Industria 4.0 e la digitalizzazione. L\u2019obiettivo di questo evento era mostrare fino a che punto l\u2019Industria 4.0 \u00e8 presente nella nostra quotidianit\u00e0 e quanto ci sforziamo di sfruttarne tutte le possibilit\u00e0 a vantaggio dei nostri clienti. Il futuro del settore fashion non \u00e8 pi\u00f9 un lontano miraggio: \u00e8 qui tra noi, nelle vesti della nostra nuova sala taglio 4.0<\/em>\u201d, conclude C\u00e9line Choussy Bedouet, Chief Marketing and Communications Officer, Lectra.<\/p>\n<p><strong>\u00a0<\/strong><\/p>\n<p><strong>Informazioni su Lectra<\/strong><\/p>\n<p>Per le aziende che danno vita ai nostri divani, automobili, vestiti e altro ancora, Lectra realizza su misura le tecnologie premium che facilitano la trasformazione digitale del settore. Lectra supporta brand e produttori dal design alla produzione, assicurando loro la fiducia del mercato e il riconoscimento che meritano. Fondata nel 1973, Lectra conta oggi 32 filiali in tutto il mondo e serve clienti in oltre 100 paesi. Con circa 1.700 dipendenti, nel 2017 Lectra ha registrato 277 milioni di euro di fatturato ed \u00e8 quotata alla borsa valori Euronext.<\/p>\n<p>Per ulteriori informazioni, visitare il sito <a href=\"http:\/\/www.lectra.com\/\">www.lectra.com<\/a><\/p>\n","protected":false},"excerpt":{"rendered":"<p>I clienti in processo di conversione all\u2019Industria 4.0 hanno scoperto gli ultimi prodotti Lectra e le novit\u00e0 del settore in un esclusivo evento annuale consacrato al fashion Parigi, 10 maggio 2018 \u2013 Lectra, partner tecnologico delle aziende che utilizzano pelli e tessuti, ha svelato a oltre 100 fortunati professionisti accorsi al suo recente evento la nuova sala taglio 4.0, esempio pratico per eccellenza di tecnologia applicata al fashion. In occasione<\/p>\n<p><a class=\"continue-reading\" href=\"https:\/\/www.article-marketing.eu\/comunicatistampa\/fashion-goes-digital-levento-dedicato-alle-tecnologie-del-fashion\/\">Continue reading&#8230;<\/a><\/p>\n","protected":false},"author":1143,"featured_media":0,"comment_status":"open","ping_status":"open","sticky":false,"template":"","format":"standard","meta":{"_monsterinsights_skip_tracking":false,"_monsterinsights_sitenote_active":false,"_monsterinsights_sitenote_note":"","_monsterinsights_sitenote_category":0,"footnotes":""},"categories":[363,392],"tags":[],"class_list":["post-9937","post","type-post","status-publish","format-standard","hentry","category-abbigliamento-e-accessori","category-eventi"],"yoast_head":"<!-- This site is optimized with the Yoast SEO plugin v27.3 - https:\/\/yoast.com\/product\/yoast-seo-wordpress\/ -->\n<title>\u201cFashion Goes Digital\u201d, l\u2019evento dedicato alle tecnologie del fashion - Article Marketing<\/title>\n<meta name=\"robots\" content=\"index, follow, max-snippet:-1, max-image-preview:large, max-video-preview:-1\" \/>\n<link rel=\"canonical\" href=\"https:\/\/www.article-marketing.eu\/comunicatistampa\/fashion-goes-digital-levento-dedicato-alle-tecnologie-del-fashion\/\" \/>\n<meta property=\"og:locale\" content=\"it_IT\" \/>\n<meta property=\"og:type\" content=\"article\" \/>\n<meta property=\"og:title\" content=\"\u201cFashion Goes Digital\u201d, l\u2019evento dedicato alle tecnologie del fashion - Article Marketing\" \/>\n<meta property=\"og:description\" content=\"I clienti in processo di conversione all\u2019Industria 4.0 hanno scoperto gli ultimi prodotti Lectra e le novit\u00e0 del settore in un esclusivo evento annuale consacrato al fashion Parigi, 10 maggio 2018 \u2013 Lectra, partner tecnologico delle aziende che utilizzano pelli e tessuti, ha svelato a oltre 100 fortunati professionisti accorsi al suo recente evento la nuova sala taglio 4.0, esempio pratico per eccellenza di tecnologia applicata al fashion. In occasioneContinue reading...\" \/>\n<meta property=\"og:url\" content=\"https:\/\/www.article-marketing.eu\/comunicatistampa\/fashion-goes-digital-levento-dedicato-alle-tecnologie-del-fashion\/\" \/>\n<meta property=\"og:site_name\" content=\"Article Marketing\" \/>\n<meta property=\"article:published_time\" content=\"2018-05-12T23:32:48+00:00\" \/>\n<meta name=\"author\" content=\"Lectra Italia\" \/>\n<meta name=\"twitter:card\" content=\"summary_large_image\" \/>\n<meta name=\"twitter:label1\" content=\"Scritto da\" \/>\n\t<meta name=\"twitter:data1\" content=\"Lectra Italia\" \/>\n\t<meta name=\"twitter:label2\" content=\"Tempo di lettura stimato\" \/>\n\t<meta name=\"twitter:data2\" content=\"4 minuti\" \/>\n<script type=\"application\/ld+json\" class=\"yoast-schema-graph\">{\"@context\":\"https:\\\/\\\/schema.org\",\"@graph\":[{\"@type\":\"Article\",\"@id\":\"https:\\\/\\\/www.article-marketing.eu\\\/comunicatistampa\\\/fashion-goes-digital-levento-dedicato-alle-tecnologie-del-fashion\\\/#article\",\"isPartOf\":{\"@id\":\"https:\\\/\\\/www.article-marketing.eu\\\/comunicatistampa\\\/fashion-goes-digital-levento-dedicato-alle-tecnologie-del-fashion\\\/\"},\"author\":{\"name\":\"Lectra Italia\",\"@id\":\"https:\\\/\\\/www.article-marketing.eu\\\/comunicatistampa\\\/#\\\/schema\\\/person\\\/ce8171a490152d5fad25e7e0bca4cd25\"},\"headline\":\"\u201cFashion Goes Digital\u201d, l\u2019evento dedicato alle tecnologie del fashion\",\"datePublished\":\"2018-05-12T23:32:48+00:00\",\"mainEntityOfPage\":{\"@id\":\"https:\\\/\\\/www.article-marketing.eu\\\/comunicatistampa\\\/fashion-goes-digital-levento-dedicato-alle-tecnologie-del-fashion\\\/\"},\"wordCount\":796,\"commentCount\":0,\"articleSection\":[\"Abbigliamento e accessori\",\"Eventi\"],\"inLanguage\":\"it-IT\",\"potentialAction\":[{\"@type\":\"CommentAction\",\"name\":\"Comment\",\"target\":[\"https:\\\/\\\/www.article-marketing.eu\\\/comunicatistampa\\\/fashion-goes-digital-levento-dedicato-alle-tecnologie-del-fashion\\\/#respond\"]}]},{\"@type\":\"WebPage\",\"@id\":\"https:\\\/\\\/www.article-marketing.eu\\\/comunicatistampa\\\/fashion-goes-digital-levento-dedicato-alle-tecnologie-del-fashion\\\/\",\"url\":\"https:\\\/\\\/www.article-marketing.eu\\\/comunicatistampa\\\/fashion-goes-digital-levento-dedicato-alle-tecnologie-del-fashion\\\/\",\"name\":\"\u201cFashion Goes Digital\u201d, l\u2019evento dedicato alle tecnologie del fashion - Article Marketing\",\"isPartOf\":{\"@id\":\"https:\\\/\\\/www.article-marketing.eu\\\/comunicatistampa\\\/#website\"},\"datePublished\":\"2018-05-12T23:32:48+00:00\",\"author\":{\"@id\":\"https:\\\/\\\/www.article-marketing.eu\\\/comunicatistampa\\\/#\\\/schema\\\/person\\\/ce8171a490152d5fad25e7e0bca4cd25\"},\"breadcrumb\":{\"@id\":\"https:\\\/\\\/www.article-marketing.eu\\\/comunicatistampa\\\/fashion-goes-digital-levento-dedicato-alle-tecnologie-del-fashion\\\/#breadcrumb\"},\"inLanguage\":\"it-IT\",\"potentialAction\":[{\"@type\":\"ReadAction\",\"target\":[\"https:\\\/\\\/www.article-marketing.eu\\\/comunicatistampa\\\/fashion-goes-digital-levento-dedicato-alle-tecnologie-del-fashion\\\/\"]}]},{\"@type\":\"BreadcrumbList\",\"@id\":\"https:\\\/\\\/www.article-marketing.eu\\\/comunicatistampa\\\/fashion-goes-digital-levento-dedicato-alle-tecnologie-del-fashion\\\/#breadcrumb\",\"itemListElement\":[{\"@type\":\"ListItem\",\"position\":1,\"name\":\"Home\",\"item\":\"https:\\\/\\\/www.article-marketing.eu\\\/comunicatistampa\\\/\"},{\"@type\":\"ListItem\",\"position\":2,\"name\":\"\u201cFashion Goes Digital\u201d, l\u2019evento dedicato alle tecnologie del fashion\"}]},{\"@type\":\"WebSite\",\"@id\":\"https:\\\/\\\/www.article-marketing.eu\\\/comunicatistampa\\\/#website\",\"url\":\"https:\\\/\\\/www.article-marketing.eu\\\/comunicatistampa\\\/\",\"name\":\"Article Marketing\",\"description\":\"article marketing &amp; press release\",\"potentialAction\":[{\"@type\":\"SearchAction\",\"target\":{\"@type\":\"EntryPoint\",\"urlTemplate\":\"https:\\\/\\\/www.article-marketing.eu\\\/comunicatistampa\\\/?s={search_term_string}\"},\"query-input\":{\"@type\":\"PropertyValueSpecification\",\"valueRequired\":true,\"valueName\":\"search_term_string\"}}],\"inLanguage\":\"it-IT\"},{\"@type\":\"Person\",\"@id\":\"https:\\\/\\\/www.article-marketing.eu\\\/comunicatistampa\\\/#\\\/schema\\\/person\\\/ce8171a490152d5fad25e7e0bca4cd25\",\"name\":\"Lectra Italia\",\"image\":{\"@type\":\"ImageObject\",\"inLanguage\":\"it-IT\",\"@id\":\"https:\\\/\\\/secure.gravatar.com\\\/avatar\\\/6512a2a5bae645374aa1675bef506001ee9d4aae5c1b49d42b93900c89ae3b22?s=96&d=mm&r=g\",\"url\":\"https:\\\/\\\/secure.gravatar.com\\\/avatar\\\/6512a2a5bae645374aa1675bef506001ee9d4aae5c1b49d42b93900c89ae3b22?s=96&d=mm&r=g\",\"contentUrl\":\"https:\\\/\\\/secure.gravatar.com\\\/avatar\\\/6512a2a5bae645374aa1675bef506001ee9d4aae5c1b49d42b93900c89ae3b22?s=96&d=mm&r=g\",\"caption\":\"Lectra Italia\"},\"url\":\"https:\\\/\\\/www.article-marketing.eu\\\/comunicatistampa\\\/author\\\/lectra-italia\\\/\"}]}<\/script>\n<!-- \/ Yoast SEO plugin. -->","yoast_head_json":{"title":"\u201cFashion Goes Digital\u201d, l\u2019evento dedicato alle tecnologie del fashion - Article Marketing","robots":{"index":"index","follow":"follow","max-snippet":"max-snippet:-1","max-image-preview":"max-image-preview:large","max-video-preview":"max-video-preview:-1"},"canonical":"https:\/\/www.article-marketing.eu\/comunicatistampa\/fashion-goes-digital-levento-dedicato-alle-tecnologie-del-fashion\/","og_locale":"it_IT","og_type":"article","og_title":"\u201cFashion Goes Digital\u201d, l\u2019evento dedicato alle tecnologie del fashion - Article Marketing","og_description":"I clienti in processo di conversione all\u2019Industria 4.0 hanno scoperto gli ultimi prodotti Lectra e le novit\u00e0 del settore in un esclusivo evento annuale consacrato al fashion Parigi, 10 maggio 2018 \u2013 Lectra, partner tecnologico delle aziende che utilizzano pelli e tessuti, ha svelato a oltre 100 fortunati professionisti accorsi al suo recente evento la nuova sala taglio 4.0, esempio pratico per eccellenza di tecnologia applicata al fashion. In occasioneContinue reading...","og_url":"https:\/\/www.article-marketing.eu\/comunicatistampa\/fashion-goes-digital-levento-dedicato-alle-tecnologie-del-fashion\/","og_site_name":"Article Marketing","article_published_time":"2018-05-12T23:32:48+00:00","author":"Lectra Italia","twitter_card":"summary_large_image","twitter_misc":{"Scritto da":"Lectra Italia","Tempo di lettura stimato":"4 minuti"},"schema":{"@context":"https:\/\/schema.org","@graph":[{"@type":"Article","@id":"https:\/\/www.article-marketing.eu\/comunicatistampa\/fashion-goes-digital-levento-dedicato-alle-tecnologie-del-fashion\/#article","isPartOf":{"@id":"https:\/\/www.article-marketing.eu\/comunicatistampa\/fashion-goes-digital-levento-dedicato-alle-tecnologie-del-fashion\/"},"author":{"name":"Lectra Italia","@id":"https:\/\/www.article-marketing.eu\/comunicatistampa\/#\/schema\/person\/ce8171a490152d5fad25e7e0bca4cd25"},"headline":"\u201cFashion Goes Digital\u201d, l\u2019evento dedicato alle tecnologie del fashion","datePublished":"2018-05-12T23:32:48+00:00","mainEntityOfPage":{"@id":"https:\/\/www.article-marketing.eu\/comunicatistampa\/fashion-goes-digital-levento-dedicato-alle-tecnologie-del-fashion\/"},"wordCount":796,"commentCount":0,"articleSection":["Abbigliamento e accessori","Eventi"],"inLanguage":"it-IT","potentialAction":[{"@type":"CommentAction","name":"Comment","target":["https:\/\/www.article-marketing.eu\/comunicatistampa\/fashion-goes-digital-levento-dedicato-alle-tecnologie-del-fashion\/#respond"]}]},{"@type":"WebPage","@id":"https:\/\/www.article-marketing.eu\/comunicatistampa\/fashion-goes-digital-levento-dedicato-alle-tecnologie-del-fashion\/","url":"https:\/\/www.article-marketing.eu\/comunicatistampa\/fashion-goes-digital-levento-dedicato-alle-tecnologie-del-fashion\/","name":"\u201cFashion Goes Digital\u201d, l\u2019evento dedicato alle tecnologie del fashion - Article Marketing","isPartOf":{"@id":"https:\/\/www.article-marketing.eu\/comunicatistampa\/#website"},"datePublished":"2018-05-12T23:32:48+00:00","author":{"@id":"https:\/\/www.article-marketing.eu\/comunicatistampa\/#\/schema\/person\/ce8171a490152d5fad25e7e0bca4cd25"},"breadcrumb":{"@id":"https:\/\/www.article-marketing.eu\/comunicatistampa\/fashion-goes-digital-levento-dedicato-alle-tecnologie-del-fashion\/#breadcrumb"},"inLanguage":"it-IT","potentialAction":[{"@type":"ReadAction","target":["https:\/\/www.article-marketing.eu\/comunicatistampa\/fashion-goes-digital-levento-dedicato-alle-tecnologie-del-fashion\/"]}]},{"@type":"BreadcrumbList","@id":"https:\/\/www.article-marketing.eu\/comunicatistampa\/fashion-goes-digital-levento-dedicato-alle-tecnologie-del-fashion\/#breadcrumb","itemListElement":[{"@type":"ListItem","position":1,"name":"Home","item":"https:\/\/www.article-marketing.eu\/comunicatistampa\/"},{"@type":"ListItem","position":2,"name":"\u201cFashion Goes Digital\u201d, l\u2019evento dedicato alle tecnologie del fashion"}]},{"@type":"WebSite","@id":"https:\/\/www.article-marketing.eu\/comunicatistampa\/#website","url":"https:\/\/www.article-marketing.eu\/comunicatistampa\/","name":"Article Marketing","description":"article marketing &amp; press release","potentialAction":[{"@type":"SearchAction","target":{"@type":"EntryPoint","urlTemplate":"https:\/\/www.article-marketing.eu\/comunicatistampa\/?s={search_term_string}"},"query-input":{"@type":"PropertyValueSpecification","valueRequired":true,"valueName":"search_term_string"}}],"inLanguage":"it-IT"},{"@type":"Person","@id":"https:\/\/www.article-marketing.eu\/comunicatistampa\/#\/schema\/person\/ce8171a490152d5fad25e7e0bca4cd25","name":"Lectra Italia","image":{"@type":"ImageObject","inLanguage":"it-IT","@id":"https:\/\/secure.gravatar.com\/avatar\/6512a2a5bae645374aa1675bef506001ee9d4aae5c1b49d42b93900c89ae3b22?s=96&d=mm&r=g","url":"https:\/\/secure.gravatar.com\/avatar\/6512a2a5bae645374aa1675bef506001ee9d4aae5c1b49d42b93900c89ae3b22?s=96&d=mm&r=g","contentUrl":"https:\/\/secure.gravatar.com\/avatar\/6512a2a5bae645374aa1675bef506001ee9d4aae5c1b49d42b93900c89ae3b22?s=96&d=mm&r=g","caption":"Lectra Italia"},"url":"https:\/\/www.article-marketing.eu\/comunicatistampa\/author\/lectra-italia\/"}]}},"_links":{"self":[{"href":"https:\/\/www.article-marketing.eu\/comunicatistampa\/wp-json\/wp\/v2\/posts\/9937","targetHints":{"allow":["GET"]}}],"collection":[{"href":"https:\/\/www.article-marketing.eu\/comunicatistampa\/wp-json\/wp\/v2\/posts"}],"about":[{"href":"https:\/\/www.article-marketing.eu\/comunicatistampa\/wp-json\/wp\/v2\/types\/post"}],"author":[{"embeddable":true,"href":"https:\/\/www.article-marketing.eu\/comunicatistampa\/wp-json\/wp\/v2\/users\/1143"}],"replies":[{"embeddable":true,"href":"https:\/\/www.article-marketing.eu\/comunicatistampa\/wp-json\/wp\/v2\/comments?post=9937"}],"version-history":[{"count":2,"href":"https:\/\/www.article-marketing.eu\/comunicatistampa\/wp-json\/wp\/v2\/posts\/9937\/revisions"}],"predecessor-version":[{"id":9952,"href":"https:\/\/www.article-marketing.eu\/comunicatistampa\/wp-json\/wp\/v2\/posts\/9937\/revisions\/9952"}],"wp:attachment":[{"href":"https:\/\/www.article-marketing.eu\/comunicatistampa\/wp-json\/wp\/v2\/media?parent=9937"}],"wp:term":[{"taxonomy":"category","embeddable":true,"href":"https:\/\/www.article-marketing.eu\/comunicatistampa\/wp-json\/wp\/v2\/categories?post=9937"},{"taxonomy":"post_tag","embeddable":true,"href":"https:\/\/www.article-marketing.eu\/comunicatistampa\/wp-json\/wp\/v2\/tags?post=9937"}],"curies":[{"name":"wp","href":"https:\/\/api.w.org\/{rel}","templated":true}]}}