{"id":9980,"date":"2018-05-16T00:07:44","date_gmt":"2018-05-15T22:07:44","guid":{"rendered":"http:\/\/www.article-marketing.eu\/comunicatistampa\/?p=9980"},"modified":"2018-05-16T00:07:44","modified_gmt":"2018-05-15T22:07:44","slug":"mindfoodness-un-audiolibro-per-chi-soffre-di-disturbi-alimentari","status":"publish","type":"post","link":"https:\/\/www.article-marketing.eu\/comunicatistampa\/mindfoodness-un-audiolibro-per-chi-soffre-di-disturbi-alimentari\/","title":{"rendered":"MindFoodNess: un audiolibro per chi soffre di disturbi alimentari"},"content":{"rendered":"<table width=\"100%\">\n<tbody>\n<tr>\n<td width=\"100%\">&nbsp;<\/p>\n<p><strong>Emanuel Mian<\/strong> \u00e8 uno psicologo specializzato nella terapia dei <strong>disturbi di comportamento alimentare e dell\u2019immagine che una persona ha del proprio corpo,<\/strong> in questo campo difatti \u00e8 uno degli psicoterapeuti pi\u00f9 esperti in Italia.<\/p>\n<p>Il dottor Mian negli ultimi anni sta lavorando ad un progetto chiamato <a href=\"http:\/\/www.mindfoodness.it\/\">Mind Food Ness<\/a>; il quale ha lo scopo di <strong>aiutare e di supportare<\/strong> tutte le persone che hanno disturbi dell\u2019alimentazione e della nutrizione, che si trovano in difficolt\u00e0 davanti al cibo e che hanno problemi nell\u2019accettazione della stessa persona. Pi\u00f9 in concreto, questo progetto ha preso la forma di un <strong>audiobook<\/strong>, nel quale il dottor Mian prova a rendere pi\u00f9 tangibile la psicologia e tramite consigli dialoghi e motivazioni invita gli ascoltatori ad esprimere le proprie paure, ad affrontarle e sentirsi a proprio agio con s\u00e9 stessi, arrivando ad una situazione di <strong>serenit\u00e0 e stabilit\u00e0<\/strong>.<\/p>\n<h2>Emanuel Mian: chi \u00e8 e cosa fa<\/h2>\n<p>&nbsp;<\/p>\n<p>Emanuel Mian \u00e8 uno psicologo che nel corso della sua carriera si \u00e8 specializzato in in <strong>Psicoterapia cognitiva<\/strong> e <strong>cognitivo-comportamentale<\/strong> seguendo un Dottorato in Ricerca in Neuroscienze e in Scienze cognitive. Ora \u00e8 <strong>psicologo, ricercatore, professore<\/strong> presso l\u2019Universit\u00e0 di Pavia nella quale insegna \u201cTecniche di comunicazione medico-paziente\u201d al master in \u201cDietistica e nutrizione clinica\u201d e nel corso di laurea in Dietistica; \u00e8 diventato inoltre <strong>supervisore e responsabile<\/strong> in pi\u00f9 centri in Italia per la terapia dei disturbi alimentari e della nutrizione e che seguono i pazienti che hanno importante problemi di obesit\u00e0.<\/p>\n<p>Le ricerche del dottor Mian sono state pubblicate su riviste e settimanali scientifici, sono state argomento di congressi e sono state trasmesse in programmi radiotelevisi come Focus e Superquark.<\/p>\n<p>Grazie alle sue esperienze e ai suoi studi, la sua carriera vanta il raggiungimento di importanti traguardi ed esperienze costruttive \u00a0e istruttive. Emanuel Mian \u00e8 diventato inoltre <strong>responsabile di <\/strong><strong>Emotifood e psicologo referente<\/strong> di alcuni importanti centri interdisciplinari per la cura dei disturbi alimentari e nutrizionali, un esempio \u00e8 il C.I.B.O. ovvero il Centro Interdisciplinare Bariatria e Obesit\u00e0. Ora in Italia \u00e8 un <strong>punto di riferimento<\/strong> per molti pazienti e colleghi.<\/p>\n<p>&nbsp;<\/p>\n<h2>Scopri l\u2019audiobook MindFoodNess<\/h2>\n<p>&nbsp;<\/p>\n<p><strong>MindFoodNess<\/strong> \u00e8 un <strong>audiolibro<\/strong> che si pone l\u2019obiettivo di aiutare coloro che soffrono di <strong>disordini alimentari<\/strong> e che non riescono a sentirsi bene con s\u00e9 stessi, sia sotto un punto di vista estetico sia per quanto riguarda la sfera emotiva<\/p>\n<p>L\u2019audiobook \u00e8 gi\u00e0 disponibile e si pu\u00f2 scarica tramite il sito Audible ad un prezzo davvero irrisorio.<\/p>\n<p>Dall\u2019ascolto di questo audiolibro si possono trarre davvero dei benefici e la propria persona potr\u00e0 trovare aiuto e supporto nei consigli e nelle parole del dottor Mian. \u00c8 consigliabile soprattutto per chi ha problemi a seguire una corretta nutrizione, ma \u00e8 ideale per tutti coloro che desiderano riprendere il pieno <strong>controllo del proprio corpo<\/strong> e <strong>della propria mente<\/strong>. L\u2019obiettivo \u00e8 portare gli ascoltatori ad una realizzazione di loro stessi e di riscoprire la serenit\u00e0 attraverso una sana e corretta <strong>consapevolezza alimentare<\/strong>.<\/p>\n<p>&nbsp;<\/td>\n<\/tr>\n<\/tbody>\n<\/table>\n","protected":false},"excerpt":{"rendered":"<p>&nbsp; Emanuel Mian \u00e8 uno psicologo specializzato nella terapia dei disturbi di comportamento alimentare e dell\u2019immagine che una persona ha del proprio corpo, in questo campo difatti \u00e8 uno degli psicoterapeuti pi\u00f9 esperti in Italia. Il dottor Mian negli ultimi anni sta lavorando ad un progetto chiamato Mind Food Ness; il quale ha lo scopo di aiutare e di supportare tutte le persone che hanno disturbi dell\u2019alimentazione e della nutrizione,<\/p>\n<p><a class=\"continue-reading\" href=\"https:\/\/www.article-marketing.eu\/comunicatistampa\/mindfoodness-un-audiolibro-per-chi-soffre-di-disturbi-alimentari\/\">Continue reading&#8230;<\/a><\/p>\n","protected":false},"author":1675,"featured_media":0,"comment_status":"open","ping_status":"open","sticky":false,"template":"","format":"standard","meta":{"_monsterinsights_skip_tracking":false,"_monsterinsights_sitenote_active":false,"_monsterinsights_sitenote_note":"","_monsterinsights_sitenote_category":0,"footnotes":""},"categories":[370],"tags":[4154,4155,4153],"class_list":["post-9980","post","type-post","status-publish","format-standard","hentry","category-dieta-e-nutrizione","tag-disturbi-alimentari","tag-mind-foodness","tag-mindfoodness-di-emanuel-mian"],"yoast_head":"<!-- This site is optimized with the Yoast SEO plugin v27.3 - https:\/\/yoast.com\/product\/yoast-seo-wordpress\/ -->\n<title>MindFoodNess: un audiolibro per chi soffre di disturbi alimentari - Article Marketing<\/title>\n<meta name=\"robots\" content=\"index, follow, max-snippet:-1, max-image-preview:large, max-video-preview:-1\" \/>\n<link rel=\"canonical\" href=\"https:\/\/www.article-marketing.eu\/comunicatistampa\/mindfoodness-un-audiolibro-per-chi-soffre-di-disturbi-alimentari\/\" \/>\n<meta property=\"og:locale\" content=\"it_IT\" \/>\n<meta property=\"og:type\" content=\"article\" \/>\n<meta property=\"og:title\" content=\"MindFoodNess: un audiolibro per chi soffre di disturbi alimentari - Article Marketing\" \/>\n<meta property=\"og:description\" content=\"&nbsp; Emanuel Mian \u00e8 uno psicologo specializzato nella terapia dei disturbi di comportamento alimentare e dell\u2019immagine che una persona ha del proprio corpo, in questo campo difatti \u00e8 uno degli psicoterapeuti pi\u00f9 esperti in Italia. Il dottor Mian negli ultimi anni sta lavorando ad un progetto chiamato Mind Food Ness; il quale ha lo scopo di aiutare e di supportare tutte le persone che hanno disturbi dell\u2019alimentazione e della nutrizione,Continue reading...\" \/>\n<meta property=\"og:url\" content=\"https:\/\/www.article-marketing.eu\/comunicatistampa\/mindfoodness-un-audiolibro-per-chi-soffre-di-disturbi-alimentari\/\" \/>\n<meta property=\"og:site_name\" content=\"Article Marketing\" \/>\n<meta property=\"article:published_time\" content=\"2018-05-15T22:07:44+00:00\" \/>\n<meta name=\"author\" content=\"Ilaria Mombelli\" \/>\n<meta name=\"twitter:card\" content=\"summary_large_image\" \/>\n<meta name=\"twitter:label1\" content=\"Scritto da\" \/>\n\t<meta name=\"twitter:data1\" content=\"Ilaria Mombelli\" \/>\n\t<meta name=\"twitter:label2\" content=\"Tempo di lettura stimato\" \/>\n\t<meta name=\"twitter:data2\" content=\"2 minuti\" \/>\n<script type=\"application\/ld+json\" class=\"yoast-schema-graph\">{\"@context\":\"https:\\\/\\\/schema.org\",\"@graph\":[{\"@type\":\"Article\",\"@id\":\"https:\\\/\\\/www.article-marketing.eu\\\/comunicatistampa\\\/mindfoodness-un-audiolibro-per-chi-soffre-di-disturbi-alimentari\\\/#article\",\"isPartOf\":{\"@id\":\"https:\\\/\\\/www.article-marketing.eu\\\/comunicatistampa\\\/mindfoodness-un-audiolibro-per-chi-soffre-di-disturbi-alimentari\\\/\"},\"author\":{\"name\":\"Ilaria Mombelli\",\"@id\":\"https:\\\/\\\/www.article-marketing.eu\\\/comunicatistampa\\\/#\\\/schema\\\/person\\\/683b2f5edd784bac6f362702c1829632\"},\"headline\":\"MindFoodNess: un audiolibro per chi soffre di disturbi alimentari\",\"datePublished\":\"2018-05-15T22:07:44+00:00\",\"mainEntityOfPage\":{\"@id\":\"https:\\\/\\\/www.article-marketing.eu\\\/comunicatistampa\\\/mindfoodness-un-audiolibro-per-chi-soffre-di-disturbi-alimentari\\\/\"},\"wordCount\":492,\"commentCount\":0,\"keywords\":[\"disturbi alimentari\",\"mind foodness\",\"Mindfoodness di Emanuel Mian\"],\"articleSection\":[\"Dieta e Nutrizione\"],\"inLanguage\":\"it-IT\",\"potentialAction\":[{\"@type\":\"CommentAction\",\"name\":\"Comment\",\"target\":[\"https:\\\/\\\/www.article-marketing.eu\\\/comunicatistampa\\\/mindfoodness-un-audiolibro-per-chi-soffre-di-disturbi-alimentari\\\/#respond\"]}]},{\"@type\":\"WebPage\",\"@id\":\"https:\\\/\\\/www.article-marketing.eu\\\/comunicatistampa\\\/mindfoodness-un-audiolibro-per-chi-soffre-di-disturbi-alimentari\\\/\",\"url\":\"https:\\\/\\\/www.article-marketing.eu\\\/comunicatistampa\\\/mindfoodness-un-audiolibro-per-chi-soffre-di-disturbi-alimentari\\\/\",\"name\":\"MindFoodNess: un audiolibro per chi soffre di disturbi alimentari - Article Marketing\",\"isPartOf\":{\"@id\":\"https:\\\/\\\/www.article-marketing.eu\\\/comunicatistampa\\\/#website\"},\"datePublished\":\"2018-05-15T22:07:44+00:00\",\"author\":{\"@id\":\"https:\\\/\\\/www.article-marketing.eu\\\/comunicatistampa\\\/#\\\/schema\\\/person\\\/683b2f5edd784bac6f362702c1829632\"},\"breadcrumb\":{\"@id\":\"https:\\\/\\\/www.article-marketing.eu\\\/comunicatistampa\\\/mindfoodness-un-audiolibro-per-chi-soffre-di-disturbi-alimentari\\\/#breadcrumb\"},\"inLanguage\":\"it-IT\",\"potentialAction\":[{\"@type\":\"ReadAction\",\"target\":[\"https:\\\/\\\/www.article-marketing.eu\\\/comunicatistampa\\\/mindfoodness-un-audiolibro-per-chi-soffre-di-disturbi-alimentari\\\/\"]}]},{\"@type\":\"BreadcrumbList\",\"@id\":\"https:\\\/\\\/www.article-marketing.eu\\\/comunicatistampa\\\/mindfoodness-un-audiolibro-per-chi-soffre-di-disturbi-alimentari\\\/#breadcrumb\",\"itemListElement\":[{\"@type\":\"ListItem\",\"position\":1,\"name\":\"Home\",\"item\":\"https:\\\/\\\/www.article-marketing.eu\\\/comunicatistampa\\\/\"},{\"@type\":\"ListItem\",\"position\":2,\"name\":\"MindFoodNess: un audiolibro per chi soffre di disturbi alimentari\"}]},{\"@type\":\"WebSite\",\"@id\":\"https:\\\/\\\/www.article-marketing.eu\\\/comunicatistampa\\\/#website\",\"url\":\"https:\\\/\\\/www.article-marketing.eu\\\/comunicatistampa\\\/\",\"name\":\"Article Marketing\",\"description\":\"article marketing &amp; press release\",\"potentialAction\":[{\"@type\":\"SearchAction\",\"target\":{\"@type\":\"EntryPoint\",\"urlTemplate\":\"https:\\\/\\\/www.article-marketing.eu\\\/comunicatistampa\\\/?s={search_term_string}\"},\"query-input\":{\"@type\":\"PropertyValueSpecification\",\"valueRequired\":true,\"valueName\":\"search_term_string\"}}],\"inLanguage\":\"it-IT\"},{\"@type\":\"Person\",\"@id\":\"https:\\\/\\\/www.article-marketing.eu\\\/comunicatistampa\\\/#\\\/schema\\\/person\\\/683b2f5edd784bac6f362702c1829632\",\"name\":\"Ilaria Mombelli\",\"image\":{\"@type\":\"ImageObject\",\"inLanguage\":\"it-IT\",\"@id\":\"https:\\\/\\\/secure.gravatar.com\\\/avatar\\\/1f20c7483a7202557f3688c0b4560751620641e3a62ea17a4805a8c8ea34b316?s=96&d=mm&r=g\",\"url\":\"https:\\\/\\\/secure.gravatar.com\\\/avatar\\\/1f20c7483a7202557f3688c0b4560751620641e3a62ea17a4805a8c8ea34b316?s=96&d=mm&r=g\",\"contentUrl\":\"https:\\\/\\\/secure.gravatar.com\\\/avatar\\\/1f20c7483a7202557f3688c0b4560751620641e3a62ea17a4805a8c8ea34b316?s=96&d=mm&r=g\",\"caption\":\"Ilaria Mombelli\"},\"url\":\"https:\\\/\\\/www.article-marketing.eu\\\/comunicatistampa\\\/author\\\/ilaria-mombelli\\\/\"}]}<\/script>\n<!-- \/ Yoast SEO plugin. -->","yoast_head_json":{"title":"MindFoodNess: un audiolibro per chi soffre di disturbi alimentari - Article Marketing","robots":{"index":"index","follow":"follow","max-snippet":"max-snippet:-1","max-image-preview":"max-image-preview:large","max-video-preview":"max-video-preview:-1"},"canonical":"https:\/\/www.article-marketing.eu\/comunicatistampa\/mindfoodness-un-audiolibro-per-chi-soffre-di-disturbi-alimentari\/","og_locale":"it_IT","og_type":"article","og_title":"MindFoodNess: un audiolibro per chi soffre di disturbi alimentari - Article Marketing","og_description":"&nbsp; Emanuel Mian \u00e8 uno psicologo specializzato nella terapia dei disturbi di comportamento alimentare e dell\u2019immagine che una persona ha del proprio corpo, in questo campo difatti \u00e8 uno degli psicoterapeuti pi\u00f9 esperti in Italia. Il dottor Mian negli ultimi anni sta lavorando ad un progetto chiamato Mind Food Ness; il quale ha lo scopo di aiutare e di supportare tutte le persone che hanno disturbi dell\u2019alimentazione e della nutrizione,Continue reading...","og_url":"https:\/\/www.article-marketing.eu\/comunicatistampa\/mindfoodness-un-audiolibro-per-chi-soffre-di-disturbi-alimentari\/","og_site_name":"Article Marketing","article_published_time":"2018-05-15T22:07:44+00:00","author":"Ilaria Mombelli","twitter_card":"summary_large_image","twitter_misc":{"Scritto da":"Ilaria Mombelli","Tempo di lettura stimato":"2 minuti"},"schema":{"@context":"https:\/\/schema.org","@graph":[{"@type":"Article","@id":"https:\/\/www.article-marketing.eu\/comunicatistampa\/mindfoodness-un-audiolibro-per-chi-soffre-di-disturbi-alimentari\/#article","isPartOf":{"@id":"https:\/\/www.article-marketing.eu\/comunicatistampa\/mindfoodness-un-audiolibro-per-chi-soffre-di-disturbi-alimentari\/"},"author":{"name":"Ilaria Mombelli","@id":"https:\/\/www.article-marketing.eu\/comunicatistampa\/#\/schema\/person\/683b2f5edd784bac6f362702c1829632"},"headline":"MindFoodNess: un audiolibro per chi soffre di disturbi alimentari","datePublished":"2018-05-15T22:07:44+00:00","mainEntityOfPage":{"@id":"https:\/\/www.article-marketing.eu\/comunicatistampa\/mindfoodness-un-audiolibro-per-chi-soffre-di-disturbi-alimentari\/"},"wordCount":492,"commentCount":0,"keywords":["disturbi alimentari","mind foodness","Mindfoodness di Emanuel Mian"],"articleSection":["Dieta e Nutrizione"],"inLanguage":"it-IT","potentialAction":[{"@type":"CommentAction","name":"Comment","target":["https:\/\/www.article-marketing.eu\/comunicatistampa\/mindfoodness-un-audiolibro-per-chi-soffre-di-disturbi-alimentari\/#respond"]}]},{"@type":"WebPage","@id":"https:\/\/www.article-marketing.eu\/comunicatistampa\/mindfoodness-un-audiolibro-per-chi-soffre-di-disturbi-alimentari\/","url":"https:\/\/www.article-marketing.eu\/comunicatistampa\/mindfoodness-un-audiolibro-per-chi-soffre-di-disturbi-alimentari\/","name":"MindFoodNess: un audiolibro per chi soffre di disturbi alimentari - Article Marketing","isPartOf":{"@id":"https:\/\/www.article-marketing.eu\/comunicatistampa\/#website"},"datePublished":"2018-05-15T22:07:44+00:00","author":{"@id":"https:\/\/www.article-marketing.eu\/comunicatistampa\/#\/schema\/person\/683b2f5edd784bac6f362702c1829632"},"breadcrumb":{"@id":"https:\/\/www.article-marketing.eu\/comunicatistampa\/mindfoodness-un-audiolibro-per-chi-soffre-di-disturbi-alimentari\/#breadcrumb"},"inLanguage":"it-IT","potentialAction":[{"@type":"ReadAction","target":["https:\/\/www.article-marketing.eu\/comunicatistampa\/mindfoodness-un-audiolibro-per-chi-soffre-di-disturbi-alimentari\/"]}]},{"@type":"BreadcrumbList","@id":"https:\/\/www.article-marketing.eu\/comunicatistampa\/mindfoodness-un-audiolibro-per-chi-soffre-di-disturbi-alimentari\/#breadcrumb","itemListElement":[{"@type":"ListItem","position":1,"name":"Home","item":"https:\/\/www.article-marketing.eu\/comunicatistampa\/"},{"@type":"ListItem","position":2,"name":"MindFoodNess: un audiolibro per chi soffre di disturbi alimentari"}]},{"@type":"WebSite","@id":"https:\/\/www.article-marketing.eu\/comunicatistampa\/#website","url":"https:\/\/www.article-marketing.eu\/comunicatistampa\/","name":"Article Marketing","description":"article marketing &amp; press release","potentialAction":[{"@type":"SearchAction","target":{"@type":"EntryPoint","urlTemplate":"https:\/\/www.article-marketing.eu\/comunicatistampa\/?s={search_term_string}"},"query-input":{"@type":"PropertyValueSpecification","valueRequired":true,"valueName":"search_term_string"}}],"inLanguage":"it-IT"},{"@type":"Person","@id":"https:\/\/www.article-marketing.eu\/comunicatistampa\/#\/schema\/person\/683b2f5edd784bac6f362702c1829632","name":"Ilaria Mombelli","image":{"@type":"ImageObject","inLanguage":"it-IT","@id":"https:\/\/secure.gravatar.com\/avatar\/1f20c7483a7202557f3688c0b4560751620641e3a62ea17a4805a8c8ea34b316?s=96&d=mm&r=g","url":"https:\/\/secure.gravatar.com\/avatar\/1f20c7483a7202557f3688c0b4560751620641e3a62ea17a4805a8c8ea34b316?s=96&d=mm&r=g","contentUrl":"https:\/\/secure.gravatar.com\/avatar\/1f20c7483a7202557f3688c0b4560751620641e3a62ea17a4805a8c8ea34b316?s=96&d=mm&r=g","caption":"Ilaria Mombelli"},"url":"https:\/\/www.article-marketing.eu\/comunicatistampa\/author\/ilaria-mombelli\/"}]}},"_links":{"self":[{"href":"https:\/\/www.article-marketing.eu\/comunicatistampa\/wp-json\/wp\/v2\/posts\/9980","targetHints":{"allow":["GET"]}}],"collection":[{"href":"https:\/\/www.article-marketing.eu\/comunicatistampa\/wp-json\/wp\/v2\/posts"}],"about":[{"href":"https:\/\/www.article-marketing.eu\/comunicatistampa\/wp-json\/wp\/v2\/types\/post"}],"author":[{"embeddable":true,"href":"https:\/\/www.article-marketing.eu\/comunicatistampa\/wp-json\/wp\/v2\/users\/1675"}],"replies":[{"embeddable":true,"href":"https:\/\/www.article-marketing.eu\/comunicatistampa\/wp-json\/wp\/v2\/comments?post=9980"}],"version-history":[{"count":2,"href":"https:\/\/www.article-marketing.eu\/comunicatistampa\/wp-json\/wp\/v2\/posts\/9980\/revisions"}],"predecessor-version":[{"id":9995,"href":"https:\/\/www.article-marketing.eu\/comunicatistampa\/wp-json\/wp\/v2\/posts\/9980\/revisions\/9995"}],"wp:attachment":[{"href":"https:\/\/www.article-marketing.eu\/comunicatistampa\/wp-json\/wp\/v2\/media?parent=9980"}],"wp:term":[{"taxonomy":"category","embeddable":true,"href":"https:\/\/www.article-marketing.eu\/comunicatistampa\/wp-json\/wp\/v2\/categories?post=9980"},{"taxonomy":"post_tag","embeddable":true,"href":"https:\/\/www.article-marketing.eu\/comunicatistampa\/wp-json\/wp\/v2\/tags?post=9980"}],"curies":[{"name":"wp","href":"https:\/\/api.w.org\/{rel}","templated":true}]}}